{"id":85058,"date":"2025-08-02T09:08:58","date_gmt":"2025-08-02T12:08:58","guid":{"rendered":"https:\/\/www.em.com.br\/emfoco\/?p=85058"},"modified":"2025-08-01T11:32:28","modified_gmt":"2025-08-01T14:32:28","slug":"a-planta-mais-perfumada-e-facil-de-cuidar-para-ter-em-casa","status":"publish","type":"post","link":"https:\/\/www.em.com.br\/emfoco\/2025\/08\/02\/a-planta-mais-perfumada-e-facil-de-cuidar-para-ter-em-casa\/","title":{"rendered":"A planta mais perfumada e f\u00e1cil de cuidar para ter em casa"},"content":{"rendered":"\n<p>O <em>Jasminum sambac<\/em>, popularmente conhecido como <strong>Jasmim-\u00e1rabe<\/strong>, \u00e9 uma planta ornamental que se destaca por seu <a href=\"https:\/\/www.em.com.br\/emfoco\/2025\/08\/01\/a-planta-mais-completa-para-quem-quer-beleza-aroma-e-saude-no-mesmo-vaso\/\" target=\"_blank\" rel=\"noopener\">aroma<\/a> cativante e pela capacidade de florescer durante todo o ano. Origin\u00e1ria do <strong>Sudeste Asi\u00e1tico<\/strong>, essa planta se adaptou a diferentes climas ao redor do mundo, tornando-se um elemento indispens\u00e1vel em jardins e resid\u00eancias que buscam um toque de frescor e eleg\u00e2ncia.<\/p>\n\n\n\n<p>De natureza trepadeira e perene, o jasmim-\u00e1rabe pode alcan\u00e7ar at\u00e9 tr\u00eas metros de altura. Essa caracter\u00edstica o torna ideal para a decora\u00e7\u00e3o de estruturas verticais, como p\u00e9rgulas, muros e cercas. Suas flores, pequenas e brancas, exalam um perfume doce e marcante, transformando qualquer ambiente em um ref\u00fagio de fragr\u00e2ncia e tranquilidade.<\/p>\n\n\n\n<h2 class=\"wp-block-heading\">Quais s\u00e3o os requisitos b\u00e1sicos para cultivar jasmim-\u00e1rabe?<\/h2>\n\n\n\n<p>Para que o <strong>jasmim-\u00e1rabe<\/strong> prospere, \u00e9 fundamental proporcionar as condi\u00e7\u00f5es adequadas de cultivo. A planta precisa de muita luz solar, com pelo menos 4 a 6 horas di\u00e1rias de exposi\u00e7\u00e3o direta. Embora consiga suportar temperaturas baixas, \u00e9 prefer\u00edvel cultiv\u00e1-la em um ambiente protegido de geadas intensas. O solo deve ser rico em <a href=\"https:\/\/rehagro.com.br\/blog\/materia-organica-no-solo\/\" target=\"_blank\" rel=\"noopener\">mat\u00e9ria org\u00e2nica<\/a> e contar com um bom sistema de drenagem, evitando ac\u00famulo de \u00e1gua nas ra\u00edzes, o que poderia ser prejudicial.<\/p>\n\n\n<div class=\"wp-block-image\">\n<figure class=\"aligncenter size-large\"><img loading=\"lazy\" decoding=\"async\" width=\"1024\" height=\"576\" src=\"https:\/\/www.em.com.br\/emfoco\/wp-content\/uploads\/2025\/08\/Jasminum-sambac_1754058524039-1024x576.jpg\" alt=\"\" class=\"wp-image-85072\" srcset=\"https:\/\/www.em.com.br\/emfoco\/wp-content\/uploads\/2025\/08\/Jasminum-sambac_1754058524039-1024x576.jpg 1024w, https:\/\/www.em.com.br\/emfoco\/wp-content\/uploads\/2025\/08\/Jasminum-sambac_1754058524039-300x169.jpg 300w, https:\/\/www.em.com.br\/emfoco\/wp-content\/uploads\/2025\/08\/Jasminum-sambac_1754058524039-768x432.jpg 768w, https:\/\/www.em.com.br\/emfoco\/wp-content\/uploads\/2025\/08\/Jasminum-sambac_1754058524039-750x422.jpg 750w, https:\/\/www.em.com.br\/emfoco\/wp-content\/uploads\/2025\/08\/Jasminum-sambac_1754058524039-1140x641.jpg 1140w, https:\/\/www.em.com.br\/emfoco\/wp-content\/uploads\/2025\/08\/Jasminum-sambac_1754058524039.jpg 1280w\" sizes=\"auto, (max-width: 1024px) 100vw, 1024px\" \/><figcaption class=\"wp-element-caption\">Jasmim \u00c1rabe &#8211; Cr\u00e9ditos: depositphotos.com \/ M150photo<\/figcaption><\/figure><\/div>\n\n\n<h2 class=\"wp-block-heading\">Como deve ser feito o manejo da irriga\u00e7\u00e3o e aduba\u00e7\u00e3o do jasmim-\u00e1rabe?<\/h2>\n\n\n\n<p>A irriga\u00e7\u00e3o \u00e9 um aspecto crucial no cuidado do jasmim-\u00e1rabe. Durante os meses mais quentes, a planta requer uma a duas regas semanais, garantindo que a \u00e1gua n\u00e3o fique acumulada. Em \u00e9pocas mais frias, pode-se reduzir a frequ\u00eancia da irriga\u00e7\u00e3o. A aduba\u00e7\u00e3o deve ser feita a cada quinze dias, na primavera e no ver\u00e3o, com produto rico em pot\u00e1ssio para estimular uma flora\u00e7\u00e3o abundante.<\/p>\n\n\n\n<h2 class=\"wp-block-heading\">Qual a import\u00e2ncia da poda para o jasmim-\u00e1rabe?<\/h2>\n\n\n\n<p>A poda regular \u00e9 essencial para manter a sa\u00fade e a est\u00e9tica do jasmim-\u00e1rabe. Recomenda-se realizar cortes leves ao final do inverno, eliminando ramos secos ou entrela\u00e7ados, permitindo assim que a planta concentre sua energia no crescimento e na flora\u00e7\u00e3o de novos brotos. Isso favorece uma planta mais vigorosa e floridas.<\/p>\n\n\n\n<h2 class=\"wp-block-heading\">Quais s\u00e3o os usos adicionais do jasmim-\u00e1rabe em casa e em outros contextos?<\/h2>\n\n\n\n<p>O jasmim-\u00e1rabe n\u00e3o \u00e9 valorizado apenas por sua beleza e fragr\u00e2ncia, mas tamb\u00e9m por sua versatilidade de usos. As flores podem ser utilizadas como <strong>aromatizantes naturais<\/strong> nos lares ou na produ\u00e7\u00e3o de perfumes artesanais. Na culin\u00e1ria, s\u00e3o adicionadas a ch\u00e1s e sobremesas para proporcionar um aroma \u00fanico. Al\u00e9m disso, a planta possui propriedades medicinais: a infus\u00e3o das flores tem efeito relaxante e benef\u00edcios para a pele, ajudando a reduzir o estresse e a melhorar a sa\u00fade cut\u00e2nea. O jasmim-\u00e1rabe tamb\u00e9m \u00e9 s\u00edmbolo de pureza e espiritualidade em diversas culturas, sendo usado em cerim\u00f4nias e prepara\u00e7\u00f5es tradicionais em pa\u00edses como a <strong>\u00cdndia<\/strong> e as regi\u00f5es do <strong>M\u00e9dio Oriente<\/strong>.<\/p>\n","protected":false},"excerpt":{"rendered":"<p>O Jasminum sambac, popularmente conhecido como Jasmim-\u00e1rabe, \u00e9 uma planta ornamental que se destaca por seu aroma cativante e pela capacidade de florescer durante todo o ano. Origin\u00e1ria do Sudeste Asi\u00e1tico, essa planta se adaptou a diferentes climas ao redor do mundo, tornando-se um elemento indispens\u00e1vel em jardins e resid\u00eancias que buscam um toque de [&hellip;]<\/p>\n","protected":false},"author":9,"featured_media":85069,"comment_status":"open","ping_status":"open","sticky":false,"template":"","format":"standard","meta":{"jnews-multi-image_gallery":[],"jnews_single_post":{"format":"standard"},"jnews_primary_category":[],"jnews_social_meta":[],"jnews_override_counter":[],"footnotes":""},"categories":[29,1],"tags":[2911,1706,3325],"class_list":["post-85058","post","type-post","status-publish","format-standard","has-post-thumbnail","hentry","category-entretenimento","category-noticias","tag-casa","tag-espaco","tag-jardim"],"yoast_head":"<!-- This site is optimized with the Yoast SEO plugin v23.8 - https:\/\/yoast.com\/wordpress\/plugins\/seo\/ -->\n<title>A planta mais perfumada e f\u00e1cil de cuidar para ter em casa<\/title>\n<meta name=\"description\" content=\"F\u00e1cil de cultivar e incrivelmente perfumado o jasmim-\u00e1rabe \u00e9 perfeito para varandas e jardins Aprenda a cuidar e descubra seus benef\u00edcios.\" \/>\n<meta name=\"robots\" content=\"index, follow, max-snippet:-1, max-image-preview:large, max-video-preview:-1\" \/>\n<link rel=\"canonical\" href=\"https:\/\/www.em.com.br\/emfoco\/2025\/08\/02\/a-planta-mais-perfumada-e-facil-de-cuidar-para-ter-em-casa\/\" \/>\n<meta property=\"og:locale\" content=\"pt_BR\" \/>\n<meta property=\"og:type\" content=\"article\" \/>\n<meta property=\"og:title\" content=\"A planta mais perfumada e f\u00e1cil de cuidar para ter em casa\" \/>\n<meta property=\"og:description\" content=\"F\u00e1cil de cultivar e incrivelmente perfumado o jasmim-\u00e1rabe \u00e9 perfeito para varandas e jardins Aprenda a cuidar e descubra seus benef\u00edcios.\" \/>\n<meta property=\"og:url\" content=\"https:\/\/www.em.com.br\/emfoco\/2025\/08\/02\/a-planta-mais-perfumada-e-facil-de-cuidar-para-ter-em-casa\/\" \/>\n<meta property=\"og:site_name\" content=\"Estado de Minas - Em foco\" \/>\n<meta property=\"article:published_time\" content=\"2025-08-02T12:08:58+00:00\" \/>\n<meta property=\"article:modified_time\" content=\"2025-08-01T14:32:28+00:00\" \/>\n<meta property=\"og:image\" content=\"https:\/\/www.em.com.br\/emfoco\/wp-content\/uploads\/2025\/08\/Jasminum-sambac_1754058320174.jpg\" \/>\n\t<meta property=\"og:image:width\" content=\"1280\" \/>\n\t<meta property=\"og:image:height\" content=\"720\" \/>\n\t<meta property=\"og:image:type\" content=\"image\/jpeg\" \/>\n<meta name=\"author\" content=\"Daniely Cardoso\" \/>\n<meta name=\"twitter:card\" content=\"summary_large_image\" \/>\n<meta name=\"twitter:label1\" content=\"Escrito por\" \/>\n\t<meta name=\"twitter:data1\" content=\"Daniely Cardoso\" \/>\n\t<meta name=\"twitter:label2\" content=\"Est. tempo de leitura\" \/>\n\t<meta name=\"twitter:data2\" content=\"3 minutos\" \/>\n<!-- \/ Yoast SEO plugin. -->","yoast_head_json":{"title":"A planta mais perfumada e f\u00e1cil de cuidar para ter em casa","description":"F\u00e1cil de cultivar e incrivelmente perfumado o jasmim-\u00e1rabe \u00e9 perfeito para varandas e jardins Aprenda a cuidar e descubra seus benef\u00edcios.","robots":{"index":"index","follow":"follow","max-snippet":"max-snippet:-1","max-image-preview":"max-image-preview:large","max-video-preview":"max-video-preview:-1"},"canonical":"https:\/\/www.em.com.br\/emfoco\/2025\/08\/02\/a-planta-mais-perfumada-e-facil-de-cuidar-para-ter-em-casa\/","og_locale":"pt_BR","og_type":"article","og_title":"A planta mais perfumada e f\u00e1cil de cuidar para ter em casa","og_description":"F\u00e1cil de cultivar e incrivelmente perfumado o jasmim-\u00e1rabe \u00e9 perfeito para varandas e jardins Aprenda a cuidar e descubra seus benef\u00edcios.","og_url":"https:\/\/www.em.com.br\/emfoco\/2025\/08\/02\/a-planta-mais-perfumada-e-facil-de-cuidar-para-ter-em-casa\/","og_site_name":"Estado de Minas - Em foco","article_published_time":"2025-08-02T12:08:58+00:00","article_modified_time":"2025-08-01T14:32:28+00:00","og_image":[{"width":1280,"height":720,"url":"https:\/\/www.em.com.br\/emfoco\/wp-content\/uploads\/2025\/08\/Jasminum-sambac_1754058320174.jpg","type":"image\/jpeg"}],"author":"Daniely Cardoso","twitter_card":"summary_large_image","twitter_misc":{"Escrito por":"Daniely Cardoso","Est. tempo de leitura":"3 minutos"},"schema":{"@context":"https:\/\/schema.org","@graph":[{"@type":"WebPage","@id":"https:\/\/www.em.com.br\/emfoco\/2025\/08\/02\/a-planta-mais-perfumada-e-facil-de-cuidar-para-ter-em-casa\/","url":"https:\/\/www.em.com.br\/emfoco\/2025\/08\/02\/a-planta-mais-perfumada-e-facil-de-cuidar-para-ter-em-casa\/","name":"A planta mais perfumada e f\u00e1cil de cuidar para ter em casa","isPartOf":{"@id":"https:\/\/www.em.com.br\/emfoco\/#website"},"primaryImageOfPage":{"@id":"https:\/\/www.em.com.br\/emfoco\/2025\/08\/02\/a-planta-mais-perfumada-e-facil-de-cuidar-para-ter-em-casa\/#primaryimage"},"image":{"@id":"https:\/\/www.em.com.br\/emfoco\/2025\/08\/02\/a-planta-mais-perfumada-e-facil-de-cuidar-para-ter-em-casa\/#primaryimage"},"thumbnailUrl":"https:\/\/www.em.com.br\/emfoco\/wp-content\/uploads\/2025\/08\/Jasminum-sambac_1754058320174.jpg","datePublished":"2025-08-02T12:08:58+00:00","dateModified":"2025-08-01T14:32:28+00:00","author":{"@id":"https:\/\/www.em.com.br\/emfoco\/#\/schema\/person\/0a8186d72f2c3a5c6276d90b41f271a0"},"description":"F\u00e1cil de cultivar e incrivelmente perfumado o jasmim-\u00e1rabe \u00e9 perfeito para varandas e jardins Aprenda a cuidar e descubra seus benef\u00edcios.","breadcrumb":{"@id":"https:\/\/www.em.com.br\/emfoco\/2025\/08\/02\/a-planta-mais-perfumada-e-facil-de-cuidar-para-ter-em-casa\/#breadcrumb"},"inLanguage":"pt-BR","potentialAction":[{"@type":"ReadAction","target":["https:\/\/www.em.com.br\/emfoco\/2025\/08\/02\/a-planta-mais-perfumada-e-facil-de-cuidar-para-ter-em-casa\/"]}]},{"@type":"ImageObject","inLanguage":"pt-BR","@id":"https:\/\/www.em.com.br\/emfoco\/2025\/08\/02\/a-planta-mais-perfumada-e-facil-de-cuidar-para-ter-em-casa\/#primaryimage","url":"https:\/\/www.em.com.br\/emfoco\/wp-content\/uploads\/2025\/08\/Jasminum-sambac_1754058320174.jpg","contentUrl":"https:\/\/www.em.com.br\/emfoco\/wp-content\/uploads\/2025\/08\/Jasminum-sambac_1754058320174.jpg","width":1280,"height":720,"caption":"Jasmim \u00c1rabe - Cr\u00e9ditos: depositphotos.com \/ bannerwega"},{"@type":"BreadcrumbList","@id":"https:\/\/www.em.com.br\/emfoco\/2025\/08\/02\/a-planta-mais-perfumada-e-facil-de-cuidar-para-ter-em-casa\/#breadcrumb","itemListElement":[{"@type":"ListItem","position":1,"name":"In\u00edcio","item":"https:\/\/www.em.com.br\/emfoco\/"},{"@type":"ListItem","position":2,"name":"A planta mais perfumada e f\u00e1cil de cuidar para ter em casa"}]},{"@type":"WebSite","@id":"https:\/\/www.em.com.br\/emfoco\/#website","url":"https:\/\/www.em.com.br\/emfoco\/","name":"Estado de Minas - Em foco","description":"Acompanhe as \u00faltimas not\u00edcias e fique bem informado sobre tudo o que acontece em Minas Gerais, Brasil e no mundo.","potentialAction":[{"@type":"SearchAction","target":{"@type":"EntryPoint","urlTemplate":"https:\/\/www.em.com.br\/emfoco\/?s={search_term_string}"},"query-input":{"@type":"PropertyValueSpecification","valueRequired":true,"valueName":"search_term_string"}}],"inLanguage":"pt-BR"},{"@type":"Person","@id":"https:\/\/www.em.com.br\/emfoco\/#\/schema\/person\/0a8186d72f2c3a5c6276d90b41f271a0","name":"Daniely Cardoso","image":{"@type":"ImageObject","inLanguage":"pt-BR","@id":"https:\/\/www.em.com.br\/emfoco\/#\/schema\/person\/image\/","url":"https:\/\/secure.gravatar.com\/avatar\/4b80ddbd124d1f071b626d52d62e5dff?s=96&d=mm&r=g","contentUrl":"https:\/\/secure.gravatar.com\/avatar\/4b80ddbd124d1f071b626d52d62e5dff?s=96&d=mm&r=g","caption":"Daniely Cardoso"},"url":"https:\/\/www.em.com.br\/emfoco\/author\/danielymyth\/"}]}},"_links":{"self":[{"href":"https:\/\/www.em.com.br\/emfoco\/wp-json\/wp\/v2\/posts\/85058","targetHints":{"allow":["GET"]}}],"collection":[{"href":"https:\/\/www.em.com.br\/emfoco\/wp-json\/wp\/v2\/posts"}],"about":[{"href":"https:\/\/www.em.com.br\/emfoco\/wp-json\/wp\/v2\/types\/post"}],"author":[{"embeddable":true,"href":"https:\/\/www.em.com.br\/emfoco\/wp-json\/wp\/v2\/users\/9"}],"replies":[{"embeddable":true,"href":"https:\/\/www.em.com.br\/emfoco\/wp-json\/wp\/v2\/comments?post=85058"}],"version-history":[{"count":2,"href":"https:\/\/www.em.com.br\/emfoco\/wp-json\/wp\/v2\/posts\/85058\/revisions"}],"predecessor-version":[{"id":85074,"href":"https:\/\/www.em.com.br\/emfoco\/wp-json\/wp\/v2\/posts\/85058\/revisions\/85074"}],"wp:featuredmedia":[{"embeddable":true,"href":"https:\/\/www.em.com.br\/emfoco\/wp-json\/wp\/v2\/media\/85069"}],"wp:attachment":[{"href":"https:\/\/www.em.com.br\/emfoco\/wp-json\/wp\/v2\/media?parent=85058"}],"wp:term":[{"taxonomy":"category","embeddable":true,"href":"https:\/\/www.em.com.br\/emfoco\/wp-json\/wp\/v2\/categories?post=85058"},{"taxonomy":"post_tag","embeddable":true,"href":"https:\/\/www.em.com.br\/emfoco\/wp-json\/wp\/v2\/tags?post=85058"}],"curies":[{"name":"wp","href":"https:\/\/api.w.org\/{rel}","templated":true}]}}