{"id":85039,"date":"2025-08-01T12:20:00","date_gmt":"2025-08-01T15:20:00","guid":{"rendered":"https:\/\/www.em.com.br\/emfoco\/?p=85039"},"modified":"2025-08-01T11:32:50","modified_gmt":"2025-08-01T14:32:50","slug":"saiba-como-higienizar-seu-filtro-de-barro-da-maneira-facil-e-correta","status":"publish","type":"post","link":"https:\/\/www.em.com.br\/emfoco\/2025\/08\/01\/saiba-como-higienizar-seu-filtro-de-barro-da-maneira-facil-e-correta\/","title":{"rendered":"Saiba como higienizar seu filtro de barro da maneira f\u00e1cil e correta"},"content":{"rendered":"\n<p>O\u00a0<strong>filtro de barro<\/strong>\u00a0\u00e9 uma inven\u00e7\u00e3o centen\u00e1ria, criado em 1920, que ainda encontra espa\u00e7o em muitas casas brasileiras, gra\u00e7as \u00e0 sua habilidade de purificar a \u00e1gua e mant\u00ea-la fresca. A argila que comp\u00f5e o filtro \u00e9 porosa, permitindo que a \u00e1gua evapore lentamente, o que ajuda a manter a temperatura da \u00e1gua mais baixa que a do ambiente. Para garantir que a filtragem seja eficaz, \u00e9 essencial cuidar bem das\u00a0<strong>velas de cer\u00e2mica<\/strong>\u00a0e de todo o conjunto do filtro.<\/p>\n\n\n\n<ul class=\"wp-block-list\">\n<li>Aprenda a import\u00e2ncia da limpeza regular do filtro de barro.<\/li>\n\n\n\n<li>Desvende o processo de filtragem e suas etapas fundamentais.<\/li>\n\n\n\n<li>Veja dicas pr\u00e1ticas para uma limpeza eficaz, evitando contamina\u00e7\u00f5es.<\/li>\n<\/ul>\n\n\n\n<h2 class=\"wp-block-heading\">Como \u00e9 o sistema do filtro de barro?<\/h2>\n\n\n\n<p>O&nbsp;<strong>filtro de barro<\/strong>&nbsp;opera com dois compartimentos principais: o superior, onde a \u00e1gua \u00e9 colocada, e o inferior, onde a filtragem ocorre. Este processo \u00e9 realizado sem eletricidade, gra\u00e7as \u00e0s&nbsp;<strong>velas de cer\u00e2mica<\/strong>&nbsp;entre os compartimentos, que ret\u00eam impurezas s\u00f3lidas e removem part\u00edculas indesejadas.<\/p>\n\n\n\n<p>Ao passar pela vela, a \u00e1gua entra em contato com&nbsp;<strong>prata coloidal<\/strong>, eliminando bact\u00e9rias, e depois pelo&nbsp;<strong>carv\u00e3o ativado<\/strong>, que retira cloro em excesso e odores desagrad\u00e1veis.<\/p>\n\n\n\n<figure class=\"wp-block-image size-large\"><img loading=\"lazy\" decoding=\"async\" width=\"1024\" height=\"576\" src=\"https:\/\/www.em.com.br\/emfoco\/wp-content\/uploads\/2025\/08\/filtro-de-barro_1754060985672-1024x576.jpg\" alt=\"\" class=\"wp-image-85046\" srcset=\"https:\/\/www.em.com.br\/emfoco\/wp-content\/uploads\/2025\/08\/filtro-de-barro_1754060985672-1024x576.jpg 1024w, https:\/\/www.em.com.br\/emfoco\/wp-content\/uploads\/2025\/08\/filtro-de-barro_1754060985672-300x169.jpg 300w, https:\/\/www.em.com.br\/emfoco\/wp-content\/uploads\/2025\/08\/filtro-de-barro_1754060985672-768x432.jpg 768w, https:\/\/www.em.com.br\/emfoco\/wp-content\/uploads\/2025\/08\/filtro-de-barro_1754060985672-750x422.jpg 750w, https:\/\/www.em.com.br\/emfoco\/wp-content\/uploads\/2025\/08\/filtro-de-barro_1754060985672-1140x641.jpg 1140w, https:\/\/www.em.com.br\/emfoco\/wp-content\/uploads\/2025\/08\/filtro-de-barro_1754060985672.jpg 1280w\" sizes=\"auto, (max-width: 1024px) 100vw, 1024px\" \/><figcaption class=\"wp-element-caption\">\u00c1gua limpa e suja &#8211; Cr\u00e9ditos: depositphotos.com \/ andriymedvediuk<\/figcaption><\/figure>\n\n\n\n<h2 class=\"wp-block-heading\">Como limpar seu filtro de barro de forma eficaz?<\/h2>\n\n\n\n<h3 class=\"wp-block-heading\">Confira a limpeza da parte interna<\/h3>\n\n\n\n<ul class=\"wp-block-list\">\n<li>Lave bem as m\u00e3os ou utilize luvas antes de manusear o filtro.<\/li>\n\n\n\n<li>Separe as partes do filtro e desenrosque as velas.<\/li>\n\n\n\n<li>Use uma esponja limpa na parte interna, evitando produtos qu\u00edmicos.<\/li>\n\n\n\n<li>Use uma esponja nova e macia na parte interna, utilizando apenas \u00e1gua.<\/li>\n\n\n\n<li>Enx\u00e1gue e seque com um pano sem fiapos.<\/li>\n<\/ul>\n\n\n\n<h3 class=\"wp-block-heading\">N\u00e3o esque\u00e7a a parte externa<\/h3>\n\n\n\n<ul class=\"wp-block-list\">\n<li>Remova poeira com um pano seco antes da limpeza.<\/li>\n\n\n\n<li>Limpe com pano \u00famido e sab\u00e3o neutro, especialmente nas bordas.<\/li>\n\n\n\n<li>Para manchas, use uma solu\u00e7\u00e3o 1:1 de \u00e1gua e vinagre.<\/li>\n\n\n\n<li>Seque bem com pano macio.<\/li>\n\n\n\n<li>Evite o uso de produtos qu\u00edmicos ou abrasivos na limpeza da parte externa para n\u00e3o danificar a cer\u00e2mica.<\/li>\n<\/ul>\n\n\n\n<h2 class=\"wp-block-heading\">Cuidados com as velas de cer\u00e2mica<\/h2>\n\n\n\n<ul class=\"wp-block-list\">\n<li>Lave as velas a cada 15 dias com \u00e1gua corrente.<\/li>\n\n\n\n<li>Use esponja macia ou escova de cerdas suaves.<\/li>\n\n\n\n<li>Nunca utilize produtos qu\u00edmicos ou abrasivos.<\/li>\n\n\n\n<li>Enx\u00e1gue e deixe escorrer antes de reinstalar.<\/li>\n<\/ul>\n\n\n\n<p>A troca da vela deve ocorrer aproximadamente a cada 6 meses, ou conforme as recomenda\u00e7\u00f5es do fabricante.<\/p>\n\n\n\n<h2 class=\"wp-block-heading\">Resumo dos principais cuidados com o filtro de barro<\/h2>\n\n\n\n<ul class=\"wp-block-list\">\n<li>Limpeza regular garante efici\u00eancia na filtragem.<\/li>\n\n\n\n<li>Manter velas de cer\u00e2mica limpas \u00e9 crucial para a pureza da \u00e1gua.<\/li>\n\n\n\n<li>Cuidado externo do filtro previne contamina\u00e7\u00f5es e aumenta a durabilidade.<\/li>\n<\/ul>\n","protected":false},"excerpt":{"rendered":"<p>O\u00a0filtro de barro\u00a0\u00e9 uma inven\u00e7\u00e3o centen\u00e1ria, criado em 1920, que ainda encontra espa\u00e7o em muitas casas brasileiras, gra\u00e7as \u00e0 sua habilidade de purificar a \u00e1gua e mant\u00ea-la fresca. A argila que comp\u00f5e o filtro \u00e9 porosa, permitindo que a \u00e1gua evapore lentamente, o que ajuda a manter a temperatura da \u00e1gua mais baixa que a [&hellip;]<\/p>\n","protected":false},"author":11,"featured_media":85056,"comment_status":"open","ping_status":"open","sticky":false,"template":"","format":"standard","meta":{"jnews-multi-image_gallery":[],"jnews_single_post":{"format":"standard"},"jnews_primary_category":[],"jnews_social_meta":[],"jnews_override_counter":[],"footnotes":""},"categories":[29,1],"tags":[1384,12385,13222,3454,3337],"class_list":["post-85039","post","type-post","status-publish","format-standard","has-post-thumbnail","hentry","category-entretenimento","category-noticias","tag-agua","tag-ceramica","tag-filtro-de-barro","tag-filtros","tag-limpeza"],"yoast_head":"<!-- This site is optimized with the Yoast SEO plugin v23.8 - https:\/\/yoast.com\/wordpress\/plugins\/seo\/ -->\n<title>Saiba como higienizar seu filtro de barro da maneira f\u00e1cil e correta - Estado de Minas - Em foco<\/title>\n<meta name=\"description\" content=\"Voc\u00ea sabia que a limpeza correta do filtro de barro faz toda a diferen\u00e7a na qualidade da sua \u00e1gua? Veja como cuidar dele e evitar contamina\u00e7\u00f5es.\" \/>\n<meta name=\"robots\" content=\"index, follow, max-snippet:-1, max-image-preview:large, max-video-preview:-1\" \/>\n<link rel=\"canonical\" href=\"https:\/\/www.em.com.br\/emfoco\/2025\/08\/01\/saiba-como-higienizar-seu-filtro-de-barro-da-maneira-facil-e-correta\/\" \/>\n<meta property=\"og:locale\" content=\"pt_BR\" \/>\n<meta property=\"og:type\" content=\"article\" \/>\n<meta property=\"og:title\" content=\"Saiba como higienizar seu filtro de barro da maneira f\u00e1cil e correta - Estado de Minas - Em foco\" \/>\n<meta property=\"og:description\" content=\"Voc\u00ea sabia que a limpeza correta do filtro de barro faz toda a diferen\u00e7a na qualidade da sua \u00e1gua? Veja como cuidar dele e evitar contamina\u00e7\u00f5es.\" \/>\n<meta property=\"og:url\" content=\"https:\/\/www.em.com.br\/emfoco\/2025\/08\/01\/saiba-como-higienizar-seu-filtro-de-barro-da-maneira-facil-e-correta\/\" \/>\n<meta property=\"og:site_name\" content=\"Estado de Minas - Em foco\" \/>\n<meta property=\"article:published_time\" content=\"2025-08-01T15:20:00+00:00\" \/>\n<meta property=\"article:modified_time\" content=\"2025-08-01T14:32:50+00:00\" \/>\n<meta property=\"og:image\" content=\"https:\/\/www.em.com.br\/emfoco\/wp-content\/uploads\/2025\/08\/filtro-de-barro_1754061291090.jpg\" \/>\n\t<meta property=\"og:image:width\" content=\"1280\" \/>\n\t<meta property=\"og:image:height\" content=\"720\" \/>\n\t<meta property=\"og:image:type\" content=\"image\/jpeg\" \/>\n<meta name=\"author\" content=\"Andre\u0301 Rangel\u00a0\" \/>\n<meta name=\"twitter:card\" content=\"summary_large_image\" \/>\n<meta name=\"twitter:label1\" content=\"Escrito por\" \/>\n\t<meta name=\"twitter:data1\" content=\"Andre\u0301 Rangel\u00a0\" \/>\n\t<meta name=\"twitter:label2\" content=\"Est. tempo de leitura\" \/>\n\t<meta name=\"twitter:data2\" content=\"3 minutos\" \/>\n<!-- \/ Yoast SEO plugin. -->","yoast_head_json":{"title":"Saiba como higienizar seu filtro de barro da maneira f\u00e1cil e correta - Estado de Minas - Em foco","description":"Voc\u00ea sabia que a limpeza correta do filtro de barro faz toda a diferen\u00e7a na qualidade da sua \u00e1gua? Veja como cuidar dele e evitar contamina\u00e7\u00f5es.","robots":{"index":"index","follow":"follow","max-snippet":"max-snippet:-1","max-image-preview":"max-image-preview:large","max-video-preview":"max-video-preview:-1"},"canonical":"https:\/\/www.em.com.br\/emfoco\/2025\/08\/01\/saiba-como-higienizar-seu-filtro-de-barro-da-maneira-facil-e-correta\/","og_locale":"pt_BR","og_type":"article","og_title":"Saiba como higienizar seu filtro de barro da maneira f\u00e1cil e correta - Estado de Minas - Em foco","og_description":"Voc\u00ea sabia que a limpeza correta do filtro de barro faz toda a diferen\u00e7a na qualidade da sua \u00e1gua? Veja como cuidar dele e evitar contamina\u00e7\u00f5es.","og_url":"https:\/\/www.em.com.br\/emfoco\/2025\/08\/01\/saiba-como-higienizar-seu-filtro-de-barro-da-maneira-facil-e-correta\/","og_site_name":"Estado de Minas - Em foco","article_published_time":"2025-08-01T15:20:00+00:00","article_modified_time":"2025-08-01T14:32:50+00:00","og_image":[{"width":1280,"height":720,"url":"https:\/\/www.em.com.br\/emfoco\/wp-content\/uploads\/2025\/08\/filtro-de-barro_1754061291090.jpg","type":"image\/jpeg"}],"author":"Andre\u0301 Rangel\u00a0","twitter_card":"summary_large_image","twitter_misc":{"Escrito por":"Andre\u0301 Rangel\u00a0","Est. tempo de leitura":"3 minutos"},"schema":{"@context":"https:\/\/schema.org","@graph":[{"@type":"WebPage","@id":"https:\/\/www.em.com.br\/emfoco\/2025\/08\/01\/saiba-como-higienizar-seu-filtro-de-barro-da-maneira-facil-e-correta\/","url":"https:\/\/www.em.com.br\/emfoco\/2025\/08\/01\/saiba-como-higienizar-seu-filtro-de-barro-da-maneira-facil-e-correta\/","name":"Saiba como higienizar seu filtro de barro da maneira f\u00e1cil e correta - Estado de Minas - Em foco","isPartOf":{"@id":"https:\/\/www.em.com.br\/emfoco\/#website"},"primaryImageOfPage":{"@id":"https:\/\/www.em.com.br\/emfoco\/2025\/08\/01\/saiba-como-higienizar-seu-filtro-de-barro-da-maneira-facil-e-correta\/#primaryimage"},"image":{"@id":"https:\/\/www.em.com.br\/emfoco\/2025\/08\/01\/saiba-como-higienizar-seu-filtro-de-barro-da-maneira-facil-e-correta\/#primaryimage"},"thumbnailUrl":"https:\/\/www.em.com.br\/emfoco\/wp-content\/uploads\/2025\/08\/filtro-de-barro_1754061291090.jpg","datePublished":"2025-08-01T15:20:00+00:00","dateModified":"2025-08-01T14:32:50+00:00","author":{"@id":"https:\/\/www.em.com.br\/emfoco\/#\/schema\/person\/60eda09c1fedf0d6891f4cef4b60b8b8"},"description":"Voc\u00ea sabia que a limpeza correta do filtro de barro faz toda a diferen\u00e7a na qualidade da sua \u00e1gua? Veja como cuidar dele e evitar contamina\u00e7\u00f5es.","breadcrumb":{"@id":"https:\/\/www.em.com.br\/emfoco\/2025\/08\/01\/saiba-como-higienizar-seu-filtro-de-barro-da-maneira-facil-e-correta\/#breadcrumb"},"inLanguage":"pt-BR","potentialAction":[{"@type":"ReadAction","target":["https:\/\/www.em.com.br\/emfoco\/2025\/08\/01\/saiba-como-higienizar-seu-filtro-de-barro-da-maneira-facil-e-correta\/"]}]},{"@type":"ImageObject","inLanguage":"pt-BR","@id":"https:\/\/www.em.com.br\/emfoco\/2025\/08\/01\/saiba-como-higienizar-seu-filtro-de-barro-da-maneira-facil-e-correta\/#primaryimage","url":"https:\/\/www.em.com.br\/emfoco\/wp-content\/uploads\/2025\/08\/filtro-de-barro_1754061291090.jpg","contentUrl":"https:\/\/www.em.com.br\/emfoco\/wp-content\/uploads\/2025\/08\/filtro-de-barro_1754061291090.jpg","width":1280,"height":720,"caption":"Filtro de barro -Cr\u00e9ditos: depositphotos.com \/ aln2311"},{"@type":"BreadcrumbList","@id":"https:\/\/www.em.com.br\/emfoco\/2025\/08\/01\/saiba-como-higienizar-seu-filtro-de-barro-da-maneira-facil-e-correta\/#breadcrumb","itemListElement":[{"@type":"ListItem","position":1,"name":"In\u00edcio","item":"https:\/\/www.em.com.br\/emfoco\/"},{"@type":"ListItem","position":2,"name":"Saiba como higienizar seu filtro de barro da maneira f\u00e1cil e correta"}]},{"@type":"WebSite","@id":"https:\/\/www.em.com.br\/emfoco\/#website","url":"https:\/\/www.em.com.br\/emfoco\/","name":"Estado de Minas - Em foco","description":"Acompanhe as \u00faltimas not\u00edcias e fique bem informado sobre tudo o que acontece em Minas Gerais, Brasil e no mundo.","potentialAction":[{"@type":"SearchAction","target":{"@type":"EntryPoint","urlTemplate":"https:\/\/www.em.com.br\/emfoco\/?s={search_term_string}"},"query-input":{"@type":"PropertyValueSpecification","valueRequired":true,"valueName":"search_term_string"}}],"inLanguage":"pt-BR"},{"@type":"Person","@id":"https:\/\/www.em.com.br\/emfoco\/#\/schema\/person\/60eda09c1fedf0d6891f4cef4b60b8b8","name":"Andre\u0301 Rangel\u00a0","image":{"@type":"ImageObject","inLanguage":"pt-BR","@id":"https:\/\/www.em.com.br\/emfoco\/#\/schema\/person\/image\/","url":"https:\/\/secure.gravatar.com\/avatar\/6234dc814c77c8ef6d8bba622c787efc?s=96&d=mm&r=g","contentUrl":"https:\/\/secure.gravatar.com\/avatar\/6234dc814c77c8ef6d8bba622c787efc?s=96&d=mm&r=g","caption":"Andre\u0301 Rangel\u00a0"},"url":"https:\/\/www.em.com.br\/emfoco\/author\/luizmyth\/"}]}},"_links":{"self":[{"href":"https:\/\/www.em.com.br\/emfoco\/wp-json\/wp\/v2\/posts\/85039","targetHints":{"allow":["GET"]}}],"collection":[{"href":"https:\/\/www.em.com.br\/emfoco\/wp-json\/wp\/v2\/posts"}],"about":[{"href":"https:\/\/www.em.com.br\/emfoco\/wp-json\/wp\/v2\/types\/post"}],"author":[{"embeddable":true,"href":"https:\/\/www.em.com.br\/emfoco\/wp-json\/wp\/v2\/users\/11"}],"replies":[{"embeddable":true,"href":"https:\/\/www.em.com.br\/emfoco\/wp-json\/wp\/v2\/comments?post=85039"}],"version-history":[{"count":3,"href":"https:\/\/www.em.com.br\/emfoco\/wp-json\/wp\/v2\/posts\/85039\/revisions"}],"predecessor-version":[{"id":85071,"href":"https:\/\/www.em.com.br\/emfoco\/wp-json\/wp\/v2\/posts\/85039\/revisions\/85071"}],"wp:featuredmedia":[{"embeddable":true,"href":"https:\/\/www.em.com.br\/emfoco\/wp-json\/wp\/v2\/media\/85056"}],"wp:attachment":[{"href":"https:\/\/www.em.com.br\/emfoco\/wp-json\/wp\/v2\/media?parent=85039"}],"wp:term":[{"taxonomy":"category","embeddable":true,"href":"https:\/\/www.em.com.br\/emfoco\/wp-json\/wp\/v2\/categories?post=85039"},{"taxonomy":"post_tag","embeddable":true,"href":"https:\/\/www.em.com.br\/emfoco\/wp-json\/wp\/v2\/tags?post=85039"}],"curies":[{"name":"wp","href":"https:\/\/api.w.org\/{rel}","templated":true}]}}