{"id":84916,"date":"2025-08-01T13:50:00","date_gmt":"2025-08-01T16:50:00","guid":{"rendered":"https:\/\/www.em.com.br\/emfoco\/?p=84916"},"modified":"2025-08-01T00:36:47","modified_gmt":"2025-08-01T03:36:47","slug":"isabella-lacerda-nutricionista-linguica-tem-proteina-entao-qual-o-problema-de-comer","status":"publish","type":"post","link":"https:\/\/www.em.com.br\/emfoco\/2025\/08\/01\/isabella-lacerda-nutricionista-linguica-tem-proteina-entao-qual-o-problema-de-comer\/","title":{"rendered":"Isabella Lacerda, Nutricionista: \u201clingui\u00e7a tem prote\u00edna, ent\u00e3o qual o problema de comer?\u201d"},"content":{"rendered":"\n<p><strong>lingui\u00e7a como prote\u00edna e impacto na sa\u00fade<\/strong> \u00e9 um tema que gera d\u00favidas. A nutricionista Isabella Lacerda (@isabellalacerda_nutri) explica com clareza: <strong>lingui\u00e7a cont\u00e9m prote\u00edna<\/strong>, mas apresenta <strong>muita gordura e s\u00f3dio<\/strong>, o que a torna uma escolha menos eficiente em compara\u00e7\u00e3o com outras fontes de prote\u00edna. Mesmo sendo pr\u00e1tica ou acess\u00edvel, ela <strong>n\u00e3o pode ser a principal fonte proteica da dieta<\/strong>.<\/p>\n\n\n\n<p>Isabella alerta que, em 100 gramas, uma lingui\u00e7a oferece calorias elevadas, gordura saturada e menos prote\u00edna do que 100 gramas de peito de frango grelhado \u2014 que traz mais musculatura com menos impacto metab\u00f3lico.<\/p>\n\n\n\n<h2 class=\"wp-block-heading\">Por que lingui\u00e7a n\u00e3o deve ser sua principal fonte de prote\u00edna?<\/h2>\n\n\n\n<p>A lingui\u00e7a costuma pesar mais na balan\u00e7a cal\u00f3rica por causa da alta gordura e s\u00f3dio, entregando menos prote\u00edna \u00fatil por por\u00e7\u00e3o. A gordura saturada e o excesso de sal podem elevar calorias e sobrecarregar a sa\u00fade cardiovascular. Se fosse uma refei\u00e7\u00e3o rica em prote\u00edna magra, o impacto metab\u00f3lico seria diferente.<\/p>\n\n\n\n<p>Isabella destaca: mesmo que a lingui\u00e7a possa entrar na rotina ocasionalmente, ela <strong>n\u00e3o deve ser a \u00fanica ou principal fonte<\/strong>. \u00c9 importante diversificar com op\u00e7\u00f5es mais equilibradas e com menos impacto cal\u00f3rico e glic\u00eamico.<\/p>\n\n\n\n<h2 class=\"wp-block-heading\">Como prevenir os efeitos negativos ao consumir lingui\u00e7a?<\/h2>\n\n\n\n<p>Consumir lingui\u00e7a com modera\u00e7\u00e3o \u00e9 essencial. Se for incluir na dieta, combine com fontes mais magras de prote\u00edna para equilibrar calorias e nutrientes. Evitar consumir em grandes quantidades ou como prote\u00edna \u00fanica \u00e9 uma forma de preservar sa\u00fade, controlar calorias e manter composi\u00e7\u00e3o corporal.<\/p>\n\n\n\n<h2 class=\"wp-block-heading\">Peito de frango grelhado \u00e9 realmente melhor op\u00e7\u00e3o?<\/h2>\n\n\n\n<p>Sim. O peito de frango oferece mais prote\u00edna e menos gordura do que a lingui\u00e7a por mesma por\u00e7\u00e3o. Isso significa menos calorias e maior promo\u00e7\u00e3o de massa muscular, recuperando tecidos sem sobrecarregar com gordura. \u00c9 mais eficiente para quem busca emagrecimento com manuten\u00e7\u00e3o da massa magra.<\/p>\n\n\n\n<h2 class=\"wp-block-heading\">Qual o papel do s\u00f3dio na escolha da prote\u00edna?<\/h2>\n\n\n\n<p>A lingui\u00e7a apresenta muito s\u00f3dio \u2014 muito mais do que alimentos como frango ou peixe. O s\u00f3dio em excesso pode causar reten\u00e7\u00e3o de l\u00edquidos e aumento da press\u00e3o arterial ao longo do tempo. Priorizar fontes com menos sal evita esses impactos e favorece melhor hidrata\u00e7\u00e3o e metabolismo mais est\u00e1vel.<\/p>\n\n\n<div class=\"wp-block-image\">\n<figure class=\"aligncenter size-large\"><img loading=\"lazy\" decoding=\"async\" width=\"1024\" height=\"576\" src=\"https:\/\/www.em.com.br\/emfoco\/wp-content\/uploads\/2025\/08\/linguica-_1754018999516-1024x576.jpg\" alt=\"\" class=\"wp-image-84933\" srcset=\"https:\/\/www.em.com.br\/emfoco\/wp-content\/uploads\/2025\/08\/linguica-_1754018999516-1024x576.jpg 1024w, https:\/\/www.em.com.br\/emfoco\/wp-content\/uploads\/2025\/08\/linguica-_1754018999516-300x169.jpg 300w, https:\/\/www.em.com.br\/emfoco\/wp-content\/uploads\/2025\/08\/linguica-_1754018999516-768x432.jpg 768w, https:\/\/www.em.com.br\/emfoco\/wp-content\/uploads\/2025\/08\/linguica-_1754018999516-750x422.jpg 750w, https:\/\/www.em.com.br\/emfoco\/wp-content\/uploads\/2025\/08\/linguica-_1754018999516-1140x641.jpg 1140w, https:\/\/www.em.com.br\/emfoco\/wp-content\/uploads\/2025\/08\/linguica-_1754018999516.jpg 1280w\" sizes=\"auto, (max-width: 1024px) 100vw, 1024px\" \/><figcaption class=\"wp-element-caption\">Lingui\u00e7a na grelha de churrasco &#8211; Cr\u00e9ditos: depositphotos.com \/ EdZbarzhyvetsky<\/figcaption><\/figure><\/div>\n\n\n<h2 class=\"wp-block-heading\">Em quais contextos a lingui\u00e7a pode entrar na dieta com responsabilidade?<\/h2>\n\n\n\n<p>Quando for uma op\u00e7\u00e3o ocasional \u2014 seja por sabor, conveni\u00eancia ou acesso \u2014 a lingui\u00e7a pode entrar em quantidades moderadas, acompanhada de prote\u00ednas magras, vegetais e fibra. O objetivo \u00e9 evitar que ela se torne a principal fonte proteica habitual na dieta. O equil\u00edbrio \u00e9 chave.<\/p>\n\n\n\n<h2 class=\"wp-block-heading\">Fontes oficiais consultadas<\/h2>\n\n\n\n<ul class=\"wp-block-list\">\n<li>Minist\u00e9rio da Sa\u00fade (Brasil): <a>www.gov.br\/saude<\/a><\/li>\n\n\n\n<li>Organiza\u00e7\u00e3o Mundial da Sa\u00fade (OMS): <a class=\"\" href=\"http:\/\/www.who.int\">www.who.int<\/a><\/li>\n\n\n\n<li>Sociedade Brasileira de Cardiologia (SBC): <a>www.cardiol.br<\/a><\/li>\n<\/ul>\n","protected":false},"excerpt":{"rendered":"<p>lingui\u00e7a como prote\u00edna e impacto na sa\u00fade \u00e9 um tema que gera d\u00favidas. A nutricionista Isabella Lacerda (@isabellalacerda_nutri) explica com clareza: lingui\u00e7a cont\u00e9m prote\u00edna, mas apresenta muita gordura e s\u00f3dio, o que a torna uma escolha menos eficiente em compara\u00e7\u00e3o com outras fontes de prote\u00edna. Mesmo sendo pr\u00e1tica ou acess\u00edvel, ela n\u00e3o pode ser a [&hellip;]<\/p>\n","protected":false},"author":17,"featured_media":84940,"comment_status":"open","ping_status":"open","sticky":false,"template":"","format":"standard","meta":{"jnews-multi-image_gallery":[],"jnews_single_post":{"format":"standard"},"jnews_primary_category":[],"jnews_social_meta":[],"jnews_override_counter":[],"footnotes":""},"categories":[9053],"tags":[4701,3509,327,415],"class_list":["post-84916","post","type-post","status-publish","format-standard","has-post-thumbnail","hentry","category-saude","tag-alimento","tag-nutricao","tag-qualidade-de-vida","tag-saude"],"yoast_head":"<!-- This site is optimized with the Yoast SEO plugin v23.8 - https:\/\/yoast.com\/wordpress\/plugins\/seo\/ -->\n<title>Isabella Lacerda, Nutricionista: \u201clingui\u00e7a tem prote\u00edna, ent\u00e3o qual o problema de comer?\u201d - Estado de Minas - Em foco<\/title>\n<meta name=\"description\" content=\"Lingui\u00e7a tem prote\u00edna, mas tamb\u00e9m muita gordura e s\u00f3dio. Nutricionista Isabella Lacerda alerta: n\u00e3o transforme em fonte principal.\" \/>\n<meta name=\"robots\" content=\"index, follow, max-snippet:-1, max-image-preview:large, max-video-preview:-1\" \/>\n<link rel=\"canonical\" href=\"https:\/\/www.em.com.br\/emfoco\/2025\/08\/01\/isabella-lacerda-nutricionista-linguica-tem-proteina-entao-qual-o-problema-de-comer\/\" \/>\n<meta property=\"og:locale\" content=\"pt_BR\" \/>\n<meta property=\"og:type\" content=\"article\" \/>\n<meta property=\"og:title\" content=\"Isabella Lacerda, Nutricionista: \u201clingui\u00e7a tem prote\u00edna, ent\u00e3o qual o problema de comer?\u201d - Estado de Minas - Em foco\" \/>\n<meta property=\"og:description\" content=\"Lingui\u00e7a tem prote\u00edna, mas tamb\u00e9m muita gordura e s\u00f3dio. Nutricionista Isabella Lacerda alerta: n\u00e3o transforme em fonte principal.\" \/>\n<meta property=\"og:url\" content=\"https:\/\/www.em.com.br\/emfoco\/2025\/08\/01\/isabella-lacerda-nutricionista-linguica-tem-proteina-entao-qual-o-problema-de-comer\/\" \/>\n<meta property=\"og:site_name\" content=\"Estado de Minas - Em foco\" \/>\n<meta property=\"article:published_time\" content=\"2025-08-01T16:50:00+00:00\" \/>\n<meta property=\"article:modified_time\" content=\"2025-08-01T03:36:47+00:00\" \/>\n<meta property=\"og:image\" content=\"https:\/\/www.em.com.br\/emfoco\/wp-content\/uploads\/2025\/08\/mosaico_1754019335946.jpg\" \/>\n\t<meta property=\"og:image:width\" content=\"1280\" \/>\n\t<meta property=\"og:image:height\" content=\"720\" \/>\n\t<meta property=\"og:image:type\" content=\"image\/jpeg\" \/>\n<meta name=\"author\" content=\"Lucas Sampaio\" \/>\n<meta name=\"twitter:card\" content=\"summary_large_image\" \/>\n<meta name=\"twitter:label1\" content=\"Escrito por\" \/>\n\t<meta name=\"twitter:data1\" content=\"Lucas Sampaio\" \/>\n\t<meta name=\"twitter:label2\" content=\"Est. tempo de leitura\" \/>\n\t<meta name=\"twitter:data2\" content=\"3 minutos\" \/>\n<!-- \/ Yoast SEO plugin. -->","yoast_head_json":{"title":"Isabella Lacerda, Nutricionista: \u201clingui\u00e7a tem prote\u00edna, ent\u00e3o qual o problema de comer?\u201d - Estado de Minas - Em foco","description":"Lingui\u00e7a tem prote\u00edna, mas tamb\u00e9m muita gordura e s\u00f3dio. Nutricionista Isabella Lacerda alerta: n\u00e3o transforme em fonte principal.","robots":{"index":"index","follow":"follow","max-snippet":"max-snippet:-1","max-image-preview":"max-image-preview:large","max-video-preview":"max-video-preview:-1"},"canonical":"https:\/\/www.em.com.br\/emfoco\/2025\/08\/01\/isabella-lacerda-nutricionista-linguica-tem-proteina-entao-qual-o-problema-de-comer\/","og_locale":"pt_BR","og_type":"article","og_title":"Isabella Lacerda, Nutricionista: \u201clingui\u00e7a tem prote\u00edna, ent\u00e3o qual o problema de comer?\u201d - Estado de Minas - Em foco","og_description":"Lingui\u00e7a tem prote\u00edna, mas tamb\u00e9m muita gordura e s\u00f3dio. Nutricionista Isabella Lacerda alerta: n\u00e3o transforme em fonte principal.","og_url":"https:\/\/www.em.com.br\/emfoco\/2025\/08\/01\/isabella-lacerda-nutricionista-linguica-tem-proteina-entao-qual-o-problema-de-comer\/","og_site_name":"Estado de Minas - Em foco","article_published_time":"2025-08-01T16:50:00+00:00","article_modified_time":"2025-08-01T03:36:47+00:00","og_image":[{"width":1280,"height":720,"url":"https:\/\/www.em.com.br\/emfoco\/wp-content\/uploads\/2025\/08\/mosaico_1754019335946.jpg","type":"image\/jpeg"}],"author":"Lucas Sampaio","twitter_card":"summary_large_image","twitter_misc":{"Escrito por":"Lucas Sampaio","Est. tempo de leitura":"3 minutos"},"schema":{"@context":"https:\/\/schema.org","@graph":[{"@type":"WebPage","@id":"https:\/\/www.em.com.br\/emfoco\/2025\/08\/01\/isabella-lacerda-nutricionista-linguica-tem-proteina-entao-qual-o-problema-de-comer\/","url":"https:\/\/www.em.com.br\/emfoco\/2025\/08\/01\/isabella-lacerda-nutricionista-linguica-tem-proteina-entao-qual-o-problema-de-comer\/","name":"Isabella Lacerda, Nutricionista: \u201clingui\u00e7a tem prote\u00edna, ent\u00e3o qual o problema de comer?\u201d - Estado de Minas - Em foco","isPartOf":{"@id":"https:\/\/www.em.com.br\/emfoco\/#website"},"primaryImageOfPage":{"@id":"https:\/\/www.em.com.br\/emfoco\/2025\/08\/01\/isabella-lacerda-nutricionista-linguica-tem-proteina-entao-qual-o-problema-de-comer\/#primaryimage"},"image":{"@id":"https:\/\/www.em.com.br\/emfoco\/2025\/08\/01\/isabella-lacerda-nutricionista-linguica-tem-proteina-entao-qual-o-problema-de-comer\/#primaryimage"},"thumbnailUrl":"https:\/\/www.em.com.br\/emfoco\/wp-content\/uploads\/2025\/08\/mosaico_1754019335946.jpg","datePublished":"2025-08-01T16:50:00+00:00","dateModified":"2025-08-01T03:36:47+00:00","author":{"@id":"https:\/\/www.em.com.br\/emfoco\/#\/schema\/person\/9ad4c536bd87f5bb8006420332b99aef"},"description":"Lingui\u00e7a tem prote\u00edna, mas tamb\u00e9m muita gordura e s\u00f3dio. Nutricionista Isabella Lacerda alerta: n\u00e3o transforme em fonte principal.","breadcrumb":{"@id":"https:\/\/www.em.com.br\/emfoco\/2025\/08\/01\/isabella-lacerda-nutricionista-linguica-tem-proteina-entao-qual-o-problema-de-comer\/#breadcrumb"},"inLanguage":"pt-BR","potentialAction":[{"@type":"ReadAction","target":["https:\/\/www.em.com.br\/emfoco\/2025\/08\/01\/isabella-lacerda-nutricionista-linguica-tem-proteina-entao-qual-o-problema-de-comer\/"]}]},{"@type":"ImageObject","inLanguage":"pt-BR","@id":"https:\/\/www.em.com.br\/emfoco\/2025\/08\/01\/isabella-lacerda-nutricionista-linguica-tem-proteina-entao-qual-o-problema-de-comer\/#primaryimage","url":"https:\/\/www.em.com.br\/emfoco\/wp-content\/uploads\/2025\/08\/mosaico_1754019335946.jpg","contentUrl":"https:\/\/www.em.com.br\/emfoco\/wp-content\/uploads\/2025\/08\/mosaico_1754019335946.jpg","width":1280,"height":720,"caption":"Reprodu\u00e7\u00e3o (TikTok: @isabellalacerda_nutri)"},{"@type":"BreadcrumbList","@id":"https:\/\/www.em.com.br\/emfoco\/2025\/08\/01\/isabella-lacerda-nutricionista-linguica-tem-proteina-entao-qual-o-problema-de-comer\/#breadcrumb","itemListElement":[{"@type":"ListItem","position":1,"name":"In\u00edcio","item":"https:\/\/www.em.com.br\/emfoco\/"},{"@type":"ListItem","position":2,"name":"Isabella Lacerda, Nutricionista: \u201clingui\u00e7a tem prote\u00edna, ent\u00e3o qual o problema de comer?\u201d"}]},{"@type":"WebSite","@id":"https:\/\/www.em.com.br\/emfoco\/#website","url":"https:\/\/www.em.com.br\/emfoco\/","name":"Estado de Minas - Em foco","description":"Acompanhe as \u00faltimas not\u00edcias e fique bem informado sobre tudo o que acontece em Minas Gerais, Brasil e no mundo.","potentialAction":[{"@type":"SearchAction","target":{"@type":"EntryPoint","urlTemplate":"https:\/\/www.em.com.br\/emfoco\/?s={search_term_string}"},"query-input":{"@type":"PropertyValueSpecification","valueRequired":true,"valueName":"search_term_string"}}],"inLanguage":"pt-BR"},{"@type":"Person","@id":"https:\/\/www.em.com.br\/emfoco\/#\/schema\/person\/9ad4c536bd87f5bb8006420332b99aef","name":"Lucas Sampaio","image":{"@type":"ImageObject","inLanguage":"pt-BR","@id":"https:\/\/www.em.com.br\/emfoco\/#\/schema\/person\/image\/","url":"https:\/\/secure.gravatar.com\/avatar\/2696b9676ad143cd7135b717faf6f79f?s=96&d=mm&r=g","contentUrl":"https:\/\/secure.gravatar.com\/avatar\/2696b9676ad143cd7135b717faf6f79f?s=96&d=mm&r=g","caption":"Lucas Sampaio"},"sameAs":["https:\/\/www.em.com.br\/emfoco\/"],"url":"https:\/\/www.em.com.br\/emfoco\/author\/lucasmyth\/"}]}},"_links":{"self":[{"href":"https:\/\/www.em.com.br\/emfoco\/wp-json\/wp\/v2\/posts\/84916","targetHints":{"allow":["GET"]}}],"collection":[{"href":"https:\/\/www.em.com.br\/emfoco\/wp-json\/wp\/v2\/posts"}],"about":[{"href":"https:\/\/www.em.com.br\/emfoco\/wp-json\/wp\/v2\/types\/post"}],"author":[{"embeddable":true,"href":"https:\/\/www.em.com.br\/emfoco\/wp-json\/wp\/v2\/users\/17"}],"replies":[{"embeddable":true,"href":"https:\/\/www.em.com.br\/emfoco\/wp-json\/wp\/v2\/comments?post=84916"}],"version-history":[{"count":3,"href":"https:\/\/www.em.com.br\/emfoco\/wp-json\/wp\/v2\/posts\/84916\/revisions"}],"predecessor-version":[{"id":84934,"href":"https:\/\/www.em.com.br\/emfoco\/wp-json\/wp\/v2\/posts\/84916\/revisions\/84934"}],"wp:featuredmedia":[{"embeddable":true,"href":"https:\/\/www.em.com.br\/emfoco\/wp-json\/wp\/v2\/media\/84940"}],"wp:attachment":[{"href":"https:\/\/www.em.com.br\/emfoco\/wp-json\/wp\/v2\/media?parent=84916"}],"wp:term":[{"taxonomy":"category","embeddable":true,"href":"https:\/\/www.em.com.br\/emfoco\/wp-json\/wp\/v2\/categories?post=84916"},{"taxonomy":"post_tag","embeddable":true,"href":"https:\/\/www.em.com.br\/emfoco\/wp-json\/wp\/v2\/tags?post=84916"}],"curies":[{"name":"wp","href":"https:\/\/api.w.org\/{rel}","templated":true}]}}