{"id":84873,"date":"2025-08-01T08:20:00","date_gmt":"2025-08-01T11:20:00","guid":{"rendered":"https:\/\/www.em.com.br\/emfoco\/?p=84873"},"modified":"2025-07-31T22:21:01","modified_gmt":"2025-08-01T01:21:01","slug":"cai-na-quinta-o-feriado-nacional-aprovado-pelo-governo","status":"publish","type":"post","link":"https:\/\/www.em.com.br\/emfoco\/2025\/08\/01\/cai-na-quinta-o-feriado-nacional-aprovado-pelo-governo\/","title":{"rendered":"Cai na quinta o Feriado Nacional aprovado pelo governo"},"content":{"rendered":"\n<p>O&nbsp;<strong>Dia da Consci\u00eancia Negra<\/strong>, celebrado em&nbsp;<strong>20 de novembro<\/strong>, agora \u00e9 um&nbsp;<strong>feriado nacional<\/strong>&nbsp;no&nbsp;<strong>Brasil<\/strong>, uma homenagem a&nbsp;<strong>Zumbi dos Palmares<\/strong>&nbsp;e outros her\u00f3is da resist\u00eancia negra. Este dia simboliza o reconhecimento das&nbsp;<strong>contribui\u00e7\u00f5es dos afro-brasileiros<\/strong>&nbsp;para a sociedade, bem como o compromisso com a&nbsp;<strong>igualdade racial<\/strong>&nbsp;no pa\u00eds.<\/p>\n\n\n\n<ul class=\"wp-block-list\">\n<li>Reflex\u00e3o sobre injusti\u00e7as e desafios contempor\u00e2neos.<\/li>\n\n\n\n<li>Valoriza\u00e7\u00e3o da cultura e heran\u00e7a afro-brasileira.<\/li>\n\n\n\n<li>Impulso para pol\u00edticas pr\u00f3-igualdade racial.<\/li>\n<\/ul>\n\n\n\n<h2 class=\"wp-block-heading\">Por que o Dia da Consci\u00eancia Negra \u00e9 t\u00e3o importante?<\/h2>\n\n\n\n<p>O&nbsp;<strong>Dia da Consci\u00eancia Negra<\/strong>&nbsp;\u00e9 crucial para reconhecer e valorizar as contribui\u00e7\u00f5es dos&nbsp;<strong>afro-brasileiros<\/strong>&nbsp;na hist\u00f3ria do Brasil. Ele evoca a mem\u00f3ria de l\u00edderes como&nbsp;<strong>Zumbi dos Palmares<\/strong>&nbsp;e&nbsp;<strong>Dandara dos Palmares<\/strong>, que marcaram a resist\u00eancia contra a opress\u00e3o e inspiraram gera\u00e7\u00f5es na busca por justi\u00e7a.<\/p>\n\n\n\n<p>Comemorar essa data \u00e9 uma oportunidade para refletir e aprender com o legado deixado por essas figuras hist\u00f3ricas, incentivando um di\u00e1logo cont\u00ednuo sobre&nbsp;<strong>igualdade social<\/strong>. Muitas cidades, como&nbsp;<strong>Salvador<\/strong>&nbsp;e&nbsp;<strong>Rio de Janeiro<\/strong>, organizam eventos e atividades educativas para homenagear a data.<\/p>\n\n\n\n<h2 class=\"wp-block-heading\">Quais os impactos do feriado na sociedade?<\/h2>\n\n\n\n<p>Transformar o&nbsp;<strong>Dia da Consci\u00eancia Negra<\/strong>&nbsp;em feriado nacional destaca a import\u00e2ncia da&nbsp;<strong>diversidade<\/strong>&nbsp;na identidade brasileira. Ao reconhecer e celebrar a cultura negra, o Brasil envia uma mensagem poderosa sobre&nbsp;<strong>inclus\u00e3o racial<\/strong>.<\/p>\n\n\n\n<p>Al\u00e9m disso, isso abre espa\u00e7o para maior conscientiza\u00e7\u00e3o sobre a hist\u00f3ria afro-brasileira, incentivando o debate sobre a\u00e7\u00f5es afirmativas, como:<\/p>\n\n\n\n<ul class=\"wp-block-list\">\n<li><strong>Educa\u00e7\u00e3o<\/strong>: Inclus\u00e3o de conte\u00fados afro-brasileiros nos curr\u00edculos escolares. Em iniciativas recentes, o Minist\u00e9rio da Educa\u00e7\u00e3o tem refor\u00e7ado a import\u00e2ncia desses temas em todas as escolas do pa\u00eds.<\/li>\n\n\n\n<li><strong>Equidade<\/strong>: Pol\u00edticas que promovam a igualdade de oportunidades.<\/li>\n\n\n\n<li><strong>Di\u00e1logo<\/strong>: Est\u00edmulo a discuss\u00f5es sobre racismo e discrimina\u00e7\u00e3o.<\/li>\n<\/ul>\n\n\n\n<h2 class=\"wp-block-heading\">O que esperar do futuro do Dia da Consci\u00eancia Negra?<\/h2>\n\n\n\n<p>O feriado visa fomentar uma&nbsp;<strong>mudan\u00e7a social<\/strong>&nbsp;em dire\u00e7\u00e3o a uma sociedade mais inclusiva e respeitosa. A conscientiza\u00e7\u00e3o proporcionada por essa data pode gerar transforma\u00e7\u00f5es significativas nas rela\u00e7\u00f5es raciais no Brasil.<\/p>\n\n\n\n<p>Com o feriado em vigor, espera-se uma maior participa\u00e7\u00e3o das pessoas nas atividades e reflex\u00f5es relacionadas, promovendo um ambiente mais consciente e justo. Al\u00e9m disso, organiza\u00e7\u00f5es como a&nbsp;<strong>UNESCO<\/strong>&nbsp;e o&nbsp;<strong>Movimento Negro Unificado<\/strong>&nbsp;t\u00eam refor\u00e7ado a import\u00e2ncia do combate ao racismo em escala global e nacional, ampliando o alcance das discuss\u00f5es iniciadas nesta data.<\/p>\n\n\n\n<h2 class=\"wp-block-heading\">Quais as principais reflex\u00f5es sobre o Dia da Consci\u00eancia Negra?<\/h2>\n\n\n\n<ul class=\"wp-block-list\">\n<li>Import\u00e2ncia hist\u00f3rica das lutas afro-brasileiras por liberdade e justi\u00e7a.<\/li>\n\n\n\n<li>Reconhecimento da diversidade como parte vital da identidade nacional.<\/li>\n\n\n\n<li>Continuidade na busca por igualdade e inclus\u00e3o social.<\/li>\n<\/ul>\n","protected":false},"excerpt":{"rendered":"<p>O&nbsp;Dia da Consci\u00eancia Negra, celebrado em&nbsp;20 de novembro, agora \u00e9 um&nbsp;feriado nacional&nbsp;no&nbsp;Brasil, uma homenagem a&nbsp;Zumbi dos Palmares&nbsp;e outros her\u00f3is da resist\u00eancia negra. Este dia simboliza o reconhecimento das&nbsp;contribui\u00e7\u00f5es dos afro-brasileiros&nbsp;para a sociedade, bem como o compromisso com a&nbsp;igualdade racial&nbsp;no pa\u00eds. Por que o Dia da Consci\u00eancia Negra \u00e9 t\u00e3o importante? O&nbsp;Dia da Consci\u00eancia Negra&nbsp;\u00e9 crucial [&hellip;]<\/p>\n","protected":false},"author":11,"featured_media":0,"comment_status":"open","ping_status":"open","sticky":false,"template":"","format":"standard","meta":{"jnews-multi-image_gallery":[],"jnews_single_post":{"format":"standard"},"jnews_primary_category":[],"jnews_social_meta":[],"jnews_override_counter":[],"footnotes":""},"categories":[1],"tags":[],"class_list":["post-84873","post","type-post","status-publish","format-standard","hentry","category-noticias"],"yoast_head":"<!-- This site is optimized with the Yoast SEO plugin v23.8 - https:\/\/yoast.com\/wordpress\/plugins\/seo\/ -->\n<title>Cai na quinta o Feriado Nacional aprovado pelo governo - Estado de Minas - Em foco<\/title>\n<meta name=\"robots\" content=\"index, follow, max-snippet:-1, max-image-preview:large, max-video-preview:-1\" \/>\n<link rel=\"canonical\" href=\"https:\/\/www.em.com.br\/emfoco\/2025\/08\/01\/cai-na-quinta-o-feriado-nacional-aprovado-pelo-governo\/\" \/>\n<meta property=\"og:locale\" content=\"pt_BR\" \/>\n<meta property=\"og:type\" content=\"article\" \/>\n<meta property=\"og:title\" content=\"Cai na quinta o Feriado Nacional aprovado pelo governo - Estado de Minas - Em foco\" \/>\n<meta property=\"og:description\" content=\"O&nbsp;Dia da Consci\u00eancia Negra, celebrado em&nbsp;20 de novembro, agora \u00e9 um&nbsp;feriado nacional&nbsp;no&nbsp;Brasil, uma homenagem a&nbsp;Zumbi dos Palmares&nbsp;e outros her\u00f3is da resist\u00eancia negra. Este dia simboliza o reconhecimento das&nbsp;contribui\u00e7\u00f5es dos afro-brasileiros&nbsp;para a sociedade, bem como o compromisso com a&nbsp;igualdade racial&nbsp;no pa\u00eds. Por que o Dia da Consci\u00eancia Negra \u00e9 t\u00e3o importante? O&nbsp;Dia da Consci\u00eancia Negra&nbsp;\u00e9 crucial [&hellip;]\" \/>\n<meta property=\"og:url\" content=\"https:\/\/www.em.com.br\/emfoco\/2025\/08\/01\/cai-na-quinta-o-feriado-nacional-aprovado-pelo-governo\/\" \/>\n<meta property=\"og:site_name\" content=\"Estado de Minas - Em foco\" \/>\n<meta property=\"article:published_time\" content=\"2025-08-01T11:20:00+00:00\" \/>\n<meta property=\"article:modified_time\" content=\"2025-08-01T01:21:01+00:00\" \/>\n<meta name=\"author\" content=\"Andre\u0301 Rangel\u00a0\" \/>\n<meta name=\"twitter:card\" content=\"summary_large_image\" \/>\n<meta name=\"twitter:label1\" content=\"Escrito por\" \/>\n\t<meta name=\"twitter:data1\" content=\"Andre\u0301 Rangel\u00a0\" \/>\n\t<meta name=\"twitter:label2\" content=\"Est. tempo de leitura\" \/>\n\t<meta name=\"twitter:data2\" content=\"3 minutos\" \/>\n<!-- \/ Yoast SEO plugin. -->","yoast_head_json":{"title":"Cai na quinta o Feriado Nacional aprovado pelo governo - Estado de Minas - Em foco","robots":{"index":"index","follow":"follow","max-snippet":"max-snippet:-1","max-image-preview":"max-image-preview:large","max-video-preview":"max-video-preview:-1"},"canonical":"https:\/\/www.em.com.br\/emfoco\/2025\/08\/01\/cai-na-quinta-o-feriado-nacional-aprovado-pelo-governo\/","og_locale":"pt_BR","og_type":"article","og_title":"Cai na quinta o Feriado Nacional aprovado pelo governo - Estado de Minas - Em foco","og_description":"O&nbsp;Dia da Consci\u00eancia Negra, celebrado em&nbsp;20 de novembro, agora \u00e9 um&nbsp;feriado nacional&nbsp;no&nbsp;Brasil, uma homenagem a&nbsp;Zumbi dos Palmares&nbsp;e outros her\u00f3is da resist\u00eancia negra. Este dia simboliza o reconhecimento das&nbsp;contribui\u00e7\u00f5es dos afro-brasileiros&nbsp;para a sociedade, bem como o compromisso com a&nbsp;igualdade racial&nbsp;no pa\u00eds. Por que o Dia da Consci\u00eancia Negra \u00e9 t\u00e3o importante? O&nbsp;Dia da Consci\u00eancia Negra&nbsp;\u00e9 crucial [&hellip;]","og_url":"https:\/\/www.em.com.br\/emfoco\/2025\/08\/01\/cai-na-quinta-o-feriado-nacional-aprovado-pelo-governo\/","og_site_name":"Estado de Minas - Em foco","article_published_time":"2025-08-01T11:20:00+00:00","article_modified_time":"2025-08-01T01:21:01+00:00","author":"Andre\u0301 Rangel\u00a0","twitter_card":"summary_large_image","twitter_misc":{"Escrito por":"Andre\u0301 Rangel\u00a0","Est. tempo de leitura":"3 minutos"},"schema":{"@context":"https:\/\/schema.org","@graph":[{"@type":"WebPage","@id":"https:\/\/www.em.com.br\/emfoco\/2025\/08\/01\/cai-na-quinta-o-feriado-nacional-aprovado-pelo-governo\/","url":"https:\/\/www.em.com.br\/emfoco\/2025\/08\/01\/cai-na-quinta-o-feriado-nacional-aprovado-pelo-governo\/","name":"Cai na quinta o Feriado Nacional aprovado pelo governo - Estado de Minas - Em foco","isPartOf":{"@id":"https:\/\/www.em.com.br\/emfoco\/#website"},"datePublished":"2025-08-01T11:20:00+00:00","dateModified":"2025-08-01T01:21:01+00:00","author":{"@id":"https:\/\/www.em.com.br\/emfoco\/#\/schema\/person\/60eda09c1fedf0d6891f4cef4b60b8b8"},"breadcrumb":{"@id":"https:\/\/www.em.com.br\/emfoco\/2025\/08\/01\/cai-na-quinta-o-feriado-nacional-aprovado-pelo-governo\/#breadcrumb"},"inLanguage":"pt-BR","potentialAction":[{"@type":"ReadAction","target":["https:\/\/www.em.com.br\/emfoco\/2025\/08\/01\/cai-na-quinta-o-feriado-nacional-aprovado-pelo-governo\/"]}]},{"@type":"BreadcrumbList","@id":"https:\/\/www.em.com.br\/emfoco\/2025\/08\/01\/cai-na-quinta-o-feriado-nacional-aprovado-pelo-governo\/#breadcrumb","itemListElement":[{"@type":"ListItem","position":1,"name":"In\u00edcio","item":"https:\/\/www.em.com.br\/emfoco\/"},{"@type":"ListItem","position":2,"name":"Cai na quinta o Feriado Nacional aprovado pelo governo"}]},{"@type":"WebSite","@id":"https:\/\/www.em.com.br\/emfoco\/#website","url":"https:\/\/www.em.com.br\/emfoco\/","name":"Estado de Minas - Em foco","description":"Acompanhe as \u00faltimas not\u00edcias e fique bem informado sobre tudo o que acontece em Minas Gerais, Brasil e no mundo.","potentialAction":[{"@type":"SearchAction","target":{"@type":"EntryPoint","urlTemplate":"https:\/\/www.em.com.br\/emfoco\/?s={search_term_string}"},"query-input":{"@type":"PropertyValueSpecification","valueRequired":true,"valueName":"search_term_string"}}],"inLanguage":"pt-BR"},{"@type":"Person","@id":"https:\/\/www.em.com.br\/emfoco\/#\/schema\/person\/60eda09c1fedf0d6891f4cef4b60b8b8","name":"Andre\u0301 Rangel\u00a0","image":{"@type":"ImageObject","inLanguage":"pt-BR","@id":"https:\/\/www.em.com.br\/emfoco\/#\/schema\/person\/image\/","url":"https:\/\/secure.gravatar.com\/avatar\/6234dc814c77c8ef6d8bba622c787efc?s=96&d=mm&r=g","contentUrl":"https:\/\/secure.gravatar.com\/avatar\/6234dc814c77c8ef6d8bba622c787efc?s=96&d=mm&r=g","caption":"Andre\u0301 Rangel\u00a0"},"url":"https:\/\/www.em.com.br\/emfoco\/author\/luizmyth\/"}]}},"_links":{"self":[{"href":"https:\/\/www.em.com.br\/emfoco\/wp-json\/wp\/v2\/posts\/84873","targetHints":{"allow":["GET"]}}],"collection":[{"href":"https:\/\/www.em.com.br\/emfoco\/wp-json\/wp\/v2\/posts"}],"about":[{"href":"https:\/\/www.em.com.br\/emfoco\/wp-json\/wp\/v2\/types\/post"}],"author":[{"embeddable":true,"href":"https:\/\/www.em.com.br\/emfoco\/wp-json\/wp\/v2\/users\/11"}],"replies":[{"embeddable":true,"href":"https:\/\/www.em.com.br\/emfoco\/wp-json\/wp\/v2\/comments?post=84873"}],"version-history":[{"count":2,"href":"https:\/\/www.em.com.br\/emfoco\/wp-json\/wp\/v2\/posts\/84873\/revisions"}],"predecessor-version":[{"id":91449,"href":"https:\/\/www.em.com.br\/emfoco\/wp-json\/wp\/v2\/posts\/84873\/revisions\/91449"}],"wp:attachment":[{"href":"https:\/\/www.em.com.br\/emfoco\/wp-json\/wp\/v2\/media?parent=84873"}],"wp:term":[{"taxonomy":"category","embeddable":true,"href":"https:\/\/www.em.com.br\/emfoco\/wp-json\/wp\/v2\/categories?post=84873"},{"taxonomy":"post_tag","embeddable":true,"href":"https:\/\/www.em.com.br\/emfoco\/wp-json\/wp\/v2\/tags?post=84873"}],"curies":[{"name":"wp","href":"https:\/\/api.w.org\/{rel}","templated":true}]}}