{"id":84872,"date":"2025-08-02T08:38:00","date_gmt":"2025-08-02T11:38:00","guid":{"rendered":"https:\/\/www.em.com.br\/emfoco\/?p=84872"},"modified":"2025-07-31T22:04:25","modified_gmt":"2025-08-01T01:04:25","slug":"o-adeus-silencioso-as-tradicoes-brasileiras-que-marcaram-geracoes","status":"publish","type":"post","link":"https:\/\/www.em.com.br\/emfoco\/2025\/08\/02\/o-adeus-silencioso-as-tradicoes-brasileiras-que-marcaram-geracoes\/","title":{"rendered":"O adeus silencioso \u00e0s tradi\u00e7\u00f5es brasileiras que marcaram gera\u00e7\u00f5es"},"content":{"rendered":"\n<p>As <strong><a href=\"https:\/\/www.em.com.br\/emfoco\/2025\/01\/17\/qual-e-o-segredo-da-longevidade-das-tradicoes-gauchas\/\" target=\"_blank\" rel=\"noreferrer noopener\">tradi\u00e7\u00f5es brasileiras<\/a><\/strong> v\u00eam se transformando ao longo dos anos, com algumas pr\u00e1ticas culturais desaparecendo lentamente. Descubra quais <a href=\"https:\/\/www.gov.br\/turismo\/pt-br\/assuntos\/noticias\/corpus-christi-movimenta-turismo-impulsiona-economia-e-valoriza-tradicoes-brasileiras\" target=\"_blank\" rel=\"noreferrer noopener\">tradi\u00e7\u00f5es<\/a> est\u00e3o sendo menos praticadas e por que isso est\u00e1 acontecendo.<\/p>\n\n\n\n<ul class=\"wp-block-list\">\n<li>A import\u00e2ncia das festas populares na cultura brasileira<\/li>\n\n\n\n<li>Como a moderniza\u00e7\u00e3o afeta as tradi\u00e7\u00f5es culturais<\/li>\n\n\n\n<li>Tradi\u00e7\u00f5es que ainda resistem e se reinventam<\/li>\n<\/ul>\n\n\n\n<h2 class=\"wp-block-heading\">Quais s\u00e3o as festas populares em risco de extin\u00e7\u00e3o?<\/h2>\n\n\n\n<p>No <strong>Brasil<\/strong>, festas populares como <strong>Festa do Divino<\/strong> e <strong>Bumba-meu-boi<\/strong> est\u00e3o se tornando menos frequentes. As novas gera\u00e7\u00f5es participam menos desses eventos, o que contribui para seu desaparecimento.<\/p>\n\n\n\n<p>Essas festividades, extremamente ricas em tradi\u00e7\u00f5es locais, veem-se desvalorizadas pela predomin\u00e2ncia de novas formas de entretenimento mais globalizadas. Por exemplo, em cidades como <strong>S\u00e3o Paulo<\/strong> e <strong>Rio de Janeiro<\/strong>, nota-se uma substitui\u00e7\u00e3o gradual dessas festas por eventos empresariais ou celebra\u00e7\u00f5es influenciadas por culturas estrangeiras.<\/p>\n\n\n\n<h2 class=\"wp-block-heading\">Impactos da moderniza\u00e7\u00e3o nas tradi\u00e7\u00f5es culturais<\/h2>\n\n\n\n<p>A <strong>moderniza\u00e7\u00e3o<\/strong> e a tecnologia est\u00e3o mudando a forma como as culturas tradicionais s\u00e3o mantidas. Com o crescimento urbano e digital, pr\u00e1ticas antigas s\u00e3o deixadas de lado em prol da conveni\u00eancia e efici\u00eancia.<\/p>\n\n\n\n<p>Entretanto, algumas regi\u00f5es tentam integrar tecnologias modernas para preservar essas tradi\u00e7\u00f5es atrav\u00e9s de documenta\u00e7\u00f5es digitais e eventos online transmitidos em plataformas como <strong>Youtube<\/strong> e <strong>Facebook<\/strong>. Por exemplo, transmiss\u00f5es ao vivo de festas regionais v\u00eam atraindo um novo p\u00fablico pela internet.<\/p>\n\n\n\n<figure class=\"wp-block-image size-large\"><img loading=\"lazy\" decoding=\"async\" width=\"1024\" height=\"576\" src=\"https:\/\/www.em.com.br\/emfoco\/wp-content\/uploads\/2025\/07\/Bumba-meu-boi_1754009986145-1024x576.jpg\" alt=\"O adeus silencioso \u00e0s tradi\u00e7\u00f5es brasileiras que marcaram gera\u00e7\u00f5es\" class=\"wp-image-84878\" srcset=\"https:\/\/www.em.com.br\/emfoco\/wp-content\/uploads\/2025\/07\/Bumba-meu-boi_1754009986145-1024x576.jpg 1024w, https:\/\/www.em.com.br\/emfoco\/wp-content\/uploads\/2025\/07\/Bumba-meu-boi_1754009986145-300x169.jpg 300w, https:\/\/www.em.com.br\/emfoco\/wp-content\/uploads\/2025\/07\/Bumba-meu-boi_1754009986145-768x432.jpg 768w, https:\/\/www.em.com.br\/emfoco\/wp-content\/uploads\/2025\/07\/Bumba-meu-boi_1754009986145-750x422.jpg 750w, https:\/\/www.em.com.br\/emfoco\/wp-content\/uploads\/2025\/07\/Bumba-meu-boi_1754009986145-1140x641.jpg 1140w, https:\/\/www.em.com.br\/emfoco\/wp-content\/uploads\/2025\/07\/Bumba-meu-boi_1754009986145.jpg 1280w\" sizes=\"auto, (max-width: 1024px) 100vw, 1024px\" \/><figcaption class=\"wp-element-caption\">Apresenta\u00e7\u00e3o do Bumba-meu-boi &#8211; Cr\u00e9ditos: depositphotos.com \/ joasouza<\/figcaption><\/figure>\n\n\n\n<h2 class=\"wp-block-heading\">Como as tradi\u00e7\u00f5es ainda conseguem se reinventar?<\/h2>\n\n\n\n<p>Muitas tradi\u00e7\u00f5es brasileiras buscam <strong>relev\u00e2ncia<\/strong> em tempos modernos reinventando-se. A capoeira, por exemplo, al\u00e9m do aspecto cultural, \u00e9 adaptada como pr\u00e1tica esportiva e fitness.<\/p>\n\n\n\n<p>Outras tradi\u00e7\u00f5es, como o artesanato, ganham novos p\u00fablicos gra\u00e7as ao mercado virtual, provando que a adapta\u00e7\u00e3o \u00e9 poss\u00edvel sem perder a ess\u00eancia. Plataformas como <strong>Etsy<\/strong> e o <strong>Instagram<\/strong> t\u00eam apoiado artes\u00e3os brasileiros na divulga\u00e7\u00e3o e venda de seus produtos para o mundo inteiro.<\/p>\n\n\n\n<p>Leia tamb\u00e9m: <a href=\"https:\/\/www.em.com.br\/emfoco\/2025\/07\/28\/as-tradicoes-pouco-conhecidas-que-revelam-o-coracao-cultural-de-minas-gerais\/\" target=\"_blank\" rel=\"noreferrer noopener\">As tradi\u00e7\u00f5es pouco conhecidas que revelam o cora\u00e7\u00e3o cultural de Minas Gerais<\/a><\/p>\n\n\n\n<h2 class=\"wp-block-heading\">Tradi\u00e7\u00f5es que simbolizam resist\u00eancia cultural<\/h2>\n\n\n\n<p>Existem tradi\u00e7\u00f5es que permanecem fortes e simbolizam a <strong>resist\u00eancia cultural<\/strong> brasileira, como as festas juninas e o carnaval, que mesmo com mudan\u00e7as, continuam atraindo milhares de participantes.<\/p>\n\n\n\n<p>Essas festividades conseguem integrar novos elementos sem perder os tra\u00e7os culturais que as originaram, mostrando a resili\u00eancia da cultura brasileira. O forte envolvimento de cidades como <strong>Campina Grande<\/strong>, famosa pelo \u201cMaior S\u00e3o Jo\u00e3o do Mundo\u201d, e <strong>Salvador<\/strong> com seus tradicionais blocos de rua, s\u00e3o exemplos claros desse fen\u00f4meno.<\/p>\n\n\n\n<h2 class=\"wp-block-heading\">A necessidade de preservar tradi\u00e7\u00f5es culturais<\/h2>\n\n\n\n<ul class=\"wp-block-list\">\n<li>A transforma\u00e7\u00e3o cultural \u00e9 inevit\u00e1vel, mas a preserva\u00e7\u00e3o de tradi\u00e7\u00f5es \u00e9 essencial para a identidade nacional.<\/li>\n\n\n\n<li>Projetos educacionais podem despertar interesse em gera\u00e7\u00f5es mais jovens, como o Programa Nacional do Patrim\u00f4nio Imaterial do <strong>Iphan<\/strong>, dedicado \u00e0 valoriza\u00e7\u00e3o dessas pr\u00e1ticas.<\/li>\n\n\n\n<li>Intera\u00e7\u00f5es digitais e f\u00edsicas devem coexistir para uma heran\u00e7a cultural duradoura.<\/li>\n<\/ul>\n\n\n\n<p><strong>Dica r\u00e1pida:<\/strong> Engaje-se em a\u00e7\u00f5es locais que promovem essas tradi\u00e7\u00f5es e incentive a juventude a participar, garantindo a continuidade cultural.<\/p>\n","protected":false},"excerpt":{"rendered":"<p>As tradi\u00e7\u00f5es brasileiras v\u00eam se transformando ao longo dos anos, com algumas pr\u00e1ticas culturais desaparecendo lentamente. Descubra quais tradi\u00e7\u00f5es est\u00e3o sendo menos praticadas e por que isso est\u00e1 acontecendo. Quais s\u00e3o as festas populares em risco de extin\u00e7\u00e3o? No Brasil, festas populares como Festa do Divino e Bumba-meu-boi est\u00e3o se tornando menos frequentes. As novas [&hellip;]<\/p>\n","protected":false},"author":18,"featured_media":84877,"comment_status":"open","ping_status":"open","sticky":false,"template":"","format":"standard","meta":{"jnews-multi-image_gallery":[],"jnews_single_post":{"format":"standard"},"jnews_primary_category":[],"jnews_social_meta":[],"jnews_override_counter":[],"footnotes":""},"categories":[8819],"tags":[158,237,1283,13193],"class_list":["post-84872","post","type-post","status-publish","format-standard","has-post-thumbnail","hentry","category-curiosidades","tag-brasil","tag-historia","tag-tradicoes","tag-tradicoes-brasileiras"],"yoast_head":"<!-- This site is optimized with the Yoast SEO plugin v23.8 - https:\/\/yoast.com\/wordpress\/plugins\/seo\/ -->\n<title>O adeus silencioso \u00e0s tradi\u00e7\u00f5es brasileiras que marcaram gera\u00e7\u00f5es - Estado de Minas - Em foco<\/title>\n<meta name=\"description\" content=\"Tradi\u00e7\u00f5es brasileiras est\u00e3o desaparecendo em sil\u00eancio. Veja por que isso est\u00e1 acontecendo e o que ainda pode ser feito para preservar nossa cultura.\" \/>\n<meta name=\"robots\" content=\"index, follow, max-snippet:-1, max-image-preview:large, max-video-preview:-1\" \/>\n<link rel=\"canonical\" href=\"https:\/\/www.em.com.br\/emfoco\/2025\/08\/02\/o-adeus-silencioso-as-tradicoes-brasileiras-que-marcaram-geracoes\/\" \/>\n<meta property=\"og:locale\" content=\"pt_BR\" \/>\n<meta property=\"og:type\" content=\"article\" \/>\n<meta property=\"og:title\" content=\"O adeus silencioso \u00e0s tradi\u00e7\u00f5es brasileiras que marcaram gera\u00e7\u00f5es - Estado de Minas - Em foco\" \/>\n<meta property=\"og:description\" content=\"Tradi\u00e7\u00f5es brasileiras est\u00e3o desaparecendo em sil\u00eancio. Veja por que isso est\u00e1 acontecendo e o que ainda pode ser feito para preservar nossa cultura.\" \/>\n<meta property=\"og:url\" content=\"https:\/\/www.em.com.br\/emfoco\/2025\/08\/02\/o-adeus-silencioso-as-tradicoes-brasileiras-que-marcaram-geracoes\/\" \/>\n<meta property=\"og:site_name\" content=\"Estado de Minas - Em foco\" \/>\n<meta property=\"article:published_time\" content=\"2025-08-02T11:38:00+00:00\" \/>\n<meta property=\"article:modified_time\" content=\"2025-08-01T01:04:25+00:00\" \/>\n<meta property=\"og:image\" content=\"https:\/\/www.em.com.br\/emfoco\/wp-content\/uploads\/2025\/07\/Festa-do-Divino_1754009923973.jpg\" \/>\n\t<meta property=\"og:image:width\" content=\"1280\" \/>\n\t<meta property=\"og:image:height\" content=\"720\" \/>\n\t<meta property=\"og:image:type\" content=\"image\/jpeg\" \/>\n<meta name=\"author\" content=\"Julio Cesar\" \/>\n<meta name=\"twitter:card\" content=\"summary_large_image\" \/>\n<meta name=\"twitter:label1\" content=\"Escrito por\" \/>\n\t<meta name=\"twitter:data1\" content=\"Julio Cesar\" \/>\n\t<meta name=\"twitter:label2\" content=\"Est. tempo de leitura\" \/>\n\t<meta name=\"twitter:data2\" content=\"3 minutos\" \/>\n<!-- \/ Yoast SEO plugin. -->","yoast_head_json":{"title":"O adeus silencioso \u00e0s tradi\u00e7\u00f5es brasileiras que marcaram gera\u00e7\u00f5es - Estado de Minas - Em foco","description":"Tradi\u00e7\u00f5es brasileiras est\u00e3o desaparecendo em sil\u00eancio. Veja por que isso est\u00e1 acontecendo e o que ainda pode ser feito para preservar nossa cultura.","robots":{"index":"index","follow":"follow","max-snippet":"max-snippet:-1","max-image-preview":"max-image-preview:large","max-video-preview":"max-video-preview:-1"},"canonical":"https:\/\/www.em.com.br\/emfoco\/2025\/08\/02\/o-adeus-silencioso-as-tradicoes-brasileiras-que-marcaram-geracoes\/","og_locale":"pt_BR","og_type":"article","og_title":"O adeus silencioso \u00e0s tradi\u00e7\u00f5es brasileiras que marcaram gera\u00e7\u00f5es - Estado de Minas - Em foco","og_description":"Tradi\u00e7\u00f5es brasileiras est\u00e3o desaparecendo em sil\u00eancio. Veja por que isso est\u00e1 acontecendo e o que ainda pode ser feito para preservar nossa cultura.","og_url":"https:\/\/www.em.com.br\/emfoco\/2025\/08\/02\/o-adeus-silencioso-as-tradicoes-brasileiras-que-marcaram-geracoes\/","og_site_name":"Estado de Minas - Em foco","article_published_time":"2025-08-02T11:38:00+00:00","article_modified_time":"2025-08-01T01:04:25+00:00","og_image":[{"width":1280,"height":720,"url":"https:\/\/www.em.com.br\/emfoco\/wp-content\/uploads\/2025\/07\/Festa-do-Divino_1754009923973.jpg","type":"image\/jpeg"}],"author":"Julio Cesar","twitter_card":"summary_large_image","twitter_misc":{"Escrito por":"Julio Cesar","Est. tempo de leitura":"3 minutos"},"schema":{"@context":"https:\/\/schema.org","@graph":[{"@type":"WebPage","@id":"https:\/\/www.em.com.br\/emfoco\/2025\/08\/02\/o-adeus-silencioso-as-tradicoes-brasileiras-que-marcaram-geracoes\/","url":"https:\/\/www.em.com.br\/emfoco\/2025\/08\/02\/o-adeus-silencioso-as-tradicoes-brasileiras-que-marcaram-geracoes\/","name":"O adeus silencioso \u00e0s tradi\u00e7\u00f5es brasileiras que marcaram gera\u00e7\u00f5es - Estado de Minas - Em foco","isPartOf":{"@id":"https:\/\/www.em.com.br\/emfoco\/#website"},"primaryImageOfPage":{"@id":"https:\/\/www.em.com.br\/emfoco\/2025\/08\/02\/o-adeus-silencioso-as-tradicoes-brasileiras-que-marcaram-geracoes\/#primaryimage"},"image":{"@id":"https:\/\/www.em.com.br\/emfoco\/2025\/08\/02\/o-adeus-silencioso-as-tradicoes-brasileiras-que-marcaram-geracoes\/#primaryimage"},"thumbnailUrl":"https:\/\/www.em.com.br\/emfoco\/wp-content\/uploads\/2025\/07\/Festa-do-Divino_1754009923973.jpg","datePublished":"2025-08-02T11:38:00+00:00","dateModified":"2025-08-01T01:04:25+00:00","author":{"@id":"https:\/\/www.em.com.br\/emfoco\/#\/schema\/person\/08c4a03e38018bbab9038d5f788321fc"},"description":"Tradi\u00e7\u00f5es brasileiras est\u00e3o desaparecendo em sil\u00eancio. Veja por que isso est\u00e1 acontecendo e o que ainda pode ser feito para preservar nossa cultura.","breadcrumb":{"@id":"https:\/\/www.em.com.br\/emfoco\/2025\/08\/02\/o-adeus-silencioso-as-tradicoes-brasileiras-que-marcaram-geracoes\/#breadcrumb"},"inLanguage":"pt-BR","potentialAction":[{"@type":"ReadAction","target":["https:\/\/www.em.com.br\/emfoco\/2025\/08\/02\/o-adeus-silencioso-as-tradicoes-brasileiras-que-marcaram-geracoes\/"]}]},{"@type":"ImageObject","inLanguage":"pt-BR","@id":"https:\/\/www.em.com.br\/emfoco\/2025\/08\/02\/o-adeus-silencioso-as-tradicoes-brasileiras-que-marcaram-geracoes\/#primaryimage","url":"https:\/\/www.em.com.br\/emfoco\/wp-content\/uploads\/2025\/07\/Festa-do-Divino_1754009923973.jpg","contentUrl":"https:\/\/www.em.com.br\/emfoco\/wp-content\/uploads\/2025\/07\/Festa-do-Divino_1754009923973.jpg","width":1280,"height":720,"caption":"Celebra\u00e7\u00e3o do Divino - Cr\u00e9ditos: depositphotos.com \/ dimaberkut"},{"@type":"BreadcrumbList","@id":"https:\/\/www.em.com.br\/emfoco\/2025\/08\/02\/o-adeus-silencioso-as-tradicoes-brasileiras-que-marcaram-geracoes\/#breadcrumb","itemListElement":[{"@type":"ListItem","position":1,"name":"In\u00edcio","item":"https:\/\/www.em.com.br\/emfoco\/"},{"@type":"ListItem","position":2,"name":"O adeus silencioso \u00e0s tradi\u00e7\u00f5es brasileiras que marcaram gera\u00e7\u00f5es"}]},{"@type":"WebSite","@id":"https:\/\/www.em.com.br\/emfoco\/#website","url":"https:\/\/www.em.com.br\/emfoco\/","name":"Estado de Minas - Em foco","description":"Acompanhe as \u00faltimas not\u00edcias e fique bem informado sobre tudo o que acontece em Minas Gerais, Brasil e no mundo.","potentialAction":[{"@type":"SearchAction","target":{"@type":"EntryPoint","urlTemplate":"https:\/\/www.em.com.br\/emfoco\/?s={search_term_string}"},"query-input":{"@type":"PropertyValueSpecification","valueRequired":true,"valueName":"search_term_string"}}],"inLanguage":"pt-BR"},{"@type":"Person","@id":"https:\/\/www.em.com.br\/emfoco\/#\/schema\/person\/08c4a03e38018bbab9038d5f788321fc","name":"Julio Cesar","image":{"@type":"ImageObject","inLanguage":"pt-BR","@id":"https:\/\/www.em.com.br\/emfoco\/#\/schema\/person\/image\/","url":"https:\/\/secure.gravatar.com\/avatar\/ab1ea64f0d4f4c1385f8ef10d5a6e758?s=96&d=mm&r=g","contentUrl":"https:\/\/secure.gravatar.com\/avatar\/ab1ea64f0d4f4c1385f8ef10d5a6e758?s=96&d=mm&r=g","caption":"Julio Cesar"},"url":"https:\/\/www.em.com.br\/emfoco\/author\/juliomyth\/"}]}},"_links":{"self":[{"href":"https:\/\/www.em.com.br\/emfoco\/wp-json\/wp\/v2\/posts\/84872","targetHints":{"allow":["GET"]}}],"collection":[{"href":"https:\/\/www.em.com.br\/emfoco\/wp-json\/wp\/v2\/posts"}],"about":[{"href":"https:\/\/www.em.com.br\/emfoco\/wp-json\/wp\/v2\/types\/post"}],"author":[{"embeddable":true,"href":"https:\/\/www.em.com.br\/emfoco\/wp-json\/wp\/v2\/users\/18"}],"replies":[{"embeddable":true,"href":"https:\/\/www.em.com.br\/emfoco\/wp-json\/wp\/v2\/comments?post=84872"}],"version-history":[{"count":2,"href":"https:\/\/www.em.com.br\/emfoco\/wp-json\/wp\/v2\/posts\/84872\/revisions"}],"predecessor-version":[{"id":84880,"href":"https:\/\/www.em.com.br\/emfoco\/wp-json\/wp\/v2\/posts\/84872\/revisions\/84880"}],"wp:featuredmedia":[{"embeddable":true,"href":"https:\/\/www.em.com.br\/emfoco\/wp-json\/wp\/v2\/media\/84877"}],"wp:attachment":[{"href":"https:\/\/www.em.com.br\/emfoco\/wp-json\/wp\/v2\/media?parent=84872"}],"wp:term":[{"taxonomy":"category","embeddable":true,"href":"https:\/\/www.em.com.br\/emfoco\/wp-json\/wp\/v2\/categories?post=84872"},{"taxonomy":"post_tag","embeddable":true,"href":"https:\/\/www.em.com.br\/emfoco\/wp-json\/wp\/v2\/tags?post=84872"}],"curies":[{"name":"wp","href":"https:\/\/api.w.org\/{rel}","templated":true}]}}