{"id":84741,"date":"2025-07-31T22:50:00","date_gmt":"2025-08-01T01:50:00","guid":{"rendered":"https:\/\/www.em.com.br\/emfoco\/?p=84741"},"modified":"2025-07-31T23:26:22","modified_gmt":"2025-08-01T02:26:22","slug":"natalia-psicologa-clinica-psicologo-e-psiquiatra-nao-fazem-a-mesma-coisa-entenda-por-que-isso-importa","status":"publish","type":"post","link":"https:\/\/www.em.com.br\/emfoco\/2025\/07\/31\/natalia-psicologa-clinica-psicologo-e-psiquiatra-nao-fazem-a-mesma-coisa-entenda-por-que-isso-importa\/","title":{"rendered":"Nat\u00e1lia, Psic\u00f3loga Cl\u00ednica: \u201cPsic\u00f3logo e psiquiatra n\u00e3o fazem a mesma coisa. Entenda por qu\u00ea isso importa\u201d"},"content":{"rendered":"\n<p>A diferen\u00e7a entre psic\u00f3logo e psiquiatra \u00e9 um tema que gera confus\u00e3o at\u00e9 mesmo entre pacientes que j\u00e1 est\u00e3o em acompanhamento terap\u00eautico. Segundo a psic\u00f3loga cl\u00ednica Nat\u00e1lia (@psi.natalia), compreender essa diferen\u00e7a \u00e9 essencial para saber qual profissional buscar em cada momento da vida. Ela esclarece, de forma acess\u00edvel e sem jarg\u00f5es, como as duas profiss\u00f5es atuam de forma complementar no cuidado com a sa\u00fade mental.<\/p>\n\n\n\n<p>Nat\u00e1lia \u00e9 formada em psicologia, com gradua\u00e7\u00e3o de cinco anos e est\u00e1gios obrigat\u00f3rios. Como psic\u00f3loga, ela est\u00e1 registrada no Conselho Federal de Psicologia (CFP). J\u00e1 a psiquiatra \u00e9 uma m\u00e9dica especializada, com forma\u00e7\u00e3o em medicina e resid\u00eancia m\u00e9dica em psiquiatria, sendo registrada no Conselho Federal de Medicina (CFM).<\/p>\n\n\n\n<h2 class=\"wp-block-heading\">Qual a diferen\u00e7a entre psic\u00f3logo e psiquiatra?<\/h2>\n\n\n\n<p>A principal diferen\u00e7a est\u00e1 na forma\u00e7\u00e3o e abordagem. O psic\u00f3logo se forma em psicologia e atua principalmente com psicoterapia, um acompanhamento verbal, regular e focado em promover autoconhecimento, manejo de sintomas, comportamentos e emo\u00e7\u00f5es. As sess\u00f5es costumam ser semanais e duram em torno de 50 minutos.<\/p>\n\n\n\n<p>O psiquiatra \u00e9 um m\u00e9dico formado em medicina com especializa\u00e7\u00e3o em psiquiatria. Sua atua\u00e7\u00e3o \u00e9 voltada ao tratamento farmacol\u00f3gico de transtornos mentais. As consultas s\u00e3o geralmente mensais e objetivam avaliar sintomas, ajustar medica\u00e7\u00f5es e monitorar efeitos colaterais. Em casos mais graves, essa abordagem pode ser vital para estabilizar o paciente.<\/p>\n\n\n\n<h2 class=\"wp-block-heading\">Psic\u00f3logo pode receitar rem\u00e9dios?<\/h2>\n\n\n\n<p>N\u00e3o. Psic\u00f3logos n\u00e3o t\u00eam forma\u00e7\u00e3o m\u00e9dica e, portanto, n\u00e3o est\u00e3o autorizados a prescrever medicamentos. Essa compet\u00eancia \u00e9 exclusiva de m\u00e9dicos, incluindo os psiquiatras. A psicoterapia n\u00e3o envolve f\u00e1rmacos, mas sim o uso da escuta qualificada, da linguagem e de t\u00e9cnicas psicol\u00f3gicas baseadas em teorias cient\u00edficas.<\/p>\n\n\n\n<p>Em contrapartida, a psiquiatra pode sim prescrever rem\u00e9dios e muitas vezes \u00e9 procurada quando os sintomas se tornam incapacitantes ou h\u00e1 suspeita de transtornos mentais como depress\u00e3o, transtorno bipolar, TDAH ou esquizofrenia.<\/p>\n\n\n\n<h2 class=\"wp-block-heading\">Psic\u00f3logo e psiquiatra podem trabalhar juntos?<\/h2>\n\n\n\n<p>Sim, e essa \u00e9 a abordagem recomendada em muitos casos. Quando um paciente apresenta sintomas que exigem tanto o acompanhamento psicoter\u00e1pico quanto o uso de medicamentos, a atua\u00e7\u00e3o integrada entre psic\u00f3logo e psiquiatra promove um tratamento mais completo.<\/p>\n\n\n\n<p>Cada profissional traz uma contribui\u00e7\u00e3o espec\u00edfica: enquanto o psiquiatra estabiliza sintomas com medica\u00e7\u00e3o, o psic\u00f3logo ajuda o paciente a lidar com suas quest\u00f5es emocionais, familiares, comportamentais e existenciais. Essa parceria \u00e9 chamada de acompanhamento multidisciplinar.<\/p>\n\n\n\n<h2 class=\"wp-block-heading\">Toda psiquiatra tamb\u00e9m faz psicoterapia?<\/h2>\n\n\n\n<p>N\u00e3o. Embora algumas psiquiatras ofere\u00e7am psicoterapia, isso \u00e9 considerado exce\u00e7\u00e3o. A maioria das consultas psiqui\u00e1tricas s\u00e3o mais curtas e objetivas, voltadas para avalia\u00e7\u00e3o de sintomas e prescri\u00e7\u00e3o de medica\u00e7\u00e3o. A forma\u00e7\u00e3o em psicoterapia requer forma\u00e7\u00e3o adicional.<\/p>\n\n\n<div class=\"wp-block-image\">\n<figure class=\"aligncenter size-large\"><img loading=\"lazy\" decoding=\"async\" width=\"1024\" height=\"576\" src=\"https:\/\/www.em.com.br\/emfoco\/wp-content\/uploads\/2025\/07\/psiquiatra-_1754013991108-1024x576.jpg\" alt=\"\" class=\"wp-image-84908\" srcset=\"https:\/\/www.em.com.br\/emfoco\/wp-content\/uploads\/2025\/07\/psiquiatra-_1754013991108-1024x576.jpg 1024w, https:\/\/www.em.com.br\/emfoco\/wp-content\/uploads\/2025\/07\/psiquiatra-_1754013991108-300x169.jpg 300w, https:\/\/www.em.com.br\/emfoco\/wp-content\/uploads\/2025\/07\/psiquiatra-_1754013991108-768x432.jpg 768w, https:\/\/www.em.com.br\/emfoco\/wp-content\/uploads\/2025\/07\/psiquiatra-_1754013991108-750x422.jpg 750w, https:\/\/www.em.com.br\/emfoco\/wp-content\/uploads\/2025\/07\/psiquiatra-_1754013991108-1140x641.jpg 1140w, https:\/\/www.em.com.br\/emfoco\/wp-content\/uploads\/2025\/07\/psiquiatra-_1754013991108.jpg 1280w\" sizes=\"auto, (max-width: 1024px) 100vw, 1024px\" \/><figcaption class=\"wp-element-caption\">Psiquiatra &#8211; Cr\u00e9ditos: depositphotos.com \/ VitalikRadko<\/figcaption><\/figure><\/div>\n\n\n<p>Portanto, caso o paciente deseje um espa\u00e7o para escuta e reflex\u00e3o semanal, \u00e9 indicado buscar um psic\u00f3logo. A psicoterapia \u00e9 eficaz tanto em casos leves quanto em situa\u00e7\u00f5es mais complexas, podendo complementar ou, em v\u00e1rias situa\u00e7\u00f5es, dispensar o uso de medicamentos.<\/p>\n\n\n\n<h2 class=\"wp-block-heading\">Todo mundo que tem sofrimento emocional precisa de rem\u00e9dio?<\/h2>\n\n\n\n<p>Nem sempre. Muitos casos de ansiedade, estresse, luto, crises de relacionamento ou conflitos internos podem ser tratados apenas com psicoterapia. Segundo o CFP, o acolhimento emocional e o autoconhecimento promovidos pela psicologia t\u00eam efeitos significativos na sa\u00fade mental.<\/p>\n\n\n\n<p>O uso de medicamentos \u00e9 recomendado quando os sintomas prejudicam gravemente o funcionamento do paciente e dificultam o progresso terap\u00eautico. Essa decis\u00e3o deve ser feita em conjunto entre o paciente, a psic\u00f3loga e, se necess\u00e1rio, uma psiquiatra.<\/p>\n\n\n\n<h2 class=\"wp-block-heading\">Qual profissional procurar primeiro?<\/h2>\n\n\n\n<p>Depende da demanda. Se voc\u00ea est\u00e1 passando por um momento dif\u00edcil, sentindo-se ansioso, desmotivado ou com dificuldades emocionais, pode iniciar com um psic\u00f3logo. Ele vai avaliar a necessidade de encaminhamento para um psiquiatra caso perceba que apenas a psicoterapia n\u00e3o ser\u00e1 suficiente.<\/p>\n\n\n\n<p>Se os sintomas forem muito intensos, com preju\u00edzo funcional, ins\u00f4nia grave, crises de p\u00e2nico frequentes ou risco de autoagress\u00e3o, procurar um psiquiatra diretamente pode ser o mais indicado. O importante \u00e9 iniciar o cuidado com sa\u00fade mental e, se preciso, contar com o suporte dos dois profissionais.<\/p>\n\n\n\n<h2 class=\"wp-block-heading\">Psicologia e psiquiatria se completam no cuidado com a mente<\/h2>\n\n\n\n<p>Nat\u00e1lia refor\u00e7a que, apesar das diferen\u00e7as, psic\u00f3logo e psiquiatra n\u00e3o concorrem: eles se complementam. Cada um tem uma forma\u00e7\u00e3o e atua\u00e7\u00e3o espec\u00edfica, e muitas vezes trabalham juntos para oferecer um cuidado mais eficaz ao paciente.<\/p>\n\n\n\n<p>Buscar ajuda profissional \u00e9 um ato de coragem. Entender a fun\u00e7\u00e3o de cada especialista ajuda na tomada de decis\u00e3o e evita frustra\u00e7\u00f5es. Em sa\u00fade mental, a parceria entre escuta, acolhimento e tratamento correto \u00e9 o caminho mais seguro para o bem-estar.<\/p>\n\n\n\n<h2 class=\"wp-block-heading\">Fontes oficiais consultadas<\/h2>\n\n\n\n<ul class=\"wp-block-list\">\n<li>Conselho Federal de Psicologia (CFP): <a href=\"http:\/\/www.cfp.org.br\" target=\"_blank\" rel=\"noreferrer noopener\">www.cfp.org.br<\/a><\/li>\n\n\n\n<li>Conselho Federal de Medicina (CFM): <a href=\"http:\/\/www.portal.cfm.org.br\" target=\"_blank\" rel=\"noreferrer noopener\">www.portal.cfm.org.br<\/a><\/li>\n\n\n\n<li>Minist\u00e9rio da Sa\u00fade: <a href=\"http:\/\/www.gov.br\/saude\" target=\"_blank\" rel=\"noreferrer noopener\">www.gov.br\/saude<\/a><\/li>\n<\/ul>\n","protected":false},"excerpt":{"rendered":"<p>A diferen\u00e7a entre psic\u00f3logo e psiquiatra \u00e9 um tema que gera confus\u00e3o at\u00e9 mesmo entre pacientes que j\u00e1 est\u00e3o em acompanhamento terap\u00eautico. Segundo a psic\u00f3loga cl\u00ednica Nat\u00e1lia (@psi.natalia), compreender essa diferen\u00e7a \u00e9 essencial para saber qual profissional buscar em cada momento da vida. Ela esclarece, de forma acess\u00edvel e sem jarg\u00f5es, como as duas profiss\u00f5es [&hellip;]<\/p>\n","protected":false},"author":17,"featured_media":84910,"comment_status":"open","ping_status":"open","sticky":false,"template":"","format":"standard","meta":{"jnews-multi-image_gallery":[],"jnews_single_post":{"format":"standard"},"jnews_primary_category":[],"jnews_social_meta":[],"jnews_override_counter":[],"footnotes":""},"categories":[9053],"tags":[5155,327,415,410],"class_list":["post-84741","post","type-post","status-publish","format-standard","has-post-thumbnail","hentry","category-saude","tag-psicologia","tag-qualidade-de-vida","tag-saude","tag-saude-mental"],"yoast_head":"<!-- This site is optimized with the Yoast SEO plugin v23.8 - https:\/\/yoast.com\/wordpress\/plugins\/seo\/ -->\n<title>Nat\u00e1lia, Psic\u00f3loga Cl\u00ednica: \u201cPsic\u00f3logo e psiquiatra n\u00e3o fazem a mesma coisa. Entenda por qu\u00ea isso importa\u201d - Estado de Minas - Em foco<\/title>\n<meta name=\"description\" content=\"Psic\u00f3logo ou psiquiatra? Psic\u00f3loga Nat\u00e1lia explica como cada um atua e quando procurar ajuda. Entenda a diferen\u00e7a e evite confus\u00f5es.\" \/>\n<meta name=\"robots\" content=\"index, follow, max-snippet:-1, max-image-preview:large, max-video-preview:-1\" \/>\n<link rel=\"canonical\" href=\"https:\/\/www.em.com.br\/emfoco\/2025\/07\/31\/natalia-psicologa-clinica-psicologo-e-psiquiatra-nao-fazem-a-mesma-coisa-entenda-por-que-isso-importa\/\" \/>\n<meta property=\"og:locale\" content=\"pt_BR\" \/>\n<meta property=\"og:type\" content=\"article\" \/>\n<meta property=\"og:title\" content=\"Nat\u00e1lia, Psic\u00f3loga Cl\u00ednica: \u201cPsic\u00f3logo e psiquiatra n\u00e3o fazem a mesma coisa. Entenda por qu\u00ea isso importa\u201d - Estado de Minas - Em foco\" \/>\n<meta property=\"og:description\" content=\"Psic\u00f3logo ou psiquiatra? Psic\u00f3loga Nat\u00e1lia explica como cada um atua e quando procurar ajuda. Entenda a diferen\u00e7a e evite confus\u00f5es.\" \/>\n<meta property=\"og:url\" content=\"https:\/\/www.em.com.br\/emfoco\/2025\/07\/31\/natalia-psicologa-clinica-psicologo-e-psiquiatra-nao-fazem-a-mesma-coisa-entenda-por-que-isso-importa\/\" \/>\n<meta property=\"og:site_name\" content=\"Estado de Minas - Em foco\" \/>\n<meta property=\"article:published_time\" content=\"2025-08-01T01:50:00+00:00\" \/>\n<meta property=\"article:modified_time\" content=\"2025-08-01T02:26:22+00:00\" \/>\n<meta property=\"og:image\" content=\"https:\/\/www.em.com.br\/emfoco\/wp-content\/uploads\/2025\/07\/mosaico_1754014140172.jpg\" \/>\n\t<meta property=\"og:image:width\" content=\"1280\" \/>\n\t<meta property=\"og:image:height\" content=\"720\" \/>\n\t<meta property=\"og:image:type\" content=\"image\/jpeg\" \/>\n<meta name=\"author\" content=\"Lucas Sampaio\" \/>\n<meta name=\"twitter:card\" content=\"summary_large_image\" \/>\n<meta name=\"twitter:label1\" content=\"Escrito por\" \/>\n\t<meta name=\"twitter:data1\" content=\"Lucas Sampaio\" \/>\n\t<meta name=\"twitter:label2\" content=\"Est. tempo de leitura\" \/>\n\t<meta name=\"twitter:data2\" content=\"5 minutos\" \/>\n<!-- \/ Yoast SEO plugin. -->","yoast_head_json":{"title":"Nat\u00e1lia, Psic\u00f3loga Cl\u00ednica: \u201cPsic\u00f3logo e psiquiatra n\u00e3o fazem a mesma coisa. Entenda por qu\u00ea isso importa\u201d - Estado de Minas - Em foco","description":"Psic\u00f3logo ou psiquiatra? Psic\u00f3loga Nat\u00e1lia explica como cada um atua e quando procurar ajuda. Entenda a diferen\u00e7a e evite confus\u00f5es.","robots":{"index":"index","follow":"follow","max-snippet":"max-snippet:-1","max-image-preview":"max-image-preview:large","max-video-preview":"max-video-preview:-1"},"canonical":"https:\/\/www.em.com.br\/emfoco\/2025\/07\/31\/natalia-psicologa-clinica-psicologo-e-psiquiatra-nao-fazem-a-mesma-coisa-entenda-por-que-isso-importa\/","og_locale":"pt_BR","og_type":"article","og_title":"Nat\u00e1lia, Psic\u00f3loga Cl\u00ednica: \u201cPsic\u00f3logo e psiquiatra n\u00e3o fazem a mesma coisa. Entenda por qu\u00ea isso importa\u201d - Estado de Minas - Em foco","og_description":"Psic\u00f3logo ou psiquiatra? Psic\u00f3loga Nat\u00e1lia explica como cada um atua e quando procurar ajuda. Entenda a diferen\u00e7a e evite confus\u00f5es.","og_url":"https:\/\/www.em.com.br\/emfoco\/2025\/07\/31\/natalia-psicologa-clinica-psicologo-e-psiquiatra-nao-fazem-a-mesma-coisa-entenda-por-que-isso-importa\/","og_site_name":"Estado de Minas - Em foco","article_published_time":"2025-08-01T01:50:00+00:00","article_modified_time":"2025-08-01T02:26:22+00:00","og_image":[{"width":1280,"height":720,"url":"https:\/\/www.em.com.br\/emfoco\/wp-content\/uploads\/2025\/07\/mosaico_1754014140172.jpg","type":"image\/jpeg"}],"author":"Lucas Sampaio","twitter_card":"summary_large_image","twitter_misc":{"Escrito por":"Lucas Sampaio","Est. tempo de leitura":"5 minutos"},"schema":{"@context":"https:\/\/schema.org","@graph":[{"@type":"WebPage","@id":"https:\/\/www.em.com.br\/emfoco\/2025\/07\/31\/natalia-psicologa-clinica-psicologo-e-psiquiatra-nao-fazem-a-mesma-coisa-entenda-por-que-isso-importa\/","url":"https:\/\/www.em.com.br\/emfoco\/2025\/07\/31\/natalia-psicologa-clinica-psicologo-e-psiquiatra-nao-fazem-a-mesma-coisa-entenda-por-que-isso-importa\/","name":"Nat\u00e1lia, Psic\u00f3loga Cl\u00ednica: \u201cPsic\u00f3logo e psiquiatra n\u00e3o fazem a mesma coisa. Entenda por qu\u00ea isso importa\u201d - Estado de Minas - Em foco","isPartOf":{"@id":"https:\/\/www.em.com.br\/emfoco\/#website"},"primaryImageOfPage":{"@id":"https:\/\/www.em.com.br\/emfoco\/2025\/07\/31\/natalia-psicologa-clinica-psicologo-e-psiquiatra-nao-fazem-a-mesma-coisa-entenda-por-que-isso-importa\/#primaryimage"},"image":{"@id":"https:\/\/www.em.com.br\/emfoco\/2025\/07\/31\/natalia-psicologa-clinica-psicologo-e-psiquiatra-nao-fazem-a-mesma-coisa-entenda-por-que-isso-importa\/#primaryimage"},"thumbnailUrl":"https:\/\/www.em.com.br\/emfoco\/wp-content\/uploads\/2025\/07\/mosaico_1754014140172.jpg","datePublished":"2025-08-01T01:50:00+00:00","dateModified":"2025-08-01T02:26:22+00:00","author":{"@id":"https:\/\/www.em.com.br\/emfoco\/#\/schema\/person\/9ad4c536bd87f5bb8006420332b99aef"},"description":"Psic\u00f3logo ou psiquiatra? Psic\u00f3loga Nat\u00e1lia explica como cada um atua e quando procurar ajuda. Entenda a diferen\u00e7a e evite confus\u00f5es.","breadcrumb":{"@id":"https:\/\/www.em.com.br\/emfoco\/2025\/07\/31\/natalia-psicologa-clinica-psicologo-e-psiquiatra-nao-fazem-a-mesma-coisa-entenda-por-que-isso-importa\/#breadcrumb"},"inLanguage":"pt-BR","potentialAction":[{"@type":"ReadAction","target":["https:\/\/www.em.com.br\/emfoco\/2025\/07\/31\/natalia-psicologa-clinica-psicologo-e-psiquiatra-nao-fazem-a-mesma-coisa-entenda-por-que-isso-importa\/"]}]},{"@type":"ImageObject","inLanguage":"pt-BR","@id":"https:\/\/www.em.com.br\/emfoco\/2025\/07\/31\/natalia-psicologa-clinica-psicologo-e-psiquiatra-nao-fazem-a-mesma-coisa-entenda-por-que-isso-importa\/#primaryimage","url":"https:\/\/www.em.com.br\/emfoco\/wp-content\/uploads\/2025\/07\/mosaico_1754014140172.jpg","contentUrl":"https:\/\/www.em.com.br\/emfoco\/wp-content\/uploads\/2025\/07\/mosaico_1754014140172.jpg","width":1280,"height":720,"caption":"Reprodu\u00e7\u00e3o (TikTok: @nataliavolkmer)"},{"@type":"BreadcrumbList","@id":"https:\/\/www.em.com.br\/emfoco\/2025\/07\/31\/natalia-psicologa-clinica-psicologo-e-psiquiatra-nao-fazem-a-mesma-coisa-entenda-por-que-isso-importa\/#breadcrumb","itemListElement":[{"@type":"ListItem","position":1,"name":"In\u00edcio","item":"https:\/\/www.em.com.br\/emfoco\/"},{"@type":"ListItem","position":2,"name":"Nat\u00e1lia, Psic\u00f3loga Cl\u00ednica: \u201cPsic\u00f3logo e psiquiatra n\u00e3o fazem a mesma coisa. Entenda por qu\u00ea isso importa\u201d"}]},{"@type":"WebSite","@id":"https:\/\/www.em.com.br\/emfoco\/#website","url":"https:\/\/www.em.com.br\/emfoco\/","name":"Estado de Minas - Em foco","description":"Acompanhe as \u00faltimas not\u00edcias e fique bem informado sobre tudo o que acontece em Minas Gerais, Brasil e no mundo.","potentialAction":[{"@type":"SearchAction","target":{"@type":"EntryPoint","urlTemplate":"https:\/\/www.em.com.br\/emfoco\/?s={search_term_string}"},"query-input":{"@type":"PropertyValueSpecification","valueRequired":true,"valueName":"search_term_string"}}],"inLanguage":"pt-BR"},{"@type":"Person","@id":"https:\/\/www.em.com.br\/emfoco\/#\/schema\/person\/9ad4c536bd87f5bb8006420332b99aef","name":"Lucas Sampaio","image":{"@type":"ImageObject","inLanguage":"pt-BR","@id":"https:\/\/www.em.com.br\/emfoco\/#\/schema\/person\/image\/","url":"https:\/\/secure.gravatar.com\/avatar\/2696b9676ad143cd7135b717faf6f79f?s=96&d=mm&r=g","contentUrl":"https:\/\/secure.gravatar.com\/avatar\/2696b9676ad143cd7135b717faf6f79f?s=96&d=mm&r=g","caption":"Lucas Sampaio"},"sameAs":["https:\/\/www.em.com.br\/emfoco\/"],"url":"https:\/\/www.em.com.br\/emfoco\/author\/lucasmyth\/"}]}},"_links":{"self":[{"href":"https:\/\/www.em.com.br\/emfoco\/wp-json\/wp\/v2\/posts\/84741","targetHints":{"allow":["GET"]}}],"collection":[{"href":"https:\/\/www.em.com.br\/emfoco\/wp-json\/wp\/v2\/posts"}],"about":[{"href":"https:\/\/www.em.com.br\/emfoco\/wp-json\/wp\/v2\/types\/post"}],"author":[{"embeddable":true,"href":"https:\/\/www.em.com.br\/emfoco\/wp-json\/wp\/v2\/users\/17"}],"replies":[{"embeddable":true,"href":"https:\/\/www.em.com.br\/emfoco\/wp-json\/wp\/v2\/comments?post=84741"}],"version-history":[{"count":2,"href":"https:\/\/www.em.com.br\/emfoco\/wp-json\/wp\/v2\/posts\/84741\/revisions"}],"predecessor-version":[{"id":84911,"href":"https:\/\/www.em.com.br\/emfoco\/wp-json\/wp\/v2\/posts\/84741\/revisions\/84911"}],"wp:featuredmedia":[{"embeddable":true,"href":"https:\/\/www.em.com.br\/emfoco\/wp-json\/wp\/v2\/media\/84910"}],"wp:attachment":[{"href":"https:\/\/www.em.com.br\/emfoco\/wp-json\/wp\/v2\/media?parent=84741"}],"wp:term":[{"taxonomy":"category","embeddable":true,"href":"https:\/\/www.em.com.br\/emfoco\/wp-json\/wp\/v2\/categories?post=84741"},{"taxonomy":"post_tag","embeddable":true,"href":"https:\/\/www.em.com.br\/emfoco\/wp-json\/wp\/v2\/tags?post=84741"}],"curies":[{"name":"wp","href":"https:\/\/api.w.org\/{rel}","templated":true}]}}