{"id":84727,"date":"2025-07-31T21:50:00","date_gmt":"2025-08-01T00:50:00","guid":{"rendered":"https:\/\/www.em.com.br\/emfoco\/?p=84727"},"modified":"2025-07-31T18:20:13","modified_gmt":"2025-07-31T21:20:13","slug":"isabella-lacerda-nutricionista-tomar-agua-e-o-segredo-da-sua-pele-cabelo-intestino-e-muito-mais","status":"publish","type":"post","link":"https:\/\/www.em.com.br\/emfoco\/2025\/07\/31\/isabella-lacerda-nutricionista-tomar-agua-e-o-segredo-da-sua-pele-cabelo-intestino-e-muito-mais\/","title":{"rendered":"Isabella Lacerda, nutricionista: &#8220;Tomar \u00e1gua \u00e9 o segredo da sua pele, cabelo, intestino e muito mais&#8221;"},"content":{"rendered":"\n<p>Beber \u00e1gua pode parecer simples, mas segundo Isabella Lacerda (@isabellalacerda_nutri), nutricionista conhecida como &#8220;A Nutri Sarc\u00e1stica&#8221;, \u00e9 um dos h\u00e1bitos mais negligenciados quando se trata de beleza e bem-estar. Ela lembra com bom humor que uma boa hidrata\u00e7\u00e3o pode impactar diretamente na qualidade da pele, no brilho do cabelo, na regularidade intestinal e at\u00e9 mesmo nas unhas.<\/p>\n\n\n\n<p>Com mais de 1,5 milh\u00e3o de seguidores, Isabella compartilha de forma acess\u00edvel e divertida verdades fundamentais da nutri\u00e7\u00e3o, como o papel vital da \u00e1gua no funcionamento do organismo. E ela tem raz\u00e3o: o corpo humano \u00e9 composto por cerca de 60% de \u00e1gua, segundo a Organiza\u00e7\u00e3o Mundial da Sa\u00fade (OMS). Isso significa que a desidrata\u00e7\u00e3o pode afetar praticamente todos os sistemas do corpo.<\/p>\n\n\n\n<h2 class=\"wp-block-heading\">Beber \u00e1gua melhora mesmo a pele e o cabelo?<\/h2>\n\n\n\n<p>Sim. A hidrata\u00e7\u00e3o adequada \u00e9 essencial para manter a elasticidade, maciez e brilho da pele. Segundo a Sociedade Brasileira de Dermatologia (SBD), a \u00e1gua contribui para a renova\u00e7\u00e3o celular e ajuda a manter a barreira protetora da pele, prevenindo ressecamento e irrita\u00e7\u00f5es. A falta de \u00e1gua tamb\u00e9m favorece o aparecimento de linhas finas e aspecto opaco.<\/p>\n\n\n\n<p>No cabelo, a hidrata\u00e7\u00e3o influencia no brilho, na maciez e na for\u00e7a dos fios. Embora produtos externos ajudem, a \u00e1gua consumida internamente \u00e9 indispens\u00e1vel para a nutri\u00e7\u00e3o dos fol\u00edculos capilares. Quando o corpo est\u00e1 desidratado, os fios podem ficar quebradi\u00e7os, sem vida e com maior queda.<\/p>\n\n\n\n<h2 class=\"wp-block-heading\">Qual a rela\u00e7\u00e3o entre beber \u00e1gua e o funcionamento do intestino?<\/h2>\n\n\n\n<p>A \u00e1gua tem papel fundamental na digest\u00e3o e no tr\u00e2nsito intestinal. Ela amolece o bolo fecal e facilita a elimina\u00e7\u00e3o, prevenindo a constipa\u00e7\u00e3o. Segundo o Minist\u00e9rio da Sa\u00fade, a baixa ingest\u00e3o h\u00eddrica est\u00e1 entre as principais causas de intestino preso. Por isso, beber \u00e1gua regularmente \u00e9 uma medida simples e eficaz para manter o intestino funcionando bem.<\/p>\n\n\n\n<p>Para quem consome fibras, como frutas, verduras e cereais integrais, a hidrata\u00e7\u00e3o \u00e9 ainda mais importante. Sem \u00e1gua, as fibras endurecem o intestino em vez de ajudar. Ou seja, o efeito pode ser oposto ao esperado caso a ingest\u00e3o de \u00e1gua seja insuficiente.<\/p>\n\n\n\n<h2 class=\"wp-block-heading\">Unhas fracas e quebradi\u00e7as podem ser falta de \u00e1gua?<\/h2>\n\n\n\n<p>Podem sim. A desidrata\u00e7\u00e3o tamb\u00e9m interfere na sa\u00fade das unhas. Elas s\u00e3o compostas por queratina, uma prote\u00edna que depende de hidrata\u00e7\u00e3o adequada para manter sua estrutura. Unhas sem brilho, com descama\u00e7\u00e3o ou quebra frequente podem indicar n\u00edveis baixos de hidrata\u00e7\u00e3o no organismo.<\/p>\n\n\n\n<p>Segundo a American Academy of Dermatology, manter a hidrata\u00e7\u00e3o \u00e9 uma das recomenda\u00e7\u00f5es b\u00e1sicas para fortalecer as unhas de forma natural. Esse cuidado simples contribui para uma apar\u00eancia mais saud\u00e1vel e resistente das m\u00e3os.<\/p>\n\n\n\n<h2 class=\"wp-block-heading\">Quanta \u00e1gua devemos beber por dia?<\/h2>\n\n\n\n<p>N\u00e3o existe uma quantidade \u00fanica que sirva para todos, mas uma m\u00e9dia recomendada \u00e9 de 30 a 35 ml de \u00e1gua por quilo de peso corporal por dia. Uma pessoa de 70 kg, por exemplo, deveria consumir cerca de 2,1 a 2,4 litros diariamente. A necessidade pode aumentar em dias quentes, durante atividades f\u00edsicas ou em situa\u00e7\u00f5es de febre, v\u00f4mito ou diarreia.<\/p>\n\n\n<div class=\"wp-block-image\">\n<figure class=\"aligncenter size-large\"><img loading=\"lazy\" decoding=\"async\" width=\"1024\" height=\"576\" src=\"https:\/\/www.em.com.br\/emfoco\/wp-content\/uploads\/2025\/06\/garrafa-pet-na-agua_1749261868887-1024x576.jpg\" alt=\"\" class=\"wp-image-57081\" srcset=\"https:\/\/www.em.com.br\/emfoco\/wp-content\/uploads\/2025\/06\/garrafa-pet-na-agua_1749261868887-1024x576.jpg 1024w, https:\/\/www.em.com.br\/emfoco\/wp-content\/uploads\/2025\/06\/garrafa-pet-na-agua_1749261868887-300x169.jpg 300w, https:\/\/www.em.com.br\/emfoco\/wp-content\/uploads\/2025\/06\/garrafa-pet-na-agua_1749261868887-768x432.jpg 768w, https:\/\/www.em.com.br\/emfoco\/wp-content\/uploads\/2025\/06\/garrafa-pet-na-agua_1749261868887-750x422.jpg 750w, https:\/\/www.em.com.br\/emfoco\/wp-content\/uploads\/2025\/06\/garrafa-pet-na-agua_1749261868887-1140x641.jpg 1140w, https:\/\/www.em.com.br\/emfoco\/wp-content\/uploads\/2025\/06\/garrafa-pet-na-agua_1749261868887.jpg 1280w\" sizes=\"auto, (max-width: 1024px) 100vw, 1024px\" \/><figcaption class=\"wp-element-caption\">Pessoa segurando garrafa pet com \u00e1gua &#8211; Cr\u00e9ditos: depositphotos.com \/ shinylion<\/figcaption><\/figure><\/div>\n\n\n<p>Al\u00e9m da \u00e1gua pura, tamb\u00e9m contribuem ch\u00e1s sem a\u00e7\u00facar, \u00e1gua de coco e alimentos ricos em \u00e1gua, como melancia, pepino e laranja. Refrigerantes e bebidas alco\u00f3licas n\u00e3o substituem a \u00e1gua e podem, inclusive, provocar desidrata\u00e7\u00e3o.<\/p>\n\n\n\n<h2 class=\"wp-block-heading\">Por que tanta gente esquece de beber \u00e1gua?<\/h2>\n\n\n\n<p>A rotina corrida e a falta de percep\u00e7\u00e3o da sede s\u00e3o os principais motivos. Muitas pessoas s\u00f3 bebem \u00e1gua quando sentem sede intensa, mas esse j\u00e1 \u00e9 um sinal de desidrata\u00e7\u00e3o. O ideal \u00e9 manter o h\u00e1bito ao longo do dia, mesmo sem sede.<\/p>\n\n\n\n<p>Uma estrat\u00e9gia \u00e9 manter uma garrafinha sempre por perto, usar aplicativos de lembrete ou estabelecer metas, como tomar um copo a cada hora. Pequenos gestos di\u00e1rios ajudam a criar o h\u00e1bito e garantem que o corpo receba o que precisa para funcionar bem.<\/p>\n\n\n\n<h2 class=\"wp-block-heading\">Sua pele n\u00e3o melhora? Talvez seja falta de hidrata\u00e7\u00e3o<\/h2>\n\n\n\n<p>Isabella Lacerda deixa um recado claro: antes de investir em cosm\u00e9ticos caros, pense no b\u00e1sico. Hidratar o corpo com \u00e1gua \u00e9 o primeiro passo para uma sa\u00fade vis\u00edvel de dentro para fora. Pele com vi\u00e7o, cabelo forte e intestino regulado n\u00e3o dependem apenas de produtos, mas de um organismo equilibrado.<\/p>\n\n\n\n<p>A consist\u00eancia no consumo de \u00e1gua, segundo ela, faz mais diferen\u00e7a do que solu\u00e7\u00f5es milagrosas. E o melhor: \u00e9 acess\u00edvel, barato e poss\u00edvel para qualquer um. Comece por hoje.<\/p>\n\n\n\n<h2 class=\"wp-block-heading\">Fontes oficiais consultadas<\/h2>\n\n\n\n<ul class=\"wp-block-list\">\n<li>Organiza\u00e7\u00e3o Mundial da Sa\u00fade (OMS): <a href=\"http:\/\/www.who.int\" target=\"_blank\" rel=\"noreferrer noopener\">www<\/a><a>.who.int<\/a><\/li>\n\n\n\n<li>Minist\u00e9rio da Sa\u00fade: <a href=\"http:\/\/www.gov.br\/saude\" target=\"_blank\" rel=\"noreferrer noopener\">www.gov.br\/saude<\/a><\/li>\n\n\n\n<li>Sociedade Brasileira de Dermatologia (SBD): <a href=\"http:\/\/www.sbd.org.br\" target=\"_blank\" rel=\"noreferrer noopener\">www.sbd.org.br<\/a><\/li>\n\n\n\n<li>American Academy of Dermatology: <a href=\"http:\/\/www.aad.org\" target=\"_blank\" rel=\"noreferrer noopener\">www.aad.o<\/a><a>rg<\/a><\/li>\n<\/ul>\n","protected":false},"excerpt":{"rendered":"<p>Beber \u00e1gua pode parecer simples, mas segundo Isabella Lacerda (@isabellalacerda_nutri), nutricionista conhecida como &#8220;A Nutri Sarc\u00e1stica&#8221;, \u00e9 um dos h\u00e1bitos mais negligenciados quando se trata de beleza e bem-estar. Ela lembra com bom humor que uma boa hidrata\u00e7\u00e3o pode impactar diretamente na qualidade da pele, no brilho do cabelo, na regularidade intestinal e at\u00e9 mesmo [&hellip;]<\/p>\n","protected":false},"author":17,"featured_media":84752,"comment_status":"open","ping_status":"open","sticky":false,"template":"","format":"standard","meta":{"jnews-multi-image_gallery":[],"jnews_single_post":{"format":"standard"},"jnews_primary_category":[],"jnews_social_meta":[],"jnews_override_counter":[],"footnotes":""},"categories":[9053],"tags":[3509,327,415],"class_list":["post-84727","post","type-post","status-publish","format-standard","has-post-thumbnail","hentry","category-saude","tag-nutricao","tag-qualidade-de-vida","tag-saude"],"yoast_head":"<!-- This site is optimized with the Yoast SEO plugin v23.8 - https:\/\/yoast.com\/wordpress\/plugins\/seo\/ -->\n<title>Isabella Lacerda, nutricionista: &quot;Tomar \u00e1gua \u00e9 o segredo da sua pele, cabelo, intestino e muito mais&quot; - Estado de Minas - Em foco<\/title>\n<meta name=\"description\" content=\"\u00c1gua \u00e9 o segredo? Nutricionista Isabella Lacerda explica como hidrata\u00e7\u00e3o influencia pele, cabelo, unhas e intestino. Comece pelo b\u00e1sico.\" \/>\n<meta name=\"robots\" content=\"index, follow, max-snippet:-1, max-image-preview:large, max-video-preview:-1\" \/>\n<link rel=\"canonical\" href=\"https:\/\/www.em.com.br\/emfoco\/2025\/07\/31\/isabella-lacerda-nutricionista-tomar-agua-e-o-segredo-da-sua-pele-cabelo-intestino-e-muito-mais\/\" \/>\n<meta property=\"og:locale\" content=\"pt_BR\" \/>\n<meta property=\"og:type\" content=\"article\" \/>\n<meta property=\"og:title\" content=\"Isabella Lacerda, nutricionista: &quot;Tomar \u00e1gua \u00e9 o segredo da sua pele, cabelo, intestino e muito mais&quot; - Estado de Minas - Em foco\" \/>\n<meta property=\"og:description\" content=\"\u00c1gua \u00e9 o segredo? Nutricionista Isabella Lacerda explica como hidrata\u00e7\u00e3o influencia pele, cabelo, unhas e intestino. Comece pelo b\u00e1sico.\" \/>\n<meta property=\"og:url\" content=\"https:\/\/www.em.com.br\/emfoco\/2025\/07\/31\/isabella-lacerda-nutricionista-tomar-agua-e-o-segredo-da-sua-pele-cabelo-intestino-e-muito-mais\/\" \/>\n<meta property=\"og:site_name\" content=\"Estado de Minas - Em foco\" \/>\n<meta property=\"article:published_time\" content=\"2025-08-01T00:50:00+00:00\" \/>\n<meta property=\"article:modified_time\" content=\"2025-07-31T21:20:13+00:00\" \/>\n<meta property=\"og:image\" content=\"https:\/\/www.em.com.br\/emfoco\/wp-content\/uploads\/2025\/07\/mosaico_1753996561860.jpg\" \/>\n\t<meta property=\"og:image:width\" content=\"1280\" \/>\n\t<meta property=\"og:image:height\" content=\"720\" \/>\n\t<meta property=\"og:image:type\" content=\"image\/jpeg\" \/>\n<meta name=\"author\" content=\"Lucas Sampaio\" \/>\n<meta name=\"twitter:card\" content=\"summary_large_image\" \/>\n<meta name=\"twitter:label1\" content=\"Escrito por\" \/>\n\t<meta name=\"twitter:data1\" content=\"Lucas Sampaio\" \/>\n\t<meta name=\"twitter:label2\" content=\"Est. tempo de leitura\" \/>\n\t<meta name=\"twitter:data2\" content=\"5 minutos\" \/>\n<!-- \/ Yoast SEO plugin. -->","yoast_head_json":{"title":"Isabella Lacerda, nutricionista: \"Tomar \u00e1gua \u00e9 o segredo da sua pele, cabelo, intestino e muito mais\" - Estado de Minas - Em foco","description":"\u00c1gua \u00e9 o segredo? Nutricionista Isabella Lacerda explica como hidrata\u00e7\u00e3o influencia pele, cabelo, unhas e intestino. Comece pelo b\u00e1sico.","robots":{"index":"index","follow":"follow","max-snippet":"max-snippet:-1","max-image-preview":"max-image-preview:large","max-video-preview":"max-video-preview:-1"},"canonical":"https:\/\/www.em.com.br\/emfoco\/2025\/07\/31\/isabella-lacerda-nutricionista-tomar-agua-e-o-segredo-da-sua-pele-cabelo-intestino-e-muito-mais\/","og_locale":"pt_BR","og_type":"article","og_title":"Isabella Lacerda, nutricionista: \"Tomar \u00e1gua \u00e9 o segredo da sua pele, cabelo, intestino e muito mais\" - Estado de Minas - Em foco","og_description":"\u00c1gua \u00e9 o segredo? Nutricionista Isabella Lacerda explica como hidrata\u00e7\u00e3o influencia pele, cabelo, unhas e intestino. Comece pelo b\u00e1sico.","og_url":"https:\/\/www.em.com.br\/emfoco\/2025\/07\/31\/isabella-lacerda-nutricionista-tomar-agua-e-o-segredo-da-sua-pele-cabelo-intestino-e-muito-mais\/","og_site_name":"Estado de Minas - Em foco","article_published_time":"2025-08-01T00:50:00+00:00","article_modified_time":"2025-07-31T21:20:13+00:00","og_image":[{"width":1280,"height":720,"url":"https:\/\/www.em.com.br\/emfoco\/wp-content\/uploads\/2025\/07\/mosaico_1753996561860.jpg","type":"image\/jpeg"}],"author":"Lucas Sampaio","twitter_card":"summary_large_image","twitter_misc":{"Escrito por":"Lucas Sampaio","Est. tempo de leitura":"5 minutos"},"schema":{"@context":"https:\/\/schema.org","@graph":[{"@type":"WebPage","@id":"https:\/\/www.em.com.br\/emfoco\/2025\/07\/31\/isabella-lacerda-nutricionista-tomar-agua-e-o-segredo-da-sua-pele-cabelo-intestino-e-muito-mais\/","url":"https:\/\/www.em.com.br\/emfoco\/2025\/07\/31\/isabella-lacerda-nutricionista-tomar-agua-e-o-segredo-da-sua-pele-cabelo-intestino-e-muito-mais\/","name":"Isabella Lacerda, nutricionista: \"Tomar \u00e1gua \u00e9 o segredo da sua pele, cabelo, intestino e muito mais\" - Estado de Minas - Em foco","isPartOf":{"@id":"https:\/\/www.em.com.br\/emfoco\/#website"},"primaryImageOfPage":{"@id":"https:\/\/www.em.com.br\/emfoco\/2025\/07\/31\/isabella-lacerda-nutricionista-tomar-agua-e-o-segredo-da-sua-pele-cabelo-intestino-e-muito-mais\/#primaryimage"},"image":{"@id":"https:\/\/www.em.com.br\/emfoco\/2025\/07\/31\/isabella-lacerda-nutricionista-tomar-agua-e-o-segredo-da-sua-pele-cabelo-intestino-e-muito-mais\/#primaryimage"},"thumbnailUrl":"https:\/\/www.em.com.br\/emfoco\/wp-content\/uploads\/2025\/07\/mosaico_1753996561860.jpg","datePublished":"2025-08-01T00:50:00+00:00","dateModified":"2025-07-31T21:20:13+00:00","author":{"@id":"https:\/\/www.em.com.br\/emfoco\/#\/schema\/person\/9ad4c536bd87f5bb8006420332b99aef"},"description":"\u00c1gua \u00e9 o segredo? Nutricionista Isabella Lacerda explica como hidrata\u00e7\u00e3o influencia pele, cabelo, unhas e intestino. Comece pelo b\u00e1sico.","breadcrumb":{"@id":"https:\/\/www.em.com.br\/emfoco\/2025\/07\/31\/isabella-lacerda-nutricionista-tomar-agua-e-o-segredo-da-sua-pele-cabelo-intestino-e-muito-mais\/#breadcrumb"},"inLanguage":"pt-BR","potentialAction":[{"@type":"ReadAction","target":["https:\/\/www.em.com.br\/emfoco\/2025\/07\/31\/isabella-lacerda-nutricionista-tomar-agua-e-o-segredo-da-sua-pele-cabelo-intestino-e-muito-mais\/"]}]},{"@type":"ImageObject","inLanguage":"pt-BR","@id":"https:\/\/www.em.com.br\/emfoco\/2025\/07\/31\/isabella-lacerda-nutricionista-tomar-agua-e-o-segredo-da-sua-pele-cabelo-intestino-e-muito-mais\/#primaryimage","url":"https:\/\/www.em.com.br\/emfoco\/wp-content\/uploads\/2025\/07\/mosaico_1753996561860.jpg","contentUrl":"https:\/\/www.em.com.br\/emfoco\/wp-content\/uploads\/2025\/07\/mosaico_1753996561860.jpg","width":1280,"height":720,"caption":"Reprodu\u00e7\u00e3o (TikTok: @isabellalacerda_nutri)"},{"@type":"BreadcrumbList","@id":"https:\/\/www.em.com.br\/emfoco\/2025\/07\/31\/isabella-lacerda-nutricionista-tomar-agua-e-o-segredo-da-sua-pele-cabelo-intestino-e-muito-mais\/#breadcrumb","itemListElement":[{"@type":"ListItem","position":1,"name":"In\u00edcio","item":"https:\/\/www.em.com.br\/emfoco\/"},{"@type":"ListItem","position":2,"name":"Isabella Lacerda, nutricionista: &#8220;Tomar \u00e1gua \u00e9 o segredo da sua pele, cabelo, intestino e muito mais&#8221;"}]},{"@type":"WebSite","@id":"https:\/\/www.em.com.br\/emfoco\/#website","url":"https:\/\/www.em.com.br\/emfoco\/","name":"Estado de Minas - Em foco","description":"Acompanhe as \u00faltimas not\u00edcias e fique bem informado sobre tudo o que acontece em Minas Gerais, Brasil e no mundo.","potentialAction":[{"@type":"SearchAction","target":{"@type":"EntryPoint","urlTemplate":"https:\/\/www.em.com.br\/emfoco\/?s={search_term_string}"},"query-input":{"@type":"PropertyValueSpecification","valueRequired":true,"valueName":"search_term_string"}}],"inLanguage":"pt-BR"},{"@type":"Person","@id":"https:\/\/www.em.com.br\/emfoco\/#\/schema\/person\/9ad4c536bd87f5bb8006420332b99aef","name":"Lucas Sampaio","image":{"@type":"ImageObject","inLanguage":"pt-BR","@id":"https:\/\/www.em.com.br\/emfoco\/#\/schema\/person\/image\/","url":"https:\/\/secure.gravatar.com\/avatar\/2696b9676ad143cd7135b717faf6f79f?s=96&d=mm&r=g","contentUrl":"https:\/\/secure.gravatar.com\/avatar\/2696b9676ad143cd7135b717faf6f79f?s=96&d=mm&r=g","caption":"Lucas Sampaio"},"sameAs":["https:\/\/www.em.com.br\/emfoco\/"],"url":"https:\/\/www.em.com.br\/emfoco\/author\/lucasmyth\/"}]}},"_links":{"self":[{"href":"https:\/\/www.em.com.br\/emfoco\/wp-json\/wp\/v2\/posts\/84727","targetHints":{"allow":["GET"]}}],"collection":[{"href":"https:\/\/www.em.com.br\/emfoco\/wp-json\/wp\/v2\/posts"}],"about":[{"href":"https:\/\/www.em.com.br\/emfoco\/wp-json\/wp\/v2\/types\/post"}],"author":[{"embeddable":true,"href":"https:\/\/www.em.com.br\/emfoco\/wp-json\/wp\/v2\/users\/17"}],"replies":[{"embeddable":true,"href":"https:\/\/www.em.com.br\/emfoco\/wp-json\/wp\/v2\/comments?post=84727"}],"version-history":[{"count":2,"href":"https:\/\/www.em.com.br\/emfoco\/wp-json\/wp\/v2\/posts\/84727\/revisions"}],"predecessor-version":[{"id":84751,"href":"https:\/\/www.em.com.br\/emfoco\/wp-json\/wp\/v2\/posts\/84727\/revisions\/84751"}],"wp:featuredmedia":[{"embeddable":true,"href":"https:\/\/www.em.com.br\/emfoco\/wp-json\/wp\/v2\/media\/84752"}],"wp:attachment":[{"href":"https:\/\/www.em.com.br\/emfoco\/wp-json\/wp\/v2\/media?parent=84727"}],"wp:term":[{"taxonomy":"category","embeddable":true,"href":"https:\/\/www.em.com.br\/emfoco\/wp-json\/wp\/v2\/categories?post=84727"},{"taxonomy":"post_tag","embeddable":true,"href":"https:\/\/www.em.com.br\/emfoco\/wp-json\/wp\/v2\/tags?post=84727"}],"curies":[{"name":"wp","href":"https:\/\/api.w.org\/{rel}","templated":true}]}}