{"id":84666,"date":"2025-08-01T18:58:00","date_gmt":"2025-08-01T21:58:00","guid":{"rendered":"https:\/\/www.em.com.br\/emfoco\/?p=84666"},"modified":"2025-07-31T17:28:19","modified_gmt":"2025-07-31T20:28:19","slug":"familias-de-baixa-renda-podem-conquistar-a-casa-propria-sem-pagar-aluguel","status":"publish","type":"post","link":"https:\/\/www.em.com.br\/emfoco\/2025\/08\/01\/familias-de-baixa-renda-podem-conquistar-a-casa-propria-sem-pagar-aluguel\/","title":{"rendered":"Fam\u00edlias de baixa renda podem conquistar a casa pr\u00f3pria sem pagar aluguel"},"content":{"rendered":"\n<p>O programa &#8220;<strong>Minha Casa, Minha Vida<\/strong>&#8221; \u00e9 uma iniciativa do governo brasileiro que visa facilitar o acesso \u00e0 moradia digna para fam\u00edlias de baixa renda. Este projeto foi criado com o intuito de reduzir o d\u00e9ficit habitacional no pa\u00eds, oferecendo im\u00f3veis com condi\u00e7\u00f5es acess\u00edveis, sempre respeitando os padr\u00f5es de qualidade estabelecidos pelo governo federal. Ele \u00e9 estruturado para atender fam\u00edlias que apresentam certas caracter\u00edsticas, como uma renda bruta mensal dentro dos limites pr\u00e9-estabelecidos, n\u00e3o possuir im\u00f3vel pr\u00f3prio e n\u00e3o ter sido contemplado anteriormente em outros programas habitacionais.<\/p>\n\n\n\n<p>Al\u00e9m de atender a crit\u00e9rios financeiros, o &#8220;<strong>Minha Casa, Minha Vida<\/strong>&#8221; d\u00e1 prioridade a grupos socialmente vulner\u00e1veis. Isso inclui pessoas com defici\u00eancia, idosos e mulheres que chefiam suas fam\u00edlias. A ideia \u00e9 proporcionar um suporte habitacional que proporcione seguran\u00e7a e qualidade de vida para essas popula\u00e7\u00f5es. Dessa forma, o programa atua n\u00e3o apenas como um facilitador de aquisi\u00e7\u00e3o de im\u00f3veis, mas tamb\u00e9m como um agente de inclus\u00e3o social.<\/p>\n\n\n\n<h2 class=\"wp-block-heading\">Como realizar a inscri\u00e7\u00e3o corretamente?<\/h2>\n\n\n<div class=\"wp-block-image\">\n<figure class=\"aligncenter size-large\"><img loading=\"lazy\" decoding=\"async\" width=\"1024\" height=\"576\" src=\"https:\/\/www.em.com.br\/emfoco\/wp-content\/uploads\/2025\/06\/casa_1749001999002-1024x576.jpg\" alt=\"5 impactos positivos do Minha Casa Minha Vida que v\u00e3o al\u00e9m da moradia\" class=\"wp-image-55242\" srcset=\"https:\/\/www.em.com.br\/emfoco\/wp-content\/uploads\/2025\/06\/casa_1749001999002-1024x576.jpg 1024w, https:\/\/www.em.com.br\/emfoco\/wp-content\/uploads\/2025\/06\/casa_1749001999002-300x169.jpg 300w, https:\/\/www.em.com.br\/emfoco\/wp-content\/uploads\/2025\/06\/casa_1749001999002-768x432.jpg 768w, https:\/\/www.em.com.br\/emfoco\/wp-content\/uploads\/2025\/06\/casa_1749001999002-750x422.jpg 750w, https:\/\/www.em.com.br\/emfoco\/wp-content\/uploads\/2025\/06\/casa_1749001999002-1140x641.jpg 1140w, https:\/\/www.em.com.br\/emfoco\/wp-content\/uploads\/2025\/06\/casa_1749001999002.jpg 1280w\" sizes=\"auto, (max-width: 1024px) 100vw, 1024px\" \/><figcaption class=\"wp-element-caption\">Fam\u00edlia segurando casa de papel &#8211; Cr\u00e9ditos: depositphotos.com \/ alebloshka<\/figcaption><\/figure><\/div>\n\n\n<p>A <strong>Secretaria Municipal de Infraestrutura e Obras P\u00fablicas<\/strong> (<a href=\"http:\/\/www.infraestrutura.mg.gov.br\/\" target=\"_blank\" rel=\"noreferrer noopener\">Seinfra<\/a>) gerencia o processo de inscri\u00e7\u00e3o em capitais como <strong>Salvador<\/strong>. Este processo \u00e9 sempre conduzido de forma gratuita, e qualquer cobran\u00e7a para intermediar o cadastro deve ser denunciada, pois \u00e9 ilegal. Para se inscrever, os interessados devem utilizar o portal oficial <strong>Salvador Digital<\/strong>, garantindo que todas as etapas sejam cumpridas de maneira segura e transparente.<\/p>\n\n\n\n<p>\u00c9 fundamental que os interessados preencham suas informa\u00e7\u00f5es corretamente durante o cadastro, pois esses dados ser\u00e3o analisados minuciosamente. Erros ou inconsist\u00eancias podem comprometer a participa\u00e7\u00e3o no projeto. Al\u00e9m disso, a Seinfra disponibiliza um guia passo a passo em suas redes sociais para auxiliar as fam\u00edlias no momento do registro, garantindo que nenhuma etapa importante seja subestimada ou esquecida.<\/p>\n\n\n\n<h2 class=\"wp-block-heading\">Quais documentos s\u00e3o exigidos para a inscri\u00e7\u00e3o?<\/h2>\n\n\n\n<p>Durante a inscri\u00e7\u00e3o no &#8220;<strong>Minha Casa, Minha Vida<\/strong>&#8220;, alguns documentos s\u00e3o essenciais para a comprova\u00e7\u00e3o de dados e elegibilidade. Entre os documentos requisitados est\u00e3o o RG, CPF, comprovante de resid\u00eancia e de renda para todos os membros do n\u00facleo familiar. Complementarmente, podem ser exigidos documentos adicionais destinados a verificar a situa\u00e7\u00e3o socioecon\u00f4mica da fam\u00edlia inscrita.<\/p>\n\n\n\n<p>Ap\u00f3s o preenchimento e envio das informa\u00e7\u00f5es, inicia-se uma fase de an\u00e1lise, onde os dados s\u00e3o cuidadosamente conferidos. Caso a fam\u00edlia atenda a todos os requisitos e seja selecionada, ela ser\u00e1 informada sobre os pr\u00f3ximos passos para a aquisi\u00e7\u00e3o do im\u00f3vel, garantindo, assim, uma transi\u00e7\u00e3o segura e organizada para a nova moradia. Esta an\u00e1lise \u00e9 um passo crucial, pois assegura que todos os contemplados realmente se encaixam nos crit\u00e9rios do programa.<\/p>\n\n\n\n<h2 class=\"wp-block-heading\">Como garantir seguran\u00e7a durante o processo?<\/h2>\n\n\n\n<p>Para prevenir qualquer tipo de fraude, a orienta\u00e7\u00e3o \u00e9 realizar todas as etapas exclusivamente atrav\u00e9s dos canais oficiais. Al\u00e9m disso, \u00e9 vital estar atento aos comunicados oficiais sobre prazos e documentos necess\u00e1rios, evitando, assim, qualquer golpe ou informa\u00e7\u00e3o errada durante o processo de inscri\u00e7\u00e3o e sele\u00e7\u00e3o.<\/p>\n\n\n\n<p>Os interessados devem sempre checar as informa\u00e7\u00f5es no site da prefeitura e desconfiar de ofertas ou promessas feitas por pessoas n\u00e3o autorizadas. Den\u00fancias podem ser feitas nos \u00f3rg\u00e3os oficiais para proteger outros cidad\u00e3os que buscam o benef\u00edcio de forma leg\u00edtima. Assim, a integridade do programa \u00e9 mantida e mais fam\u00edlias s\u00e3o beneficiadas com seguran\u00e7a.<\/p>\n\n\n\n<h2 class=\"wp-block-heading\">Cronograma e acompanhamento do processo<\/h2>\n\n\n\n<p>Ao efetuar a inscri\u00e7\u00e3o, \u00e9 importante acompanhar o cronograma do &#8220;<strong><a href=\"https:\/\/www.em.com.br\/emfoco\/2025\/07\/19\/5-impactos-positivos-do-minha-casa-minha-vida-que-vao-alem-da-moradia\/\" target=\"_blank\" rel=\"noreferrer noopener\">Minha Casa, Minha Vida<\/a><\/strong>&#8221; divulgado oficialmente pela prefeitura e pelos \u00f3rg\u00e3os federais respons\u00e1veis. Os prazos para cada etapa, como an\u00e1lise documental, sorteios e convoca\u00e7\u00f5es, s\u00e3o sempre informados nos meios de contato oficiais.<\/p>\n\n\n\n<p>Acompanhar o processo regularmente evita perder chamadas ou deixar de entregar documentos extras requisitados. Caso surja qualquer d\u00favida, os canais de comunica\u00e7\u00e3o do programa est\u00e3o dispon\u00edveis para esclarecimentos e suporte, garantindo que nenhum inscrito fique desinformado.<\/p>\n\n\n\n<h2 class=\"wp-block-heading\">Benef\u00edcios do programa para as fam\u00edlias contempladas<\/h2>\n\n\n\n<p>Al\u00e9m de garantir o acesso \u00e0 casa pr\u00f3pria em condi\u00e7\u00f5es facilitadas, o &#8220;<strong>Minha Casa, Minha Vida<\/strong>&#8221; oferece outros benef\u00edcios, como a possibilidade de parcelas reduzidas e subs\u00eddios do governo, especialmente para fam\u00edlias com menor renda. O objetivo \u00e9 assegurar que o pagamento do im\u00f3vel caiba no or\u00e7amento familiar, promovendo estabilidade financeira.<\/p>\n\n\n\n<p>O programa tamb\u00e9m estimula o desenvolvimento comunit\u00e1rio, j\u00e1 que frequentemente os empreendimentos contam com infraestrutura de lazer, educa\u00e7\u00e3o e sa\u00fade, fomentando a cria\u00e7\u00e3o de bairros completos e mais seguros. Essa vis\u00e3o integrada contribui para o bem-estar das fam\u00edlias e para a valoriza\u00e7\u00e3o do entorno.<\/p>\n\n\n\n<h2 class=\"wp-block-heading\">Requisitos espec\u00edficos e grupos priorit\u00e1rios<\/h2>\n\n\n\n<p>Para participar do &#8220;<strong>Minha Casa, Minha Vida<\/strong>&#8220;, \u00e9 preciso atender requisitos como n\u00e3o possuir im\u00f3vel em seu nome, n\u00e3o ter participa\u00e7\u00e3o em programas habitacionais anteriores e se enquadrar nos limites de renda definidos pelo <strong>Governo Federal<\/strong>. Tamb\u00e9m \u00e9 necess\u00e1rio residir ou trabalhar na cidade onde ocorre a inscri\u00e7\u00e3o.<\/p>\n\n\n\n<p>Al\u00e9m disso, grupos como idosos, pessoas com defici\u00eancia e m\u00e3es solteiras chefes de fam\u00edlia t\u00eam prioridade no processo de sele\u00e7\u00e3o, reafirmando o car\u00e1ter social do programa. Essa pol\u00edtica de prioridade auxilia na redu\u00e7\u00e3o das desigualdades e amplia o acesso \u00e0 moradia digna para quem mais necessita.<\/p>\n\n\n\n<h2 class=\"wp-block-heading\">Minha Casa, Minha Vida em 2025<\/h2>\n\n\n\n<p>O programa continua sendo uma importante pol\u00edtica p\u00fablica para o acesso \u00e0 moradia no <strong>Brasil <\/strong>em 2025. Novas regras e aperfei\u00e7oamentos podem ser anunciados, buscando aprimorar a gest\u00e3o e garantir ainda mais efici\u00eancia na entrega das casas para quem realmente precisa do apoio p\u00fablico.<\/p>\n\n\n\n<p>A expectativa \u00e9 que milhares de fam\u00edlias brasileiras continuem sendo beneficiadas nos pr\u00f3ximos anos, consolidando o &#8220;<strong>Minha Casa, Minha Vida<\/strong>&#8221; como um pilar fundamental para o desenvolvimento social e habitacional do pa\u00eds, promovendo inclus\u00e3o, seguran\u00e7a e dignidade para todos contemplados.<\/p>\n","protected":false},"excerpt":{"rendered":"<p>O programa &#8220;Minha Casa, Minha Vida&#8221; \u00e9 uma iniciativa do governo brasileiro que visa facilitar o acesso \u00e0 moradia digna para fam\u00edlias de baixa renda. Este projeto foi criado com o intuito de reduzir o d\u00e9ficit habitacional no pa\u00eds, oferecendo im\u00f3veis com condi\u00e7\u00f5es acess\u00edveis, sempre respeitando os padr\u00f5es de qualidade estabelecidos pelo governo federal. Ele [&hellip;]<\/p>\n","protected":false},"author":20,"featured_media":71515,"comment_status":"open","ping_status":"open","sticky":false,"template":"","format":"standard","meta":{"jnews-multi-image_gallery":[],"jnews_single_post":{"format":"standard"},"jnews_primary_category":[],"jnews_social_meta":[],"jnews_override_counter":[],"footnotes":""},"categories":[28,1],"tags":[252,2204],"class_list":["post-84666","post","type-post","status-publish","format-standard","has-post-thumbnail","hentry","category-economia","category-noticias","tag-caixa-tem","tag-minha-casa-minha-vida"],"yoast_head":"<!-- This site is optimized with the Yoast SEO plugin v23.8 - https:\/\/yoast.com\/wordpress\/plugins\/seo\/ -->\n<title>Fam\u00edlias de baixa renda podem conquistar a casa pr\u00f3pria sem pagar aluguel - Estado de Minas - Em foco<\/title>\n<meta name=\"description\" content=\"Programa Minha Casa Minha Vida abre novas inscri\u00e7\u00f5es para fam\u00edlias com renda limitada. Saiba como se cadastrar e quais os documentos exigidos.\" \/>\n<meta name=\"robots\" content=\"index, follow, max-snippet:-1, max-image-preview:large, max-video-preview:-1\" \/>\n<link rel=\"canonical\" href=\"https:\/\/www.em.com.br\/emfoco\/2025\/08\/01\/familias-de-baixa-renda-podem-conquistar-a-casa-propria-sem-pagar-aluguel\/\" \/>\n<meta property=\"og:locale\" content=\"pt_BR\" \/>\n<meta property=\"og:type\" content=\"article\" \/>\n<meta property=\"og:title\" content=\"Fam\u00edlias de baixa renda podem conquistar a casa pr\u00f3pria sem pagar aluguel - Estado de Minas - Em foco\" \/>\n<meta property=\"og:description\" content=\"Programa Minha Casa Minha Vida abre novas inscri\u00e7\u00f5es para fam\u00edlias com renda limitada. Saiba como se cadastrar e quais os documentos exigidos.\" \/>\n<meta property=\"og:url\" content=\"https:\/\/www.em.com.br\/emfoco\/2025\/08\/01\/familias-de-baixa-renda-podem-conquistar-a-casa-propria-sem-pagar-aluguel\/\" \/>\n<meta property=\"og:site_name\" content=\"Estado de Minas - Em foco\" \/>\n<meta property=\"article:published_time\" content=\"2025-08-01T21:58:00+00:00\" \/>\n<meta property=\"article:modified_time\" content=\"2025-07-31T20:28:19+00:00\" \/>\n<meta property=\"og:image\" content=\"https:\/\/www.em.com.br\/emfoco\/wp-content\/uploads\/2025\/07\/emprestimo_1751653717602.jpg\" \/>\n\t<meta property=\"og:image:width\" content=\"1279\" \/>\n\t<meta property=\"og:image:height\" content=\"720\" \/>\n\t<meta property=\"og:image:type\" content=\"image\/jpeg\" \/>\n<meta name=\"author\" content=\"Ingrid Diniz\" \/>\n<meta name=\"twitter:card\" content=\"summary_large_image\" \/>\n<meta name=\"twitter:label1\" content=\"Escrito por\" \/>\n\t<meta name=\"twitter:data1\" content=\"Ingrid Diniz\" \/>\n\t<meta name=\"twitter:label2\" content=\"Est. tempo de leitura\" \/>\n\t<meta name=\"twitter:data2\" content=\"6 minutos\" \/>\n<!-- \/ Yoast SEO plugin. -->","yoast_head_json":{"title":"Fam\u00edlias de baixa renda podem conquistar a casa pr\u00f3pria sem pagar aluguel - Estado de Minas - Em foco","description":"Programa Minha Casa Minha Vida abre novas inscri\u00e7\u00f5es para fam\u00edlias com renda limitada. Saiba como se cadastrar e quais os documentos exigidos.","robots":{"index":"index","follow":"follow","max-snippet":"max-snippet:-1","max-image-preview":"max-image-preview:large","max-video-preview":"max-video-preview:-1"},"canonical":"https:\/\/www.em.com.br\/emfoco\/2025\/08\/01\/familias-de-baixa-renda-podem-conquistar-a-casa-propria-sem-pagar-aluguel\/","og_locale":"pt_BR","og_type":"article","og_title":"Fam\u00edlias de baixa renda podem conquistar a casa pr\u00f3pria sem pagar aluguel - Estado de Minas - Em foco","og_description":"Programa Minha Casa Minha Vida abre novas inscri\u00e7\u00f5es para fam\u00edlias com renda limitada. Saiba como se cadastrar e quais os documentos exigidos.","og_url":"https:\/\/www.em.com.br\/emfoco\/2025\/08\/01\/familias-de-baixa-renda-podem-conquistar-a-casa-propria-sem-pagar-aluguel\/","og_site_name":"Estado de Minas - Em foco","article_published_time":"2025-08-01T21:58:00+00:00","article_modified_time":"2025-07-31T20:28:19+00:00","og_image":[{"width":1279,"height":720,"url":"https:\/\/www.em.com.br\/emfoco\/wp-content\/uploads\/2025\/07\/emprestimo_1751653717602.jpg","type":"image\/jpeg"}],"author":"Ingrid Diniz","twitter_card":"summary_large_image","twitter_misc":{"Escrito por":"Ingrid Diniz","Est. tempo de leitura":"6 minutos"},"schema":{"@context":"https:\/\/schema.org","@graph":[{"@type":"WebPage","@id":"https:\/\/www.em.com.br\/emfoco\/2025\/08\/01\/familias-de-baixa-renda-podem-conquistar-a-casa-propria-sem-pagar-aluguel\/","url":"https:\/\/www.em.com.br\/emfoco\/2025\/08\/01\/familias-de-baixa-renda-podem-conquistar-a-casa-propria-sem-pagar-aluguel\/","name":"Fam\u00edlias de baixa renda podem conquistar a casa pr\u00f3pria sem pagar aluguel - Estado de Minas - Em foco","isPartOf":{"@id":"https:\/\/www.em.com.br\/emfoco\/#website"},"primaryImageOfPage":{"@id":"https:\/\/www.em.com.br\/emfoco\/2025\/08\/01\/familias-de-baixa-renda-podem-conquistar-a-casa-propria-sem-pagar-aluguel\/#primaryimage"},"image":{"@id":"https:\/\/www.em.com.br\/emfoco\/2025\/08\/01\/familias-de-baixa-renda-podem-conquistar-a-casa-propria-sem-pagar-aluguel\/#primaryimage"},"thumbnailUrl":"https:\/\/www.em.com.br\/emfoco\/wp-content\/uploads\/2025\/07\/emprestimo_1751653717602.jpg","datePublished":"2025-08-01T21:58:00+00:00","dateModified":"2025-07-31T20:28:19+00:00","author":{"@id":"https:\/\/www.em.com.br\/emfoco\/#\/schema\/person\/649e610b4eb8fff87ff394e54fe17b2b"},"description":"Programa Minha Casa Minha Vida abre novas inscri\u00e7\u00f5es para fam\u00edlias com renda limitada. Saiba como se cadastrar e quais os documentos exigidos.","breadcrumb":{"@id":"https:\/\/www.em.com.br\/emfoco\/2025\/08\/01\/familias-de-baixa-renda-podem-conquistar-a-casa-propria-sem-pagar-aluguel\/#breadcrumb"},"inLanguage":"pt-BR","potentialAction":[{"@type":"ReadAction","target":["https:\/\/www.em.com.br\/emfoco\/2025\/08\/01\/familias-de-baixa-renda-podem-conquistar-a-casa-propria-sem-pagar-aluguel\/"]}]},{"@type":"ImageObject","inLanguage":"pt-BR","@id":"https:\/\/www.em.com.br\/emfoco\/2025\/08\/01\/familias-de-baixa-renda-podem-conquistar-a-casa-propria-sem-pagar-aluguel\/#primaryimage","url":"https:\/\/www.em.com.br\/emfoco\/wp-content\/uploads\/2025\/07\/emprestimo_1751653717602.jpg","contentUrl":"https:\/\/www.em.com.br\/emfoco\/wp-content\/uploads\/2025\/07\/emprestimo_1751653717602.jpg","width":1279,"height":720,"caption":"Novas taxas municipais que afetam seu bolso - Cr\u00e9ditos: depositphotos.com \/ rfphoto"},{"@type":"BreadcrumbList","@id":"https:\/\/www.em.com.br\/emfoco\/2025\/08\/01\/familias-de-baixa-renda-podem-conquistar-a-casa-propria-sem-pagar-aluguel\/#breadcrumb","itemListElement":[{"@type":"ListItem","position":1,"name":"In\u00edcio","item":"https:\/\/www.em.com.br\/emfoco\/"},{"@type":"ListItem","position":2,"name":"Fam\u00edlias de baixa renda podem conquistar a casa pr\u00f3pria sem pagar aluguel"}]},{"@type":"WebSite","@id":"https:\/\/www.em.com.br\/emfoco\/#website","url":"https:\/\/www.em.com.br\/emfoco\/","name":"Estado de Minas - Em foco","description":"Acompanhe as \u00faltimas not\u00edcias e fique bem informado sobre tudo o que acontece em Minas Gerais, Brasil e no mundo.","potentialAction":[{"@type":"SearchAction","target":{"@type":"EntryPoint","urlTemplate":"https:\/\/www.em.com.br\/emfoco\/?s={search_term_string}"},"query-input":{"@type":"PropertyValueSpecification","valueRequired":true,"valueName":"search_term_string"}}],"inLanguage":"pt-BR"},{"@type":"Person","@id":"https:\/\/www.em.com.br\/emfoco\/#\/schema\/person\/649e610b4eb8fff87ff394e54fe17b2b","name":"Ingrid Diniz","image":{"@type":"ImageObject","inLanguage":"pt-BR","@id":"https:\/\/www.em.com.br\/emfoco\/#\/schema\/person\/image\/","url":"https:\/\/secure.gravatar.com\/avatar\/a3baa1449ec5c39b4c42babc9d4f3951?s=96&d=mm&r=g","contentUrl":"https:\/\/secure.gravatar.com\/avatar\/a3baa1449ec5c39b4c42babc9d4f3951?s=96&d=mm&r=g","caption":"Ingrid Diniz"},"sameAs":["https:\/\/www.em.com.br\/"],"url":"https:\/\/www.em.com.br\/emfoco\/author\/ingridmyth\/"}]}},"_links":{"self":[{"href":"https:\/\/www.em.com.br\/emfoco\/wp-json\/wp\/v2\/posts\/84666","targetHints":{"allow":["GET"]}}],"collection":[{"href":"https:\/\/www.em.com.br\/emfoco\/wp-json\/wp\/v2\/posts"}],"about":[{"href":"https:\/\/www.em.com.br\/emfoco\/wp-json\/wp\/v2\/types\/post"}],"author":[{"embeddable":true,"href":"https:\/\/www.em.com.br\/emfoco\/wp-json\/wp\/v2\/users\/20"}],"replies":[{"embeddable":true,"href":"https:\/\/www.em.com.br\/emfoco\/wp-json\/wp\/v2\/comments?post=84666"}],"version-history":[{"count":1,"href":"https:\/\/www.em.com.br\/emfoco\/wp-json\/wp\/v2\/posts\/84666\/revisions"}],"predecessor-version":[{"id":84699,"href":"https:\/\/www.em.com.br\/emfoco\/wp-json\/wp\/v2\/posts\/84666\/revisions\/84699"}],"wp:featuredmedia":[{"embeddable":true,"href":"https:\/\/www.em.com.br\/emfoco\/wp-json\/wp\/v2\/media\/71515"}],"wp:attachment":[{"href":"https:\/\/www.em.com.br\/emfoco\/wp-json\/wp\/v2\/media?parent=84666"}],"wp:term":[{"taxonomy":"category","embeddable":true,"href":"https:\/\/www.em.com.br\/emfoco\/wp-json\/wp\/v2\/categories?post=84666"},{"taxonomy":"post_tag","embeddable":true,"href":"https:\/\/www.em.com.br\/emfoco\/wp-json\/wp\/v2\/tags?post=84666"}],"curies":[{"name":"wp","href":"https:\/\/api.w.org\/{rel}","templated":true}]}}