{"id":84661,"date":"2025-08-03T10:38:25","date_gmt":"2025-08-03T13:38:25","guid":{"rendered":"https:\/\/www.em.com.br\/emfoco\/?p=84661"},"modified":"2025-08-02T11:23:50","modified_gmt":"2025-08-02T14:23:50","slug":"voce-faz-isso-ao-comer-veja-o-que-pode-significar","status":"publish","type":"post","link":"https:\/\/www.em.com.br\/emfoco\/2025\/08\/03\/voce-faz-isso-ao-comer-veja-o-que-pode-significar\/","title":{"rendered":"Voc\u00ea faz isso ao comer, veja o que pode significar"},"content":{"rendered":"\n<p><strong>Colocar a m\u00e3o na frente da boca ao comer<\/strong>&nbsp;\u00e9 um gesto simples, mas carregado de significados sociais, culturais e comunicativos. Este h\u00e1bito, presente em diferentes tradi\u00e7\u00f5es e ambientes, desperta curiosidade sobre suas origens, objetivos e interpreta\u00e7\u00f5es no conv\u00edvio \u00e0 mesa.<\/p>\n\n\n\n<ul class=\"wp-block-list\">\n<li><strong>Etiqueta e boas maneiras<\/strong>: por que o gesto \u00e9 associado \u00e0 educa\u00e7\u00e3o durante as refei\u00e7\u00f5es.<\/li>\n\n\n\n<li><strong>Aspectos culturais e contextos<\/strong>: como o ato varia entre pa\u00edses, ocasi\u00f5es e gera\u00e7\u00f5es.<\/li>\n\n\n\n<li><strong>Comunica\u00e7\u00e3o n\u00e3o verbal<\/strong>: o que expressar ao cobrir a boca enquanto se alimenta.<\/li>\n<\/ul>\n\n\n\n<h2 class=\"wp-block-heading\">Por que colocar a m\u00e3o na frente da boca ao comer faz parte da etiqueta?<\/h2>\n\n\n\n<p>Em v\u00e1rios lugares do mundo,&nbsp;<strong>colocar a m\u00e3o na frente da boca ao comer<\/strong>&nbsp;\u00e9 considerado um sinal de respeito pelos demais \u00e0 mesa. O objetivo principal \u00e9 evitar que os outros vejam o interior da boca enquanto se mastiga ou fala, promovendo um ambiente mais agrad\u00e1vel \u00e0s refei\u00e7\u00f5es.<\/p>\n\n\n\n<p>Al\u00e9m da preocupa\u00e7\u00e3o est\u00e9tica,&nbsp;<strong>gestos de boas maneiras<\/strong>&nbsp;ajudam a manter a higiene e evitam situa\u00e7\u00f5es constrangedoras, especialmente quando se fala ou tosse enquanto mastiga. Recomenda-se adotar esse h\u00e1bito em ambientes formais, como restaurantes, encontros de neg\u00f3cios ou jantares festivos.<\/p>\n\n\n<div class=\"wp-block-image\">\n<figure class=\"aligncenter size-large\"><img loading=\"lazy\" decoding=\"async\" width=\"1024\" height=\"576\" src=\"https:\/\/www.em.com.br\/emfoco\/wp-content\/uploads\/2025\/08\/Colocar-a-mao-na-boca-1024x576.jpg\" alt=\"Colocar a m\u00e3o na boca\" class=\"wp-image-84670\" srcset=\"https:\/\/www.em.com.br\/emfoco\/wp-content\/uploads\/2025\/08\/Colocar-a-mao-na-boca-1024x576.jpg 1024w, https:\/\/www.em.com.br\/emfoco\/wp-content\/uploads\/2025\/08\/Colocar-a-mao-na-boca-300x169.jpg 300w, https:\/\/www.em.com.br\/emfoco\/wp-content\/uploads\/2025\/08\/Colocar-a-mao-na-boca-768x432.jpg 768w, https:\/\/www.em.com.br\/emfoco\/wp-content\/uploads\/2025\/08\/Colocar-a-mao-na-boca-750x422.jpg 750w, https:\/\/www.em.com.br\/emfoco\/wp-content\/uploads\/2025\/08\/Colocar-a-mao-na-boca-1140x641.jpg 1140w, https:\/\/www.em.com.br\/emfoco\/wp-content\/uploads\/2025\/08\/Colocar-a-mao-na-boca.jpg 1280w\" sizes=\"auto, (max-width: 1024px) 100vw, 1024px\" \/><figcaption class=\"wp-element-caption\">Colocar a m\u00e3o na boca &#8211; Cr\u00e9ditos: depositphotos.com \/ MarinaKuznetsovaBO &#8211; Cr\u00e9ditos: depositphotos.com \/ DmitriyAnaniev<\/figcaption><\/figure><\/div>\n\n\n<h2 class=\"wp-block-heading\">Quais s\u00e3o os significados culturais de cobrir a boca ao comer?<\/h2>\n\n\n\n<p>A interpreta\u00e7\u00e3o do gesto varia conforme a cultura. Em pa\u00edses como o Brasil, Jap\u00e3o e Coreia do Sul,&nbsp;<strong>cobrir a boca ao mastigar<\/strong>&nbsp;\u00e9 visto como sinal de educa\u00e7\u00e3o, principalmente diante de desconhecidos e em situa\u00e7\u00f5es p\u00fablicas. J\u00e1 em alguns pa\u00edses europeus, a pr\u00e1tica \u00e9 menos frequente, sendo substitu\u00edda por outras normas de etiqueta.<\/p>\n\n\n\n<p>Em festas entre amigos ou refei\u00e7\u00f5es familiares mais descontra\u00eddas, h\u00e1 maior flexibilidade. Entretanto, \u00e9 comum a orienta\u00e7\u00e3o para que crian\u00e7as aprendam o gesto desde cedo, refor\u00e7ando valores de respeito m\u00fatuo e autocontrole.<\/p>\n\n\n\n<p>Leia tamb\u00e9m: <a href=\"https:\/\/www.em.com.br\/emfoco\/2025\/07\/31\/a-maneira-mais-eficaz-de-ter-hortela-fresca-o-ano-inteiro-em-casa\/\" target=\"_blank\" rel=\"noreferrer noopener\">A maneira mais eficaz de ter hortel\u00e3 fresca o ano inteiro em casa<\/a><\/p>\n\n\n\n<h2 class=\"wp-block-heading\">Comunica\u00e7\u00e3o n\u00e3o verbal: o que significa cobrir a boca durante as refei\u00e7\u00f5es?<\/h2>\n\n\n\n<p>Al\u00e9m de etiqueta, colocar a m\u00e3o na frente da boca ao comer age como um recurso de&nbsp;<strong>comunica\u00e7\u00e3o n\u00e3o verbal<\/strong>. Pode demonstrar desconforto, timidez ou autodisciplina, especialmente quando algu\u00e9m teme ficar com restos de comida vis\u00edveis nos dentes ou sente inseguran\u00e7a quanto ao pr\u00f3prio modo de mastigar.<\/p>\n\n\n\n<p><strong>Este gesto tamb\u00e9m pode ser interpretado como<\/strong>&nbsp;tentativa de ocultar um bocejo, risada ou tossida s\u00fabita, funcionando como barreira simb\u00f3lica entre a pessoa e o ambiente ao redor. Vale observar que, em contextos informais, a aus\u00eancia do gesto costuma ser aceita sem julgamentos, desde que mantido o respeito pelos demais presentes.<\/p>\n\n\n\n<ul class=\"wp-block-list\">\n<li>Ao mastigar alimentos crocantes ou de dif\u00edcil degluti\u00e7\u00e3o, cobrir a boca evita acidentes visuais desconfort\u00e1veis.<\/li>\n\n\n\n<li>Quando acompanhado de conversa, demonstra aten\u00e7\u00e3o ao di\u00e1logo e ao pr\u00f3prio comportamento.<\/li>\n<\/ul>\n\n\n\n<h2 class=\"wp-block-heading\">Regras de etiqueta que envolvem levar a m\u00e3o \u00e0 boca \u00e0 mesa<\/h2>\n\n\n\n<p>Em ambientes sociais mais r\u00edgidos, as orienta\u00e7\u00f5es de&nbsp;<strong>boas maneiras \u00e0 mesa<\/strong>&nbsp;v\u00e3o al\u00e9m do simples gesto de cobrir a boca. \u00c9 recomendado utilizar o guardanapo para limpar os l\u00e1bios durante o prato, evitar falar de boca cheia e manter postura ereta, demonstrando aten\u00e7\u00e3o \u00e0s normas do momento.<\/p>\n\n\n\n<p>Vale a pena lembrar, ainda, algumas dicas pr\u00e1ticas ao comer em p\u00fablico:<\/p>\n\n\n\n<ol class=\"wp-block-list\">\n<li>Segure a m\u00e3o discretamente, sem cobrir <a href=\"https:\/\/www.gov.br\/saude\/pt-br\/assuntos\/noticias\/2023\/janeiro\/respeito-ao-ciclo-de-fome-e-saciedade-das-criancas-pequenas-ajuda-no-desenvolvimento\" target=\"_blank\" rel=\"noreferrer noopener\">totalmente <\/a>o rosto, apenas impedindo a visualiza\u00e7\u00e3o da mastiga\u00e7\u00e3o.<\/li>\n\n\n\n<li>Evite movimentos exagerados ou que chamem aten\u00e7\u00e3o de outros \u00e0 mesa.<\/li>\n\n\n\n<li>Em caso de tosse, bocejo ou espirro, sempre utilize um len\u00e7o ou guardanapo junto \u00e0 m\u00e3o.<\/li>\n<\/ol>\n\n\n\n<h2 class=\"wp-block-heading\">Respeito, contexto e conviv\u00eancia social<\/h2>\n\n\n\n<ul class=\"wp-block-list\">\n<li><strong>Colocar a m\u00e3o na frente da boca ao comer<\/strong>&nbsp;expressa respeito e preocupa\u00e7\u00e3o com o bem-estar dos demais \u00e0 mesa, integrando as regras de etiqueta em diferentes culturas.<\/li>\n\n\n\n<li>A ado\u00e7\u00e3o do gesto e sua interpreta\u00e7\u00e3o variam conforme o ambiente, valores familiares e costumes regionais.<\/li>\n\n\n\n<li>Compreender quando e como usar esse recurso refor\u00e7a a conviv\u00eancia harmoniosa e a comunica\u00e7\u00e3o n\u00e3o verbal positiva durante as refei\u00e7\u00f5es.<\/li>\n<\/ul>\n","protected":false},"excerpt":{"rendered":"<p>Colocar a m\u00e3o na frente da boca ao comer&nbsp;\u00e9 um gesto simples, mas carregado de significados sociais, culturais e comunicativos. Este h\u00e1bito, presente em diferentes tradi\u00e7\u00f5es e ambientes, desperta curiosidade sobre suas origens, objetivos e interpreta\u00e7\u00f5es no conv\u00edvio \u00e0 mesa. Por que colocar a m\u00e3o na frente da boca ao comer faz parte da etiqueta? [&hellip;]<\/p>\n","protected":false},"author":15,"featured_media":84664,"comment_status":"open","ping_status":"open","sticky":false,"template":"","format":"standard","meta":{"jnews-multi-image_gallery":[],"jnews_single_post":{"format":"standard"},"jnews_primary_category":[],"jnews_social_meta":[],"jnews_override_counter":[],"footnotes":""},"categories":[8819,1],"tags":[12450,4983,9013,5155],"class_list":["post-84661","post","type-post","status-publish","format-standard","has-post-thumbnail","hentry","category-curiosidades","category-noticias","tag-comer","tag-comportamento","tag-comportamento-alimentar","tag-psicologia"],"yoast_head":"<!-- This site is optimized with the Yoast SEO plugin v23.8 - https:\/\/yoast.com\/wordpress\/plugins\/seo\/ -->\n<title>Voc\u00ea faz isso ao comer, veja o que pode significar - Estado de Minas - Em foco<\/title>\n<meta name=\"description\" content=\"Cobrir a boca ao comer pode ser mais do que educa\u00e7\u00e3o. Veja o que esse gesto discreto revela sobre emo\u00e7\u00f5es e comportamento social.\" \/>\n<meta name=\"robots\" content=\"index, follow, max-snippet:-1, max-image-preview:large, max-video-preview:-1\" \/>\n<link rel=\"canonical\" href=\"https:\/\/www.em.com.br\/emfoco\/2025\/08\/03\/voce-faz-isso-ao-comer-veja-o-que-pode-significar\/\" \/>\n<meta property=\"og:locale\" content=\"pt_BR\" \/>\n<meta property=\"og:type\" content=\"article\" \/>\n<meta property=\"og:title\" content=\"Voc\u00ea faz isso ao comer, veja o que pode significar - Estado de Minas - Em foco\" \/>\n<meta property=\"og:description\" content=\"Cobrir a boca ao comer pode ser mais do que educa\u00e7\u00e3o. Veja o que esse gesto discreto revela sobre emo\u00e7\u00f5es e comportamento social.\" \/>\n<meta property=\"og:url\" content=\"https:\/\/www.em.com.br\/emfoco\/2025\/08\/03\/voce-faz-isso-ao-comer-veja-o-que-pode-significar\/\" \/>\n<meta property=\"og:site_name\" content=\"Estado de Minas - Em foco\" \/>\n<meta property=\"article:published_time\" content=\"2025-08-03T13:38:25+00:00\" \/>\n<meta property=\"article:modified_time\" content=\"2025-08-02T14:23:50+00:00\" \/>\n<meta property=\"og:image\" content=\"https:\/\/www.em.com.br\/emfoco\/wp-content\/uploads\/2025\/08\/mao-na-frente-boca_1753991186723.jpg\" \/>\n\t<meta property=\"og:image:width\" content=\"1280\" \/>\n\t<meta property=\"og:image:height\" content=\"720\" \/>\n\t<meta property=\"og:image:type\" content=\"image\/jpeg\" \/>\n<meta name=\"author\" content=\"Douglas Myth\" \/>\n<meta name=\"twitter:card\" content=\"summary_large_image\" \/>\n<meta name=\"twitter:label1\" content=\"Escrito por\" \/>\n\t<meta name=\"twitter:data1\" content=\"Douglas Myth\" \/>\n\t<meta name=\"twitter:label2\" content=\"Est. tempo de leitura\" \/>\n\t<meta name=\"twitter:data2\" content=\"4 minutos\" \/>\n<!-- \/ Yoast SEO plugin. -->","yoast_head_json":{"title":"Voc\u00ea faz isso ao comer, veja o que pode significar - Estado de Minas - Em foco","description":"Cobrir a boca ao comer pode ser mais do que educa\u00e7\u00e3o. Veja o que esse gesto discreto revela sobre emo\u00e7\u00f5es e comportamento social.","robots":{"index":"index","follow":"follow","max-snippet":"max-snippet:-1","max-image-preview":"max-image-preview:large","max-video-preview":"max-video-preview:-1"},"canonical":"https:\/\/www.em.com.br\/emfoco\/2025\/08\/03\/voce-faz-isso-ao-comer-veja-o-que-pode-significar\/","og_locale":"pt_BR","og_type":"article","og_title":"Voc\u00ea faz isso ao comer, veja o que pode significar - Estado de Minas - Em foco","og_description":"Cobrir a boca ao comer pode ser mais do que educa\u00e7\u00e3o. Veja o que esse gesto discreto revela sobre emo\u00e7\u00f5es e comportamento social.","og_url":"https:\/\/www.em.com.br\/emfoco\/2025\/08\/03\/voce-faz-isso-ao-comer-veja-o-que-pode-significar\/","og_site_name":"Estado de Minas - Em foco","article_published_time":"2025-08-03T13:38:25+00:00","article_modified_time":"2025-08-02T14:23:50+00:00","og_image":[{"width":1280,"height":720,"url":"https:\/\/www.em.com.br\/emfoco\/wp-content\/uploads\/2025\/08\/mao-na-frente-boca_1753991186723.jpg","type":"image\/jpeg"}],"author":"Douglas Myth","twitter_card":"summary_large_image","twitter_misc":{"Escrito por":"Douglas Myth","Est. tempo de leitura":"4 minutos"},"schema":{"@context":"https:\/\/schema.org","@graph":[{"@type":"WebPage","@id":"https:\/\/www.em.com.br\/emfoco\/2025\/08\/03\/voce-faz-isso-ao-comer-veja-o-que-pode-significar\/","url":"https:\/\/www.em.com.br\/emfoco\/2025\/08\/03\/voce-faz-isso-ao-comer-veja-o-que-pode-significar\/","name":"Voc\u00ea faz isso ao comer, veja o que pode significar - Estado de Minas - Em foco","isPartOf":{"@id":"https:\/\/www.em.com.br\/emfoco\/#website"},"primaryImageOfPage":{"@id":"https:\/\/www.em.com.br\/emfoco\/2025\/08\/03\/voce-faz-isso-ao-comer-veja-o-que-pode-significar\/#primaryimage"},"image":{"@id":"https:\/\/www.em.com.br\/emfoco\/2025\/08\/03\/voce-faz-isso-ao-comer-veja-o-que-pode-significar\/#primaryimage"},"thumbnailUrl":"https:\/\/www.em.com.br\/emfoco\/wp-content\/uploads\/2025\/08\/mao-na-frente-boca_1753991186723.jpg","datePublished":"2025-08-03T13:38:25+00:00","dateModified":"2025-08-02T14:23:50+00:00","author":{"@id":"https:\/\/www.em.com.br\/emfoco\/#\/schema\/person\/bba594b7eebe9b9885fec3a5c7837089"},"description":"Cobrir a boca ao comer pode ser mais do que educa\u00e7\u00e3o. Veja o que esse gesto discreto revela sobre emo\u00e7\u00f5es e comportamento social.","breadcrumb":{"@id":"https:\/\/www.em.com.br\/emfoco\/2025\/08\/03\/voce-faz-isso-ao-comer-veja-o-que-pode-significar\/#breadcrumb"},"inLanguage":"pt-BR","potentialAction":[{"@type":"ReadAction","target":["https:\/\/www.em.com.br\/emfoco\/2025\/08\/03\/voce-faz-isso-ao-comer-veja-o-que-pode-significar\/"]}]},{"@type":"ImageObject","inLanguage":"pt-BR","@id":"https:\/\/www.em.com.br\/emfoco\/2025\/08\/03\/voce-faz-isso-ao-comer-veja-o-que-pode-significar\/#primaryimage","url":"https:\/\/www.em.com.br\/emfoco\/wp-content\/uploads\/2025\/08\/mao-na-frente-boca_1753991186723.jpg","contentUrl":"https:\/\/www.em.com.br\/emfoco\/wp-content\/uploads\/2025\/08\/mao-na-frente-boca_1753991186723.jpg","width":1280,"height":720,"caption":"Colocar a m\u00e3o na boca - Cr\u00e9ditos: depositphotos.com \/ IgorVetushko"},{"@type":"BreadcrumbList","@id":"https:\/\/www.em.com.br\/emfoco\/2025\/08\/03\/voce-faz-isso-ao-comer-veja-o-que-pode-significar\/#breadcrumb","itemListElement":[{"@type":"ListItem","position":1,"name":"In\u00edcio","item":"https:\/\/www.em.com.br\/emfoco\/"},{"@type":"ListItem","position":2,"name":"Voc\u00ea faz isso ao comer, veja o que pode significar"}]},{"@type":"WebSite","@id":"https:\/\/www.em.com.br\/emfoco\/#website","url":"https:\/\/www.em.com.br\/emfoco\/","name":"Estado de Minas - Em foco","description":"Acompanhe as \u00faltimas not\u00edcias e fique bem informado sobre tudo o que acontece em Minas Gerais, Brasil e no mundo.","potentialAction":[{"@type":"SearchAction","target":{"@type":"EntryPoint","urlTemplate":"https:\/\/www.em.com.br\/emfoco\/?s={search_term_string}"},"query-input":{"@type":"PropertyValueSpecification","valueRequired":true,"valueName":"search_term_string"}}],"inLanguage":"pt-BR"},{"@type":"Person","@id":"https:\/\/www.em.com.br\/emfoco\/#\/schema\/person\/bba594b7eebe9b9885fec3a5c7837089","name":"Douglas Myth","image":{"@type":"ImageObject","inLanguage":"pt-BR","@id":"https:\/\/www.em.com.br\/emfoco\/#\/schema\/person\/image\/","url":"https:\/\/secure.gravatar.com\/avatar\/1ac3cf50d0e68642c697dc0c960c802f?s=96&d=mm&r=g","contentUrl":"https:\/\/secure.gravatar.com\/avatar\/1ac3cf50d0e68642c697dc0c960c802f?s=96&d=mm&r=g","caption":"Douglas Myth"},"url":"https:\/\/www.em.com.br\/emfoco\/author\/douglasmyth\/"}]}},"_links":{"self":[{"href":"https:\/\/www.em.com.br\/emfoco\/wp-json\/wp\/v2\/posts\/84661","targetHints":{"allow":["GET"]}}],"collection":[{"href":"https:\/\/www.em.com.br\/emfoco\/wp-json\/wp\/v2\/posts"}],"about":[{"href":"https:\/\/www.em.com.br\/emfoco\/wp-json\/wp\/v2\/types\/post"}],"author":[{"embeddable":true,"href":"https:\/\/www.em.com.br\/emfoco\/wp-json\/wp\/v2\/users\/15"}],"replies":[{"embeddable":true,"href":"https:\/\/www.em.com.br\/emfoco\/wp-json\/wp\/v2\/comments?post=84661"}],"version-history":[{"count":4,"href":"https:\/\/www.em.com.br\/emfoco\/wp-json\/wp\/v2\/posts\/84661\/revisions"}],"predecessor-version":[{"id":85615,"href":"https:\/\/www.em.com.br\/emfoco\/wp-json\/wp\/v2\/posts\/84661\/revisions\/85615"}],"wp:featuredmedia":[{"embeddable":true,"href":"https:\/\/www.em.com.br\/emfoco\/wp-json\/wp\/v2\/media\/84664"}],"wp:attachment":[{"href":"https:\/\/www.em.com.br\/emfoco\/wp-json\/wp\/v2\/media?parent=84661"}],"wp:term":[{"taxonomy":"category","embeddable":true,"href":"https:\/\/www.em.com.br\/emfoco\/wp-json\/wp\/v2\/categories?post=84661"},{"taxonomy":"post_tag","embeddable":true,"href":"https:\/\/www.em.com.br\/emfoco\/wp-json\/wp\/v2\/tags?post=84661"}],"curies":[{"name":"wp","href":"https:\/\/api.w.org\/{rel}","templated":true}]}}