{"id":84639,"date":"2025-08-02T21:38:49","date_gmt":"2025-08-03T00:38:49","guid":{"rendered":"https:\/\/www.em.com.br\/emfoco\/?p=84639"},"modified":"2025-07-31T16:22:49","modified_gmt":"2025-07-31T19:22:49","slug":"essa-estrutura-evita-abusos-no-uso-de-ia-em-empresas","status":"publish","type":"post","link":"https:\/\/www.em.com.br\/emfoco\/2025\/08\/02\/essa-estrutura-evita-abusos-no-uso-de-ia-em-empresas\/","title":{"rendered":"Essa estrutura evita abusos no uso de IA em empresas"},"content":{"rendered":"\n<p>O debate sobre como&nbsp;<strong>estruturas de governan\u00e7a de Intelig\u00eancia Artificial<\/strong>&nbsp;controlam o uso da tecnologia nas empresas est\u00e1 em alta. Com a expans\u00e3o dos algoritmos inteligentes, crescem os riscos de uso indevido, falhas \u00e9ticas e vazamentos de dados corporativos. Para enfrentar esses desafios, empresas adotam mecanismos rigorosos que limitam excessos e proporcionam maior transpar\u00eancia.<\/p>\n\n\n\n<ul class=\"wp-block-list\">\n<li><strong>Barreiras robustas<\/strong>&nbsp;de controle reduzem atos abusivos e mant\u00eam decis\u00f5es alinhadas a pol\u00edticas internas.<\/li>\n\n\n\n<li>Procedimentos de&nbsp;<strong>auditoria e monitoramento<\/strong>&nbsp;garantem responsabilidade no desenvolvimento e implanta\u00e7\u00e3o dos sistemas inteligentes.<\/li>\n\n\n\n<li>Novas estruturas de governan\u00e7a promovem prote\u00e7\u00e3o de dados e conformidade regulat\u00f3ria, ajustando a atua\u00e7\u00e3o da IA ao ambiente organizacional.<\/li>\n<\/ul>\n\n\n\n<h2 class=\"wp-block-heading\">Quais mecanismos impedem o uso inadequado da Intelig\u00eancia Artificial?<\/h2>\n\n\n\n<p><strong>Empresas estruturam processos de autoriza\u00e7\u00e3o e revis\u00e3o<\/strong>&nbsp;para o uso de algoritmos, exigindo a aprova\u00e7\u00e3o de lideran\u00e7as ou comit\u00eas antes do desenvolvimento de solu\u00e7\u00f5es inteligentes. Ao centralizar a tomada de decis\u00e3o, \u00e9 poss\u00edvel bloquear projetos que ofere\u00e7am riscos de seguran\u00e7a, discriminem indiv\u00edduos ou n\u00e3o atendam legisla\u00e7\u00f5es vigentes.<\/p>\n\n\n\n<p>A supervis\u00e3o peri\u00f3dica \u00e9 outro mecanismo decisivo. Times multidisciplinares revisam c\u00f3digos-fonte, analisam bancos de dados utilizados e monitoram decis\u00f5es automatizadas. A atua\u00e7\u00e3o cont\u00ednua desses grupos impede que pr\u00e1ticas anti\u00e9ticas avancem sem controle, fortalecendo a reputa\u00e7\u00e3o institucional.<\/p>\n\n\n<div class=\"wp-block-image\">\n<figure class=\"aligncenter size-large\"><img loading=\"lazy\" decoding=\"async\" width=\"1024\" height=\"576\" src=\"https:\/\/www.em.com.br\/emfoco\/wp-content\/uploads\/2025\/08\/Governanca-de-IA-1024x576.jpg\" alt=\"Governan\u00e7a de IA\" class=\"wp-image-84644\" srcset=\"https:\/\/www.em.com.br\/emfoco\/wp-content\/uploads\/2025\/08\/Governanca-de-IA-1024x576.jpg 1024w, https:\/\/www.em.com.br\/emfoco\/wp-content\/uploads\/2025\/08\/Governanca-de-IA-300x169.jpg 300w, https:\/\/www.em.com.br\/emfoco\/wp-content\/uploads\/2025\/08\/Governanca-de-IA-768x432.jpg 768w, https:\/\/www.em.com.br\/emfoco\/wp-content\/uploads\/2025\/08\/Governanca-de-IA-750x422.jpg 750w, https:\/\/www.em.com.br\/emfoco\/wp-content\/uploads\/2025\/08\/Governanca-de-IA-1140x641.jpg 1140w, https:\/\/www.em.com.br\/emfoco\/wp-content\/uploads\/2025\/08\/Governanca-de-IA.jpg 1280w\" sizes=\"auto, (max-width: 1024px) 100vw, 1024px\" \/><figcaption class=\"wp-element-caption\">Governan\u00e7a de IA &#8211; Cr\u00e9ditos: depositphotos.com \/ AndrewLozovyi &#8211; Cr\u00e9ditos: depositphotos.com \/ everythingposs<\/figcaption><\/figure><\/div>\n\n\n<p>Leia tamb\u00e9m: <a href=\"https:\/\/www.em.com.br\/emfoco\/2025\/07\/31\/tansy-e-o-repelente-natural-mais-antigo-da-historia\/\" target=\"_blank\" rel=\"noreferrer noopener\">Essa planta \u00e9 o repelente natural mais antigo da hist\u00f3ria e certeza muitos n\u00e3o sabem<\/a><\/p>\n\n\n\n<h2 class=\"wp-block-heading\">Estruturas de compliance evitam abusos em IA corporativa<\/h2>\n\n\n\n<p>Para limitar a\u00e7\u00f5es indevidas, empresas criam&nbsp;<strong>pol\u00edticas internas de governan\u00e7a e compliance<\/strong>&nbsp;voltadas especificamente ao uso da Intelig\u00eancia Artificial. Esses documentos detalham quais \u00e1reas podem adotar solu\u00e7\u00f5es inteligentes, os limites de dados usados e os passos obrigat\u00f3rios de valida\u00e7\u00e3o.<\/p>\n\n\n\n<ul class=\"wp-block-list\">\n<li>O mapeamento de dados sens\u00edveis e o consentimento informado dos titulares se tornam etapas fundamentais.<\/li>\n\n\n\n<li>Protocolos claros de resposta a incidentes digitais ajudam a agir rapidamente em casos de irregularidade.<\/li>\n<\/ul>\n\n\n\n<p>Programas de treinamento e capacita\u00e7\u00e3o mant\u00eam os colaboradores atualizados sobre riscos, legisla\u00e7\u00f5es e melhores pr\u00e1ticas no trato com IA. Como \u201cdica r\u00e1pida\u201d, refor\u00e7ar a cultura de transpar\u00eancia e notifica\u00e7\u00e3o \u00e9 vital para identificar abusos logo no in\u00edcio.<\/p>\n\n\n\n<h2 class=\"wp-block-heading\">Como a governan\u00e7a de IA protege dados e reputa\u00e7\u00e3o?<\/h2>\n\n\n\n<p><strong>Prote\u00e7\u00e3o de dados e imagem corporativa<\/strong>&nbsp;s\u00e3o fortalezas das estruturas respons\u00e1veis pelo uso \u00e9tico da IA. Ferramentas t\u00e9cnicas, como mascaramento de informa\u00e7\u00f5es e anonimiza\u00e7\u00e3o de registros, reduzem impactos em caso de vazamento ou uso indevido. Sistemas de logging auditam todas as intera\u00e7\u00f5es, gerando rastreamento detalhado para an\u00e1lise posterior.<\/p>\n\n\n\n<p>Al\u00e9m disso, diretrizes espec\u00edficas para classifica\u00e7\u00e3o e reten\u00e7\u00e3o de dados <a href=\"https:\/\/www.gov.br\/governodigital\/pt-br\/infraestrutura-nacional-de-dados\/inteligencia-artificial-1\" target=\"_blank\" rel=\"noreferrer noopener\">previnem <\/a>que informa\u00e7\u00f5es sens\u00edveis permane\u00e7am por tempo excessivo em servidores, minimizando riscos jur\u00eddicos e evitando exposi\u00e7\u00e3o p\u00fablica de dados cr\u00edticos.<\/p>\n\n\n\n<h2 class=\"wp-block-heading\">Governan\u00e7a de Intelig\u00eancia Artificial \u00e9 essencial no ambiente empresarial<\/h2>\n\n\n\n<ul class=\"wp-block-list\">\n<li><strong>Mecanismos de controle<\/strong>&nbsp;e auditoria s\u00e3o pe\u00e7as-chave para evitar abusos de Intelig\u00eancia Artificial nas empresas.<\/li>\n\n\n\n<li><strong>Estruturas de compliance<\/strong>&nbsp;detalham procedimentos e garantem alinhamento com normas regulat\u00f3rias.<\/li>\n\n\n\n<li>Empresas que priorizam&nbsp;<strong>prote\u00e7\u00e3o de dados<\/strong>&nbsp;fortalecem sua reputa\u00e7\u00e3o e previnem preju\u00edzos futuros.<\/li>\n<\/ul>\n","protected":false},"excerpt":{"rendered":"<p>O debate sobre como&nbsp;estruturas de governan\u00e7a de Intelig\u00eancia Artificial&nbsp;controlam o uso da tecnologia nas empresas est\u00e1 em alta. Com a expans\u00e3o dos algoritmos inteligentes, crescem os riscos de uso indevido, falhas \u00e9ticas e vazamentos de dados corporativos. Para enfrentar esses desafios, empresas adotam mecanismos rigorosos que limitam excessos e proporcionam maior transpar\u00eancia. Quais mecanismos impedem [&hellip;]<\/p>\n","protected":false},"author":15,"featured_media":84643,"comment_status":"open","ping_status":"open","sticky":false,"template":"","format":"standard","meta":{"jnews-multi-image_gallery":[],"jnews_single_post":{"format":"standard"},"jnews_primary_category":[],"jnews_social_meta":[],"jnews_override_counter":[],"footnotes":""},"categories":[8819,1],"tags":[1249,5023,161],"class_list":["post-84639","post","type-post","status-publish","format-standard","has-post-thumbnail","hentry","category-curiosidades","category-noticias","tag-inteligencia-artificial","tag-medo","tag-tecnologia"],"yoast_head":"<!-- This site is optimized with the Yoast SEO plugin v23.8 - https:\/\/yoast.com\/wordpress\/plugins\/seo\/ -->\n<title>Essa estrutura evita abusos no uso de IA em empresas - Estado de Minas - Em foco<\/title>\n<meta name=\"description\" content=\"A governan\u00e7a de IA busca garantir que a tecnologia seja usada de forma \u00e9tica e segura. Veja os princ\u00edpios que orientam esse processo.\" \/>\n<meta name=\"robots\" content=\"index, follow, max-snippet:-1, max-image-preview:large, max-video-preview:-1\" \/>\n<link rel=\"canonical\" href=\"https:\/\/www.em.com.br\/emfoco\/2025\/08\/02\/essa-estrutura-evita-abusos-no-uso-de-ia-em-empresas\/\" \/>\n<meta property=\"og:locale\" content=\"pt_BR\" \/>\n<meta property=\"og:type\" content=\"article\" \/>\n<meta property=\"og:title\" content=\"Essa estrutura evita abusos no uso de IA em empresas - Estado de Minas - Em foco\" \/>\n<meta property=\"og:description\" content=\"A governan\u00e7a de IA busca garantir que a tecnologia seja usada de forma \u00e9tica e segura. Veja os princ\u00edpios que orientam esse processo.\" \/>\n<meta property=\"og:url\" content=\"https:\/\/www.em.com.br\/emfoco\/2025\/08\/02\/essa-estrutura-evita-abusos-no-uso-de-ia-em-empresas\/\" \/>\n<meta property=\"og:site_name\" content=\"Estado de Minas - Em foco\" \/>\n<meta property=\"article:published_time\" content=\"2025-08-03T00:38:49+00:00\" \/>\n<meta property=\"article:modified_time\" content=\"2025-07-31T19:22:49+00:00\" \/>\n<meta property=\"og:image\" content=\"https:\/\/www.em.com.br\/emfoco\/wp-content\/uploads\/2025\/08\/Governanca-de-IA_1753989627477.jpg\" \/>\n\t<meta property=\"og:image:width\" content=\"1279\" \/>\n\t<meta property=\"og:image:height\" content=\"720\" \/>\n\t<meta property=\"og:image:type\" content=\"image\/jpeg\" \/>\n<meta name=\"author\" content=\"Douglas Myth\" \/>\n<meta name=\"twitter:card\" content=\"summary_large_image\" \/>\n<meta name=\"twitter:label1\" content=\"Escrito por\" \/>\n\t<meta name=\"twitter:data1\" content=\"Douglas Myth\" \/>\n\t<meta name=\"twitter:label2\" content=\"Est. tempo de leitura\" \/>\n\t<meta name=\"twitter:data2\" content=\"3 minutos\" \/>\n<!-- \/ Yoast SEO plugin. -->","yoast_head_json":{"title":"Essa estrutura evita abusos no uso de IA em empresas - Estado de Minas - Em foco","description":"A governan\u00e7a de IA busca garantir que a tecnologia seja usada de forma \u00e9tica e segura. Veja os princ\u00edpios que orientam esse processo.","robots":{"index":"index","follow":"follow","max-snippet":"max-snippet:-1","max-image-preview":"max-image-preview:large","max-video-preview":"max-video-preview:-1"},"canonical":"https:\/\/www.em.com.br\/emfoco\/2025\/08\/02\/essa-estrutura-evita-abusos-no-uso-de-ia-em-empresas\/","og_locale":"pt_BR","og_type":"article","og_title":"Essa estrutura evita abusos no uso de IA em empresas - Estado de Minas - Em foco","og_description":"A governan\u00e7a de IA busca garantir que a tecnologia seja usada de forma \u00e9tica e segura. Veja os princ\u00edpios que orientam esse processo.","og_url":"https:\/\/www.em.com.br\/emfoco\/2025\/08\/02\/essa-estrutura-evita-abusos-no-uso-de-ia-em-empresas\/","og_site_name":"Estado de Minas - Em foco","article_published_time":"2025-08-03T00:38:49+00:00","article_modified_time":"2025-07-31T19:22:49+00:00","og_image":[{"width":1279,"height":720,"url":"https:\/\/www.em.com.br\/emfoco\/wp-content\/uploads\/2025\/08\/Governanca-de-IA_1753989627477.jpg","type":"image\/jpeg"}],"author":"Douglas Myth","twitter_card":"summary_large_image","twitter_misc":{"Escrito por":"Douglas Myth","Est. tempo de leitura":"3 minutos"},"schema":{"@context":"https:\/\/schema.org","@graph":[{"@type":"WebPage","@id":"https:\/\/www.em.com.br\/emfoco\/2025\/08\/02\/essa-estrutura-evita-abusos-no-uso-de-ia-em-empresas\/","url":"https:\/\/www.em.com.br\/emfoco\/2025\/08\/02\/essa-estrutura-evita-abusos-no-uso-de-ia-em-empresas\/","name":"Essa estrutura evita abusos no uso de IA em empresas - Estado de Minas - Em foco","isPartOf":{"@id":"https:\/\/www.em.com.br\/emfoco\/#website"},"primaryImageOfPage":{"@id":"https:\/\/www.em.com.br\/emfoco\/2025\/08\/02\/essa-estrutura-evita-abusos-no-uso-de-ia-em-empresas\/#primaryimage"},"image":{"@id":"https:\/\/www.em.com.br\/emfoco\/2025\/08\/02\/essa-estrutura-evita-abusos-no-uso-de-ia-em-empresas\/#primaryimage"},"thumbnailUrl":"https:\/\/www.em.com.br\/emfoco\/wp-content\/uploads\/2025\/08\/Governanca-de-IA_1753989627477.jpg","datePublished":"2025-08-03T00:38:49+00:00","dateModified":"2025-07-31T19:22:49+00:00","author":{"@id":"https:\/\/www.em.com.br\/emfoco\/#\/schema\/person\/bba594b7eebe9b9885fec3a5c7837089"},"description":"A governan\u00e7a de IA busca garantir que a tecnologia seja usada de forma \u00e9tica e segura. Veja os princ\u00edpios que orientam esse processo.","breadcrumb":{"@id":"https:\/\/www.em.com.br\/emfoco\/2025\/08\/02\/essa-estrutura-evita-abusos-no-uso-de-ia-em-empresas\/#breadcrumb"},"inLanguage":"pt-BR","potentialAction":[{"@type":"ReadAction","target":["https:\/\/www.em.com.br\/emfoco\/2025\/08\/02\/essa-estrutura-evita-abusos-no-uso-de-ia-em-empresas\/"]}]},{"@type":"ImageObject","inLanguage":"pt-BR","@id":"https:\/\/www.em.com.br\/emfoco\/2025\/08\/02\/essa-estrutura-evita-abusos-no-uso-de-ia-em-empresas\/#primaryimage","url":"https:\/\/www.em.com.br\/emfoco\/wp-content\/uploads\/2025\/08\/Governanca-de-IA_1753989627477.jpg","contentUrl":"https:\/\/www.em.com.br\/emfoco\/wp-content\/uploads\/2025\/08\/Governanca-de-IA_1753989627477.jpg","width":1279,"height":720,"caption":"Governan\u00e7a de IA - Cr\u00e9ditos: depositphotos.com \/ yasmith14.gmail.com"},{"@type":"BreadcrumbList","@id":"https:\/\/www.em.com.br\/emfoco\/2025\/08\/02\/essa-estrutura-evita-abusos-no-uso-de-ia-em-empresas\/#breadcrumb","itemListElement":[{"@type":"ListItem","position":1,"name":"In\u00edcio","item":"https:\/\/www.em.com.br\/emfoco\/"},{"@type":"ListItem","position":2,"name":"Essa estrutura evita abusos no uso de IA em empresas"}]},{"@type":"WebSite","@id":"https:\/\/www.em.com.br\/emfoco\/#website","url":"https:\/\/www.em.com.br\/emfoco\/","name":"Estado de Minas - Em foco","description":"Acompanhe as \u00faltimas not\u00edcias e fique bem informado sobre tudo o que acontece em Minas Gerais, Brasil e no mundo.","potentialAction":[{"@type":"SearchAction","target":{"@type":"EntryPoint","urlTemplate":"https:\/\/www.em.com.br\/emfoco\/?s={search_term_string}"},"query-input":{"@type":"PropertyValueSpecification","valueRequired":true,"valueName":"search_term_string"}}],"inLanguage":"pt-BR"},{"@type":"Person","@id":"https:\/\/www.em.com.br\/emfoco\/#\/schema\/person\/bba594b7eebe9b9885fec3a5c7837089","name":"Douglas Myth","image":{"@type":"ImageObject","inLanguage":"pt-BR","@id":"https:\/\/www.em.com.br\/emfoco\/#\/schema\/person\/image\/","url":"https:\/\/secure.gravatar.com\/avatar\/1ac3cf50d0e68642c697dc0c960c802f?s=96&d=mm&r=g","contentUrl":"https:\/\/secure.gravatar.com\/avatar\/1ac3cf50d0e68642c697dc0c960c802f?s=96&d=mm&r=g","caption":"Douglas Myth"},"url":"https:\/\/www.em.com.br\/emfoco\/author\/douglasmyth\/"}]}},"_links":{"self":[{"href":"https:\/\/www.em.com.br\/emfoco\/wp-json\/wp\/v2\/posts\/84639","targetHints":{"allow":["GET"]}}],"collection":[{"href":"https:\/\/www.em.com.br\/emfoco\/wp-json\/wp\/v2\/posts"}],"about":[{"href":"https:\/\/www.em.com.br\/emfoco\/wp-json\/wp\/v2\/types\/post"}],"author":[{"embeddable":true,"href":"https:\/\/www.em.com.br\/emfoco\/wp-json\/wp\/v2\/users\/15"}],"replies":[{"embeddable":true,"href":"https:\/\/www.em.com.br\/emfoco\/wp-json\/wp\/v2\/comments?post=84639"}],"version-history":[{"count":3,"href":"https:\/\/www.em.com.br\/emfoco\/wp-json\/wp\/v2\/posts\/84639\/revisions"}],"predecessor-version":[{"id":84645,"href":"https:\/\/www.em.com.br\/emfoco\/wp-json\/wp\/v2\/posts\/84639\/revisions\/84645"}],"wp:featuredmedia":[{"embeddable":true,"href":"https:\/\/www.em.com.br\/emfoco\/wp-json\/wp\/v2\/media\/84643"}],"wp:attachment":[{"href":"https:\/\/www.em.com.br\/emfoco\/wp-json\/wp\/v2\/media?parent=84639"}],"wp:term":[{"taxonomy":"category","embeddable":true,"href":"https:\/\/www.em.com.br\/emfoco\/wp-json\/wp\/v2\/categories?post=84639"},{"taxonomy":"post_tag","embeddable":true,"href":"https:\/\/www.em.com.br\/emfoco\/wp-json\/wp\/v2\/tags?post=84639"}],"curies":[{"name":"wp","href":"https:\/\/api.w.org\/{rel}","templated":true}]}}