{"id":84622,"date":"2025-08-01T08:18:00","date_gmt":"2025-08-01T11:18:00","guid":{"rendered":"https:\/\/www.em.com.br\/emfoco\/?p=84622"},"modified":"2025-07-31T16:12:15","modified_gmt":"2025-07-31T19:12:15","slug":"estudantes-recebem-grana-extra-todo-mes-gracas-ao-pe-de-meia","status":"publish","type":"post","link":"https:\/\/www.em.com.br\/emfoco\/2025\/08\/01\/estudantes-recebem-grana-extra-todo-mes-gracas-ao-pe-de-meia\/","title":{"rendered":"Estudantes recebem grana extra todo m\u00eas gra\u00e7as ao P\u00e9-de-meia"},"content":{"rendered":"\n<p>O programa federal <strong><a href=\"https:\/\/www.em.com.br\/emfoco\/2025\/07\/31\/veja-quem-tem-direito-aos-r-200-mensais-do-pe-de-meia-e-como-garantir\/\" target=\"_blank\" rel=\"noreferrer noopener\">P\u00e9-de-Meia<\/a><\/strong>, destinado a estudantes do ensino m\u00e9dio da rede p\u00fablica, visa oferecer apoio financeiro para incentivar a frequ\u00eancia e conclus\u00e3o dos estudos. Os pagamentos do programa s\u00e3o realizados de forma escalonada, com base no m\u00eas de nascimento dos estudantes. Este sistema de incentivo, parte das iniciativas para a perman\u00eancia escolar, beneficia alunos inscritos no <strong>Cadastro \u00danico para Programas Sociais do Governo Federal<\/strong> (<a href=\"https:\/\/www.gov.br\/pt-br\/servicos\/consultar-dados-do-cadastro-unico-cadunico\" target=\"_blank\" rel=\"noreferrer noopener\">Cad\u00danico<\/a>), que mant\u00eam frequ\u00eancia m\u00ednima de 80% em suas atividades escolares.<\/p>\n\n\n\n<p>A partir de julho de 2025, os participantes do <strong>P\u00e9-de-Meia<\/strong> receber\u00e3o um dep\u00f3sito de R$ 200, referente ao Incentivo Frequ\u00eancia. Este montante comp\u00f5e os diversos benef\u00edcios oferecidos ao longo do ano, que podem totalizar at\u00e9 R$ 3.200 por estudante. O <strong>P\u00e9-de-Meia<\/strong> contempla quatro tipos de incentivos: <strong>Matr\u00edcula, Frequ\u00eancia, Conclus\u00e3o e Enem<\/strong>, cada um com crit\u00e9rios espec\u00edficos para libera\u00e7\u00e3o. Estes valores s\u00e3o depositados em contas digitais, gerando um suporte financeiro significativo para os alunos e suas fam\u00edlias.<\/p>\n\n\n\n<h2 class=\"wp-block-heading\">Quem pode participar do P\u00e9-de-Meia?<\/h2>\n\n\n<div class=\"wp-block-image\">\n<figure class=\"aligncenter size-large\"><img loading=\"lazy\" decoding=\"async\" width=\"1024\" height=\"576\" src=\"https:\/\/www.em.com.br\/emfoco\/wp-content\/uploads\/2025\/06\/estudantes_1749156000477-1024x576.jpg\" alt=\"P\u00e9-de-Meia vira esperan\u00e7a de renda fixa para jovens em vulnerabilidade\" class=\"wp-image-56516\" srcset=\"https:\/\/www.em.com.br\/emfoco\/wp-content\/uploads\/2025\/06\/estudantes_1749156000477-1024x576.jpg 1024w, https:\/\/www.em.com.br\/emfoco\/wp-content\/uploads\/2025\/06\/estudantes_1749156000477-300x169.jpg 300w, https:\/\/www.em.com.br\/emfoco\/wp-content\/uploads\/2025\/06\/estudantes_1749156000477-768x432.jpg 768w, https:\/\/www.em.com.br\/emfoco\/wp-content\/uploads\/2025\/06\/estudantes_1749156000477-750x422.jpg 750w, https:\/\/www.em.com.br\/emfoco\/wp-content\/uploads\/2025\/06\/estudantes_1749156000477-1140x641.jpg 1140w, https:\/\/www.em.com.br\/emfoco\/wp-content\/uploads\/2025\/06\/estudantes_1749156000477.jpg 1280w\" sizes=\"auto, (max-width: 1024px) 100vw, 1024px\" \/><figcaption class=\"wp-element-caption\">Estudantes &#8211; Cr\u00e9ditos: depositphotos.com \/ londondeposit<\/figcaption><\/figure><\/div>\n\n\n<p>Para qualificar-se ao programa, os estudantes devem atender a alguns crit\u00e9rios:<\/p>\n\n\n\n<ul class=\"wp-block-list\">\n<li>Estar matriculado em escola p\u00fablica, cursando ensino m\u00e9dio regular ou <strong>EJA<\/strong>;<\/li>\n\n\n\n<li>Ter idade entre 14 e 24 anos;<\/li>\n\n\n\n<li>Possuir CPF regularizado;<\/li>\n\n\n\n<li>Fam\u00edlia inscrita no <strong>Cad\u00danico<\/strong>, com renda familiar per capita de at\u00e9 meio sal\u00e1rio m\u00ednimo;<\/li>\n\n\n\n<li>Manter frequ\u00eancia escolar m\u00ednima exigida pelo programa.<\/li>\n<\/ul>\n\n\n\n<p>A sele\u00e7\u00e3o dos benefici\u00e1rios \u00e9 autom\u00e1tica, baseada nas informa\u00e7\u00f5es fornecidas pelas secretarias estaduais e municipais de educa\u00e7\u00e3o em conjunto com os registros do <strong>Cad\u00danico<\/strong>. Este processo visa garantir que as fam\u00edlias mais necessitadas sejam priorizadas conforme os limites or\u00e7ament\u00e1rios.<\/p>\n\n\n\n<h2 class=\"wp-block-heading\">Como s\u00e3o mantidos os pagamentos?<\/h2>\n\n\n\n<p>Para assegurar que os pagamentos sejam efetuados sem atrasos, o <strong>Minist\u00e9rio da Educa\u00e7\u00e3o<\/strong> (MEC) colabora diretamente com estados e munic\u00edpios. S\u00e3o estas entidades que atualizam os dados de matr\u00edcula e frequ\u00eancia escolar dos estudantes, informa\u00e7\u00e3o fundamental para este tipo de registro. Essa parceria estrat\u00e9gica busca reduzir a evas\u00e3o escolar ao manter jovens de baixa renda nas escolas.<\/p>\n\n\n\n<h2 class=\"wp-block-heading\">Como acompanhar os benef\u00edcios pagos?<\/h2>\n\n\n\n<p>Os alunos podem monitorar os repasses financeiros atrav\u00e9s do aplicativo <strong>Jornada do Estudante<\/strong>, especialmente desenvolvido para o acompanhamento dos benef\u00edcios do programa. Al\u00e9m disso, existe a op\u00e7\u00e3o de acompanhar informa\u00e7\u00f5es diretamente pelo site oficial do <strong>MEC<\/strong>. Caso enfrentem dificuldades com o acesso ou n\u00e3o identifiquem o dep\u00f3sito previsto, devem procurar a secretaria da escola para verificar se os dados pessoais est\u00e3o corretos e atualizados.<\/p>\n\n\n\n<p>Veja algumas vantagens de acompanhar os repasses:<\/p>\n\n\n\n<ul class=\"wp-block-list\">\n<li>Maior controle financeiro sobre os benef\u00edcios recebidos;<\/li>\n\n\n\n<li>Facilidade em identificar poss\u00edveis problemas nos dep\u00f3sitos;<\/li>\n\n\n\n<li>Transpar\u00eancia no processo de pagamento dos incentivos;<\/li>\n\n\n\n<li>Possibilidade de planejamento do uso do recurso ao longo do ano.<\/li>\n<\/ul>\n\n\n\n<p>Deste modo, o <strong>P\u00e9-de-Meia<\/strong> n\u00e3o s\u00f3 oferece suporte financeiro, mas tamb\u00e9m fortalece a pol\u00edtica de inclus\u00e3o educacional do governo. Desde sua implementa\u00e7\u00e3o em 2024, o programa tem sido uma ferramenta vital para mais de 5 milh\u00f5es de estudantes, contribuindo para a redu\u00e7\u00e3o da evas\u00e3o escolar e promovendo o direito \u00e0 conclus\u00e3o dos estudos para jovens em situa\u00e7\u00e3o de vulnerabilidade socioecon\u00f4mica.<\/p>\n","protected":false},"excerpt":{"rendered":"<p>O programa federal P\u00e9-de-Meia, destinado a estudantes do ensino m\u00e9dio da rede p\u00fablica, visa oferecer apoio financeiro para incentivar a frequ\u00eancia e conclus\u00e3o dos estudos. Os pagamentos do programa s\u00e3o realizados de forma escalonada, com base no m\u00eas de nascimento dos estudantes. Este sistema de incentivo, parte das iniciativas para a perman\u00eancia escolar, beneficia alunos [&hellip;]<\/p>\n","protected":false},"author":20,"featured_media":68413,"comment_status":"open","ping_status":"open","sticky":false,"template":"","format":"standard","meta":{"jnews-multi-image_gallery":[],"jnews_single_post":{"format":"standard"},"jnews_primary_category":[],"jnews_social_meta":[],"jnews_override_counter":[],"footnotes":""},"categories":[28,1],"tags":[12850,10675,8567],"class_list":["post-84622","post","type-post","status-publish","format-standard","has-post-thumbnail","hentry","category-economia","category-noticias","tag-cadunico-2","tag-mec","tag-pe-de-meia"],"yoast_head":"<!-- This site is optimized with the Yoast SEO plugin v23.8 - https:\/\/yoast.com\/wordpress\/plugins\/seo\/ -->\n<title>Estudantes recebem grana extra todo m\u00eas gra\u00e7as ao P\u00e9-de-meia - Estado de Minas - Em foco<\/title>\n<meta name=\"description\" content=\"Estudantes da rede p\u00fablica agora podem receber at\u00e9 R$ 3.200 por ano com o P\u00e9-de-Meia. Veja se voc\u00ea tem direito a esse apoio financeiro.\" \/>\n<meta name=\"robots\" content=\"index, follow, max-snippet:-1, max-image-preview:large, max-video-preview:-1\" \/>\n<link rel=\"canonical\" href=\"https:\/\/www.em.com.br\/emfoco\/2025\/08\/01\/estudantes-recebem-grana-extra-todo-mes-gracas-ao-pe-de-meia\/\" \/>\n<meta property=\"og:locale\" content=\"pt_BR\" \/>\n<meta property=\"og:type\" content=\"article\" \/>\n<meta property=\"og:title\" content=\"Estudantes recebem grana extra todo m\u00eas gra\u00e7as ao P\u00e9-de-meia - Estado de Minas - Em foco\" \/>\n<meta property=\"og:description\" content=\"Estudantes da rede p\u00fablica agora podem receber at\u00e9 R$ 3.200 por ano com o P\u00e9-de-Meia. Veja se voc\u00ea tem direito a esse apoio financeiro.\" \/>\n<meta property=\"og:url\" content=\"https:\/\/www.em.com.br\/emfoco\/2025\/08\/01\/estudantes-recebem-grana-extra-todo-mes-gracas-ao-pe-de-meia\/\" \/>\n<meta property=\"og:site_name\" content=\"Estado de Minas - Em foco\" \/>\n<meta property=\"article:published_time\" content=\"2025-08-01T11:18:00+00:00\" \/>\n<meta property=\"article:modified_time\" content=\"2025-07-31T19:12:15+00:00\" \/>\n<meta property=\"og:image\" content=\"https:\/\/www.em.com.br\/emfoco\/wp-content\/uploads\/2025\/06\/pe-de-meia-feliz.png\" \/>\n\t<meta property=\"og:image:width\" content=\"1280\" \/>\n\t<meta property=\"og:image:height\" content=\"720\" \/>\n\t<meta property=\"og:image:type\" content=\"image\/png\" \/>\n<meta name=\"author\" content=\"Ingrid Diniz\" \/>\n<meta name=\"twitter:card\" content=\"summary_large_image\" \/>\n<meta name=\"twitter:label1\" content=\"Escrito por\" \/>\n\t<meta name=\"twitter:data1\" content=\"Ingrid Diniz\" \/>\n\t<meta name=\"twitter:label2\" content=\"Est. tempo de leitura\" \/>\n\t<meta name=\"twitter:data2\" content=\"4 minutos\" \/>\n<!-- \/ Yoast SEO plugin. -->","yoast_head_json":{"title":"Estudantes recebem grana extra todo m\u00eas gra\u00e7as ao P\u00e9-de-meia - Estado de Minas - Em foco","description":"Estudantes da rede p\u00fablica agora podem receber at\u00e9 R$ 3.200 por ano com o P\u00e9-de-Meia. Veja se voc\u00ea tem direito a esse apoio financeiro.","robots":{"index":"index","follow":"follow","max-snippet":"max-snippet:-1","max-image-preview":"max-image-preview:large","max-video-preview":"max-video-preview:-1"},"canonical":"https:\/\/www.em.com.br\/emfoco\/2025\/08\/01\/estudantes-recebem-grana-extra-todo-mes-gracas-ao-pe-de-meia\/","og_locale":"pt_BR","og_type":"article","og_title":"Estudantes recebem grana extra todo m\u00eas gra\u00e7as ao P\u00e9-de-meia - Estado de Minas - Em foco","og_description":"Estudantes da rede p\u00fablica agora podem receber at\u00e9 R$ 3.200 por ano com o P\u00e9-de-Meia. Veja se voc\u00ea tem direito a esse apoio financeiro.","og_url":"https:\/\/www.em.com.br\/emfoco\/2025\/08\/01\/estudantes-recebem-grana-extra-todo-mes-gracas-ao-pe-de-meia\/","og_site_name":"Estado de Minas - Em foco","article_published_time":"2025-08-01T11:18:00+00:00","article_modified_time":"2025-07-31T19:12:15+00:00","og_image":[{"width":1280,"height":720,"url":"https:\/\/www.em.com.br\/emfoco\/wp-content\/uploads\/2025\/06\/pe-de-meia-feliz.png","type":"image\/png"}],"author":"Ingrid Diniz","twitter_card":"summary_large_image","twitter_misc":{"Escrito por":"Ingrid Diniz","Est. tempo de leitura":"4 minutos"},"schema":{"@context":"https:\/\/schema.org","@graph":[{"@type":"WebPage","@id":"https:\/\/www.em.com.br\/emfoco\/2025\/08\/01\/estudantes-recebem-grana-extra-todo-mes-gracas-ao-pe-de-meia\/","url":"https:\/\/www.em.com.br\/emfoco\/2025\/08\/01\/estudantes-recebem-grana-extra-todo-mes-gracas-ao-pe-de-meia\/","name":"Estudantes recebem grana extra todo m\u00eas gra\u00e7as ao P\u00e9-de-meia - Estado de Minas - Em foco","isPartOf":{"@id":"https:\/\/www.em.com.br\/emfoco\/#website"},"primaryImageOfPage":{"@id":"https:\/\/www.em.com.br\/emfoco\/2025\/08\/01\/estudantes-recebem-grana-extra-todo-mes-gracas-ao-pe-de-meia\/#primaryimage"},"image":{"@id":"https:\/\/www.em.com.br\/emfoco\/2025\/08\/01\/estudantes-recebem-grana-extra-todo-mes-gracas-ao-pe-de-meia\/#primaryimage"},"thumbnailUrl":"https:\/\/www.em.com.br\/emfoco\/wp-content\/uploads\/2025\/06\/pe-de-meia-feliz.png","datePublished":"2025-08-01T11:18:00+00:00","dateModified":"2025-07-31T19:12:15+00:00","author":{"@id":"https:\/\/www.em.com.br\/emfoco\/#\/schema\/person\/649e610b4eb8fff87ff394e54fe17b2b"},"description":"Estudantes da rede p\u00fablica agora podem receber at\u00e9 R$ 3.200 por ano com o P\u00e9-de-Meia. Veja se voc\u00ea tem direito a esse apoio financeiro.","breadcrumb":{"@id":"https:\/\/www.em.com.br\/emfoco\/2025\/08\/01\/estudantes-recebem-grana-extra-todo-mes-gracas-ao-pe-de-meia\/#breadcrumb"},"inLanguage":"pt-BR","potentialAction":[{"@type":"ReadAction","target":["https:\/\/www.em.com.br\/emfoco\/2025\/08\/01\/estudantes-recebem-grana-extra-todo-mes-gracas-ao-pe-de-meia\/"]}]},{"@type":"ImageObject","inLanguage":"pt-BR","@id":"https:\/\/www.em.com.br\/emfoco\/2025\/08\/01\/estudantes-recebem-grana-extra-todo-mes-gracas-ao-pe-de-meia\/#primaryimage","url":"https:\/\/www.em.com.br\/emfoco\/wp-content\/uploads\/2025\/06\/pe-de-meia-feliz.png","contentUrl":"https:\/\/www.em.com.br\/emfoco\/wp-content\/uploads\/2025\/06\/pe-de-meia-feliz.png","width":1280,"height":720,"caption":"Isen\u00e7\u00e3o maior reduz gastos de energia para fam\u00edlia - Cr\u00e9ditos: depositphotos.com \/ VaDrobotBO e depositphotos.com \/ rmcarvalhobsb"},{"@type":"BreadcrumbList","@id":"https:\/\/www.em.com.br\/emfoco\/2025\/08\/01\/estudantes-recebem-grana-extra-todo-mes-gracas-ao-pe-de-meia\/#breadcrumb","itemListElement":[{"@type":"ListItem","position":1,"name":"In\u00edcio","item":"https:\/\/www.em.com.br\/emfoco\/"},{"@type":"ListItem","position":2,"name":"Estudantes recebem grana extra todo m\u00eas gra\u00e7as ao P\u00e9-de-meia"}]},{"@type":"WebSite","@id":"https:\/\/www.em.com.br\/emfoco\/#website","url":"https:\/\/www.em.com.br\/emfoco\/","name":"Estado de Minas - Em foco","description":"Acompanhe as \u00faltimas not\u00edcias e fique bem informado sobre tudo o que acontece em Minas Gerais, Brasil e no mundo.","potentialAction":[{"@type":"SearchAction","target":{"@type":"EntryPoint","urlTemplate":"https:\/\/www.em.com.br\/emfoco\/?s={search_term_string}"},"query-input":{"@type":"PropertyValueSpecification","valueRequired":true,"valueName":"search_term_string"}}],"inLanguage":"pt-BR"},{"@type":"Person","@id":"https:\/\/www.em.com.br\/emfoco\/#\/schema\/person\/649e610b4eb8fff87ff394e54fe17b2b","name":"Ingrid Diniz","image":{"@type":"ImageObject","inLanguage":"pt-BR","@id":"https:\/\/www.em.com.br\/emfoco\/#\/schema\/person\/image\/","url":"https:\/\/secure.gravatar.com\/avatar\/a3baa1449ec5c39b4c42babc9d4f3951?s=96&d=mm&r=g","contentUrl":"https:\/\/secure.gravatar.com\/avatar\/a3baa1449ec5c39b4c42babc9d4f3951?s=96&d=mm&r=g","caption":"Ingrid Diniz"},"sameAs":["https:\/\/www.em.com.br\/"],"url":"https:\/\/www.em.com.br\/emfoco\/author\/ingridmyth\/"}]}},"_links":{"self":[{"href":"https:\/\/www.em.com.br\/emfoco\/wp-json\/wp\/v2\/posts\/84622","targetHints":{"allow":["GET"]}}],"collection":[{"href":"https:\/\/www.em.com.br\/emfoco\/wp-json\/wp\/v2\/posts"}],"about":[{"href":"https:\/\/www.em.com.br\/emfoco\/wp-json\/wp\/v2\/types\/post"}],"author":[{"embeddable":true,"href":"https:\/\/www.em.com.br\/emfoco\/wp-json\/wp\/v2\/users\/20"}],"replies":[{"embeddable":true,"href":"https:\/\/www.em.com.br\/emfoco\/wp-json\/wp\/v2\/comments?post=84622"}],"version-history":[{"count":1,"href":"https:\/\/www.em.com.br\/emfoco\/wp-json\/wp\/v2\/posts\/84622\/revisions"}],"predecessor-version":[{"id":84635,"href":"https:\/\/www.em.com.br\/emfoco\/wp-json\/wp\/v2\/posts\/84622\/revisions\/84635"}],"wp:featuredmedia":[{"embeddable":true,"href":"https:\/\/www.em.com.br\/emfoco\/wp-json\/wp\/v2\/media\/68413"}],"wp:attachment":[{"href":"https:\/\/www.em.com.br\/emfoco\/wp-json\/wp\/v2\/media?parent=84622"}],"wp:term":[{"taxonomy":"category","embeddable":true,"href":"https:\/\/www.em.com.br\/emfoco\/wp-json\/wp\/v2\/categories?post=84622"},{"taxonomy":"post_tag","embeddable":true,"href":"https:\/\/www.em.com.br\/emfoco\/wp-json\/wp\/v2\/tags?post=84622"}],"curies":[{"name":"wp","href":"https:\/\/api.w.org\/{rel}","templated":true}]}}