{"id":84486,"date":"2025-08-01T09:08:09","date_gmt":"2025-08-01T12:08:09","guid":{"rendered":"https:\/\/www.em.com.br\/emfoco\/?p=84486"},"modified":"2025-07-31T13:44:15","modified_gmt":"2025-07-31T16:44:15","slug":"a-planta-mais-completa-para-quem-quer-beleza-aroma-e-saude-no-mesmo-vaso","status":"publish","type":"post","link":"https:\/\/www.em.com.br\/emfoco\/2025\/08\/01\/a-planta-mais-completa-para-quem-quer-beleza-aroma-e-saude-no-mesmo-vaso\/","title":{"rendered":"A planta mais completa para quem quer beleza, aroma e sa\u00fade no mesmo vaso"},"content":{"rendered":"\n<p>O alecrim, conhecido cientificamente como <strong>Rosmarinus officinalis<\/strong>, \u00e9 uma planta extremamente vers\u00e1til e resistente, amplamente cultivada por suas propriedades culin\u00e1rias e medicinais. Origin\u00e1rio da regi\u00e3o mediterr\u00e2nea, este arbusto arom\u00e1tico \u00e9 ideal para quem busca aliar praticidade e beleza em espa\u00e7os internos e externos. A capacidade do alecrim de se adaptar a mudan\u00e7as bruscas de temperatura o torna uma <a href=\"https:\/\/www.em.com.br\/emfoco\/2025\/07\/31\/tansy-e-o-repelente-natural-mais-antigo-da-historia\/\" target=\"_blank\" rel=\"noopener\">planta<\/a> de baixa manuten\u00e7\u00e3o, perfeita para climas vari\u00e1veis, n\u00e3o s\u00f3 na Europa, mas tamb\u00e9m em pa\u00edses como o <strong>Brasil<\/strong> e <strong>Portugal<\/strong>.<\/p>\n\n\n\n<p>Esse arbusto perene \u00e9 uma escolha ideal para adicionar um toque decorativo e funcional ao lar ou jardim. O alecrim sobrevive tanto ao calor intenso quanto ao frio rigoroso, mantendo-se saud\u00e1vel e exuberante sem exigir muitos cuidados. Sua robustez e resist\u00eancia \u00e0 falta d&#8217;\u00e1gua fazem do alecrim uma planta ideal para quem tem uma vida agitada ou pouco tempo para jardinagem. O cultivo est\u00e1 se tornando cada vez mais comum no <strong>Rio de Janeiro<\/strong> e em outras cidades brasileiras, principalmente devido \u00e0 facilidade de adapta\u00e7\u00e3o em ambientes urbanos.<\/p>\n\n\n<div class=\"wp-block-image\">\n<figure class=\"aligncenter size-large\"><img loading=\"lazy\" decoding=\"async\" width=\"1024\" height=\"576\" src=\"https:\/\/www.em.com.br\/emfoco\/wp-content\/uploads\/2025\/06\/alecrim_1750735753343-1024x576.jpg\" alt=\"\" class=\"wp-image-65984\" srcset=\"https:\/\/www.em.com.br\/emfoco\/wp-content\/uploads\/2025\/06\/alecrim_1750735753343-1024x576.jpg 1024w, https:\/\/www.em.com.br\/emfoco\/wp-content\/uploads\/2025\/06\/alecrim_1750735753343-300x169.jpg 300w, https:\/\/www.em.com.br\/emfoco\/wp-content\/uploads\/2025\/06\/alecrim_1750735753343-768x432.jpg 768w, https:\/\/www.em.com.br\/emfoco\/wp-content\/uploads\/2025\/06\/alecrim_1750735753343-750x422.jpg 750w, https:\/\/www.em.com.br\/emfoco\/wp-content\/uploads\/2025\/06\/alecrim_1750735753343-1140x641.jpg 1140w, https:\/\/www.em.com.br\/emfoco\/wp-content\/uploads\/2025\/06\/alecrim_1750735753343.jpg 1280w\" sizes=\"auto, (max-width: 1024px) 100vw, 1024px\" \/><figcaption class=\"wp-element-caption\">Alecrim &#8211; Cr\u00e9ditos: depositphotos.com \/ MarusiaBO<\/figcaption><\/figure><\/div>\n\n\n<h2 class=\"wp-block-heading\">Por que escolher alecrim para a sua casa ou jardim?<\/h2>\n\n\n\n<p>O alecrim oferece uma s\u00e9rie de <strong>vantagens<\/strong> que o tornam uma escolha popular entre jardineiros experientes e iniciantes. Ele resiste a condi\u00e7\u00f5es clim\u00e1ticas extremas, desde ver\u00f5es escaldantes at\u00e9 invernos frios, sem perder seu vigor e aroma. Mesmo em ambientes secos, o alecrim se mant\u00e9m vi\u00e7oso, pois n\u00e3o requer rega frequente. O excesso de \u00e1gua, inclusive, \u00e9 prejudicial a ele.<\/p>\n\n\n\n<p>Al\u00e9m de ser f\u00e1cil de cuidar, o alecrim \u00e9 um aliado em diversas situa\u00e7\u00f5es do dia a dia. Suas folhas arom\u00e1ticas s\u00e3o amplamente utilizadas como condimento em pratos culin\u00e1rios, em infus\u00f5es e na cria\u00e7\u00e3o de produtos de beleza e sa\u00fade naturais. Ter um p\u00e9 de alecrim no jardim ou na cozinha garante acesso constante a um recurso fresco e perfumado. Inclusive, muitos chefs de cozinha renomados, como <strong>Jamie Oliver<\/strong>, costumam recomendar o uso de alecrim fresco em suas receitas, o que tem popularizado ainda mais a erva em todo o mundo.<\/p>\n\n\n\n<h2 class=\"wp-block-heading\">Como cuidar do alecrim no seu jardim?<\/h2>\n\n\n\n<p>O cuidado com o alecrim \u00e9 simples e requer aten\u00e7\u00e3o a poucos detalhes. A <strong>Royal Horticultural Society<\/strong> sugere coloc\u00e1-lo em locais que recebam bastante luz solar, pois suas ra\u00edzes exigem <a href=\"https:\/\/rehagro.com.br\/blog\/materia-organica-no-solo\/\" target=\"_blank\" rel=\"noreferrer noopener\">solo <\/a>bem drenado. O excesso de umidade deve ser evitado para prevenir danos sist\u00eamicos. A irriga\u00e7\u00e3o deve ser moderada, aplicando \u00e1gua apenas quando o solo estiver seco. Outra recomenda\u00e7\u00e3o importante da sociedade brit\u00e2nica \u00e9 observar eventuais pragas, como pulg\u00f5es, que podem aparecer em determinadas \u00e9pocas do ano, principalmente em pa\u00edses como o <strong>Reino Unido<\/strong>.<\/p>\n\n\n\n<ul class=\"wp-block-list\">\n<li><strong>Localiza\u00e7\u00e3o:<\/strong> Posicione a planta em um ambiente ensolarado e bem iluminado.<\/li>\n\n\n\n<li><strong>Tipo de solo:<\/strong> Prefira solos que facilitem a drenagem, evitando que a \u00e1gua se acumule.<\/li>\n\n\n\n<li><strong>Rega:<\/strong> Apenas quando necess\u00e1rio, evitando encharcamento.<\/li>\n\n\n\n<li><strong>Poda:<\/strong> Uma leve poda mant\u00e9m a forma e estimula o crescimento.<\/li>\n<\/ul>\n\n\n\n<h2 class=\"wp-block-heading\">Quais s\u00e3o os benef\u00edcios do alecrim para a sa\u00fade?<\/h2>\n\n\n\n<p>O alecrim \u00e9 muito mais do que uma planta ornamental. Suas folhas s\u00e3o ricas em nutrientes e compostos ben\u00e9ficos para a sa\u00fade. Usado em forma de ch\u00e1 ou infus\u00e3o, o alecrim pode auxiliar na digest\u00e3o e promover o bem-estar geral. Al\u00e9m disso, exerce propriedades antioxidantes, anti-inflamat\u00f3rias e antimicrobianas, sendo frequentemente inclu\u00eddo em tratamentos naturais de sa\u00fade e beleza.&nbsp;<\/p>\n\n\n\n<p>Portanto, o cultivo do alecrim em casa n\u00e3o s\u00f3 decorar\u00e1 seu ambiente com suas folhagens arom\u00e1ticas, mas tamb\u00e9m prover\u00e1 um recurso valioso e acess\u00edvel para diversas aplica\u00e7\u00f5es culin\u00e1rias e de bem-estar. Essa planta robusta \u00e9 um exemplo de como simplicidade e efic\u00e1cia podem conviver de maneira harmoniosa em qualquer espa\u00e7o.<\/p>\n","protected":false},"excerpt":{"rendered":"<p>O alecrim, conhecido cientificamente como Rosmarinus officinalis, \u00e9 uma planta extremamente vers\u00e1til e resistente, amplamente cultivada por suas propriedades culin\u00e1rias e medicinais. Origin\u00e1rio da regi\u00e3o mediterr\u00e2nea, este arbusto arom\u00e1tico \u00e9 ideal para quem busca aliar praticidade e beleza em espa\u00e7os internos e externos. A capacidade do alecrim de se adaptar a mudan\u00e7as bruscas de temperatura [&hellip;]<\/p>\n","protected":false},"author":9,"featured_media":39306,"comment_status":"open","ping_status":"open","sticky":false,"template":"","format":"standard","meta":{"jnews-multi-image_gallery":[],"jnews_single_post":{"format":"standard"},"jnews_primary_category":[],"jnews_social_meta":[],"jnews_override_counter":[],"footnotes":""},"categories":[29,1],"tags":[3840,3325,3779],"class_list":["post-84486","post","type-post","status-publish","format-standard","has-post-thumbnail","hentry","category-entretenimento","category-noticias","tag-alecrim","tag-jardim","tag-planta"],"yoast_head":"<!-- This site is optimized with the Yoast SEO plugin v23.8 - https:\/\/yoast.com\/wordpress\/plugins\/seo\/ -->\n<title>A planta mais completa para quem quer beleza, aroma e sa\u00fade no mesmo vaso<\/title>\n<meta name=\"description\" content=\"Cultivar alecrim \u00e9 simples e pr\u00e1tico ideal para quem tem pouco tempo e quer uma planta \u00fatil arom\u00e1tica e decorativa.\" \/>\n<meta name=\"robots\" content=\"index, follow, max-snippet:-1, max-image-preview:large, max-video-preview:-1\" \/>\n<link rel=\"canonical\" href=\"https:\/\/www.em.com.br\/emfoco\/2025\/08\/01\/a-planta-mais-completa-para-quem-quer-beleza-aroma-e-saude-no-mesmo-vaso\/\" \/>\n<meta property=\"og:locale\" content=\"pt_BR\" \/>\n<meta property=\"og:type\" content=\"article\" \/>\n<meta property=\"og:title\" content=\"A planta mais completa para quem quer beleza, aroma e sa\u00fade no mesmo vaso\" \/>\n<meta property=\"og:description\" content=\"Cultivar alecrim \u00e9 simples e pr\u00e1tico ideal para quem tem pouco tempo e quer uma planta \u00fatil arom\u00e1tica e decorativa.\" \/>\n<meta property=\"og:url\" content=\"https:\/\/www.em.com.br\/emfoco\/2025\/08\/01\/a-planta-mais-completa-para-quem-quer-beleza-aroma-e-saude-no-mesmo-vaso\/\" \/>\n<meta property=\"og:site_name\" content=\"Estado de Minas - Em foco\" \/>\n<meta property=\"article:published_time\" content=\"2025-08-01T12:08:09+00:00\" \/>\n<meta property=\"article:modified_time\" content=\"2025-07-31T16:44:15+00:00\" \/>\n<meta property=\"og:image\" content=\"https:\/\/www.em.com.br\/emfoco\/wp-content\/uploads\/2025\/04\/alecrim_1744905593973.jpg\" \/>\n\t<meta property=\"og:image:width\" content=\"1280\" \/>\n\t<meta property=\"og:image:height\" content=\"720\" \/>\n\t<meta property=\"og:image:type\" content=\"image\/jpeg\" \/>\n<meta name=\"author\" content=\"Daniely Cardoso\" \/>\n<meta name=\"twitter:card\" content=\"summary_large_image\" \/>\n<meta name=\"twitter:label1\" content=\"Escrito por\" \/>\n\t<meta name=\"twitter:data1\" content=\"Daniely Cardoso\" \/>\n\t<meta name=\"twitter:label2\" content=\"Est. tempo de leitura\" \/>\n\t<meta name=\"twitter:data2\" content=\"4 minutos\" \/>\n<!-- \/ Yoast SEO plugin. -->","yoast_head_json":{"title":"A planta mais completa para quem quer beleza, aroma e sa\u00fade no mesmo vaso","description":"Cultivar alecrim \u00e9 simples e pr\u00e1tico ideal para quem tem pouco tempo e quer uma planta \u00fatil arom\u00e1tica e decorativa.","robots":{"index":"index","follow":"follow","max-snippet":"max-snippet:-1","max-image-preview":"max-image-preview:large","max-video-preview":"max-video-preview:-1"},"canonical":"https:\/\/www.em.com.br\/emfoco\/2025\/08\/01\/a-planta-mais-completa-para-quem-quer-beleza-aroma-e-saude-no-mesmo-vaso\/","og_locale":"pt_BR","og_type":"article","og_title":"A planta mais completa para quem quer beleza, aroma e sa\u00fade no mesmo vaso","og_description":"Cultivar alecrim \u00e9 simples e pr\u00e1tico ideal para quem tem pouco tempo e quer uma planta \u00fatil arom\u00e1tica e decorativa.","og_url":"https:\/\/www.em.com.br\/emfoco\/2025\/08\/01\/a-planta-mais-completa-para-quem-quer-beleza-aroma-e-saude-no-mesmo-vaso\/","og_site_name":"Estado de Minas - Em foco","article_published_time":"2025-08-01T12:08:09+00:00","article_modified_time":"2025-07-31T16:44:15+00:00","og_image":[{"width":1280,"height":720,"url":"https:\/\/www.em.com.br\/emfoco\/wp-content\/uploads\/2025\/04\/alecrim_1744905593973.jpg","type":"image\/jpeg"}],"author":"Daniely Cardoso","twitter_card":"summary_large_image","twitter_misc":{"Escrito por":"Daniely Cardoso","Est. tempo de leitura":"4 minutos"},"schema":{"@context":"https:\/\/schema.org","@graph":[{"@type":"WebPage","@id":"https:\/\/www.em.com.br\/emfoco\/2025\/08\/01\/a-planta-mais-completa-para-quem-quer-beleza-aroma-e-saude-no-mesmo-vaso\/","url":"https:\/\/www.em.com.br\/emfoco\/2025\/08\/01\/a-planta-mais-completa-para-quem-quer-beleza-aroma-e-saude-no-mesmo-vaso\/","name":"A planta mais completa para quem quer beleza, aroma e sa\u00fade no mesmo vaso","isPartOf":{"@id":"https:\/\/www.em.com.br\/emfoco\/#website"},"primaryImageOfPage":{"@id":"https:\/\/www.em.com.br\/emfoco\/2025\/08\/01\/a-planta-mais-completa-para-quem-quer-beleza-aroma-e-saude-no-mesmo-vaso\/#primaryimage"},"image":{"@id":"https:\/\/www.em.com.br\/emfoco\/2025\/08\/01\/a-planta-mais-completa-para-quem-quer-beleza-aroma-e-saude-no-mesmo-vaso\/#primaryimage"},"thumbnailUrl":"https:\/\/www.em.com.br\/emfoco\/wp-content\/uploads\/2025\/04\/alecrim_1744905593973.jpg","datePublished":"2025-08-01T12:08:09+00:00","dateModified":"2025-07-31T16:44:15+00:00","author":{"@id":"https:\/\/www.em.com.br\/emfoco\/#\/schema\/person\/0a8186d72f2c3a5c6276d90b41f271a0"},"description":"Cultivar alecrim \u00e9 simples e pr\u00e1tico ideal para quem tem pouco tempo e quer uma planta \u00fatil arom\u00e1tica e decorativa.","breadcrumb":{"@id":"https:\/\/www.em.com.br\/emfoco\/2025\/08\/01\/a-planta-mais-completa-para-quem-quer-beleza-aroma-e-saude-no-mesmo-vaso\/#breadcrumb"},"inLanguage":"pt-BR","potentialAction":[{"@type":"ReadAction","target":["https:\/\/www.em.com.br\/emfoco\/2025\/08\/01\/a-planta-mais-completa-para-quem-quer-beleza-aroma-e-saude-no-mesmo-vaso\/"]}]},{"@type":"ImageObject","inLanguage":"pt-BR","@id":"https:\/\/www.em.com.br\/emfoco\/2025\/08\/01\/a-planta-mais-completa-para-quem-quer-beleza-aroma-e-saude-no-mesmo-vaso\/#primaryimage","url":"https:\/\/www.em.com.br\/emfoco\/wp-content\/uploads\/2025\/04\/alecrim_1744905593973.jpg","contentUrl":"https:\/\/www.em.com.br\/emfoco\/wp-content\/uploads\/2025\/04\/alecrim_1744905593973.jpg","width":1280,"height":720,"caption":"Alecrim - Cr\u00e9ditos: depositphotos.com \/ MarusiaBO"},{"@type":"BreadcrumbList","@id":"https:\/\/www.em.com.br\/emfoco\/2025\/08\/01\/a-planta-mais-completa-para-quem-quer-beleza-aroma-e-saude-no-mesmo-vaso\/#breadcrumb","itemListElement":[{"@type":"ListItem","position":1,"name":"In\u00edcio","item":"https:\/\/www.em.com.br\/emfoco\/"},{"@type":"ListItem","position":2,"name":"A planta mais completa para quem quer beleza, aroma e sa\u00fade no mesmo vaso"}]},{"@type":"WebSite","@id":"https:\/\/www.em.com.br\/emfoco\/#website","url":"https:\/\/www.em.com.br\/emfoco\/","name":"Estado de Minas - Em foco","description":"Acompanhe as \u00faltimas not\u00edcias e fique bem informado sobre tudo o que acontece em Minas Gerais, Brasil e no mundo.","potentialAction":[{"@type":"SearchAction","target":{"@type":"EntryPoint","urlTemplate":"https:\/\/www.em.com.br\/emfoco\/?s={search_term_string}"},"query-input":{"@type":"PropertyValueSpecification","valueRequired":true,"valueName":"search_term_string"}}],"inLanguage":"pt-BR"},{"@type":"Person","@id":"https:\/\/www.em.com.br\/emfoco\/#\/schema\/person\/0a8186d72f2c3a5c6276d90b41f271a0","name":"Daniely Cardoso","image":{"@type":"ImageObject","inLanguage":"pt-BR","@id":"https:\/\/www.em.com.br\/emfoco\/#\/schema\/person\/image\/","url":"https:\/\/secure.gravatar.com\/avatar\/4b80ddbd124d1f071b626d52d62e5dff?s=96&d=mm&r=g","contentUrl":"https:\/\/secure.gravatar.com\/avatar\/4b80ddbd124d1f071b626d52d62e5dff?s=96&d=mm&r=g","caption":"Daniely Cardoso"},"url":"https:\/\/www.em.com.br\/emfoco\/author\/danielymyth\/"}]}},"_links":{"self":[{"href":"https:\/\/www.em.com.br\/emfoco\/wp-json\/wp\/v2\/posts\/84486","targetHints":{"allow":["GET"]}}],"collection":[{"href":"https:\/\/www.em.com.br\/emfoco\/wp-json\/wp\/v2\/posts"}],"about":[{"href":"https:\/\/www.em.com.br\/emfoco\/wp-json\/wp\/v2\/types\/post"}],"author":[{"embeddable":true,"href":"https:\/\/www.em.com.br\/emfoco\/wp-json\/wp\/v2\/users\/9"}],"replies":[{"embeddable":true,"href":"https:\/\/www.em.com.br\/emfoco\/wp-json\/wp\/v2\/comments?post=84486"}],"version-history":[{"count":3,"href":"https:\/\/www.em.com.br\/emfoco\/wp-json\/wp\/v2\/posts\/84486\/revisions"}],"predecessor-version":[{"id":84526,"href":"https:\/\/www.em.com.br\/emfoco\/wp-json\/wp\/v2\/posts\/84486\/revisions\/84526"}],"wp:featuredmedia":[{"embeddable":true,"href":"https:\/\/www.em.com.br\/emfoco\/wp-json\/wp\/v2\/media\/39306"}],"wp:attachment":[{"href":"https:\/\/www.em.com.br\/emfoco\/wp-json\/wp\/v2\/media?parent=84486"}],"wp:term":[{"taxonomy":"category","embeddable":true,"href":"https:\/\/www.em.com.br\/emfoco\/wp-json\/wp\/v2\/categories?post=84486"},{"taxonomy":"post_tag","embeddable":true,"href":"https:\/\/www.em.com.br\/emfoco\/wp-json\/wp\/v2\/tags?post=84486"}],"curies":[{"name":"wp","href":"https:\/\/api.w.org\/{rel}","templated":true}]}}