{"id":84450,"date":"2025-08-01T21:38:41","date_gmt":"2025-08-02T00:38:41","guid":{"rendered":"https:\/\/www.em.com.br\/emfoco\/?p=84450"},"modified":"2025-07-31T13:06:07","modified_gmt":"2025-07-31T16:06:07","slug":"por-que-a-banana-e-essencial-para-a-sua-alimentacao-diaria","status":"publish","type":"post","link":"https:\/\/www.em.com.br\/emfoco\/2025\/08\/01\/por-que-a-banana-e-essencial-para-a-sua-alimentacao-diaria\/","title":{"rendered":"Por que a banana \u00e9 essencial para a sua alimenta\u00e7\u00e3o di\u00e1ria"},"content":{"rendered":"\n<p><strong>Banana<\/strong>&nbsp;\u00e9 um dos alimentos mais populares do Brasil, presente em mesas de norte a sul. Rica em vitaminas, minerais e fibras, contribui de forma significativa para a sa\u00fade do organismo e pode ser consumida em diferentes momentos do dia. Ao longo deste artigo ser\u00e3o apresentados benef\u00edcios, formas de consumo e dicas para fazer da banana um item indispens\u00e1vel no card\u00e1pio.<\/p>\n\n\n\n<ul class=\"wp-block-list\">\n<li>Benef\u00edcios nutricionais da&nbsp;<strong>banana<\/strong>&nbsp;e varia\u00e7\u00f5es sem\u00e2nticas<\/li>\n\n\n\n<li>Como inserir a fruta em diferentes refei\u00e7\u00f5es<\/li>\n\n\n\n<li>Dicas r\u00e1pidas para potencializar o aproveitamento dos nutrientes<\/li>\n<\/ul>\n\n\n\n<h2 class=\"wp-block-heading\">Por que a banana \u00e9 conhecida como um alimento completo?<\/h2>\n\n\n\n<p>A&nbsp;<strong>banana<\/strong>&nbsp;oferece uma variedade de nutrientes importantes como pot\u00e1ssio, vitamina B6, vitamina C, fibras e antioxidantes naturais. Nutricionistas destacam que a ingest\u00e3o regular combate c\u00e2imbras, ajuda a controlar a press\u00e3o arterial e contribui para a boa digest\u00e3o. A presen\u00e7a de&nbsp;<strong>carboidratos<\/strong>&nbsp;de absor\u00e7\u00e3o lenta faz da banana um \u00f3timo alimento para fornecer energia ao longo do dia.<\/p>\n\n\n\n<h2 class=\"wp-block-heading\">Como a banana auxilia em diferentes fases da vida?<\/h2>\n\n\n\n<p>Crian\u00e7as podem se beneficiar do teor energ\u00e9tico e das fibras presentes na&nbsp;<strong>banana<\/strong>, enquanto adultos encontram suporte no aux\u00edlio \u00e0 sa\u00fade cardiovascular devido ao pot\u00e1ssio. Para idosos, o consumo di\u00e1rio da fruta incentiva o bom funcionamento do intestino e previne quedas nos n\u00edveis de micronutrientes essenciais.<\/p>\n\n\n\n<p>Aten\u00e7\u00e3o especial deve ser dada ao consumo em situa\u00e7\u00f5es de atividade f\u00edsica intensa. Banana costuma ser indicada antes e ap\u00f3s o treino devido \u00e0 sua quantidade de minerais e carboidratos que auxiliam na recupera\u00e7\u00e3o muscular.<\/p>\n\n\n<div class=\"wp-block-image\">\n<figure class=\"aligncenter size-large\"><img loading=\"lazy\" decoding=\"async\" width=\"1024\" height=\"576\" src=\"https:\/\/www.em.com.br\/emfoco\/wp-content\/uploads\/2025\/08\/Comer-banana-1024x576.jpg\" alt=\"Comer banana\" class=\"wp-image-84457\" srcset=\"https:\/\/www.em.com.br\/emfoco\/wp-content\/uploads\/2025\/08\/Comer-banana-1024x576.jpg 1024w, https:\/\/www.em.com.br\/emfoco\/wp-content\/uploads\/2025\/08\/Comer-banana-300x169.jpg 300w, https:\/\/www.em.com.br\/emfoco\/wp-content\/uploads\/2025\/08\/Comer-banana-768x432.jpg 768w, https:\/\/www.em.com.br\/emfoco\/wp-content\/uploads\/2025\/08\/Comer-banana-750x422.jpg 750w, https:\/\/www.em.com.br\/emfoco\/wp-content\/uploads\/2025\/08\/Comer-banana-1140x641.jpg 1140w, https:\/\/www.em.com.br\/emfoco\/wp-content\/uploads\/2025\/08\/Comer-banana.jpg 1280w\" sizes=\"auto, (max-width: 1024px) 100vw, 1024px\" \/><figcaption class=\"wp-element-caption\">Comer banana  &#8211; Cr\u00e9ditos: depositphotos.com \/ HayDmitriy &#8211; Cr\u00e9ditos: depositphotos.com \/ IgorVetushko<\/figcaption><\/figure><\/div>\n\n\n<h2 class=\"wp-block-heading\">Como inserir a banana na dieta di\u00e1ria?<\/h2>\n\n\n\n<p>A versatilidade da&nbsp;<strong>banana<\/strong>&nbsp;permite sua inclus\u00e3o em diferentes refei\u00e7\u00f5es, desde o caf\u00e9 da manh\u00e3 at\u00e9 lanches r\u00e1pidos. Uma sugest\u00e3o pr\u00e1tica \u00e9 combinar a fruta com aveia, iogurte ou sementes, tornando o caf\u00e9 da manh\u00e3 mais equilibrado e completo.<\/p>\n\n\n\n<ul class=\"wp-block-list\">\n<li>Banana amassada com canela para um lanche r\u00e1pido<\/li>\n\n\n\n<li>Cortes de banana em rodelas sobre torradas integrais<\/li>\n\n\n\n<li>Fatias de banana como complemento de saladas de frutas<\/li>\n<\/ul>\n\n\n\n<p>Outra alternativa interessante \u00e9 utilizar a banana madura como base de vitaminas, bolos e at\u00e9 mesmo para ado\u00e7ar receitas de forma natural, reduzindo o uso de a\u00e7\u00facares refinados.<\/p>\n\n\n\n<p>Leia tamb\u00e9m: <a href=\"https:\/\/www.em.com.br\/emfoco\/2025\/07\/31\/o-que-o-uso-constante-de-relogio-diz-sobre-sua-personalidade\/\" target=\"_blank\" rel=\"noreferrer noopener\">O que o uso constante de rel\u00f3gio diz sobre sua personalidade<\/a><\/p>\n\n\n\n<h2 class=\"wp-block-heading\">Benef\u00edcios da banana para o metabolismo e o bem-estar<\/h2>\n\n\n\n<p>Entre as vantagens do consumo regular de\u00a0<strong>banana<\/strong>\u00a0est\u00e3o o fortalecimento do sistema imunol\u00f3gico, regula\u00e7\u00e3o do tr\u00e2nsito intestinal e aux\u00edlio na redu\u00e7\u00e3o do estresse devido \u00e0 presen\u00e7a do <a href=\"https:\/\/www.gov.br\/saude\/pt-br\/assuntos\/saude-brasil\/eu-quero-me-alimentar-melhor\/noticias\/2022\/sim-nos-temos-banana-a-fruta-que-e-a-cara-do-brasil\" target=\"_blank\" rel=\"noreferrer noopener\">amino\u00e1cido<\/a> triptofano. Esse composto participa da produ\u00e7\u00e3o de serotonina, neurotransmissor envolvido na regula\u00e7\u00e3o do humor.<\/p>\n\n\n\n<p>Dica r\u00e1pida: Optar por diferentes variedades de banana, como nanica, prata ou ouro, pode proporcionar experi\u00eancias sensoriais variadas e trazer novos nutrientes para o card\u00e1pio.<\/p>\n\n\n\n<h2 class=\"wp-block-heading\">Banana: escolha certa para uma rotina saud\u00e1vel<\/h2>\n\n\n\n<ul class=\"wp-block-list\">\n<li>Rica em vitaminas, minerais e fibras, a&nbsp;<strong>banana<\/strong>&nbsp;contribui para o equil\u00edbrio nutricional<\/li>\n\n\n\n<li>Sua versatilidade permite adapta\u00e7\u00f5es em qualquer refei\u00e7\u00e3o, de forma pr\u00e1tica e saborosa<\/li>\n\n\n\n<li>Consumir banana diariamente auxilia no funcionamento do metabolismo e regula o sistema digestivo<\/li>\n<\/ul>\n","protected":false},"excerpt":{"rendered":"<p>Banana&nbsp;\u00e9 um dos alimentos mais populares do Brasil, presente em mesas de norte a sul. Rica em vitaminas, minerais e fibras, contribui de forma significativa para a sa\u00fade do organismo e pode ser consumida em diferentes momentos do dia. Ao longo deste artigo ser\u00e3o apresentados benef\u00edcios, formas de consumo e dicas para fazer da banana [&hellip;]<\/p>\n","protected":false},"author":15,"featured_media":84454,"comment_status":"open","ping_status":"open","sticky":false,"template":"","format":"standard","meta":{"jnews-multi-image_gallery":[],"jnews_single_post":{"format":"standard"},"jnews_primary_category":[],"jnews_social_meta":[],"jnews_override_counter":[],"footnotes":""},"categories":[8819,1],"tags":[1914,5178,5640,3509],"class_list":["post-84450","post","type-post","status-publish","format-standard","has-post-thumbnail","hentry","category-curiosidades","category-noticias","tag-banana","tag-banana-beneficios","tag-curiosiades","tag-nutricao"],"yoast_head":"<!-- This site is optimized with the Yoast SEO plugin v23.8 - https:\/\/yoast.com\/wordpress\/plugins\/seo\/ -->\n<title>Por que a banana \u00e9 essencial para a sua alimenta\u00e7\u00e3o di\u00e1ria - Estado de Minas - Em foco<\/title>\n<meta name=\"description\" content=\"A banana \u00e9 uma fruta rica em nutrientes e cheia de curiosidades. Veja por que ela \u00e9 importante e o que voc\u00ea provavelmente n\u00e3o sabia.\" \/>\n<meta name=\"robots\" content=\"index, follow, max-snippet:-1, max-image-preview:large, max-video-preview:-1\" \/>\n<link rel=\"canonical\" href=\"https:\/\/www.em.com.br\/emfoco\/2025\/08\/01\/por-que-a-banana-e-essencial-para-a-sua-alimentacao-diaria\/\" \/>\n<meta property=\"og:locale\" content=\"pt_BR\" \/>\n<meta property=\"og:type\" content=\"article\" \/>\n<meta property=\"og:title\" content=\"Por que a banana \u00e9 essencial para a sua alimenta\u00e7\u00e3o di\u00e1ria - Estado de Minas - Em foco\" \/>\n<meta property=\"og:description\" content=\"A banana \u00e9 uma fruta rica em nutrientes e cheia de curiosidades. Veja por que ela \u00e9 importante e o que voc\u00ea provavelmente n\u00e3o sabia.\" \/>\n<meta property=\"og:url\" content=\"https:\/\/www.em.com.br\/emfoco\/2025\/08\/01\/por-que-a-banana-e-essencial-para-a-sua-alimentacao-diaria\/\" \/>\n<meta property=\"og:site_name\" content=\"Estado de Minas - Em foco\" \/>\n<meta property=\"article:published_time\" content=\"2025-08-02T00:38:41+00:00\" \/>\n<meta property=\"article:modified_time\" content=\"2025-07-31T16:06:07+00:00\" \/>\n<meta property=\"og:image\" content=\"https:\/\/www.em.com.br\/emfoco\/wp-content\/uploads\/2025\/08\/banana_1753977837636.jpg\" \/>\n\t<meta property=\"og:image:width\" content=\"1280\" \/>\n\t<meta property=\"og:image:height\" content=\"720\" \/>\n\t<meta property=\"og:image:type\" content=\"image\/jpeg\" \/>\n<meta name=\"author\" content=\"Douglas Myth\" \/>\n<meta name=\"twitter:card\" content=\"summary_large_image\" \/>\n<meta name=\"twitter:label1\" content=\"Escrito por\" \/>\n\t<meta name=\"twitter:data1\" content=\"Douglas Myth\" \/>\n\t<meta name=\"twitter:label2\" content=\"Est. tempo de leitura\" \/>\n\t<meta name=\"twitter:data2\" content=\"4 minutos\" \/>\n<!-- \/ Yoast SEO plugin. -->","yoast_head_json":{"title":"Por que a banana \u00e9 essencial para a sua alimenta\u00e7\u00e3o di\u00e1ria - Estado de Minas - Em foco","description":"A banana \u00e9 uma fruta rica em nutrientes e cheia de curiosidades. Veja por que ela \u00e9 importante e o que voc\u00ea provavelmente n\u00e3o sabia.","robots":{"index":"index","follow":"follow","max-snippet":"max-snippet:-1","max-image-preview":"max-image-preview:large","max-video-preview":"max-video-preview:-1"},"canonical":"https:\/\/www.em.com.br\/emfoco\/2025\/08\/01\/por-que-a-banana-e-essencial-para-a-sua-alimentacao-diaria\/","og_locale":"pt_BR","og_type":"article","og_title":"Por que a banana \u00e9 essencial para a sua alimenta\u00e7\u00e3o di\u00e1ria - Estado de Minas - Em foco","og_description":"A banana \u00e9 uma fruta rica em nutrientes e cheia de curiosidades. Veja por que ela \u00e9 importante e o que voc\u00ea provavelmente n\u00e3o sabia.","og_url":"https:\/\/www.em.com.br\/emfoco\/2025\/08\/01\/por-que-a-banana-e-essencial-para-a-sua-alimentacao-diaria\/","og_site_name":"Estado de Minas - Em foco","article_published_time":"2025-08-02T00:38:41+00:00","article_modified_time":"2025-07-31T16:06:07+00:00","og_image":[{"width":1280,"height":720,"url":"https:\/\/www.em.com.br\/emfoco\/wp-content\/uploads\/2025\/08\/banana_1753977837636.jpg","type":"image\/jpeg"}],"author":"Douglas Myth","twitter_card":"summary_large_image","twitter_misc":{"Escrito por":"Douglas Myth","Est. tempo de leitura":"4 minutos"},"schema":{"@context":"https:\/\/schema.org","@graph":[{"@type":"WebPage","@id":"https:\/\/www.em.com.br\/emfoco\/2025\/08\/01\/por-que-a-banana-e-essencial-para-a-sua-alimentacao-diaria\/","url":"https:\/\/www.em.com.br\/emfoco\/2025\/08\/01\/por-que-a-banana-e-essencial-para-a-sua-alimentacao-diaria\/","name":"Por que a banana \u00e9 essencial para a sua alimenta\u00e7\u00e3o di\u00e1ria - Estado de Minas - Em foco","isPartOf":{"@id":"https:\/\/www.em.com.br\/emfoco\/#website"},"primaryImageOfPage":{"@id":"https:\/\/www.em.com.br\/emfoco\/2025\/08\/01\/por-que-a-banana-e-essencial-para-a-sua-alimentacao-diaria\/#primaryimage"},"image":{"@id":"https:\/\/www.em.com.br\/emfoco\/2025\/08\/01\/por-que-a-banana-e-essencial-para-a-sua-alimentacao-diaria\/#primaryimage"},"thumbnailUrl":"https:\/\/www.em.com.br\/emfoco\/wp-content\/uploads\/2025\/08\/banana_1753977837636.jpg","datePublished":"2025-08-02T00:38:41+00:00","dateModified":"2025-07-31T16:06:07+00:00","author":{"@id":"https:\/\/www.em.com.br\/emfoco\/#\/schema\/person\/bba594b7eebe9b9885fec3a5c7837089"},"description":"A banana \u00e9 uma fruta rica em nutrientes e cheia de curiosidades. Veja por que ela \u00e9 importante e o que voc\u00ea provavelmente n\u00e3o sabia.","breadcrumb":{"@id":"https:\/\/www.em.com.br\/emfoco\/2025\/08\/01\/por-que-a-banana-e-essencial-para-a-sua-alimentacao-diaria\/#breadcrumb"},"inLanguage":"pt-BR","potentialAction":[{"@type":"ReadAction","target":["https:\/\/www.em.com.br\/emfoco\/2025\/08\/01\/por-que-a-banana-e-essencial-para-a-sua-alimentacao-diaria\/"]}]},{"@type":"ImageObject","inLanguage":"pt-BR","@id":"https:\/\/www.em.com.br\/emfoco\/2025\/08\/01\/por-que-a-banana-e-essencial-para-a-sua-alimentacao-diaria\/#primaryimage","url":"https:\/\/www.em.com.br\/emfoco\/wp-content\/uploads\/2025\/08\/banana_1753977837636.jpg","contentUrl":"https:\/\/www.em.com.br\/emfoco\/wp-content\/uploads\/2025\/08\/banana_1753977837636.jpg","width":1280,"height":720,"caption":"Banana - Cr\u00e9ditos: depositphotos.com \/ RostyslavOleksin"},{"@type":"BreadcrumbList","@id":"https:\/\/www.em.com.br\/emfoco\/2025\/08\/01\/por-que-a-banana-e-essencial-para-a-sua-alimentacao-diaria\/#breadcrumb","itemListElement":[{"@type":"ListItem","position":1,"name":"In\u00edcio","item":"https:\/\/www.em.com.br\/emfoco\/"},{"@type":"ListItem","position":2,"name":"Por que a banana \u00e9 essencial para a sua alimenta\u00e7\u00e3o di\u00e1ria"}]},{"@type":"WebSite","@id":"https:\/\/www.em.com.br\/emfoco\/#website","url":"https:\/\/www.em.com.br\/emfoco\/","name":"Estado de Minas - Em foco","description":"Acompanhe as \u00faltimas not\u00edcias e fique bem informado sobre tudo o que acontece em Minas Gerais, Brasil e no mundo.","potentialAction":[{"@type":"SearchAction","target":{"@type":"EntryPoint","urlTemplate":"https:\/\/www.em.com.br\/emfoco\/?s={search_term_string}"},"query-input":{"@type":"PropertyValueSpecification","valueRequired":true,"valueName":"search_term_string"}}],"inLanguage":"pt-BR"},{"@type":"Person","@id":"https:\/\/www.em.com.br\/emfoco\/#\/schema\/person\/bba594b7eebe9b9885fec3a5c7837089","name":"Douglas Myth","image":{"@type":"ImageObject","inLanguage":"pt-BR","@id":"https:\/\/www.em.com.br\/emfoco\/#\/schema\/person\/image\/","url":"https:\/\/secure.gravatar.com\/avatar\/1ac3cf50d0e68642c697dc0c960c802f?s=96&d=mm&r=g","contentUrl":"https:\/\/secure.gravatar.com\/avatar\/1ac3cf50d0e68642c697dc0c960c802f?s=96&d=mm&r=g","caption":"Douglas Myth"},"url":"https:\/\/www.em.com.br\/emfoco\/author\/douglasmyth\/"}]}},"_links":{"self":[{"href":"https:\/\/www.em.com.br\/emfoco\/wp-json\/wp\/v2\/posts\/84450","targetHints":{"allow":["GET"]}}],"collection":[{"href":"https:\/\/www.em.com.br\/emfoco\/wp-json\/wp\/v2\/posts"}],"about":[{"href":"https:\/\/www.em.com.br\/emfoco\/wp-json\/wp\/v2\/types\/post"}],"author":[{"embeddable":true,"href":"https:\/\/www.em.com.br\/emfoco\/wp-json\/wp\/v2\/users\/15"}],"replies":[{"embeddable":true,"href":"https:\/\/www.em.com.br\/emfoco\/wp-json\/wp\/v2\/comments?post=84450"}],"version-history":[{"count":3,"href":"https:\/\/www.em.com.br\/emfoco\/wp-json\/wp\/v2\/posts\/84450\/revisions"}],"predecessor-version":[{"id":84458,"href":"https:\/\/www.em.com.br\/emfoco\/wp-json\/wp\/v2\/posts\/84450\/revisions\/84458"}],"wp:featuredmedia":[{"embeddable":true,"href":"https:\/\/www.em.com.br\/emfoco\/wp-json\/wp\/v2\/media\/84454"}],"wp:attachment":[{"href":"https:\/\/www.em.com.br\/emfoco\/wp-json\/wp\/v2\/media?parent=84450"}],"wp:term":[{"taxonomy":"category","embeddable":true,"href":"https:\/\/www.em.com.br\/emfoco\/wp-json\/wp\/v2\/categories?post=84450"},{"taxonomy":"post_tag","embeddable":true,"href":"https:\/\/www.em.com.br\/emfoco\/wp-json\/wp\/v2\/tags?post=84450"}],"curies":[{"name":"wp","href":"https:\/\/api.w.org\/{rel}","templated":true}]}}