{"id":84404,"date":"2025-08-02T19:28:00","date_gmt":"2025-08-02T22:28:00","guid":{"rendered":"https:\/\/www.em.com.br\/emfoco\/?p=84404"},"modified":"2025-07-31T19:48:13","modified_gmt":"2025-07-31T22:48:13","slug":"o-segredo-para-fazer-amigos-depois-dos-50-que-ninguem-te-contou","status":"publish","type":"post","link":"https:\/\/www.em.com.br\/emfoco\/2025\/08\/02\/o-segredo-para-fazer-amigos-depois-dos-50-que-ninguem-te-contou\/","title":{"rendered":"O segredo para fazer amigos depois dos 50 que ningu\u00e9m te contou"},"content":{"rendered":"\n<p>Fazer&nbsp;<strong>novos amigos<\/strong>&nbsp;depois dos 50 \u00e9 poss\u00edvel e pode ser extremamente enriquecedor. Com pequenas mudan\u00e7as na rotina e mais abertura ao conv\u00edvio, \u00e9 poss\u00edvel fortalecer la\u00e7os antigos e criar novas conex\u00f5es. Confira os principais pontos a seguir para facilitar essa jornada:<\/p>\n\n\n\n<ul class=\"wp-block-list\">\n<li><strong>Valorize<\/strong>&nbsp;os la\u00e7os antigos que voc\u00ea j\u00e1 possui.<\/li>\n\n\n\n<li><strong>Explore<\/strong>&nbsp;novos espa\u00e7os e rotinas.<\/li>\n\n\n\n<li><strong>Seja aberto<\/strong>&nbsp;\u00e0s novas oportunidades de amizade.<\/li>\n<\/ul>\n\n\n\n<h2 class=\"wp-block-heading\">Por que o c\u00edrculo social diminui com a idade?<\/h2>\n\n\n\n<p>Com o passar dos anos, \u00e9 normal que o nosso<a href=\"https:\/\/www.infoescola.com\/sociologia\/circulo-social\/\" target=\"_blank\" rel=\"noreferrer noopener\">\u00a0<strong>c\u00edrculo social<\/strong>\u00a0<\/a>v\u00e1 encolhendo. Reformas, mudan\u00e7as de casa, filhos que saem de casa ou at\u00e9 o fim de rela\u00e7\u00f5es longas contribuem para isso. Por exemplo, pessoas que viveram muitos anos em cidades como\u00a0<strong>S\u00e3o Paulo<\/strong>\u00a0ou\u00a0<strong>Rio de Janeiro<\/strong>\u00a0podem perceber que amizades se perdem ap\u00f3s uma mudan\u00e7a de estado ou pa\u00eds, como uma mudan\u00e7a para\u00a0<strong>Portugal<\/strong>. Mas os 50 n\u00e3o s\u00e3o o fim da linha social \u2014 pelo contr\u00e1rio, podem ser um novo come\u00e7o.<\/p>\n\n\n\n<h2 class=\"wp-block-heading\">Como valorizar os la\u00e7os antigos?<\/h2>\n\n\n\n<p>Antes de procurar&nbsp;<strong>novos amigos<\/strong>, pense nos que j\u00e1 tem. H\u00e1 algu\u00e9m com quem perdeu o contacto e gostaria de retomar a liga\u00e7\u00e3o? Um telefonema ou mensagem pelo&nbsp;<strong>WhatsApp<\/strong>&nbsp;pode reativar uma rela\u00e7\u00e3o adormecida. \u00c0s vezes, o outro tamb\u00e9m est\u00e1 \u00e0 espera de um sinal, mesmo que esteja longe, por exemplo, morando em outro pa\u00eds como os&nbsp;<strong>Estados Unidos<\/strong>.<\/p>\n\n\n\n<figure class=\"wp-block-image\"><img decoding=\"async\" src=\"https:\/\/www.em.com.br\/emfoco\/wp-content\/uploads\/2025\/05\/idoso_1748187084045-1024x576.jpg\" alt=\"\"\/><figcaption class=\"wp-element-caption\">Idosos &#8211; Cr\u00e9ditos: depositphotos.com \/ AndrewLozovyi<\/figcaption><\/figure>\n\n\n\n<h2 class=\"wp-block-heading\">Quais espa\u00e7os e rotinas explorar para conhecer pessoas?<\/h2>\n\n\n\n<p>Frequentar aulas de hidrogin\u00e1stica, caminhadas em grupo, clubes de leitura ou centros culturais pode proporcionar encontros naturais com pessoas que partilham interesses semelhantes. Em grandes cidades como S\u00e3o Paulo, os&nbsp;<strong>centros culturais<\/strong>&nbsp;promovem eventos semanais que ajudam nesse processo. A chave est\u00e1 em&nbsp;<strong>estar presente<\/strong>&nbsp;e dispon\u00edvel.<\/p>\n\n\n\n<h2 class=\"wp-block-heading\">Como ser aberto a novas amizades?<\/h2>\n\n\n\n<p>Fazer&nbsp;<strong>amizades<\/strong>&nbsp;depois dos 50 pode parecer mais dif\u00edcil, mas tamb\u00e9m \u00e9 mais verdadeiro. As pessoas sabem melhor quem s\u00e3o, o que querem, e valorizam mais a companhia. Um simples \u201cbom dia\u201d pode ser o in\u00edcio de algo bonito, mesmo em encontros r\u00e1pidos, como na fila de um caixa eletr\u00f4nico do&nbsp;<strong>Banco do Brasil<\/strong>.<\/p>\n\n\n\n<h2 class=\"wp-block-heading\">Leia tamb\u00e9m: <a href=\"https:\/\/www.em.com.br\/emfoco\/2025\/07\/31\/o-maior-ponto-de-virada-do-envelhecimento-acontece-aos-50-anos\/\" target=\"_blank\" rel=\"noreferrer noopener\">O maior ponto de virada do envelhecimento acontece aos 50 anos<\/a><\/h2>\n\n\n\n<h2 class=\"wp-block-heading\">Por que dar tempo ao tempo \u00e9 importante nas novas conex\u00f5es?<\/h2>\n\n\n\n<p>Nem todas as&nbsp;<strong>conex\u00f5es<\/strong>&nbsp;acontecem num instante. Cultivar uma amizade requer presen\u00e7a, escuta e interesse m\u00fatuo. N\u00e3o desista se no in\u00edcio parecer for\u00e7ado \u2014 pode demorar a encontrar o seu ritmo com uma nova pessoa. Em muitas situa\u00e7\u00f5es, compartilhar experi\u00eancias como viajar com grupos organizados por ag\u00eancias como a&nbsp;<strong>CVC<\/strong>&nbsp;pode proporcionar encontros sinceros que s\u00f3 amadurecem com o tempo.<\/p>\n\n\n\n<h2 class=\"wp-block-heading\">Como manter as amizades vivas e a proximidade?<\/h2>\n\n\n\n<p>Com os amigos de longa data, marque caf\u00e9s, passeios ou telefonemas regulares. Mesmo que o tempo e a vida vos afastem, manter o contacto \u00e9 um ato de carinho e continuidade. Em datas importantes, como o&nbsp;<strong>Dia do Amigo<\/strong>&nbsp;em julho, uma mensagem ou encontro pode reacender a proximidade.<\/p>\n\n\n\n<h2 class=\"wp-block-heading\">Em que reside a magia de novos come\u00e7os?<\/h2>\n\n\n\n<ul class=\"wp-block-list\">\n<li>Resgatar la\u00e7os antigos pode reacender amizades valiosas.<\/li>\n\n\n\n<li>Novos espa\u00e7os oferecem oportunidades de encontros significativos.<\/li>\n\n\n\n<li>Abordar novas rela\u00e7\u00f5es com honestidade fortalece la\u00e7os duradouros.<\/li>\n<\/ul>\n","protected":false},"excerpt":{"rendered":"<p>Fazer&nbsp;novos amigos&nbsp;depois dos 50 \u00e9 poss\u00edvel e pode ser extremamente enriquecedor. Com pequenas mudan\u00e7as na rotina e mais abertura ao conv\u00edvio, \u00e9 poss\u00edvel fortalecer la\u00e7os antigos e criar novas conex\u00f5es. Confira os principais pontos a seguir para facilitar essa jornada: Por que o c\u00edrculo social diminui com a idade? Com o passar dos anos, \u00e9 [&hellip;]<\/p>\n","protected":false},"author":11,"featured_media":45092,"comment_status":"open","ping_status":"open","sticky":false,"template":"","format":"standard","meta":{"jnews-multi-image_gallery":[],"jnews_single_post":{"format":"standard"},"jnews_primary_category":[],"jnews_social_meta":[],"jnews_override_counter":[],"footnotes":""},"categories":[29,1],"tags":[7488,3641,904,260],"class_list":["post-84404","post","type-post","status-publish","format-standard","has-post-thumbnail","hentry","category-entretenimento","category-noticias","tag-amigos","tag-amizade","tag-conexao","tag-idosos"],"yoast_head":"<!-- This site is optimized with the Yoast SEO plugin v23.8 - https:\/\/yoast.com\/wordpress\/plugins\/seo\/ -->\n<title>O segredo para fazer amigos depois dos 50 que ningu\u00e9m te contou - Estado de Minas - Em foco<\/title>\n<meta name=\"description\" content=\"Fazer amigos depois dos 50 \u00e9 mais f\u00e1cil do que parece. Veja como la\u00e7os antigos e novas rotinas podem mudar sua vida social.\" \/>\n<meta name=\"robots\" content=\"index, follow, max-snippet:-1, max-image-preview:large, max-video-preview:-1\" \/>\n<link rel=\"canonical\" href=\"https:\/\/www.em.com.br\/emfoco\/2025\/08\/02\/o-segredo-para-fazer-amigos-depois-dos-50-que-ninguem-te-contou\/\" \/>\n<meta property=\"og:locale\" content=\"pt_BR\" \/>\n<meta property=\"og:type\" content=\"article\" \/>\n<meta property=\"og:title\" content=\"O segredo para fazer amigos depois dos 50 que ningu\u00e9m te contou - Estado de Minas - Em foco\" \/>\n<meta property=\"og:description\" content=\"Fazer amigos depois dos 50 \u00e9 mais f\u00e1cil do que parece. Veja como la\u00e7os antigos e novas rotinas podem mudar sua vida social.\" \/>\n<meta property=\"og:url\" content=\"https:\/\/www.em.com.br\/emfoco\/2025\/08\/02\/o-segredo-para-fazer-amigos-depois-dos-50-que-ninguem-te-contou\/\" \/>\n<meta property=\"og:site_name\" content=\"Estado de Minas - Em foco\" \/>\n<meta property=\"article:published_time\" content=\"2025-08-02T22:28:00+00:00\" \/>\n<meta property=\"article:modified_time\" content=\"2025-07-31T22:48:13+00:00\" \/>\n<meta property=\"og:image\" content=\"https:\/\/www.em.com.br\/emfoco\/wp-content\/uploads\/2025\/05\/idosos_1746573574010.jpg\" \/>\n\t<meta property=\"og:image:width\" content=\"1280\" \/>\n\t<meta property=\"og:image:height\" content=\"720\" \/>\n\t<meta property=\"og:image:type\" content=\"image\/jpeg\" \/>\n<meta name=\"author\" content=\"Andre\u0301 Rangel\u00a0\" \/>\n<meta name=\"twitter:card\" content=\"summary_large_image\" \/>\n<meta name=\"twitter:label1\" content=\"Escrito por\" \/>\n\t<meta name=\"twitter:data1\" content=\"Andre\u0301 Rangel\u00a0\" \/>\n\t<meta name=\"twitter:label2\" content=\"Est. tempo de leitura\" \/>\n\t<meta name=\"twitter:data2\" content=\"4 minutos\" \/>\n<!-- \/ Yoast SEO plugin. -->","yoast_head_json":{"title":"O segredo para fazer amigos depois dos 50 que ningu\u00e9m te contou - Estado de Minas - Em foco","description":"Fazer amigos depois dos 50 \u00e9 mais f\u00e1cil do que parece. Veja como la\u00e7os antigos e novas rotinas podem mudar sua vida social.","robots":{"index":"index","follow":"follow","max-snippet":"max-snippet:-1","max-image-preview":"max-image-preview:large","max-video-preview":"max-video-preview:-1"},"canonical":"https:\/\/www.em.com.br\/emfoco\/2025\/08\/02\/o-segredo-para-fazer-amigos-depois-dos-50-que-ninguem-te-contou\/","og_locale":"pt_BR","og_type":"article","og_title":"O segredo para fazer amigos depois dos 50 que ningu\u00e9m te contou - Estado de Minas - Em foco","og_description":"Fazer amigos depois dos 50 \u00e9 mais f\u00e1cil do que parece. Veja como la\u00e7os antigos e novas rotinas podem mudar sua vida social.","og_url":"https:\/\/www.em.com.br\/emfoco\/2025\/08\/02\/o-segredo-para-fazer-amigos-depois-dos-50-que-ninguem-te-contou\/","og_site_name":"Estado de Minas - Em foco","article_published_time":"2025-08-02T22:28:00+00:00","article_modified_time":"2025-07-31T22:48:13+00:00","og_image":[{"width":1280,"height":720,"url":"https:\/\/www.em.com.br\/emfoco\/wp-content\/uploads\/2025\/05\/idosos_1746573574010.jpg","type":"image\/jpeg"}],"author":"Andre\u0301 Rangel\u00a0","twitter_card":"summary_large_image","twitter_misc":{"Escrito por":"Andre\u0301 Rangel\u00a0","Est. tempo de leitura":"4 minutos"},"schema":{"@context":"https:\/\/schema.org","@graph":[{"@type":"WebPage","@id":"https:\/\/www.em.com.br\/emfoco\/2025\/08\/02\/o-segredo-para-fazer-amigos-depois-dos-50-que-ninguem-te-contou\/","url":"https:\/\/www.em.com.br\/emfoco\/2025\/08\/02\/o-segredo-para-fazer-amigos-depois-dos-50-que-ninguem-te-contou\/","name":"O segredo para fazer amigos depois dos 50 que ningu\u00e9m te contou - Estado de Minas - Em foco","isPartOf":{"@id":"https:\/\/www.em.com.br\/emfoco\/#website"},"primaryImageOfPage":{"@id":"https:\/\/www.em.com.br\/emfoco\/2025\/08\/02\/o-segredo-para-fazer-amigos-depois-dos-50-que-ninguem-te-contou\/#primaryimage"},"image":{"@id":"https:\/\/www.em.com.br\/emfoco\/2025\/08\/02\/o-segredo-para-fazer-amigos-depois-dos-50-que-ninguem-te-contou\/#primaryimage"},"thumbnailUrl":"https:\/\/www.em.com.br\/emfoco\/wp-content\/uploads\/2025\/05\/idosos_1746573574010.jpg","datePublished":"2025-08-02T22:28:00+00:00","dateModified":"2025-07-31T22:48:13+00:00","author":{"@id":"https:\/\/www.em.com.br\/emfoco\/#\/schema\/person\/60eda09c1fedf0d6891f4cef4b60b8b8"},"description":"Fazer amigos depois dos 50 \u00e9 mais f\u00e1cil do que parece. Veja como la\u00e7os antigos e novas rotinas podem mudar sua vida social.","breadcrumb":{"@id":"https:\/\/www.em.com.br\/emfoco\/2025\/08\/02\/o-segredo-para-fazer-amigos-depois-dos-50-que-ninguem-te-contou\/#breadcrumb"},"inLanguage":"pt-BR","potentialAction":[{"@type":"ReadAction","target":["https:\/\/www.em.com.br\/emfoco\/2025\/08\/02\/o-segredo-para-fazer-amigos-depois-dos-50-que-ninguem-te-contou\/"]}]},{"@type":"ImageObject","inLanguage":"pt-BR","@id":"https:\/\/www.em.com.br\/emfoco\/2025\/08\/02\/o-segredo-para-fazer-amigos-depois-dos-50-que-ninguem-te-contou\/#primaryimage","url":"https:\/\/www.em.com.br\/emfoco\/wp-content\/uploads\/2025\/05\/idosos_1746573574010.jpg","contentUrl":"https:\/\/www.em.com.br\/emfoco\/wp-content\/uploads\/2025\/05\/idosos_1746573574010.jpg","width":1280,"height":720,"caption":"Idosos- Cr\u00e9ditos: depositphotos.com \/ pressmaster"},{"@type":"BreadcrumbList","@id":"https:\/\/www.em.com.br\/emfoco\/2025\/08\/02\/o-segredo-para-fazer-amigos-depois-dos-50-que-ninguem-te-contou\/#breadcrumb","itemListElement":[{"@type":"ListItem","position":1,"name":"In\u00edcio","item":"https:\/\/www.em.com.br\/emfoco\/"},{"@type":"ListItem","position":2,"name":"O segredo para fazer amigos depois dos 50 que ningu\u00e9m te contou"}]},{"@type":"WebSite","@id":"https:\/\/www.em.com.br\/emfoco\/#website","url":"https:\/\/www.em.com.br\/emfoco\/","name":"Estado de Minas - Em foco","description":"Acompanhe as \u00faltimas not\u00edcias e fique bem informado sobre tudo o que acontece em Minas Gerais, Brasil e no mundo.","potentialAction":[{"@type":"SearchAction","target":{"@type":"EntryPoint","urlTemplate":"https:\/\/www.em.com.br\/emfoco\/?s={search_term_string}"},"query-input":{"@type":"PropertyValueSpecification","valueRequired":true,"valueName":"search_term_string"}}],"inLanguage":"pt-BR"},{"@type":"Person","@id":"https:\/\/www.em.com.br\/emfoco\/#\/schema\/person\/60eda09c1fedf0d6891f4cef4b60b8b8","name":"Andre\u0301 Rangel\u00a0","image":{"@type":"ImageObject","inLanguage":"pt-BR","@id":"https:\/\/www.em.com.br\/emfoco\/#\/schema\/person\/image\/","url":"https:\/\/secure.gravatar.com\/avatar\/6234dc814c77c8ef6d8bba622c787efc?s=96&d=mm&r=g","contentUrl":"https:\/\/secure.gravatar.com\/avatar\/6234dc814c77c8ef6d8bba622c787efc?s=96&d=mm&r=g","caption":"Andre\u0301 Rangel\u00a0"},"url":"https:\/\/www.em.com.br\/emfoco\/author\/luizmyth\/"}]}},"_links":{"self":[{"href":"https:\/\/www.em.com.br\/emfoco\/wp-json\/wp\/v2\/posts\/84404","targetHints":{"allow":["GET"]}}],"collection":[{"href":"https:\/\/www.em.com.br\/emfoco\/wp-json\/wp\/v2\/posts"}],"about":[{"href":"https:\/\/www.em.com.br\/emfoco\/wp-json\/wp\/v2\/types\/post"}],"author":[{"embeddable":true,"href":"https:\/\/www.em.com.br\/emfoco\/wp-json\/wp\/v2\/users\/11"}],"replies":[{"embeddable":true,"href":"https:\/\/www.em.com.br\/emfoco\/wp-json\/wp\/v2\/comments?post=84404"}],"version-history":[{"count":4,"href":"https:\/\/www.em.com.br\/emfoco\/wp-json\/wp\/v2\/posts\/84404\/revisions"}],"predecessor-version":[{"id":84804,"href":"https:\/\/www.em.com.br\/emfoco\/wp-json\/wp\/v2\/posts\/84404\/revisions\/84804"}],"wp:featuredmedia":[{"embeddable":true,"href":"https:\/\/www.em.com.br\/emfoco\/wp-json\/wp\/v2\/media\/45092"}],"wp:attachment":[{"href":"https:\/\/www.em.com.br\/emfoco\/wp-json\/wp\/v2\/media?parent=84404"}],"wp:term":[{"taxonomy":"category","embeddable":true,"href":"https:\/\/www.em.com.br\/emfoco\/wp-json\/wp\/v2\/categories?post=84404"},{"taxonomy":"post_tag","embeddable":true,"href":"https:\/\/www.em.com.br\/emfoco\/wp-json\/wp\/v2\/tags?post=84404"}],"curies":[{"name":"wp","href":"https:\/\/api.w.org\/{rel}","templated":true}]}}