{"id":84335,"date":"2025-08-04T14:48:00","date_gmt":"2025-08-04T17:48:00","guid":{"rendered":"https:\/\/www.em.com.br\/emfoco\/?p=84335"},"modified":"2025-08-02T16:27:11","modified_gmt":"2025-08-02T19:27:11","slug":"mora-em-apartamento-veja-os-melhores-alimentos-para-cultivar-na-sua-janela-com-pouco-espaco","status":"publish","type":"post","link":"https:\/\/www.em.com.br\/emfoco\/2025\/08\/04\/mora-em-apartamento-veja-os-melhores-alimentos-para-cultivar-na-sua-janela-com-pouco-espaco\/","title":{"rendered":"Mora em apartamento? Veja os melhores alimentos para cultivar na sua janela com pouco espa\u00e7o"},"content":{"rendered":"\n<p><strong>Plantar ervas e vegetais em casa<\/strong> \u00e9 mais simples do que parece, e at\u00e9 quem mora em apartamento pode come\u00e7ar com poucos vasos na janela.<\/p>\n\n\n\n<p>Com pouco espa\u00e7o e luz natural, \u00e9 poss\u00edvel ter alimentos frescos e org\u00e2nicos sempre \u00e0 m\u00e3o.<\/p>\n\n\n\n<ul class=\"wp-block-list\">\n<li>Op\u00e7\u00f5es pr\u00e1ticas que crescem bem em janelas ensolaradas<\/li>\n\n\n\n<li>Cuidados b\u00e1sicos para manter as plantas saud\u00e1veis<\/li>\n\n\n\n<li>Benef\u00edcios de cultivar alimentos dentro de casa<\/li>\n<\/ul>\n\n\n\n<h2 class=\"wp-block-heading\">Quais plantas comest\u00edveis crescem bem com luz solar indireta?<\/h2>\n\n\n\n<p><strong>Manjeric\u00e3o e salsinha<\/strong> s\u00e3o \u00f3timos exemplos de plantas que se adaptam \u00e0 luz solar indireta. Elas prosperam pr\u00f3ximas a janelas e exigem regas frequentes sem encharcar.<\/p>\n\n\n\n<p><strong>Espinafre e alface baby<\/strong> tamb\u00e9m s\u00e3o ideais para ambientes internos bem iluminados, especialmente se houver circula\u00e7\u00e3o de ar.<\/p>\n\n\n\n<figure class=\"wp-block-image size-large\"><img loading=\"lazy\" decoding=\"async\" width=\"1024\" height=\"576\" src=\"https:\/\/www.em.com.br\/emfoco\/wp-content\/uploads\/2025\/06\/Horta-Vertical_1750349419560-1024x576.jpg\" alt=\"Como montar uma horta em escada e cultivar at\u00e9 10 tipos de ervas em pouco espa\u00e7o\" class=\"wp-image-63951\" srcset=\"https:\/\/www.em.com.br\/emfoco\/wp-content\/uploads\/2025\/06\/Horta-Vertical_1750349419560-1024x576.jpg 1024w, https:\/\/www.em.com.br\/emfoco\/wp-content\/uploads\/2025\/06\/Horta-Vertical_1750349419560-300x169.jpg 300w, https:\/\/www.em.com.br\/emfoco\/wp-content\/uploads\/2025\/06\/Horta-Vertical_1750349419560-768x432.jpg 768w, https:\/\/www.em.com.br\/emfoco\/wp-content\/uploads\/2025\/06\/Horta-Vertical_1750349419560-750x422.jpg 750w, https:\/\/www.em.com.br\/emfoco\/wp-content\/uploads\/2025\/06\/Horta-Vertical_1750349419560-1140x642.jpg 1140w, https:\/\/www.em.com.br\/emfoco\/wp-content\/uploads\/2025\/06\/Horta-Vertical_1750349419560.jpg 1279w\" sizes=\"auto, (max-width: 1024px) 100vw, 1024px\" \/><figcaption class=\"wp-element-caption\">Horta vertical &#8211; Cr\u00e9ditos: depositphotos.com \/ smuayc<\/figcaption><\/figure>\n\n\n\n<h2 class=\"wp-block-heading\">\u00c9 poss\u00edvel plantar ervas em pequenos vasos?<\/h2>\n\n\n\n<p><strong>Sim, ervas arom\u00e1ticas como hortel\u00e3, coentro e cebolinha<\/strong> se desenvolvem bem em vasos compactos. O importante \u00e9 garantir boa drenagem no fundo do recipiente.<\/p>\n\n\n\n<p><strong>Vasos com furos e pratos coletoras<\/strong> ajudam a evitar o ac\u00famulo de \u00e1gua e o apodrecimento das ra\u00edzes.<\/p>\n\n\n\n<h2 class=\"wp-block-heading\">Quais cuidados b\u00e1sicos s\u00e3o essenciais no cultivo dom\u00e9stico?<\/h2>\n\n\n\n<p><strong>Regar na medida certa<\/strong> \u00e9 um dos pontos mais importantes. A maioria das plantas comest\u00edveis prefere solo \u00famido, mas n\u00e3o encharcado.<\/p>\n\n\n\n<p><strong>Adubar quinzenalmente<\/strong> com compostos org\u00e2nicos ou h\u00famus de minhoca mant\u00e9m o crescimento saud\u00e1vel e melhora o sabor das folhas.<\/p>\n\n\n\n<figure class=\"wp-block-table\"><table class=\"has-fixed-layout\"><tbody><tr><th>Planta<\/th><th>Luz Ideal<\/th><th>Frequ\u00eancia de Rega<\/th><\/tr><tr><td>Manjeric\u00e3o<\/td><td>Sol direto ou meia-sombra<\/td><td>1 vez ao dia<\/td><\/tr><tr><td>Hortel\u00e3<\/td><td>Luz indireta<\/td><td>2 a 3 vezes por semana<\/td><\/tr><tr><td>Alface baby<\/td><td>Ambiente claro<\/td><td>Di\u00e1ria em dias quentes<\/td><\/tr><\/tbody><\/table><\/figure>\n\n\n\n<figure class=\"wp-block-image size-large\"><img loading=\"lazy\" decoding=\"async\" width=\"1024\" height=\"576\" src=\"https:\/\/www.em.com.br\/emfoco\/wp-content\/uploads\/2025\/05\/parsley_1746715321449-1024x576.jpg\" alt=\"Aprenda cultivar salsinha em casa e sempre tenha temperos frescos\" class=\"wp-image-45671\" srcset=\"https:\/\/www.em.com.br\/emfoco\/wp-content\/uploads\/2025\/05\/parsley_1746715321449-1024x576.jpg 1024w, https:\/\/www.em.com.br\/emfoco\/wp-content\/uploads\/2025\/05\/parsley_1746715321449-300x169.jpg 300w, https:\/\/www.em.com.br\/emfoco\/wp-content\/uploads\/2025\/05\/parsley_1746715321449-768x432.jpg 768w, https:\/\/www.em.com.br\/emfoco\/wp-content\/uploads\/2025\/05\/parsley_1746715321449-750x422.jpg 750w, https:\/\/www.em.com.br\/emfoco\/wp-content\/uploads\/2025\/05\/parsley_1746715321449-1140x641.jpg 1140w, https:\/\/www.em.com.br\/emfoco\/wp-content\/uploads\/2025\/05\/parsley_1746715321449.jpg 1280w\" sizes=\"auto, (max-width: 1024px) 100vw, 1024px\" \/><figcaption class=\"wp-element-caption\">Salsinha &#8211; Cr\u00e9ditos: depositphotos.com \/ mira.drozdowski.gmx.de<\/figcaption><\/figure>\n\n\n\n<h2 class=\"wp-block-heading\">Como montar uma horta funcional na janela?<\/h2>\n\n\n\n<p><strong>Organizar os vasos por tamanho e necessidade de luz<\/strong> ajuda a manter uma horta produtiva e acess\u00edvel. Coloque as plantas maiores no canto e as menores mais \u00e0 frente.<\/p>\n\n\n\n<p><strong>Use suportes verticais ou prateleiras<\/strong> para aproveitar melhor o espa\u00e7o e evitar ac\u00famulo de umidade embaixo dos vasos.<\/p>\n\n\n\n<ul class=\"wp-block-list\">\n<li>Escolha janelas com sol por pelo menos 4 horas ao dia<\/li>\n\n\n\n<li>Evite locais com vento forte ou varia\u00e7\u00f5es bruscas de temperatura<\/li>\n\n\n\n<li>Prefira vasos de cer\u00e2mica ou pl\u00e1stico com boa drenagem<\/li>\n\n\n\n<li>Revolva a terra uma vez por semana para arejar<\/li>\n<\/ul>\n\n\n\n<h2 class=\"wp-block-heading\">Quais plantas trazem mais benef\u00edcios para a sa\u00fade?<\/h2>\n\n\n\n<p><strong>Coentro e salsinha<\/strong> s\u00e3o ricos em antioxidantes e ajudam na digest\u00e3o. Cultiv\u00e1-los em casa evita o consumo de agrot\u00f3xicos.<\/p>\n\n\n\n<p><strong>Cebolinha e manjeric\u00e3o<\/strong> t\u00eam propriedades <strong><a href=\"https:\/\/www.tuasaude.com\/alimentos-anti-inflamatorios\/\" target=\"_blank\" rel=\"noreferrer noopener\">anti-inflamat\u00f3rias<\/a><\/strong> e refor\u00e7am o sabor de pratos do dia a dia.<\/p>\n\n\n\n<ul class=\"wp-block-list\">\n<li>Ricas em vitaminas A, C e K<\/li>\n\n\n\n<li>Melhoram a imunidade e o metabolismo<\/li>\n\n\n\n<li>Podem ser consumidas frescas, direto do vaso<\/li>\n\n\n\n<li>Reduzem o desperd\u00edcio de alimentos<\/li>\n<\/ul>\n\n\n\n<h2 class=\"wp-block-heading\">Por que cultivar alimentos em casa \u00e9 t\u00e3o vantajoso?<\/h2>\n\n\n\n<p><strong>Ter uma mini-horta na janela<\/strong> proporciona praticidade, sa\u00fade e <strong><a href=\"https:\/\/www.em.com.br\/emfoco\/2025\/07\/26\/nova-tecnica-de-limpeza-caseira-do-fogao-conquista-quem-ama-praticidade-e-economia\/\" target=\"_blank\" rel=\"noreferrer noopener\">economia<\/a><\/strong>. Al\u00e9m disso, melhora a qualidade do ar e reduz o estresse.<\/p>\n\n\n\n<p><strong>Mesmo em espa\u00e7os pequenos<\/strong>, o cultivo dom\u00e9stico aproxima voc\u00ea da natureza e estimula h\u00e1bitos mais sustent\u00e1veis.<\/p>\n\n\n\n<ul class=\"wp-block-list\">\n<li>Autonomia alimentar no dia a dia<\/li>\n\n\n\n<li>Economia com temperos e verduras frescas<\/li>\n\n\n\n<li>Mais controle sobre o que voc\u00ea consome<\/li>\n<\/ul>\n","protected":false},"excerpt":{"rendered":"<p>Plantar ervas e vegetais em casa \u00e9 mais simples do que parece, e at\u00e9 quem mora em apartamento pode come\u00e7ar com poucos vasos na janela. Com pouco espa\u00e7o e luz natural, \u00e9 poss\u00edvel ter alimentos frescos e org\u00e2nicos sempre \u00e0 m\u00e3o. Quais plantas comest\u00edveis crescem bem com luz solar indireta? Manjeric\u00e3o e salsinha s\u00e3o \u00f3timos [&hellip;]<\/p>\n","protected":false},"author":13,"featured_media":84378,"comment_status":"open","ping_status":"open","sticky":false,"template":"","format":"standard","meta":{"jnews-multi-image_gallery":[],"jnews_single_post":{"format":"standard"},"jnews_primary_category":[],"jnews_social_meta":[],"jnews_override_counter":[],"footnotes":""},"categories":[8819],"tags":[13157,2037,3818,8557],"class_list":["post-84335","post","type-post","status-publish","format-standard","has-post-thumbnail","hentry","category-curiosidades","tag-alimentos-naturais","tag-dicas-caseiras","tag-horta-caseira","tag-plantas-comestiveis"],"yoast_head":"<!-- This site is optimized with the Yoast SEO plugin v23.8 - https:\/\/yoast.com\/wordpress\/plugins\/seo\/ -->\n<title>Mora em apartamento? Veja os melhores alimentos para cultivar na sua janela com pouco espa\u00e7o - Estado de Minas - Em foco<\/title>\n<meta name=\"description\" content=\"Cultive ervas e hortali\u00e7as em casa mesmo sem quintal. Com vasos e luz natural, voc\u00ea tem comida fresca e saud\u00e1vel todo dia.\" \/>\n<meta name=\"robots\" content=\"index, follow, max-snippet:-1, max-image-preview:large, max-video-preview:-1\" \/>\n<link rel=\"canonical\" href=\"https:\/\/www.em.com.br\/emfoco\/2025\/08\/04\/mora-em-apartamento-veja-os-melhores-alimentos-para-cultivar-na-sua-janela-com-pouco-espaco\/\" \/>\n<meta property=\"og:locale\" content=\"pt_BR\" \/>\n<meta property=\"og:type\" content=\"article\" \/>\n<meta property=\"og:title\" content=\"Mora em apartamento? Veja os melhores alimentos para cultivar na sua janela com pouco espa\u00e7o - Estado de Minas - Em foco\" \/>\n<meta property=\"og:description\" content=\"Cultive ervas e hortali\u00e7as em casa mesmo sem quintal. Com vasos e luz natural, voc\u00ea tem comida fresca e saud\u00e1vel todo dia.\" \/>\n<meta property=\"og:url\" content=\"https:\/\/www.em.com.br\/emfoco\/2025\/08\/04\/mora-em-apartamento-veja-os-melhores-alimentos-para-cultivar-na-sua-janela-com-pouco-espaco\/\" \/>\n<meta property=\"og:site_name\" content=\"Estado de Minas - Em foco\" \/>\n<meta property=\"article:published_time\" content=\"2025-08-04T17:48:00+00:00\" \/>\n<meta property=\"article:modified_time\" content=\"2025-08-02T19:27:11+00:00\" \/>\n<meta property=\"og:image\" content=\"https:\/\/www.em.com.br\/emfoco\/wp-content\/uploads\/2025\/07\/ad-83.jpg\" \/>\n\t<meta property=\"og:image:width\" content=\"1280\" \/>\n\t<meta property=\"og:image:height\" content=\"720\" \/>\n\t<meta property=\"og:image:type\" content=\"image\/jpeg\" \/>\n<meta name=\"author\" content=\"Gabriel Martins\" \/>\n<meta name=\"twitter:card\" content=\"summary_large_image\" \/>\n<meta name=\"twitter:label1\" content=\"Escrito por\" \/>\n\t<meta name=\"twitter:data1\" content=\"Gabriel Martins\" \/>\n\t<meta name=\"twitter:label2\" content=\"Est. tempo de leitura\" \/>\n\t<meta name=\"twitter:data2\" content=\"4 minutos\" \/>\n<!-- \/ Yoast SEO plugin. -->","yoast_head_json":{"title":"Mora em apartamento? Veja os melhores alimentos para cultivar na sua janela com pouco espa\u00e7o - Estado de Minas - Em foco","description":"Cultive ervas e hortali\u00e7as em casa mesmo sem quintal. Com vasos e luz natural, voc\u00ea tem comida fresca e saud\u00e1vel todo dia.","robots":{"index":"index","follow":"follow","max-snippet":"max-snippet:-1","max-image-preview":"max-image-preview:large","max-video-preview":"max-video-preview:-1"},"canonical":"https:\/\/www.em.com.br\/emfoco\/2025\/08\/04\/mora-em-apartamento-veja-os-melhores-alimentos-para-cultivar-na-sua-janela-com-pouco-espaco\/","og_locale":"pt_BR","og_type":"article","og_title":"Mora em apartamento? Veja os melhores alimentos para cultivar na sua janela com pouco espa\u00e7o - Estado de Minas - Em foco","og_description":"Cultive ervas e hortali\u00e7as em casa mesmo sem quintal. Com vasos e luz natural, voc\u00ea tem comida fresca e saud\u00e1vel todo dia.","og_url":"https:\/\/www.em.com.br\/emfoco\/2025\/08\/04\/mora-em-apartamento-veja-os-melhores-alimentos-para-cultivar-na-sua-janela-com-pouco-espaco\/","og_site_name":"Estado de Minas - Em foco","article_published_time":"2025-08-04T17:48:00+00:00","article_modified_time":"2025-08-02T19:27:11+00:00","og_image":[{"width":1280,"height":720,"url":"https:\/\/www.em.com.br\/emfoco\/wp-content\/uploads\/2025\/07\/ad-83.jpg","type":"image\/jpeg"}],"author":"Gabriel Martins","twitter_card":"summary_large_image","twitter_misc":{"Escrito por":"Gabriel Martins","Est. tempo de leitura":"4 minutos"},"schema":{"@context":"https:\/\/schema.org","@graph":[{"@type":"WebPage","@id":"https:\/\/www.em.com.br\/emfoco\/2025\/08\/04\/mora-em-apartamento-veja-os-melhores-alimentos-para-cultivar-na-sua-janela-com-pouco-espaco\/","url":"https:\/\/www.em.com.br\/emfoco\/2025\/08\/04\/mora-em-apartamento-veja-os-melhores-alimentos-para-cultivar-na-sua-janela-com-pouco-espaco\/","name":"Mora em apartamento? Veja os melhores alimentos para cultivar na sua janela com pouco espa\u00e7o - Estado de Minas - Em foco","isPartOf":{"@id":"https:\/\/www.em.com.br\/emfoco\/#website"},"primaryImageOfPage":{"@id":"https:\/\/www.em.com.br\/emfoco\/2025\/08\/04\/mora-em-apartamento-veja-os-melhores-alimentos-para-cultivar-na-sua-janela-com-pouco-espaco\/#primaryimage"},"image":{"@id":"https:\/\/www.em.com.br\/emfoco\/2025\/08\/04\/mora-em-apartamento-veja-os-melhores-alimentos-para-cultivar-na-sua-janela-com-pouco-espaco\/#primaryimage"},"thumbnailUrl":"https:\/\/www.em.com.br\/emfoco\/wp-content\/uploads\/2025\/07\/ad-83.jpg","datePublished":"2025-08-04T17:48:00+00:00","dateModified":"2025-08-02T19:27:11+00:00","author":{"@id":"https:\/\/www.em.com.br\/emfoco\/#\/schema\/person\/1c9ddeab18b98abeffef834667bcf08a"},"description":"Cultive ervas e hortali\u00e7as em casa mesmo sem quintal. Com vasos e luz natural, voc\u00ea tem comida fresca e saud\u00e1vel todo dia.","breadcrumb":{"@id":"https:\/\/www.em.com.br\/emfoco\/2025\/08\/04\/mora-em-apartamento-veja-os-melhores-alimentos-para-cultivar-na-sua-janela-com-pouco-espaco\/#breadcrumb"},"inLanguage":"pt-BR","potentialAction":[{"@type":"ReadAction","target":["https:\/\/www.em.com.br\/emfoco\/2025\/08\/04\/mora-em-apartamento-veja-os-melhores-alimentos-para-cultivar-na-sua-janela-com-pouco-espaco\/"]}]},{"@type":"ImageObject","inLanguage":"pt-BR","@id":"https:\/\/www.em.com.br\/emfoco\/2025\/08\/04\/mora-em-apartamento-veja-os-melhores-alimentos-para-cultivar-na-sua-janela-com-pouco-espaco\/#primaryimage","url":"https:\/\/www.em.com.br\/emfoco\/wp-content\/uploads\/2025\/07\/ad-83.jpg","contentUrl":"https:\/\/www.em.com.br\/emfoco\/wp-content\/uploads\/2025\/07\/ad-83.jpg","width":1280,"height":720,"caption":"Alimentos sendo cultivados na janela"},{"@type":"BreadcrumbList","@id":"https:\/\/www.em.com.br\/emfoco\/2025\/08\/04\/mora-em-apartamento-veja-os-melhores-alimentos-para-cultivar-na-sua-janela-com-pouco-espaco\/#breadcrumb","itemListElement":[{"@type":"ListItem","position":1,"name":"In\u00edcio","item":"https:\/\/www.em.com.br\/emfoco\/"},{"@type":"ListItem","position":2,"name":"Mora em apartamento? Veja os melhores alimentos para cultivar na sua janela com pouco espa\u00e7o"}]},{"@type":"WebSite","@id":"https:\/\/www.em.com.br\/emfoco\/#website","url":"https:\/\/www.em.com.br\/emfoco\/","name":"Estado de Minas - Em foco","description":"Acompanhe as \u00faltimas not\u00edcias e fique bem informado sobre tudo o que acontece em Minas Gerais, Brasil e no mundo.","potentialAction":[{"@type":"SearchAction","target":{"@type":"EntryPoint","urlTemplate":"https:\/\/www.em.com.br\/emfoco\/?s={search_term_string}"},"query-input":{"@type":"PropertyValueSpecification","valueRequired":true,"valueName":"search_term_string"}}],"inLanguage":"pt-BR"},{"@type":"Person","@id":"https:\/\/www.em.com.br\/emfoco\/#\/schema\/person\/1c9ddeab18b98abeffef834667bcf08a","name":"Gabriel Martins","image":{"@type":"ImageObject","inLanguage":"pt-BR","@id":"https:\/\/www.em.com.br\/emfoco\/#\/schema\/person\/image\/","url":"https:\/\/secure.gravatar.com\/avatar\/f0f1e2efdfd88f1ad2cb08c5c2731e50?s=96&d=mm&r=g","contentUrl":"https:\/\/secure.gravatar.com\/avatar\/f0f1e2efdfd88f1ad2cb08c5c2731e50?s=96&d=mm&r=g","caption":"Gabriel Martins"},"sameAs":["https:\/\/www.em.com.br\/emfoco\/"],"url":"https:\/\/www.em.com.br\/emfoco\/author\/gabrielmartinsmyth\/"}]}},"_links":{"self":[{"href":"https:\/\/www.em.com.br\/emfoco\/wp-json\/wp\/v2\/posts\/84335","targetHints":{"allow":["GET"]}}],"collection":[{"href":"https:\/\/www.em.com.br\/emfoco\/wp-json\/wp\/v2\/posts"}],"about":[{"href":"https:\/\/www.em.com.br\/emfoco\/wp-json\/wp\/v2\/types\/post"}],"author":[{"embeddable":true,"href":"https:\/\/www.em.com.br\/emfoco\/wp-json\/wp\/v2\/users\/13"}],"replies":[{"embeddable":true,"href":"https:\/\/www.em.com.br\/emfoco\/wp-json\/wp\/v2\/comments?post=84335"}],"version-history":[{"count":2,"href":"https:\/\/www.em.com.br\/emfoco\/wp-json\/wp\/v2\/posts\/84335\/revisions"}],"predecessor-version":[{"id":85684,"href":"https:\/\/www.em.com.br\/emfoco\/wp-json\/wp\/v2\/posts\/84335\/revisions\/85684"}],"wp:featuredmedia":[{"embeddable":true,"href":"https:\/\/www.em.com.br\/emfoco\/wp-json\/wp\/v2\/media\/84378"}],"wp:attachment":[{"href":"https:\/\/www.em.com.br\/emfoco\/wp-json\/wp\/v2\/media?parent=84335"}],"wp:term":[{"taxonomy":"category","embeddable":true,"href":"https:\/\/www.em.com.br\/emfoco\/wp-json\/wp\/v2\/categories?post=84335"},{"taxonomy":"post_tag","embeddable":true,"href":"https:\/\/www.em.com.br\/emfoco\/wp-json\/wp\/v2\/tags?post=84335"}],"curies":[{"name":"wp","href":"https:\/\/api.w.org\/{rel}","templated":true}]}}