{"id":84154,"date":"2025-07-31T06:50:00","date_gmt":"2025-07-31T09:50:00","guid":{"rendered":"https:\/\/www.em.com.br\/emfoco\/?p=84154"},"modified":"2025-07-31T00:13:04","modified_gmt":"2025-07-31T03:13:04","slug":"matheus-davila-nutricionista-e-por-isso-que-as-mulheres-acumulam-mais-gordura-do-que-homens","status":"publish","type":"post","link":"https:\/\/www.em.com.br\/emfoco\/2025\/07\/31\/matheus-davila-nutricionista-e-por-isso-que-as-mulheres-acumulam-mais-gordura-do-que-homens\/","title":{"rendered":"Matheus D\u2019\u00c1vila, Nutricionista: \u201c\u00e9 por isso que as mulheres acumulam mais gordura do que homens\u201d"},"content":{"rendered":"\n<p>Horm\u00f4nio feminino e gordura corporal est\u00e3o diretamente ligados, segundo explica o nutricionista Matheus D\u2019\u00c1vila (@matheusdavilanutri). Ele destaca que n\u00e3o \u00e9 apenas a alimenta\u00e7\u00e3o que faz com que as mulheres acumulem mais gordura que os homens. O pr\u00f3prio organismo feminino \u00e9 projetado biologicamente para estocar mais energia.<\/p>\n\n\n\n<p>Esse mecanismo \u00e9 regulado pelos horm\u00f4nios estrog\u00eanio e progesterona, que variam ao longo do ciclo menstrual e alteram o metabolismo, a distribui\u00e7\u00e3o de gordura e a sensibilidade \u00e0 insulina. Entender isso \u00e9 essencial para ajustar estrat\u00e9gias de alimenta\u00e7\u00e3o e treino com foco em resultado e sa\u00fade hormonal.<\/p>\n\n\n\n<h2 class=\"wp-block-heading\">Por que o corpo feminino armazena mais gordura do que o masculino?<\/h2>\n\n\n\n<p>O estrog\u00eanio tem papel fundamental na prote\u00e7\u00e3o do sistema reprodutivo e sinaliza ao corpo para acumular gordura, especialmente nas regi\u00f5es de quadril e coxas. Isso acontece para garantir reservas energ\u00e9ticas suficientes em casos como gravidez e lacta\u00e7\u00e3o.<\/p>\n\n\n\n<p>Essa caracter\u00edstica \u00e9 fisiol\u00f3gica, n\u00e3o um defeito. O metabolismo feminino foi moldado para priorizar estocagem e preserva\u00e7\u00e3o de energia. Quando bem orientada, essa mesma efici\u00eancia pode ser usada a favor da mulher, inclusive para otimizar a queima de gordura.<\/p>\n\n\n\n<h2 class=\"wp-block-heading\">Como o ciclo menstrual influencia o metabolismo e a perda de gordura?<\/h2>\n\n\n\n<p>Durante a fase luteal do ciclo, que ocorre dias antes da menstrua\u00e7\u00e3o, os n\u00edveis de progesterona sobem, e a sensibilidade \u00e0 insulina tende a cair. Isso significa que o corpo responde menos \u00e0 insulina, favorecendo o armazenamento de gordura.<\/p>\n\n\n<div class=\"wp-block-image\">\n<figure class=\"aligncenter size-large\"><img loading=\"lazy\" decoding=\"async\" width=\"1024\" height=\"576\" src=\"https:\/\/www.em.com.br\/emfoco\/wp-content\/uploads\/2025\/07\/ciclo-menstrual_1753931254757-1024x576.jpg\" alt=\"\" class=\"wp-image-84167\" srcset=\"https:\/\/www.em.com.br\/emfoco\/wp-content\/uploads\/2025\/07\/ciclo-menstrual_1753931254757-1024x576.jpg 1024w, https:\/\/www.em.com.br\/emfoco\/wp-content\/uploads\/2025\/07\/ciclo-menstrual_1753931254757-300x169.jpg 300w, https:\/\/www.em.com.br\/emfoco\/wp-content\/uploads\/2025\/07\/ciclo-menstrual_1753931254757-768x432.jpg 768w, https:\/\/www.em.com.br\/emfoco\/wp-content\/uploads\/2025\/07\/ciclo-menstrual_1753931254757-750x422.jpg 750w, https:\/\/www.em.com.br\/emfoco\/wp-content\/uploads\/2025\/07\/ciclo-menstrual_1753931254757-1140x641.jpg 1140w, https:\/\/www.em.com.br\/emfoco\/wp-content\/uploads\/2025\/07\/ciclo-menstrual_1753931254757.jpg 1280w\" sizes=\"auto, (max-width: 1024px) 100vw, 1024px\" \/><figcaption class=\"wp-element-caption\">Mulher sofrendo com c\u00f3licas menstruais &#8211; Cr\u00e9ditos: depositphotos.com \/ overcrew<\/figcaption><\/figure><\/div>\n\n\n<p>Al\u00e9m disso, o metabolismo pode diminuir em at\u00e9 10% nesse per\u00edodo, dificultando a perda de peso. \u00c9 tamb\u00e9m uma fase em que ocorre aumento do apetite, reten\u00e7\u00e3o de l\u00edquido e oscila\u00e7\u00e3o emocional, o que pode afetar a disciplina alimentar.<\/p>\n\n\n\n<h2 class=\"wp-block-heading\">Por que o corpo da mulher \u00e9 mais eficiente em queimar gordura com a estrat\u00e9gia certa?<\/h2>\n\n\n\n<p>Apesar das dificuldades, Matheus D\u2019\u00c1vila destaca que o corpo feminino tamb\u00e9m possui alta capacidade de adapta\u00e7\u00e3o. Quando segue um plano alimentar adequado, alinhado ao ciclo hormonal, a mulher consegue resultados consistentes sem prejudicar sua sa\u00fade reprodutiva ou emocional.<\/p>\n\n\n\n<p>A chave est\u00e1 em respeitar as fases do ciclo, ajustar calorias, intensidade dos treinos e tipos de alimentos conforme o momento hormonal. Isso evita frustra\u00e7\u00e3o, melhora os resultados e ainda promove bem-estar.<\/p>\n\n\n\n<h2 class=\"wp-block-heading\">Quais s\u00e3o os principais erros ao lidar com a perda de gordura no p\u00fablico feminino?<\/h2>\n\n\n\n<p>O principal erro \u00e9 tratar o corpo feminino como igual ao masculino em protocolos de emagrecimento. Ignorar o impacto hormonal leva a dietas excessivamente restritivas, queda de energia e desequil\u00edbrio do ciclo menstrual.<\/p>\n\n\n\n<p>Outro problema \u00e9 interpretar oscila\u00e7\u00f5es naturais como falha ou falta de esfor\u00e7o. \u00c9 preciso considerar que o corpo feminino tem momentos de maior e menor efici\u00eancia metab\u00f3lica, e adaptar-se a isso \u00e9 o caminho para resultados sustent\u00e1veis.<\/p>\n\n\n\n<h2 class=\"wp-block-heading\">Como alinhar alimenta\u00e7\u00e3o e horm\u00f4nios para secar com sa\u00fade?<\/h2>\n\n\n\n<p>Matheus sugere montar um plano alimentar que respeite o ciclo, com estrat\u00e9gias espec\u00edficas para cada fase. Isso inclui aumentar carboidratos complexos no per\u00edodo da TPM, refor\u00e7ar a hidrata\u00e7\u00e3o, modular treinos e priorizar nutrientes que favorecem o equil\u00edbrio hormonal.<\/p>\n\n\n\n<p>Com uma estrat\u00e9gia personalizada, \u00e9 poss\u00edvel emagrecer sem sofrimento, manter o ciclo menstrual saud\u00e1vel e evitar o efeito sanfona. A orienta\u00e7\u00e3o de um nutricionista especializado \u00e9 essencial nesse processo.<\/p>\n\n\n\n<h2 class=\"wp-block-heading\">Fontes oficiais consultadas<\/h2>\n\n\n\n<ul class=\"wp-block-list\">\n<li>Minist\u00e9rio da Sa\u00fade (Brasil): <a href=\"http:\/\/www.gov.br\/saude\" target=\"_blank\" rel=\"noreferrer noopener\">www.gov.br\/saude<\/a><\/li>\n\n\n\n<li>Organiza\u00e7\u00e3o Mundial da Sa\u00fade (OMS): <a href=\"http:\/\/www.who.int\" target=\"_blank\" rel=\"noreferrer noopener\">www.who.int<\/a><\/li>\n\n\n\n<li>Harvard T.H. Chan School of Public Health: <a href=\"http:\/\/www.hsph.harvard.edu\" target=\"_blank\" rel=\"noreferrer noopener\">www.hsph.harvard.e<\/a><a>du<\/a><\/li>\n\n\n\n<li>American College of Sports Medicine: <a href=\"http:\/\/www.acsm.org\" target=\"_blank\" rel=\"noreferrer noopener\">www.acsm.org<\/a><\/li>\n<\/ul>\n","protected":false},"excerpt":{"rendered":"<p>Horm\u00f4nio feminino e gordura corporal est\u00e3o diretamente ligados, segundo explica o nutricionista Matheus D\u2019\u00c1vila (@matheusdavilanutri). Ele destaca que n\u00e3o \u00e9 apenas a alimenta\u00e7\u00e3o que faz com que as mulheres acumulem mais gordura que os homens. O pr\u00f3prio organismo feminino \u00e9 projetado biologicamente para estocar mais energia. Esse mecanismo \u00e9 regulado pelos horm\u00f4nios estrog\u00eanio e progesterona, [&hellip;]<\/p>\n","protected":false},"author":17,"featured_media":81288,"comment_status":"open","ping_status":"open","sticky":false,"template":"","format":"standard","meta":{"jnews-multi-image_gallery":[],"jnews_single_post":{"format":"standard"},"jnews_primary_category":[],"jnews_social_meta":[],"jnews_override_counter":[],"footnotes":""},"categories":[9053],"tags":[3109,13027,327,415],"class_list":["post-84154","post","type-post","status-publish","format-standard","has-post-thumbnail","hentry","category-saude","tag-emagrecimento","tag-gordura","tag-qualidade-de-vida","tag-saude"],"yoast_head":"<!-- This site is optimized with the Yoast SEO plugin v23.8 - https:\/\/yoast.com\/wordpress\/plugins\/seo\/ -->\n<title>Matheus D\u2019\u00c1vila, Nutricionista: \u201c\u00e9 por isso que as mulheres acumulam mais gordura do que homens\u201d - Estado de Minas - Em foco<\/title>\n<meta name=\"robots\" content=\"index, follow, max-snippet:-1, max-image-preview:large, max-video-preview:-1\" \/>\n<link rel=\"canonical\" href=\"https:\/\/www.em.com.br\/emfoco\/2025\/07\/31\/matheus-davila-nutricionista-e-por-isso-que-as-mulheres-acumulam-mais-gordura-do-que-homens\/\" \/>\n<meta property=\"og:locale\" content=\"pt_BR\" \/>\n<meta property=\"og:type\" content=\"article\" \/>\n<meta property=\"og:title\" content=\"Matheus D\u2019\u00c1vila, Nutricionista: \u201c\u00e9 por isso que as mulheres acumulam mais gordura do que homens\u201d - Estado de Minas - Em foco\" \/>\n<meta property=\"og:description\" content=\"Horm\u00f4nio feminino e gordura corporal est\u00e3o diretamente ligados, segundo explica o nutricionista Matheus D\u2019\u00c1vila (@matheusdavilanutri). Ele destaca que n\u00e3o \u00e9 apenas a alimenta\u00e7\u00e3o que faz com que as mulheres acumulem mais gordura que os homens. O pr\u00f3prio organismo feminino \u00e9 projetado biologicamente para estocar mais energia. Esse mecanismo \u00e9 regulado pelos horm\u00f4nios estrog\u00eanio e progesterona, [&hellip;]\" \/>\n<meta property=\"og:url\" content=\"https:\/\/www.em.com.br\/emfoco\/2025\/07\/31\/matheus-davila-nutricionista-e-por-isso-que-as-mulheres-acumulam-mais-gordura-do-que-homens\/\" \/>\n<meta property=\"og:site_name\" content=\"Estado de Minas - Em foco\" \/>\n<meta property=\"article:published_time\" content=\"2025-07-31T09:50:00+00:00\" \/>\n<meta property=\"article:modified_time\" content=\"2025-07-31T03:13:04+00:00\" \/>\n<meta property=\"og:image\" content=\"https:\/\/www.em.com.br\/emfoco\/wp-content\/uploads\/2025\/07\/emagrecimento_1753403014777.jpg\" \/>\n\t<meta property=\"og:image:width\" content=\"1280\" \/>\n\t<meta property=\"og:image:height\" content=\"720\" \/>\n\t<meta property=\"og:image:type\" content=\"image\/jpeg\" \/>\n<meta name=\"author\" content=\"Lucas Sampaio\" \/>\n<meta name=\"twitter:card\" content=\"summary_large_image\" \/>\n<meta name=\"twitter:label1\" content=\"Escrito por\" \/>\n\t<meta name=\"twitter:data1\" content=\"Lucas Sampaio\" \/>\n\t<meta name=\"twitter:label2\" content=\"Est. tempo de leitura\" \/>\n\t<meta name=\"twitter:data2\" content=\"4 minutos\" \/>\n<!-- \/ Yoast SEO plugin. -->","yoast_head_json":{"title":"Matheus D\u2019\u00c1vila, Nutricionista: \u201c\u00e9 por isso que as mulheres acumulam mais gordura do que homens\u201d - Estado de Minas - Em foco","robots":{"index":"index","follow":"follow","max-snippet":"max-snippet:-1","max-image-preview":"max-image-preview:large","max-video-preview":"max-video-preview:-1"},"canonical":"https:\/\/www.em.com.br\/emfoco\/2025\/07\/31\/matheus-davila-nutricionista-e-por-isso-que-as-mulheres-acumulam-mais-gordura-do-que-homens\/","og_locale":"pt_BR","og_type":"article","og_title":"Matheus D\u2019\u00c1vila, Nutricionista: \u201c\u00e9 por isso que as mulheres acumulam mais gordura do que homens\u201d - Estado de Minas - Em foco","og_description":"Horm\u00f4nio feminino e gordura corporal est\u00e3o diretamente ligados, segundo explica o nutricionista Matheus D\u2019\u00c1vila (@matheusdavilanutri). Ele destaca que n\u00e3o \u00e9 apenas a alimenta\u00e7\u00e3o que faz com que as mulheres acumulem mais gordura que os homens. O pr\u00f3prio organismo feminino \u00e9 projetado biologicamente para estocar mais energia. Esse mecanismo \u00e9 regulado pelos horm\u00f4nios estrog\u00eanio e progesterona, [&hellip;]","og_url":"https:\/\/www.em.com.br\/emfoco\/2025\/07\/31\/matheus-davila-nutricionista-e-por-isso-que-as-mulheres-acumulam-mais-gordura-do-que-homens\/","og_site_name":"Estado de Minas - Em foco","article_published_time":"2025-07-31T09:50:00+00:00","article_modified_time":"2025-07-31T03:13:04+00:00","og_image":[{"width":1280,"height":720,"url":"https:\/\/www.em.com.br\/emfoco\/wp-content\/uploads\/2025\/07\/emagrecimento_1753403014777.jpg","type":"image\/jpeg"}],"author":"Lucas Sampaio","twitter_card":"summary_large_image","twitter_misc":{"Escrito por":"Lucas Sampaio","Est. tempo de leitura":"4 minutos"},"schema":{"@context":"https:\/\/schema.org","@graph":[{"@type":"WebPage","@id":"https:\/\/www.em.com.br\/emfoco\/2025\/07\/31\/matheus-davila-nutricionista-e-por-isso-que-as-mulheres-acumulam-mais-gordura-do-que-homens\/","url":"https:\/\/www.em.com.br\/emfoco\/2025\/07\/31\/matheus-davila-nutricionista-e-por-isso-que-as-mulheres-acumulam-mais-gordura-do-que-homens\/","name":"Matheus D\u2019\u00c1vila, Nutricionista: \u201c\u00e9 por isso que as mulheres acumulam mais gordura do que homens\u201d - Estado de Minas - Em foco","isPartOf":{"@id":"https:\/\/www.em.com.br\/emfoco\/#website"},"primaryImageOfPage":{"@id":"https:\/\/www.em.com.br\/emfoco\/2025\/07\/31\/matheus-davila-nutricionista-e-por-isso-que-as-mulheres-acumulam-mais-gordura-do-que-homens\/#primaryimage"},"image":{"@id":"https:\/\/www.em.com.br\/emfoco\/2025\/07\/31\/matheus-davila-nutricionista-e-por-isso-que-as-mulheres-acumulam-mais-gordura-do-que-homens\/#primaryimage"},"thumbnailUrl":"https:\/\/www.em.com.br\/emfoco\/wp-content\/uploads\/2025\/07\/emagrecimento_1753403014777.jpg","datePublished":"2025-07-31T09:50:00+00:00","dateModified":"2025-07-31T03:13:04+00:00","author":{"@id":"https:\/\/www.em.com.br\/emfoco\/#\/schema\/person\/9ad4c536bd87f5bb8006420332b99aef"},"breadcrumb":{"@id":"https:\/\/www.em.com.br\/emfoco\/2025\/07\/31\/matheus-davila-nutricionista-e-por-isso-que-as-mulheres-acumulam-mais-gordura-do-que-homens\/#breadcrumb"},"inLanguage":"pt-BR","potentialAction":[{"@type":"ReadAction","target":["https:\/\/www.em.com.br\/emfoco\/2025\/07\/31\/matheus-davila-nutricionista-e-por-isso-que-as-mulheres-acumulam-mais-gordura-do-que-homens\/"]}]},{"@type":"ImageObject","inLanguage":"pt-BR","@id":"https:\/\/www.em.com.br\/emfoco\/2025\/07\/31\/matheus-davila-nutricionista-e-por-isso-que-as-mulheres-acumulam-mais-gordura-do-que-homens\/#primaryimage","url":"https:\/\/www.em.com.br\/emfoco\/wp-content\/uploads\/2025\/07\/emagrecimento_1753403014777.jpg","contentUrl":"https:\/\/www.em.com.br\/emfoco\/wp-content\/uploads\/2025\/07\/emagrecimento_1753403014777.jpg","width":1280,"height":720,"caption":"Mulher na academia fazendo caminhada na esteira - Cr\u00e9ditos: depositphotos.com \/ HayDmitriy"},{"@type":"BreadcrumbList","@id":"https:\/\/www.em.com.br\/emfoco\/2025\/07\/31\/matheus-davila-nutricionista-e-por-isso-que-as-mulheres-acumulam-mais-gordura-do-que-homens\/#breadcrumb","itemListElement":[{"@type":"ListItem","position":1,"name":"In\u00edcio","item":"https:\/\/www.em.com.br\/emfoco\/"},{"@type":"ListItem","position":2,"name":"Matheus D\u2019\u00c1vila, Nutricionista: \u201c\u00e9 por isso que as mulheres acumulam mais gordura do que homens\u201d"}]},{"@type":"WebSite","@id":"https:\/\/www.em.com.br\/emfoco\/#website","url":"https:\/\/www.em.com.br\/emfoco\/","name":"Estado de Minas - Em foco","description":"Acompanhe as \u00faltimas not\u00edcias e fique bem informado sobre tudo o que acontece em Minas Gerais, Brasil e no mundo.","potentialAction":[{"@type":"SearchAction","target":{"@type":"EntryPoint","urlTemplate":"https:\/\/www.em.com.br\/emfoco\/?s={search_term_string}"},"query-input":{"@type":"PropertyValueSpecification","valueRequired":true,"valueName":"search_term_string"}}],"inLanguage":"pt-BR"},{"@type":"Person","@id":"https:\/\/www.em.com.br\/emfoco\/#\/schema\/person\/9ad4c536bd87f5bb8006420332b99aef","name":"Lucas Sampaio","image":{"@type":"ImageObject","inLanguage":"pt-BR","@id":"https:\/\/www.em.com.br\/emfoco\/#\/schema\/person\/image\/","url":"https:\/\/secure.gravatar.com\/avatar\/2696b9676ad143cd7135b717faf6f79f?s=96&d=mm&r=g","contentUrl":"https:\/\/secure.gravatar.com\/avatar\/2696b9676ad143cd7135b717faf6f79f?s=96&d=mm&r=g","caption":"Lucas Sampaio"},"sameAs":["https:\/\/www.em.com.br\/emfoco\/"],"url":"https:\/\/www.em.com.br\/emfoco\/author\/lucasmyth\/"}]}},"_links":{"self":[{"href":"https:\/\/www.em.com.br\/emfoco\/wp-json\/wp\/v2\/posts\/84154","targetHints":{"allow":["GET"]}}],"collection":[{"href":"https:\/\/www.em.com.br\/emfoco\/wp-json\/wp\/v2\/posts"}],"about":[{"href":"https:\/\/www.em.com.br\/emfoco\/wp-json\/wp\/v2\/types\/post"}],"author":[{"embeddable":true,"href":"https:\/\/www.em.com.br\/emfoco\/wp-json\/wp\/v2\/users\/17"}],"replies":[{"embeddable":true,"href":"https:\/\/www.em.com.br\/emfoco\/wp-json\/wp\/v2\/comments?post=84154"}],"version-history":[{"count":1,"href":"https:\/\/www.em.com.br\/emfoco\/wp-json\/wp\/v2\/posts\/84154\/revisions"}],"predecessor-version":[{"id":84168,"href":"https:\/\/www.em.com.br\/emfoco\/wp-json\/wp\/v2\/posts\/84154\/revisions\/84168"}],"wp:featuredmedia":[{"embeddable":true,"href":"https:\/\/www.em.com.br\/emfoco\/wp-json\/wp\/v2\/media\/81288"}],"wp:attachment":[{"href":"https:\/\/www.em.com.br\/emfoco\/wp-json\/wp\/v2\/media?parent=84154"}],"wp:term":[{"taxonomy":"category","embeddable":true,"href":"https:\/\/www.em.com.br\/emfoco\/wp-json\/wp\/v2\/categories?post=84154"},{"taxonomy":"post_tag","embeddable":true,"href":"https:\/\/www.em.com.br\/emfoco\/wp-json\/wp\/v2\/tags?post=84154"}],"curies":[{"name":"wp","href":"https:\/\/api.w.org\/{rel}","templated":true}]}}