{"id":8405,"date":"2025-01-04T06:20:00","date_gmt":"2025-01-04T09:20:00","guid":{"rendered":"https:\/\/www.em.com.br\/emfoco\/?p=8405"},"modified":"2025-01-03T23:49:19","modified_gmt":"2025-01-04T02:49:19","slug":"roupa-de-frio-ou-de-verao-confira-clima-em-bh","status":"publish","type":"post","link":"https:\/\/www.em.com.br\/emfoco\/2025\/01\/04\/roupa-de-frio-ou-de-verao-confira-clima-em-bh\/","title":{"rendered":"Roupa de frio ou de ver\u00e3o? Confira Clima em BH!"},"content":{"rendered":"\n<p><a href=\"https:\/\/pt.wikipedia.org\/wiki\/Belo_Horizonte\" target=\"_blank\" rel=\"noreferrer noopener\">Belo Horizonte<\/a>, a capital mineira, conhecida por seu clima ameno, enfrentar\u00e1 varia\u00e7\u00f5es clim\u00e1ticas no in\u00edcio de janeiro de 2025. Entender as condi\u00e7\u00f5es meteorol\u00f3gicas para esta data espec\u00edfica \u00e9 essencial para os moradores locais e <a href=\"https:\/\/www.em.com.br\/emfoco\/2024\/12\/12\/descubra-o-refugio-verde-que-encanta-visitantes-e-preserva-a-natureza\/\" target=\"_blank\" rel=\"noreferrer noopener\">visitantes <\/a>que desejam planejar suas atividades ao ar livre ou suas viagens.<\/p>\n\n\n\n<p>No dia 4 de janeiro, Belo Horizonte dever\u00e1 experimentar um clima t\u00edpico de ver\u00e3o com temperaturas elevadas durante o dia e possibilidades de chuvas eventuais. As caracter\u00edsticas sazonais da regi\u00e3o indicam que a umidade pode ser um fator significativo, influenciando as condi\u00e7\u00f5es clim\u00e1ticas di\u00e1rias.<\/p>\n\n\n\n<h2 class=\"wp-block-heading\">Como ser\u00e1 a temperatura em 04\/01\/2025?<\/h2>\n\n\n\n<p>A previs\u00e3o indica que as temperaturas em Belo Horizonte nesta data ficar\u00e3o elevadas, caracter\u00edsticas comuns do ver\u00e3o na regi\u00e3o sudeste do Brasil. Durante o dia, espera-se que os term\u00f4metros mostrem n\u00edveis entre 28\u00b0C e 32\u00b0C, proporcionando um dia quente e potencialmente abafado. J\u00e1 \u00e0 noite, as temperaturas dever\u00e3o cair para valores entre 18\u00b0C e 22\u00b0C, trazendo um al\u00edvio do calor do dia.<\/p>\n\n\n<div class=\"wp-block-image\">\n<figure class=\"aligncenter size-large\"><img loading=\"lazy\" decoding=\"async\" width=\"1024\" height=\"576\" src=\"https:\/\/www.em.com.br\/emfoco\/wp-content\/uploads\/2024\/12\/Belo-Horizonte_1733787186117-1024x576.jpg\" alt=\"\" class=\"wp-image-4029\" srcset=\"https:\/\/www.em.com.br\/emfoco\/wp-content\/uploads\/2024\/12\/Belo-Horizonte_1733787186117-1024x576.jpg 1024w, https:\/\/www.em.com.br\/emfoco\/wp-content\/uploads\/2024\/12\/Belo-Horizonte_1733787186117-300x169.jpg 300w, https:\/\/www.em.com.br\/emfoco\/wp-content\/uploads\/2024\/12\/Belo-Horizonte_1733787186117-768x432.jpg 768w, https:\/\/www.em.com.br\/emfoco\/wp-content\/uploads\/2024\/12\/Belo-Horizonte_1733787186117-750x422.jpg 750w, https:\/\/www.em.com.br\/emfoco\/wp-content\/uploads\/2024\/12\/Belo-Horizonte_1733787186117-1140x641.jpg 1140w, https:\/\/www.em.com.br\/emfoco\/wp-content\/uploads\/2024\/12\/Belo-Horizonte_1733787186117.jpg 1280w\" sizes=\"auto, (max-width: 1024px) 100vw, 1024px\" \/><figcaption class=\"wp-element-caption\">Clima BH &#8211; Cr\u00e9ditos: depositphotos.com \/ gustavobhz<\/figcaption><\/figure><\/div>\n\n\n<h2 class=\"wp-block-heading\">O que dizer sobre a possibilidade de chuva para essa data?<\/h2>\n\n\n\n<p>Janeiro \u00e9 um m\u00eas conhecido pela alta incid\u00eancia de chuvas em Belo Horizonte, e 2025 n\u00e3o ser\u00e1 diferente. A previs\u00e3o do tempo para 4 de janeiro inclui uma possibilidade consider\u00e1vel de pancadas de chuva, geralmente \u00e0 tarde ou \u00e0 noite, devido ao calor e \u00e0 umidade t\u00edpicos dessa \u00e9poca do ano. As chuvas podem ser intensas em alguns momentos, com risco de trovoadas, por isso \u00e9 importante estar preparado.<\/p>\n\n\n\n<h2 class=\"wp-block-heading\">Quais s\u00e3o as recomenda\u00e7\u00f5es para os moradores e visitantes?<\/h2>\n\n\n\n<p>Dado o clima previsto, algumas <strong>recomenda\u00e7\u00f5es<\/strong> podem ser \u00fateis para aqueles que estar\u00e3o em Belo Horizonte no dia 4 de janeiro:<\/p>\n\n\n\n<ul class=\"wp-block-list\">\n<li>Planeje atividades ao ar livre para os per\u00edodos da manh\u00e3, quando as temperaturas s\u00e3o mais amenas e a chance de chuva \u00e9 geralmente menor.<\/li>\n\n\n\n<li>Mantenha-se hidratado, especialmente durante as horas mais quentes do dia. O ver\u00e3o na capital mineira pode ser bastante \u00famido e opressor.<\/li>\n\n\n\n<li>Leve consigo um guarda-chuva ou capa de chuva se planejar sair \u00e0 tarde ou \u00e0 noite, pois as pancadas de chuva s\u00e3o comuns e ajudam a refrescar o ar.<\/li>\n\n\n\n<li>Esteja atento a poss\u00edveis alertas meteorol\u00f3gicos emitidos pelas autoridades locais para evitar surpresas durante as tempestades.<\/li>\n<\/ul>\n\n\n\n<h2 class=\"wp-block-heading\">O impacto do clima no cotidiano de Belo Horizonte<\/h2>\n\n\n\n<p>O clima pode influenciar diversos aspectos do cotidiano em Belo Horizonte. As chuvas r\u00e1pidas podem impactar o tr\u00e2nsito, levando ao aumento do congestionamento e riscos de inunda\u00e7\u00f5es em algumas \u00e1reas da cidade. Portanto, aqueles que precisam deslocar-se devem considerar rotas alternativas e tempos de viagem mais longos. Al\u00e9m disso, o calor e a umidade devem incentivar a busca por espa\u00e7os com ar-condicionado ou atividades em ambientes fechados, onde a temperatura \u00e9 mais controlada. Planejamento e precau\u00e7\u00e3o s\u00e3o essenciais para enfrentar as condi\u00e7\u00f5es clim\u00e1ticas de 4 de janeiro de 2025 de maneira segura e confort\u00e1vel.<\/p>\n","protected":false},"excerpt":{"rendered":"<p>Belo Horizonte, a capital mineira, conhecida por seu clima ameno, enfrentar\u00e1 varia\u00e7\u00f5es clim\u00e1ticas no in\u00edcio de janeiro de 2025. Entender as condi\u00e7\u00f5es meteorol\u00f3gicas para esta data espec\u00edfica \u00e9 essencial para os moradores locais e visitantes que desejam planejar suas atividades ao ar livre ou suas viagens. No dia 4 de janeiro, Belo Horizonte dever\u00e1 experimentar [&hellip;]<\/p>\n","protected":false},"author":7,"featured_media":3763,"comment_status":"open","ping_status":"open","sticky":false,"template":"","format":"standard","meta":{"jnews-multi-image_gallery":[],"jnews_single_post":{"format":"standard"},"jnews_primary_category":[],"jnews_social_meta":[],"jnews_override_counter":[],"footnotes":""},"categories":[30],"tags":[154,152,251,1009,1827],"class_list":["post-8405","post","type-post","status-publish","format-standard","has-post-thumbnail","hentry","category-clima","tag-belo-horizonte","tag-clima","tag-previsao-do-tempo","tag-tempestades","tag-verao"],"yoast_head":"<!-- This site is optimized with the Yoast SEO plugin v23.8 - https:\/\/yoast.com\/wordpress\/plugins\/seo\/ -->\n<title>Roupa de frio ou de ver\u00e3o? Confira Clima em BH! - Estado de Minas - Em foco<\/title>\n<meta name=\"description\" content=\"Enfrentando varia\u00e7\u00f5es clim\u00e1ticas no in\u00edcio de Janeiro, Belo Horizonte deve ter um dia quente com possibilidade de chuva em 04\/01\/2025.\" \/>\n<meta name=\"robots\" content=\"index, follow, max-snippet:-1, max-image-preview:large, max-video-preview:-1\" \/>\n<link rel=\"canonical\" href=\"https:\/\/www.em.com.br\/emfoco\/2025\/01\/04\/roupa-de-frio-ou-de-verao-confira-clima-em-bh\/\" \/>\n<meta property=\"og:locale\" content=\"pt_BR\" \/>\n<meta property=\"og:type\" content=\"article\" \/>\n<meta property=\"og:title\" content=\"Roupa de frio ou de ver\u00e3o? Confira Clima em BH! - Estado de Minas - Em foco\" \/>\n<meta property=\"og:description\" content=\"Enfrentando varia\u00e7\u00f5es clim\u00e1ticas no in\u00edcio de Janeiro, Belo Horizonte deve ter um dia quente com possibilidade de chuva em 04\/01\/2025.\" \/>\n<meta property=\"og:url\" content=\"https:\/\/www.em.com.br\/emfoco\/2025\/01\/04\/roupa-de-frio-ou-de-verao-confira-clima-em-bh\/\" \/>\n<meta property=\"og:site_name\" content=\"Estado de Minas - Em foco\" \/>\n<meta property=\"article:published_time\" content=\"2025-01-04T09:20:00+00:00\" \/>\n<meta property=\"article:modified_time\" content=\"2025-01-04T02:49:19+00:00\" \/>\n<meta property=\"og:image\" content=\"https:\/\/www.em.com.br\/emfoco\/wp-content\/uploads\/2024\/12\/Chuva-Cidade_1733626449419.jpg\" \/>\n\t<meta property=\"og:image:width\" content=\"1280\" \/>\n\t<meta property=\"og:image:height\" content=\"720\" \/>\n\t<meta property=\"og:image:type\" content=\"image\/jpeg\" \/>\n<meta name=\"author\" content=\"Kelvin\" \/>\n<meta name=\"twitter:card\" content=\"summary_large_image\" \/>\n<meta name=\"twitter:label1\" content=\"Escrito por\" \/>\n\t<meta name=\"twitter:data1\" content=\"Kelvin\" \/>\n\t<meta name=\"twitter:label2\" content=\"Est. tempo de leitura\" \/>\n\t<meta name=\"twitter:data2\" content=\"3 minutos\" \/>\n<!-- \/ Yoast SEO plugin. -->","yoast_head_json":{"title":"Roupa de frio ou de ver\u00e3o? Confira Clima em BH! - Estado de Minas - Em foco","description":"Enfrentando varia\u00e7\u00f5es clim\u00e1ticas no in\u00edcio de Janeiro, Belo Horizonte deve ter um dia quente com possibilidade de chuva em 04\/01\/2025.","robots":{"index":"index","follow":"follow","max-snippet":"max-snippet:-1","max-image-preview":"max-image-preview:large","max-video-preview":"max-video-preview:-1"},"canonical":"https:\/\/www.em.com.br\/emfoco\/2025\/01\/04\/roupa-de-frio-ou-de-verao-confira-clima-em-bh\/","og_locale":"pt_BR","og_type":"article","og_title":"Roupa de frio ou de ver\u00e3o? Confira Clima em BH! - Estado de Minas - Em foco","og_description":"Enfrentando varia\u00e7\u00f5es clim\u00e1ticas no in\u00edcio de Janeiro, Belo Horizonte deve ter um dia quente com possibilidade de chuva em 04\/01\/2025.","og_url":"https:\/\/www.em.com.br\/emfoco\/2025\/01\/04\/roupa-de-frio-ou-de-verao-confira-clima-em-bh\/","og_site_name":"Estado de Minas - Em foco","article_published_time":"2025-01-04T09:20:00+00:00","article_modified_time":"2025-01-04T02:49:19+00:00","og_image":[{"width":1280,"height":720,"url":"https:\/\/www.em.com.br\/emfoco\/wp-content\/uploads\/2024\/12\/Chuva-Cidade_1733626449419.jpg","type":"image\/jpeg"}],"author":"Kelvin","twitter_card":"summary_large_image","twitter_misc":{"Escrito por":"Kelvin","Est. tempo de leitura":"3 minutos"},"schema":{"@context":"https:\/\/schema.org","@graph":[{"@type":"WebPage","@id":"https:\/\/www.em.com.br\/emfoco\/2025\/01\/04\/roupa-de-frio-ou-de-verao-confira-clima-em-bh\/","url":"https:\/\/www.em.com.br\/emfoco\/2025\/01\/04\/roupa-de-frio-ou-de-verao-confira-clima-em-bh\/","name":"Roupa de frio ou de ver\u00e3o? Confira Clima em BH! - Estado de Minas - Em foco","isPartOf":{"@id":"https:\/\/www.em.com.br\/emfoco\/#website"},"primaryImageOfPage":{"@id":"https:\/\/www.em.com.br\/emfoco\/2025\/01\/04\/roupa-de-frio-ou-de-verao-confira-clima-em-bh\/#primaryimage"},"image":{"@id":"https:\/\/www.em.com.br\/emfoco\/2025\/01\/04\/roupa-de-frio-ou-de-verao-confira-clima-em-bh\/#primaryimage"},"thumbnailUrl":"https:\/\/www.em.com.br\/emfoco\/wp-content\/uploads\/2024\/12\/Chuva-Cidade_1733626449419.jpg","datePublished":"2025-01-04T09:20:00+00:00","dateModified":"2025-01-04T02:49:19+00:00","author":{"@id":"https:\/\/www.em.com.br\/emfoco\/#\/schema\/person\/fb0a7f48c6fbb94b83f413a80f61917d"},"description":"Enfrentando varia\u00e7\u00f5es clim\u00e1ticas no in\u00edcio de Janeiro, Belo Horizonte deve ter um dia quente com possibilidade de chuva em 04\/01\/2025.","breadcrumb":{"@id":"https:\/\/www.em.com.br\/emfoco\/2025\/01\/04\/roupa-de-frio-ou-de-verao-confira-clima-em-bh\/#breadcrumb"},"inLanguage":"pt-BR","potentialAction":[{"@type":"ReadAction","target":["https:\/\/www.em.com.br\/emfoco\/2025\/01\/04\/roupa-de-frio-ou-de-verao-confira-clima-em-bh\/"]}]},{"@type":"ImageObject","inLanguage":"pt-BR","@id":"https:\/\/www.em.com.br\/emfoco\/2025\/01\/04\/roupa-de-frio-ou-de-verao-confira-clima-em-bh\/#primaryimage","url":"https:\/\/www.em.com.br\/emfoco\/wp-content\/uploads\/2024\/12\/Chuva-Cidade_1733626449419.jpg","contentUrl":"https:\/\/www.em.com.br\/emfoco\/wp-content\/uploads\/2024\/12\/Chuva-Cidade_1733626449419.jpg","width":1280,"height":720,"caption":"Chuva na Cidade - Cr\u00e9ditos: depositphotos.com \/ ABCDK"},{"@type":"BreadcrumbList","@id":"https:\/\/www.em.com.br\/emfoco\/2025\/01\/04\/roupa-de-frio-ou-de-verao-confira-clima-em-bh\/#breadcrumb","itemListElement":[{"@type":"ListItem","position":1,"name":"In\u00edcio","item":"https:\/\/www.em.com.br\/emfoco\/"},{"@type":"ListItem","position":2,"name":"Roupa de frio ou de ver\u00e3o? Confira Clima em BH!"}]},{"@type":"WebSite","@id":"https:\/\/www.em.com.br\/emfoco\/#website","url":"https:\/\/www.em.com.br\/emfoco\/","name":"Estado de Minas - Em foco","description":"Acompanhe as \u00faltimas not\u00edcias e fique bem informado sobre tudo o que acontece em Minas Gerais, Brasil e no mundo.","potentialAction":[{"@type":"SearchAction","target":{"@type":"EntryPoint","urlTemplate":"https:\/\/www.em.com.br\/emfoco\/?s={search_term_string}"},"query-input":{"@type":"PropertyValueSpecification","valueRequired":true,"valueName":"search_term_string"}}],"inLanguage":"pt-BR"},{"@type":"Person","@id":"https:\/\/www.em.com.br\/emfoco\/#\/schema\/person\/fb0a7f48c6fbb94b83f413a80f61917d","name":"Kelvin","image":{"@type":"ImageObject","inLanguage":"pt-BR","@id":"https:\/\/www.em.com.br\/emfoco\/#\/schema\/person\/image\/","url":"https:\/\/secure.gravatar.com\/avatar\/e74f84337e6bf6c4c5e88fbdffa05270?s=96&d=mm&r=g","contentUrl":"https:\/\/secure.gravatar.com\/avatar\/e74f84337e6bf6c4c5e88fbdffa05270?s=96&d=mm&r=g","caption":"Kelvin"},"sameAs":["https:\/\/www.em.com.br\/emfoco"],"url":"https:\/\/www.em.com.br\/emfoco\/author\/kelvinmyth\/"}]}},"_links":{"self":[{"href":"https:\/\/www.em.com.br\/emfoco\/wp-json\/wp\/v2\/posts\/8405","targetHints":{"allow":["GET"]}}],"collection":[{"href":"https:\/\/www.em.com.br\/emfoco\/wp-json\/wp\/v2\/posts"}],"about":[{"href":"https:\/\/www.em.com.br\/emfoco\/wp-json\/wp\/v2\/types\/post"}],"author":[{"embeddable":true,"href":"https:\/\/www.em.com.br\/emfoco\/wp-json\/wp\/v2\/users\/7"}],"replies":[{"embeddable":true,"href":"https:\/\/www.em.com.br\/emfoco\/wp-json\/wp\/v2\/comments?post=8405"}],"version-history":[{"count":2,"href":"https:\/\/www.em.com.br\/emfoco\/wp-json\/wp\/v2\/posts\/8405\/revisions"}],"predecessor-version":[{"id":8408,"href":"https:\/\/www.em.com.br\/emfoco\/wp-json\/wp\/v2\/posts\/8405\/revisions\/8408"}],"wp:featuredmedia":[{"embeddable":true,"href":"https:\/\/www.em.com.br\/emfoco\/wp-json\/wp\/v2\/media\/3763"}],"wp:attachment":[{"href":"https:\/\/www.em.com.br\/emfoco\/wp-json\/wp\/v2\/media?parent=8405"}],"wp:term":[{"taxonomy":"category","embeddable":true,"href":"https:\/\/www.em.com.br\/emfoco\/wp-json\/wp\/v2\/categories?post=8405"},{"taxonomy":"post_tag","embeddable":true,"href":"https:\/\/www.em.com.br\/emfoco\/wp-json\/wp\/v2\/tags?post=8405"}],"curies":[{"name":"wp","href":"https:\/\/api.w.org\/{rel}","templated":true}]}}