{"id":84048,"date":"2025-08-01T21:48:00","date_gmt":"2025-08-02T00:48:00","guid":{"rendered":"https:\/\/www.em.com.br\/emfoco\/?p=84048"},"modified":"2025-07-30T19:30:49","modified_gmt":"2025-07-30T22:30:49","slug":"essa-cidade-mineira-esta-crescendo-rapido-e-mudando-vidas","status":"publish","type":"post","link":"https:\/\/www.em.com.br\/emfoco\/2025\/08\/01\/essa-cidade-mineira-esta-crescendo-rapido-e-mudando-vidas\/","title":{"rendered":"Essa cidade mineira est\u00e1 crescendo r\u00e1pido e mudando vidas"},"content":{"rendered":"\n<p>Situada no cora\u00e7\u00e3o do norte de\u00a0<strong>Minas Gerais<\/strong>,\u00a0<strong><a href=\"https:\/\/www.minasgerais.com.br\/pt\/destinos\/montes-claros\" target=\"_blank\" rel=\"noreferrer noopener\">Montes Claros<\/a><\/strong>\u00a0se destaca como um n\u00facleo de\u00a0<strong>desenvolvimento econ\u00f4mico<\/strong>\u00a0e um local atrativo para investimentos. Sua crescente infraestrutura impulsiona tanto a economia local quanto a qualidade de vida de seus habitantes.<\/p>\n\n\n\n<ul class=\"wp-block-list\">\n<li>Papel estrat\u00e9gico de Montes Claros na economia regional<\/li>\n\n\n\n<li>Vantagens de residir na cidade<\/li>\n\n\n\n<li>Futuras oportunidades e desafios de crescimento<\/li>\n<\/ul>\n\n\n\n<h2 class=\"wp-block-heading\">Como Montes Claros se destaca economicamente no norte de Minas?<\/h2>\n\n\n\n<p>Gra\u00e7as \u00e0 sua localiza\u00e7\u00e3o vantajosa, Montes Claros atua como um ponto chave para o com\u00e9rcio e servi\u00e7os especializados. O setor de sa\u00fade \u00e9 robusto, com hospitais de qualidade que atraem demanda de diversas localidades, incluindo regi\u00f5es vizinhas do&nbsp;<strong>Vale do Jequitinhonha<\/strong>&nbsp;e do sul da&nbsp;<strong>Bahia<\/strong>.<\/p>\n\n\n\n<p>Al\u00e9m disso, a presen\u00e7a de institui\u00e7\u00f5es de ensino superior renomadas, como a&nbsp;<strong>Universidade Estadual de Montes Claros<\/strong>, amplia as chances para jovens profissionais, contribuindo significativamente para o mercado de trabalho local e regional.<\/p>\n\n\n\n<h2 class=\"wp-block-heading\">Por que viver em Montes Claros \u00e9 uma boa escolha?<\/h2>\n\n\n\n<p>A cidade oferece uma infraestrutura que atende a diversas necessidades, desde \u00e1reas de lazer at\u00e9 servi\u00e7os essenciais, proporcionando uma qualidade de vida elevada. Esse equil\u00edbrio entre modernidade urbana e acessibilidade a \u00e1reas verdes \u00e9 um dos atrativos principais.<\/p>\n\n\n\n<figure class=\"wp-block-image\"><img decoding=\"async\" src=\"https:\/\/www.em.com.br\/emfoco\/wp-content\/uploads\/2025\/06\/Montes_Claros_-_MG_-_panoramio-1024x576.jpg\" alt=\"\"\/><figcaption class=\"wp-element-caption\">Montes Claros &#8211; Cr\u00e9ditos: Divulga\u00e7\u00e3o\/Wikimedia Commons<\/figcaption><\/figure>\n\n\n\n<p>Para aqueles considerando mudan\u00e7a, o uso do&nbsp;<strong>\u00cdndice de Maturidade de Cidades<\/strong>&nbsp;pode fornecer insights \u00fateis sobre a qualidade de vida em Montes Claros. Outro aspecto importante \u00e9 o crescimento do setor educacional, com novas escolas e centros de forma\u00e7\u00e3o t\u00e9cnica, o que fortalece ainda mais a forma\u00e7\u00e3o dos moradores.<\/p>\n\n\n\n<h2 class=\"wp-block-heading\">Quais s\u00e3o as perspectivas para o futuro de Montes Claros?<\/h2>\n\n\n\n<p>Montes Claros est\u00e1 de olho no futuro, com iniciativas voltadas para inova\u00e7\u00e3o tecnol\u00f3gica e a cria\u00e7\u00e3o de um parque tecnol\u00f3gico, visando atrair novos investimentos e criar empregos.<\/p>\n\n\n\n<p>Os desafios est\u00e3o ligados ao crescimento sustent\u00e1vel e aprimoramento da infraestrutura p\u00fablica. Planejamento estrat\u00e9gico ser\u00e1 essencial para lidar com esses desafios e garantir um desenvolvimento alinhado \u00e0s necessidades futuras. Projetos recentes, como o fortalecimento do setor log\u00edstico, mostram-se essenciais para que a cidade continue crescendo de maneira sustent\u00e1vel.<\/p>\n\n\n\n<h2 class=\"wp-block-heading\">Montes Claros: Caminhos para um futuro sustent\u00e1vel<\/h2>\n\n\n\n<ul class=\"wp-block-list\">\n<li>Inova\u00e7\u00e3o e tecnologia como alavancas de progresso<\/li>\n\n\n\n<li>Investimentos cont\u00ednuos em infraestrutura<\/li>\n\n\n\n<li>Esfor\u00e7os constantes para melhorar a qualidade de vida<\/li>\n<\/ul>\n\n\n\n<p><strong>Leia tamb\u00e9m:<\/strong>\u00a0<a href=\"https:\/\/www.em.com.br\/emfoco\/2025\/07\/30\/essa-cidade-transforma-o-jeito-de-viver-e-conquista-quem-busca-qualidade-e-bem-estar\/\" target=\"_blank\" rel=\"noreferrer noopener\">Essa cidade transforma o jeito de viver e conquista quem busca qualidade e bem-estar<\/a><\/p>\n\n\n\n<p>Com uma economia diversificada e em expans\u00e3o, Montes Claros consolida-se como uma cidade de oportunidades crescentes. Venha explorar o que torna este polo mineiro um lugar t\u00e3o especial e promissor!<\/p>\n","protected":false},"excerpt":{"rendered":"<p>Situada no cora\u00e7\u00e3o do norte de\u00a0Minas Gerais,\u00a0Montes Claros\u00a0se destaca como um n\u00facleo de\u00a0desenvolvimento econ\u00f4mico\u00a0e um local atrativo para investimentos. Sua crescente infraestrutura impulsiona tanto a economia local quanto a qualidade de vida de seus habitantes. Como Montes Claros se destaca economicamente no norte de Minas? Gra\u00e7as \u00e0 sua localiza\u00e7\u00e3o vantajosa, Montes Claros atua como um [&hellip;]<\/p>\n","protected":false},"author":11,"featured_media":54958,"comment_status":"open","ping_status":"open","sticky":false,"template":"","format":"standard","meta":{"jnews-multi-image_gallery":[],"jnews_single_post":{"format":"standard"},"jnews_primary_category":[],"jnews_social_meta":[],"jnews_override_counter":[],"footnotes":""},"categories":[26,1],"tags":[11179,405,160,3485],"class_list":["post-84048","post","type-post","status-publish","format-standard","has-post-thumbnail","hentry","category-cidades","category-noticias","tag-cidade-2","tag-crescimento","tag-economia","tag-montes-claros"],"yoast_head":"<!-- This site is optimized with the Yoast SEO plugin v23.8 - https:\/\/yoast.com\/wordpress\/plugins\/seo\/ -->\n<title>Essa cidade mineira est\u00e1 crescendo r\u00e1pido e mudando vidas - Estado de Minas - Em foco<\/title>\n<meta name=\"description\" content=\"Essa cidade mineira est\u00e1 atraindo investimentos e transformando vidas com inova\u00e7\u00e3o, educa\u00e7\u00e3o e infraestrutura em expans\u00e3o.\" \/>\n<meta name=\"robots\" content=\"index, follow, max-snippet:-1, max-image-preview:large, max-video-preview:-1\" \/>\n<link rel=\"canonical\" href=\"https:\/\/www.em.com.br\/emfoco\/2025\/08\/01\/essa-cidade-mineira-esta-crescendo-rapido-e-mudando-vidas\/\" \/>\n<meta property=\"og:locale\" content=\"pt_BR\" \/>\n<meta property=\"og:type\" content=\"article\" \/>\n<meta property=\"og:title\" content=\"Essa cidade mineira est\u00e1 crescendo r\u00e1pido e mudando vidas - Estado de Minas - Em foco\" \/>\n<meta property=\"og:description\" content=\"Essa cidade mineira est\u00e1 atraindo investimentos e transformando vidas com inova\u00e7\u00e3o, educa\u00e7\u00e3o e infraestrutura em expans\u00e3o.\" \/>\n<meta property=\"og:url\" content=\"https:\/\/www.em.com.br\/emfoco\/2025\/08\/01\/essa-cidade-mineira-esta-crescendo-rapido-e-mudando-vidas\/\" \/>\n<meta property=\"og:site_name\" content=\"Estado de Minas - Em foco\" \/>\n<meta property=\"article:published_time\" content=\"2025-08-02T00:48:00+00:00\" \/>\n<meta property=\"article:modified_time\" content=\"2025-07-30T22:30:49+00:00\" \/>\n<meta property=\"og:image\" content=\"https:\/\/www.em.com.br\/emfoco\/wp-content\/uploads\/2025\/06\/Vista_parcial_de_Montes_Claros_MG-1.jpeg\" \/>\n\t<meta property=\"og:image:width\" content=\"1280\" \/>\n\t<meta property=\"og:image:height\" content=\"720\" \/>\n\t<meta property=\"og:image:type\" content=\"image\/jpeg\" \/>\n<meta name=\"author\" content=\"Andre\u0301 Rangel\u00a0\" \/>\n<meta name=\"twitter:card\" content=\"summary_large_image\" \/>\n<meta name=\"twitter:label1\" content=\"Escrito por\" \/>\n\t<meta name=\"twitter:data1\" content=\"Andre\u0301 Rangel\u00a0\" \/>\n\t<meta name=\"twitter:label2\" content=\"Est. tempo de leitura\" \/>\n\t<meta name=\"twitter:data2\" content=\"3 minutos\" \/>\n<!-- \/ Yoast SEO plugin. -->","yoast_head_json":{"title":"Essa cidade mineira est\u00e1 crescendo r\u00e1pido e mudando vidas - Estado de Minas - Em foco","description":"Essa cidade mineira est\u00e1 atraindo investimentos e transformando vidas com inova\u00e7\u00e3o, educa\u00e7\u00e3o e infraestrutura em expans\u00e3o.","robots":{"index":"index","follow":"follow","max-snippet":"max-snippet:-1","max-image-preview":"max-image-preview:large","max-video-preview":"max-video-preview:-1"},"canonical":"https:\/\/www.em.com.br\/emfoco\/2025\/08\/01\/essa-cidade-mineira-esta-crescendo-rapido-e-mudando-vidas\/","og_locale":"pt_BR","og_type":"article","og_title":"Essa cidade mineira est\u00e1 crescendo r\u00e1pido e mudando vidas - Estado de Minas - Em foco","og_description":"Essa cidade mineira est\u00e1 atraindo investimentos e transformando vidas com inova\u00e7\u00e3o, educa\u00e7\u00e3o e infraestrutura em expans\u00e3o.","og_url":"https:\/\/www.em.com.br\/emfoco\/2025\/08\/01\/essa-cidade-mineira-esta-crescendo-rapido-e-mudando-vidas\/","og_site_name":"Estado de Minas - Em foco","article_published_time":"2025-08-02T00:48:00+00:00","article_modified_time":"2025-07-30T22:30:49+00:00","og_image":[{"width":1280,"height":720,"url":"https:\/\/www.em.com.br\/emfoco\/wp-content\/uploads\/2025\/06\/Vista_parcial_de_Montes_Claros_MG-1.jpeg","type":"image\/jpeg"}],"author":"Andre\u0301 Rangel\u00a0","twitter_card":"summary_large_image","twitter_misc":{"Escrito por":"Andre\u0301 Rangel\u00a0","Est. tempo de leitura":"3 minutos"},"schema":{"@context":"https:\/\/schema.org","@graph":[{"@type":"WebPage","@id":"https:\/\/www.em.com.br\/emfoco\/2025\/08\/01\/essa-cidade-mineira-esta-crescendo-rapido-e-mudando-vidas\/","url":"https:\/\/www.em.com.br\/emfoco\/2025\/08\/01\/essa-cidade-mineira-esta-crescendo-rapido-e-mudando-vidas\/","name":"Essa cidade mineira est\u00e1 crescendo r\u00e1pido e mudando vidas - Estado de Minas - Em foco","isPartOf":{"@id":"https:\/\/www.em.com.br\/emfoco\/#website"},"primaryImageOfPage":{"@id":"https:\/\/www.em.com.br\/emfoco\/2025\/08\/01\/essa-cidade-mineira-esta-crescendo-rapido-e-mudando-vidas\/#primaryimage"},"image":{"@id":"https:\/\/www.em.com.br\/emfoco\/2025\/08\/01\/essa-cidade-mineira-esta-crescendo-rapido-e-mudando-vidas\/#primaryimage"},"thumbnailUrl":"https:\/\/www.em.com.br\/emfoco\/wp-content\/uploads\/2025\/06\/Vista_parcial_de_Montes_Claros_MG-1.jpeg","datePublished":"2025-08-02T00:48:00+00:00","dateModified":"2025-07-30T22:30:49+00:00","author":{"@id":"https:\/\/www.em.com.br\/emfoco\/#\/schema\/person\/60eda09c1fedf0d6891f4cef4b60b8b8"},"description":"Essa cidade mineira est\u00e1 atraindo investimentos e transformando vidas com inova\u00e7\u00e3o, educa\u00e7\u00e3o e infraestrutura em expans\u00e3o.","breadcrumb":{"@id":"https:\/\/www.em.com.br\/emfoco\/2025\/08\/01\/essa-cidade-mineira-esta-crescendo-rapido-e-mudando-vidas\/#breadcrumb"},"inLanguage":"pt-BR","potentialAction":[{"@type":"ReadAction","target":["https:\/\/www.em.com.br\/emfoco\/2025\/08\/01\/essa-cidade-mineira-esta-crescendo-rapido-e-mudando-vidas\/"]}]},{"@type":"ImageObject","inLanguage":"pt-BR","@id":"https:\/\/www.em.com.br\/emfoco\/2025\/08\/01\/essa-cidade-mineira-esta-crescendo-rapido-e-mudando-vidas\/#primaryimage","url":"https:\/\/www.em.com.br\/emfoco\/wp-content\/uploads\/2025\/06\/Vista_parcial_de_Montes_Claros_MG-1.jpeg","contentUrl":"https:\/\/www.em.com.br\/emfoco\/wp-content\/uploads\/2025\/06\/Vista_parcial_de_Montes_Claros_MG-1.jpeg","width":1280,"height":720,"caption":"Montes Claros - Cr\u00e9ditos: Divulga\u00e7\u00e3o\/Wikimedia Commons"},{"@type":"BreadcrumbList","@id":"https:\/\/www.em.com.br\/emfoco\/2025\/08\/01\/essa-cidade-mineira-esta-crescendo-rapido-e-mudando-vidas\/#breadcrumb","itemListElement":[{"@type":"ListItem","position":1,"name":"In\u00edcio","item":"https:\/\/www.em.com.br\/emfoco\/"},{"@type":"ListItem","position":2,"name":"Essa cidade mineira est\u00e1 crescendo r\u00e1pido e mudando vidas"}]},{"@type":"WebSite","@id":"https:\/\/www.em.com.br\/emfoco\/#website","url":"https:\/\/www.em.com.br\/emfoco\/","name":"Estado de Minas - Em foco","description":"Acompanhe as \u00faltimas not\u00edcias e fique bem informado sobre tudo o que acontece em Minas Gerais, Brasil e no mundo.","potentialAction":[{"@type":"SearchAction","target":{"@type":"EntryPoint","urlTemplate":"https:\/\/www.em.com.br\/emfoco\/?s={search_term_string}"},"query-input":{"@type":"PropertyValueSpecification","valueRequired":true,"valueName":"search_term_string"}}],"inLanguage":"pt-BR"},{"@type":"Person","@id":"https:\/\/www.em.com.br\/emfoco\/#\/schema\/person\/60eda09c1fedf0d6891f4cef4b60b8b8","name":"Andre\u0301 Rangel\u00a0","image":{"@type":"ImageObject","inLanguage":"pt-BR","@id":"https:\/\/www.em.com.br\/emfoco\/#\/schema\/person\/image\/","url":"https:\/\/secure.gravatar.com\/avatar\/6234dc814c77c8ef6d8bba622c787efc?s=96&d=mm&r=g","contentUrl":"https:\/\/secure.gravatar.com\/avatar\/6234dc814c77c8ef6d8bba622c787efc?s=96&d=mm&r=g","caption":"Andre\u0301 Rangel\u00a0"},"url":"https:\/\/www.em.com.br\/emfoco\/author\/luizmyth\/"}]}},"_links":{"self":[{"href":"https:\/\/www.em.com.br\/emfoco\/wp-json\/wp\/v2\/posts\/84048","targetHints":{"allow":["GET"]}}],"collection":[{"href":"https:\/\/www.em.com.br\/emfoco\/wp-json\/wp\/v2\/posts"}],"about":[{"href":"https:\/\/www.em.com.br\/emfoco\/wp-json\/wp\/v2\/types\/post"}],"author":[{"embeddable":true,"href":"https:\/\/www.em.com.br\/emfoco\/wp-json\/wp\/v2\/users\/11"}],"replies":[{"embeddable":true,"href":"https:\/\/www.em.com.br\/emfoco\/wp-json\/wp\/v2\/comments?post=84048"}],"version-history":[{"count":4,"href":"https:\/\/www.em.com.br\/emfoco\/wp-json\/wp\/v2\/posts\/84048\/revisions"}],"predecessor-version":[{"id":84067,"href":"https:\/\/www.em.com.br\/emfoco\/wp-json\/wp\/v2\/posts\/84048\/revisions\/84067"}],"wp:featuredmedia":[{"embeddable":true,"href":"https:\/\/www.em.com.br\/emfoco\/wp-json\/wp\/v2\/media\/54958"}],"wp:attachment":[{"href":"https:\/\/www.em.com.br\/emfoco\/wp-json\/wp\/v2\/media?parent=84048"}],"wp:term":[{"taxonomy":"category","embeddable":true,"href":"https:\/\/www.em.com.br\/emfoco\/wp-json\/wp\/v2\/categories?post=84048"},{"taxonomy":"post_tag","embeddable":true,"href":"https:\/\/www.em.com.br\/emfoco\/wp-json\/wp\/v2\/tags?post=84048"}],"curies":[{"name":"wp","href":"https:\/\/api.w.org\/{rel}","templated":true}]}}