{"id":83924,"date":"2025-08-01T06:50:00","date_gmt":"2025-08-01T09:50:00","guid":{"rendered":"https:\/\/www.em.com.br\/emfoco\/?p=83924"},"modified":"2025-08-01T00:36:45","modified_gmt":"2025-08-01T03:36:45","slug":"matheus-davila-nutricionista-primeiro-voce-perde-agua-depois-glicogenio-e-so-entao-gordura","status":"publish","type":"post","link":"https:\/\/www.em.com.br\/emfoco\/2025\/08\/01\/matheus-davila-nutricionista-primeiro-voce-perde-agua-depois-glicogenio-e-so-entao-gordura\/","title":{"rendered":"Matheus D\u2019\u00c1vila, Nutricionista: \u201cprimeiro voc\u00ea perde \u00e1gua, depois glicog\u00eanio e s\u00f3 ent\u00e3o gordura\u201d"},"content":{"rendered":"\n<p>D\u00e9ficit cal\u00f3rico e queima de gordura s\u00e3o dois termos muito citados quando o assunto \u00e9 emagrecimento, mas ainda geram confus\u00e3o. Segundo o nutricionista Matheus D\u2019\u00c1vila (@matheusdavilanutri), ao reduzir a ingest\u00e3o cal\u00f3rica, o corpo passa por etapas naturais e previs\u00edveis: primeiro elimina \u00e1gua, depois o glicog\u00eanio armazenado e, por fim, recorre \u00e0 gordura como fonte de energia. Essa sequ\u00eancia explica por que os primeiros quilos perdidos costumam ser r\u00e1pidos e vis\u00edveis \u2014 e por que a gordura localizada demora mais a sair.<\/p>\n\n\n\n<p>Ele ainda refor\u00e7a que n\u00e3o \u00e9 poss\u00edvel escolher de qual parte do corpo a gordura ser\u00e1 retirada. O emagrecimento acontece de forma sist\u00eamica. Al\u00e9m disso, manter massa muscular com treino e prote\u00edna \u00e9 essencial para emagrecer sem ficar com a apar\u00eancia fl\u00e1cida ou \u201cmurcha\u201d.<\/p>\n\n\n\n<h2 class=\"wp-block-heading\">O que o corpo perde primeiro em um d\u00e9ficit cal\u00f3rico?<\/h2>\n\n\n\n<p>Ao iniciar um d\u00e9ficit cal\u00f3rico, o corpo busca energia nos estoques mais acess\u00edveis. A primeira perda significativa \u00e9 de \u00e1gua \u2014 principalmente pela redu\u00e7\u00e3o de carboidratos e do glicog\u00eanio, que ret\u00e9m l\u00edquido no organismo. Isso faz com que os n\u00fameros na balan\u00e7a caiam r\u00e1pido nos primeiros dias, criando a impress\u00e3o de perda de gordura, quando na verdade \u00e9 apenas l\u00edquido.<\/p>\n\n\n\n<p>Na sequ\u00eancia, o corpo consome o glicog\u00eanio armazenado nos m\u00fasculos e f\u00edgado. Esse processo \u00e9 eficiente para gerar energia em curto prazo, mas n\u00e3o representa uma redu\u00e7\u00e3o de gordura corporal. \u00c9 apenas a fase inicial de adapta\u00e7\u00e3o metab\u00f3lica.<\/p>\n\n\n\n<h2 class=\"wp-block-heading\">Quando o corpo come\u00e7a a queimar gordura de verdade?<\/h2>\n\n\n\n<p>A queima de gordura acontece depois que os estoques imediatos de energia, como glicog\u00eanio e \u00e1gua, se esgotam. Isso costuma ocorrer ap\u00f3s alguns dias ou semanas em d\u00e9ficit cal\u00f3rico cont\u00ednuo. Nesse momento, o corpo ativa a lip\u00f3lise \u2014 quebra de gordura estocada para produ\u00e7\u00e3o de energia.<\/p>\n\n\n<div class=\"wp-block-image\">\n<figure class=\"aligncenter size-large\"><img loading=\"lazy\" decoding=\"async\" width=\"1024\" height=\"576\" src=\"https:\/\/www.em.com.br\/emfoco\/wp-content\/uploads\/2025\/08\/queimar-gordura_1754018604533-1024x576.jpg\" alt=\"\" class=\"wp-image-84925\" srcset=\"https:\/\/www.em.com.br\/emfoco\/wp-content\/uploads\/2025\/08\/queimar-gordura_1754018604533-1024x576.jpg 1024w, https:\/\/www.em.com.br\/emfoco\/wp-content\/uploads\/2025\/08\/queimar-gordura_1754018604533-300x169.jpg 300w, https:\/\/www.em.com.br\/emfoco\/wp-content\/uploads\/2025\/08\/queimar-gordura_1754018604533-768x432.jpg 768w, https:\/\/www.em.com.br\/emfoco\/wp-content\/uploads\/2025\/08\/queimar-gordura_1754018604533-750x422.jpg 750w, https:\/\/www.em.com.br\/emfoco\/wp-content\/uploads\/2025\/08\/queimar-gordura_1754018604533-1140x641.jpg 1140w, https:\/\/www.em.com.br\/emfoco\/wp-content\/uploads\/2025\/08\/queimar-gordura_1754018604533.jpg 1280w\" sizes=\"auto, (max-width: 1024px) 100vw, 1024px\" \/><figcaption class=\"wp-element-caption\">Mulher segurando fita m\u00e9trica &#8211; Cr\u00e9ditos: depositphotos.com \/ carballo<\/figcaption><\/figure><\/div>\n\n\n<p>Contudo, o emagrecimento n\u00e3o \u00e9 seletivo: n\u00e3o d\u00e1 para escolher perder gordura s\u00f3 do abd\u00f4men, coxas ou bra\u00e7os. A redu\u00e7\u00e3o ocorre de forma proporcional e de acordo com a gen\u00e9tica de cada pessoa. O ideal \u00e9 manter uma rotina consistente de alimenta\u00e7\u00e3o e treino para que o corpo reduza gordura ao longo do tempo, de forma saud\u00e1vel.<\/p>\n\n\n\n<h2 class=\"wp-block-heading\">Por onde a gordura \u201csai\u201d do corpo quando emagrecemos?<\/h2>\n\n\n\n<p>Grande parte da gordura perdida \u00e9 eliminada pela respira\u00e7\u00e3o, sob a forma de di\u00f3xido de carbono, enquanto o restante sai pela urina, suor e fezes. Esse \u00e9 um processo natural do metabolismo energ\u00e9tico. Quando as c\u00e9lulas de gordura (adip\u00f3citos) liberam seus estoques, elas apenas diminuem de tamanho \u2014 n\u00e3o desaparecem completamente.<\/p>\n\n\n\n<p>Ou seja, emagrecer n\u00e3o \u00e9 eliminar c\u00e9lulas de gordura, mas sim esvazi\u00e1-las. Por isso, manter o peso exige equil\u00edbrio cal\u00f3rico e estilo de vida ativo no longo prazo. A redu\u00e7\u00e3o dr\u00e1stica e sem acompanhamento pode levar \u00e0 perda de m\u00fasculo e efeito sanfona.<\/p>\n\n\n\n<h2 class=\"wp-block-heading\">Como manter a massa muscular durante o emagrecimento?<\/h2>\n\n\n\n<p>Segundo Matheus D\u2019\u00c1vila, o segredo est\u00e1 em consumir prote\u00edna suficiente, treinar com consist\u00eancia e evitar d\u00e9ficits muito extremos. Isso ajuda a preservar a massa magra enquanto o corpo utiliza a gordura como fonte de energia. Quando a pessoa emagrece sem cuidar da musculatura, a apar\u00eancia tende a ficar fl\u00e1cida, com perda de t\u00f4nus \u2014 o que ele chama de efeito \u201cuva passa\u201d.<\/p>\n\n\n\n<p>J\u00e1 quem treina e se alimenta corretamente consegue reduzir gordura com preserva\u00e7\u00e3o (ou at\u00e9 ganho) de massa muscular, resultando em um corpo mais firme, saud\u00e1vel e esteticamente equilibrado. Por isso, o foco deve ser na composi\u00e7\u00e3o corporal, e n\u00e3o apenas no peso da balan\u00e7a.<\/p>\n\n\n\n<h2 class=\"wp-block-heading\">Fontes oficiais consultadas<\/h2>\n\n\n\n<ul class=\"wp-block-list\">\n<li>Minist\u00e9rio da Sa\u00fade \u2013 Guia Alimentar para a Popula\u00e7\u00e3o Brasileira: <a href=\"http:\/\/www.gov.br\/saude\" target=\"_blank\" rel=\"noreferrer noopener\">www.gov.br\/saude<\/a><\/li>\n\n\n\n<li>Organiza\u00e7\u00e3o Mundial da Sa\u00fade (OMS) \u2013 Diretrizes sobre controle de peso corporal: <a href=\"http:\/\/www.who.int\" target=\"_blank\" rel=\"noreferrer noopener\">www.who.int<\/a><\/li>\n\n\n\n<li>Sociedade Brasileira de Endocrinologia e Metabologia \u2013 Informa\u00e7\u00f5es sobre metabolismo e perda de gordura: <a>ww<\/a><a href=\"http:\/\/www.endocrino.org.br\" target=\"_blank\" rel=\"noreferrer noopener\">w.endocrino.org.br<\/a><\/li>\n\n\n\n<li>National Institute of Diabetes and Digestive and Kidney Diseases (NIH, EUA) \u2013 Recursos sobre metabolismo energ\u00e9tico: <a href=\"http:\/\/www.niddk.nih.gov\" target=\"_blank\" rel=\"noreferrer noopener\">www.niddk.nih.gov<\/a><\/li>\n<\/ul>\n","protected":false},"excerpt":{"rendered":"<p>D\u00e9ficit cal\u00f3rico e queima de gordura s\u00e3o dois termos muito citados quando o assunto \u00e9 emagrecimento, mas ainda geram confus\u00e3o. Segundo o nutricionista Matheus D\u2019\u00c1vila (@matheusdavilanutri), ao reduzir a ingest\u00e3o cal\u00f3rica, o corpo passa por etapas naturais e previs\u00edveis: primeiro elimina \u00e1gua, depois o glicog\u00eanio armazenado e, por fim, recorre \u00e0 gordura como fonte de [&hellip;]<\/p>\n","protected":false},"author":17,"featured_media":84936,"comment_status":"open","ping_status":"open","sticky":false,"template":"","format":"standard","meta":{"jnews-multi-image_gallery":[],"jnews_single_post":{"format":"standard"},"jnews_primary_category":[],"jnews_social_meta":[],"jnews_override_counter":[],"footnotes":""},"categories":[9053],"tags":[3509,327,415],"class_list":["post-83924","post","type-post","status-publish","format-standard","has-post-thumbnail","hentry","category-saude","tag-nutricao","tag-qualidade-de-vida","tag-saude"],"yoast_head":"<!-- This site is optimized with the Yoast SEO plugin v23.8 - https:\/\/yoast.com\/wordpress\/plugins\/seo\/ -->\n<title>Matheus D\u2019\u00c1vila, Nutricionista: \u201cprimeiro voc\u00ea perde \u00e1gua, depois glicog\u00eanio e s\u00f3 ent\u00e3o gordura\u201d - Estado de Minas - Em foco<\/title>\n<meta name=\"description\" content=\"Em d\u00e9ficit cal\u00f3rico, o corpo queima \u00e1gua, glicog\u00eanio e depois gordura. Treino e prote\u00edna evitam flacidez e ajudam a manter m\u00fasculos.\" \/>\n<meta name=\"robots\" content=\"index, follow, max-snippet:-1, max-image-preview:large, max-video-preview:-1\" \/>\n<link rel=\"canonical\" href=\"https:\/\/www.em.com.br\/emfoco\/2025\/08\/01\/matheus-davila-nutricionista-primeiro-voce-perde-agua-depois-glicogenio-e-so-entao-gordura\/\" \/>\n<meta property=\"og:locale\" content=\"pt_BR\" \/>\n<meta property=\"og:type\" content=\"article\" \/>\n<meta property=\"og:title\" content=\"Matheus D\u2019\u00c1vila, Nutricionista: \u201cprimeiro voc\u00ea perde \u00e1gua, depois glicog\u00eanio e s\u00f3 ent\u00e3o gordura\u201d - Estado de Minas - Em foco\" \/>\n<meta property=\"og:description\" content=\"Em d\u00e9ficit cal\u00f3rico, o corpo queima \u00e1gua, glicog\u00eanio e depois gordura. Treino e prote\u00edna evitam flacidez e ajudam a manter m\u00fasculos.\" \/>\n<meta property=\"og:url\" content=\"https:\/\/www.em.com.br\/emfoco\/2025\/08\/01\/matheus-davila-nutricionista-primeiro-voce-perde-agua-depois-glicogenio-e-so-entao-gordura\/\" \/>\n<meta property=\"og:site_name\" content=\"Estado de Minas - Em foco\" \/>\n<meta property=\"article:published_time\" content=\"2025-08-01T09:50:00+00:00\" \/>\n<meta property=\"article:modified_time\" content=\"2025-08-01T03:36:45+00:00\" \/>\n<meta property=\"og:image\" content=\"https:\/\/www.em.com.br\/emfoco\/wp-content\/uploads\/2025\/08\/mosaico_1754019093096.jpg\" \/>\n\t<meta property=\"og:image:width\" content=\"1280\" \/>\n\t<meta property=\"og:image:height\" content=\"720\" \/>\n\t<meta property=\"og:image:type\" content=\"image\/jpeg\" \/>\n<meta name=\"author\" content=\"Lucas Sampaio\" \/>\n<meta name=\"twitter:card\" content=\"summary_large_image\" \/>\n<meta name=\"twitter:label1\" content=\"Escrito por\" \/>\n\t<meta name=\"twitter:data1\" content=\"Lucas Sampaio\" \/>\n\t<meta name=\"twitter:label2\" content=\"Est. tempo de leitura\" \/>\n\t<meta name=\"twitter:data2\" content=\"4 minutos\" \/>\n<!-- \/ Yoast SEO plugin. -->","yoast_head_json":{"title":"Matheus D\u2019\u00c1vila, Nutricionista: \u201cprimeiro voc\u00ea perde \u00e1gua, depois glicog\u00eanio e s\u00f3 ent\u00e3o gordura\u201d - Estado de Minas - Em foco","description":"Em d\u00e9ficit cal\u00f3rico, o corpo queima \u00e1gua, glicog\u00eanio e depois gordura. Treino e prote\u00edna evitam flacidez e ajudam a manter m\u00fasculos.","robots":{"index":"index","follow":"follow","max-snippet":"max-snippet:-1","max-image-preview":"max-image-preview:large","max-video-preview":"max-video-preview:-1"},"canonical":"https:\/\/www.em.com.br\/emfoco\/2025\/08\/01\/matheus-davila-nutricionista-primeiro-voce-perde-agua-depois-glicogenio-e-so-entao-gordura\/","og_locale":"pt_BR","og_type":"article","og_title":"Matheus D\u2019\u00c1vila, Nutricionista: \u201cprimeiro voc\u00ea perde \u00e1gua, depois glicog\u00eanio e s\u00f3 ent\u00e3o gordura\u201d - Estado de Minas - Em foco","og_description":"Em d\u00e9ficit cal\u00f3rico, o corpo queima \u00e1gua, glicog\u00eanio e depois gordura. Treino e prote\u00edna evitam flacidez e ajudam a manter m\u00fasculos.","og_url":"https:\/\/www.em.com.br\/emfoco\/2025\/08\/01\/matheus-davila-nutricionista-primeiro-voce-perde-agua-depois-glicogenio-e-so-entao-gordura\/","og_site_name":"Estado de Minas - Em foco","article_published_time":"2025-08-01T09:50:00+00:00","article_modified_time":"2025-08-01T03:36:45+00:00","og_image":[{"width":1280,"height":720,"url":"https:\/\/www.em.com.br\/emfoco\/wp-content\/uploads\/2025\/08\/mosaico_1754019093096.jpg","type":"image\/jpeg"}],"author":"Lucas Sampaio","twitter_card":"summary_large_image","twitter_misc":{"Escrito por":"Lucas Sampaio","Est. tempo de leitura":"4 minutos"},"schema":{"@context":"https:\/\/schema.org","@graph":[{"@type":"WebPage","@id":"https:\/\/www.em.com.br\/emfoco\/2025\/08\/01\/matheus-davila-nutricionista-primeiro-voce-perde-agua-depois-glicogenio-e-so-entao-gordura\/","url":"https:\/\/www.em.com.br\/emfoco\/2025\/08\/01\/matheus-davila-nutricionista-primeiro-voce-perde-agua-depois-glicogenio-e-so-entao-gordura\/","name":"Matheus D\u2019\u00c1vila, Nutricionista: \u201cprimeiro voc\u00ea perde \u00e1gua, depois glicog\u00eanio e s\u00f3 ent\u00e3o gordura\u201d - Estado de Minas - Em foco","isPartOf":{"@id":"https:\/\/www.em.com.br\/emfoco\/#website"},"primaryImageOfPage":{"@id":"https:\/\/www.em.com.br\/emfoco\/2025\/08\/01\/matheus-davila-nutricionista-primeiro-voce-perde-agua-depois-glicogenio-e-so-entao-gordura\/#primaryimage"},"image":{"@id":"https:\/\/www.em.com.br\/emfoco\/2025\/08\/01\/matheus-davila-nutricionista-primeiro-voce-perde-agua-depois-glicogenio-e-so-entao-gordura\/#primaryimage"},"thumbnailUrl":"https:\/\/www.em.com.br\/emfoco\/wp-content\/uploads\/2025\/08\/mosaico_1754019093096.jpg","datePublished":"2025-08-01T09:50:00+00:00","dateModified":"2025-08-01T03:36:45+00:00","author":{"@id":"https:\/\/www.em.com.br\/emfoco\/#\/schema\/person\/9ad4c536bd87f5bb8006420332b99aef"},"description":"Em d\u00e9ficit cal\u00f3rico, o corpo queima \u00e1gua, glicog\u00eanio e depois gordura. Treino e prote\u00edna evitam flacidez e ajudam a manter m\u00fasculos.","breadcrumb":{"@id":"https:\/\/www.em.com.br\/emfoco\/2025\/08\/01\/matheus-davila-nutricionista-primeiro-voce-perde-agua-depois-glicogenio-e-so-entao-gordura\/#breadcrumb"},"inLanguage":"pt-BR","potentialAction":[{"@type":"ReadAction","target":["https:\/\/www.em.com.br\/emfoco\/2025\/08\/01\/matheus-davila-nutricionista-primeiro-voce-perde-agua-depois-glicogenio-e-so-entao-gordura\/"]}]},{"@type":"ImageObject","inLanguage":"pt-BR","@id":"https:\/\/www.em.com.br\/emfoco\/2025\/08\/01\/matheus-davila-nutricionista-primeiro-voce-perde-agua-depois-glicogenio-e-so-entao-gordura\/#primaryimage","url":"https:\/\/www.em.com.br\/emfoco\/wp-content\/uploads\/2025\/08\/mosaico_1754019093096.jpg","contentUrl":"https:\/\/www.em.com.br\/emfoco\/wp-content\/uploads\/2025\/08\/mosaico_1754019093096.jpg","width":1280,"height":720,"caption":"Reprodu\u00e7\u00e3o (TikTok: @matheusdavilanutri)"},{"@type":"BreadcrumbList","@id":"https:\/\/www.em.com.br\/emfoco\/2025\/08\/01\/matheus-davila-nutricionista-primeiro-voce-perde-agua-depois-glicogenio-e-so-entao-gordura\/#breadcrumb","itemListElement":[{"@type":"ListItem","position":1,"name":"In\u00edcio","item":"https:\/\/www.em.com.br\/emfoco\/"},{"@type":"ListItem","position":2,"name":"Matheus D\u2019\u00c1vila, Nutricionista: \u201cprimeiro voc\u00ea perde \u00e1gua, depois glicog\u00eanio e s\u00f3 ent\u00e3o gordura\u201d"}]},{"@type":"WebSite","@id":"https:\/\/www.em.com.br\/emfoco\/#website","url":"https:\/\/www.em.com.br\/emfoco\/","name":"Estado de Minas - Em foco","description":"Acompanhe as \u00faltimas not\u00edcias e fique bem informado sobre tudo o que acontece em Minas Gerais, Brasil e no mundo.","potentialAction":[{"@type":"SearchAction","target":{"@type":"EntryPoint","urlTemplate":"https:\/\/www.em.com.br\/emfoco\/?s={search_term_string}"},"query-input":{"@type":"PropertyValueSpecification","valueRequired":true,"valueName":"search_term_string"}}],"inLanguage":"pt-BR"},{"@type":"Person","@id":"https:\/\/www.em.com.br\/emfoco\/#\/schema\/person\/9ad4c536bd87f5bb8006420332b99aef","name":"Lucas Sampaio","image":{"@type":"ImageObject","inLanguage":"pt-BR","@id":"https:\/\/www.em.com.br\/emfoco\/#\/schema\/person\/image\/","url":"https:\/\/secure.gravatar.com\/avatar\/2696b9676ad143cd7135b717faf6f79f?s=96&d=mm&r=g","contentUrl":"https:\/\/secure.gravatar.com\/avatar\/2696b9676ad143cd7135b717faf6f79f?s=96&d=mm&r=g","caption":"Lucas Sampaio"},"sameAs":["https:\/\/www.em.com.br\/emfoco\/"],"url":"https:\/\/www.em.com.br\/emfoco\/author\/lucasmyth\/"}]}},"_links":{"self":[{"href":"https:\/\/www.em.com.br\/emfoco\/wp-json\/wp\/v2\/posts\/83924","targetHints":{"allow":["GET"]}}],"collection":[{"href":"https:\/\/www.em.com.br\/emfoco\/wp-json\/wp\/v2\/posts"}],"about":[{"href":"https:\/\/www.em.com.br\/emfoco\/wp-json\/wp\/v2\/types\/post"}],"author":[{"embeddable":true,"href":"https:\/\/www.em.com.br\/emfoco\/wp-json\/wp\/v2\/users\/17"}],"replies":[{"embeddable":true,"href":"https:\/\/www.em.com.br\/emfoco\/wp-json\/wp\/v2\/comments?post=83924"}],"version-history":[{"count":2,"href":"https:\/\/www.em.com.br\/emfoco\/wp-json\/wp\/v2\/posts\/83924\/revisions"}],"predecessor-version":[{"id":84926,"href":"https:\/\/www.em.com.br\/emfoco\/wp-json\/wp\/v2\/posts\/83924\/revisions\/84926"}],"wp:featuredmedia":[{"embeddable":true,"href":"https:\/\/www.em.com.br\/emfoco\/wp-json\/wp\/v2\/media\/84936"}],"wp:attachment":[{"href":"https:\/\/www.em.com.br\/emfoco\/wp-json\/wp\/v2\/media?parent=83924"}],"wp:term":[{"taxonomy":"category","embeddable":true,"href":"https:\/\/www.em.com.br\/emfoco\/wp-json\/wp\/v2\/categories?post=83924"},{"taxonomy":"post_tag","embeddable":true,"href":"https:\/\/www.em.com.br\/emfoco\/wp-json\/wp\/v2\/tags?post=83924"}],"curies":[{"name":"wp","href":"https:\/\/api.w.org\/{rel}","templated":true}]}}