{"id":83912,"date":"2025-08-02T17:48:00","date_gmt":"2025-08-02T20:48:00","guid":{"rendered":"https:\/\/www.em.com.br\/emfoco\/?p=83912"},"modified":"2025-07-30T14:17:23","modified_gmt":"2025-07-30T17:17:23","slug":"essa-cidade-preserva-as-tradicoes-mais-ricas-do-japao-com-qualidade-de-vida-exemplar","status":"publish","type":"post","link":"https:\/\/www.em.com.br\/emfoco\/2025\/08\/02\/essa-cidade-preserva-as-tradicoes-mais-ricas-do-japao-com-qualidade-de-vida-exemplar\/","title":{"rendered":"Essa cidade preserva as tradi\u00e7\u00f5es mais ricas do Jap\u00e3o com qualidade de vida exemplar"},"content":{"rendered":"\n<p><strong>Kyoto<\/strong>, localizada na regi\u00e3o central da ilha de Honshu, \u00e9 considerada o cora\u00e7\u00e3o cultural do Jap\u00e3o. Antiga capital imperial, preserva tradi\u00e7\u00f5es milenares em meio \u00e0 modernidade japonesa.<\/p>\n\n\n\n<ul class=\"wp-block-list\">\n<li>Preserva mais de 1.600 templos budistas e tradi\u00e7\u00f5es ancestrais<\/li>\n\n\n\n<li>Combina seguran\u00e7a, tranquilidade e excelente infraestrutura<\/li>\n\n\n\n<li>Exemplo mundial de preserva\u00e7\u00e3o hist\u00f3rica com modernidade<\/li>\n<\/ul>\n\n\n\n<h2 class=\"wp-block-heading\">Por que tantas pessoas escolhem morar em Kyoto?<\/h2>\n\n\n\n<p><strong>Kyoto<\/strong> tem aproximadamente 1,46 milh\u00e3o de habitantes e oferece uma combina\u00e7\u00e3o \u00fanica de infraestrutura moderna com ambiente tranquilo. Seu ritmo de vida \u00e9 mais sereno do que em cidades como <strong><a href=\"https:\/\/www.em.com.br\/emfoco\/2024\/12\/24\/toquio-kyoto-osaka-e-mais-uma-jornada-pelo-japao\/\" target=\"_blank\" rel=\"noreferrer noopener\">T\u00f3quio <\/a><\/strong>ou <strong>Osaka<\/strong>.<\/p>\n\n\n\n<p>Com baixos \u00edndices de criminalidade, transporte p\u00fablico eficiente e diversas \u00e1reas verdes, a cidade garante uma vida segura e culturalmente rica. O custo de vida \u00e9 moderado dentro do padr\u00e3o japon\u00eas.<\/p>\n\n\n\n<figure class=\"wp-block-image size-large\"><img loading=\"lazy\" decoding=\"async\" width=\"1024\" height=\"576\" src=\"https:\/\/www.em.com.br\/emfoco\/wp-content\/uploads\/2025\/04\/Kyoto_1744045485309-1024x576.jpg\" alt=\"A cidade que conserva sua hist\u00f3ria milenar a cada esquina!\" class=\"wp-image-36037\" srcset=\"https:\/\/www.em.com.br\/emfoco\/wp-content\/uploads\/2025\/04\/Kyoto_1744045485309-1024x576.jpg 1024w, https:\/\/www.em.com.br\/emfoco\/wp-content\/uploads\/2025\/04\/Kyoto_1744045485309-300x169.jpg 300w, https:\/\/www.em.com.br\/emfoco\/wp-content\/uploads\/2025\/04\/Kyoto_1744045485309-768x432.jpg 768w, https:\/\/www.em.com.br\/emfoco\/wp-content\/uploads\/2025\/04\/Kyoto_1744045485309-750x422.jpg 750w, https:\/\/www.em.com.br\/emfoco\/wp-content\/uploads\/2025\/04\/Kyoto_1744045485309-1140x641.jpg 1140w, https:\/\/www.em.com.br\/emfoco\/wp-content\/uploads\/2025\/04\/Kyoto_1744045485309.jpg 1280w\" sizes=\"auto, (max-width: 1024px) 100vw, 1024px\" \/><figcaption class=\"wp-element-caption\">Kyoto, Jap\u00e3o &#8211; Cr\u00e9ditos: depositphotos.com \/ sepavone<\/figcaption><\/figure>\n\n\n\n<h2 class=\"wp-block-heading\">Quais bairros oferecem melhor qualidade de vida em Kyoto?<\/h2>\n\n\n\n<p><strong>Sakyo-ku<\/strong> \u00e9 ideal para quem busca tranquilidade e contato com a natureza. J\u00e1 <strong>Nakagyo-ku<\/strong> oferece localiza\u00e7\u00e3o central e f\u00e1cil acesso ao com\u00e9rcio e transporte.<\/p>\n\n\n\n<p>Outras boas op\u00e7\u00f5es s\u00e3o <strong>Fushimi-ku<\/strong>, com custo mais acess\u00edvel, <strong>Kita-ku<\/strong>, com \u00f3timas escolas, e <strong>Higashiyama-ku<\/strong>, charmoso e hist\u00f3rico.<\/p>\n\n\n\n<figure class=\"wp-block-image size-large\"><img loading=\"lazy\" decoding=\"async\" width=\"1024\" height=\"576\" src=\"https:\/\/www.em.com.br\/emfoco\/wp-content\/uploads\/2025\/07\/Kyoto_1753895678503-1024x576.jpg\" alt=\"Essa cidade preserva as tradi\u00e7\u00f5es mais ricas do Jap\u00e3o com qualidade de vida exemplar\" class=\"wp-image-83920\" srcset=\"https:\/\/www.em.com.br\/emfoco\/wp-content\/uploads\/2025\/07\/Kyoto_1753895678503-1024x576.jpg 1024w, https:\/\/www.em.com.br\/emfoco\/wp-content\/uploads\/2025\/07\/Kyoto_1753895678503-300x169.jpg 300w, https:\/\/www.em.com.br\/emfoco\/wp-content\/uploads\/2025\/07\/Kyoto_1753895678503-768x432.jpg 768w, https:\/\/www.em.com.br\/emfoco\/wp-content\/uploads\/2025\/07\/Kyoto_1753895678503-750x422.jpg 750w, https:\/\/www.em.com.br\/emfoco\/wp-content\/uploads\/2025\/07\/Kyoto_1753895678503-1140x641.jpg 1140w, https:\/\/www.em.com.br\/emfoco\/wp-content\/uploads\/2025\/07\/Kyoto_1753895678503.jpg 1280w\" sizes=\"auto, (max-width: 1024px) 100vw, 1024px\" \/><figcaption class=\"wp-element-caption\">Kyoto, Jap\u00e3o &#8211; Cr\u00e9ditos: depositphotos.com \/ BiancoBlue<\/figcaption><\/figure>\n\n\n\n<h2 class=\"wp-block-heading\">O que faz de Kyoto um destino t\u00e3o especial no Jap\u00e3o?<\/h2>\n\n\n\n<p><strong>Kinkaku-ji<\/strong>, tamb\u00e9m conhecido como Pavilh\u00e3o Dourado, \u00e9 um dos cart\u00f5es-postais da cidade, revestido em ouro e rodeado por jardins reflexivos.<\/p>\n\n\n\n<p><strong>Fushimi Inari-taisha<\/strong>, com seus milhares de port\u00f5es vermelhos, e o <strong>Kiyomizu-dera<\/strong>, com sua vista panor\u00e2mica, s\u00e3o exemplos do valor espiritual e arquitet\u00f4nico da cidade.<\/p>\n\n\n\n<figure class=\"wp-block-table\"><table class=\"has-fixed-layout\"><tbody><tr><th>Aspecto<\/th><th>Detalhes<\/th><\/tr><tr><td>Popula\u00e7\u00e3o<\/td><td>Aproximadamente 1,46 milh\u00e3o (Censo Japon\u00eas, 2023)<\/td><\/tr><tr><td>\u00c1rea<\/td><td>827,8 km\u00b2<\/td><\/tr><tr><td>Clima<\/td><td>Temperado \u00famido, 1\u00b0C a 33\u00b0C<\/td><\/tr><tr><td>Destaques Culturais<\/td><td>Templos, cerim\u00f4nia do ch\u00e1, gueixas, jardins zen<\/td><\/tr><tr><td>Patrim\u00f4nio UNESCO<\/td><td>17 locais, incluindo Kinkaku-ji e Kiyomizu-dera<\/td><\/tr><\/tbody><\/table><\/figure>\n\n\n\n<h2 class=\"wp-block-heading\">Quais experi\u00eancias culturais tornam Kyoto \u00fanica?<\/h2>\n\n\n\n<p><strong>Kyoto<\/strong> mant\u00e9m viva a tradi\u00e7\u00e3o japonesa por meio de pr\u00e1ticas como cerim\u00f4nia do ch\u00e1, ikebana e teatro noh e kabuki. Essas atividades s\u00e3o ensinadas nas escolas e vivenciadas no cotidiano.<\/p>\n\n\n\n<p>A cidade tamb\u00e9m abriga festivais como o <strong><a href=\"https:\/\/www.japan.travel\/pt\/spot\/83\/\" target=\"_blank\" rel=\"noreferrer noopener\">Gion Matsuri<\/a><\/strong> e o <strong>Aoi Matsuri<\/strong>, que refor\u00e7am a conex\u00e3o com o passado. A gastronomia \u00e9 refinada, com pratos sazonais e doces t\u00edpicos que refletem a delicadeza local.<\/p>\n\n\n\n<ul class=\"wp-block-list\">\n<li>Gion Matsuri: festival tradicional em julho<\/li>\n\n\n\n<li>Kaiseki ryori: refei\u00e7\u00e3o japonesa sofisticada em v\u00e1rios pratos<\/li>\n\n\n\n<li>Teatro kabuki e noh: cultura viva em palcos hist\u00f3ricos<\/li>\n\n\n\n<li>Doces de arroz e pratos sazonais aut\u00eanticos<\/li>\n<\/ul>\n\n\n\n<h2 class=\"wp-block-heading\">Como Kyoto equilibra tradi\u00e7\u00e3o e inova\u00e7\u00e3o?<\/h2>\n\n\n\n<p><strong>Kyoto<\/strong> escapou dos bombardeios da Segunda Guerra Mundial, o que permitiu preservar templos, casas e ruas hist\u00f3ricas. Hoje, essas constru\u00e7\u00f5es s\u00e3o protegidas por leis de conserva\u00e7\u00e3o urbana.<\/p>\n\n\n\n<p>Ao mesmo tempo, a cidade abriga projetos modernos como a Esta\u00e7\u00e3o de Kyoto e o Museu Nacional de Arte Moderna, que demonstram o equil\u00edbrio entre o antigo e o contempor\u00e2neo.<\/p>\n\n\n\n<ul class=\"wp-block-list\">\n<li>Zonas de preserva\u00e7\u00e3o hist\u00f3rica regulamentadas<\/li>\n\n\n\n<li>Incentivos \u00e0 arquitetura tradicional<\/li>\n\n\n\n<li>Constru\u00e7\u00f5es modernas com identidade local<\/li>\n\n\n\n<li>Contraste harm\u00f4nico entre tradi\u00e7\u00e3o e inova\u00e7\u00e3o<\/li>\n<\/ul>\n\n\n\n<h2 class=\"wp-block-heading\">Quando visitar Kyoto para aproveitar tudo ao m\u00e1ximo?<\/h2>\n\n\n\n<p><strong>Kyoto<\/strong> tem as quatro esta\u00e7\u00f5es bem definidas, o que proporciona paisagens distintas ao longo do ano. A primavera e o outono s\u00e3o as \u00e9pocas mais procuradas pelos visitantes.<\/p>\n\n\n\n<p>No ver\u00e3o, a cidade se enche de festivais, enquanto no inverno as paisagens ganham um charme sereno com poss\u00edveis nevascas leves.<\/p>\n\n\n\n<ul class=\"wp-block-list\">\n<li>Primavera: cerejeiras em flor e clima agrad\u00e1vel<\/li>\n\n\n\n<li>Outono: folhagem vermelha e temperatura amena<\/li>\n\n\n\n<li>Ver\u00e3o: festivais e calor intenso<\/li>\n\n\n\n<li>Inverno: frio suave e templos cobertos de neve<\/li>\n<\/ul>\n\n\n\n<h2 class=\"wp-block-heading\">Kyoto \u00e9 um dos destinos mais aut\u00eanticos do mundo<\/h2>\n\n\n\n<ul class=\"wp-block-list\">\n<li>Combina espiritualidade, arte e tranquilidade urbana<\/li>\n\n\n\n<li>Oferece qualidade de vida elevada com seguran\u00e7a e cultura<\/li>\n\n\n\n<li>Preserva tradi\u00e7\u00f5es milenares com modernidade respeitosa<\/li>\n<\/ul>\n","protected":false},"excerpt":{"rendered":"<p>Kyoto, localizada na regi\u00e3o central da ilha de Honshu, \u00e9 considerada o cora\u00e7\u00e3o cultural do Jap\u00e3o. Antiga capital imperial, preserva tradi\u00e7\u00f5es milenares em meio \u00e0 modernidade japonesa. Por que tantas pessoas escolhem morar em Kyoto? Kyoto tem aproximadamente 1,46 milh\u00e3o de habitantes e oferece uma combina\u00e7\u00e3o \u00fanica de infraestrutura moderna com ambiente tranquilo. Seu ritmo [&hellip;]<\/p>\n","protected":false},"author":13,"featured_media":36038,"comment_status":"open","ping_status":"open","sticky":false,"template":"","format":"standard","meta":{"jnews-multi-image_gallery":[],"jnews_single_post":{"format":"standard"},"jnews_primary_category":[],"jnews_social_meta":[],"jnews_override_counter":[],"footnotes":""},"categories":[26],"tags":[13127,2088,3042,157],"class_list":["post-83912","post","type-post","status-publish","format-standard","has-post-thumbnail","hentry","category-cidades","tag-alta-qualidade-de-vida","tag-japao","tag-kyoto","tag-turismo"],"yoast_head":"<!-- This site is optimized with the Yoast SEO plugin v23.8 - https:\/\/yoast.com\/wordpress\/plugins\/seo\/ -->\n<title>Essa cidade preserva as tradi\u00e7\u00f5es mais ricas do Jap\u00e3o com qualidade de vida exemplar - Estado de Minas - Em foco<\/title>\n<meta name=\"description\" content=\"A cidade que preserva a alma do Jap\u00e3o com modernidade e tranquilidade. Um dos melhores lugares para viver com arte e natureza.\" \/>\n<meta name=\"robots\" content=\"index, follow, max-snippet:-1, max-image-preview:large, max-video-preview:-1\" \/>\n<link rel=\"canonical\" href=\"https:\/\/www.em.com.br\/emfoco\/2025\/08\/02\/essa-cidade-preserva-as-tradicoes-mais-ricas-do-japao-com-qualidade-de-vida-exemplar\/\" \/>\n<meta property=\"og:locale\" content=\"pt_BR\" \/>\n<meta property=\"og:type\" content=\"article\" \/>\n<meta property=\"og:title\" content=\"Essa cidade preserva as tradi\u00e7\u00f5es mais ricas do Jap\u00e3o com qualidade de vida exemplar - Estado de Minas - Em foco\" \/>\n<meta property=\"og:description\" content=\"A cidade que preserva a alma do Jap\u00e3o com modernidade e tranquilidade. Um dos melhores lugares para viver com arte e natureza.\" \/>\n<meta property=\"og:url\" content=\"https:\/\/www.em.com.br\/emfoco\/2025\/08\/02\/essa-cidade-preserva-as-tradicoes-mais-ricas-do-japao-com-qualidade-de-vida-exemplar\/\" \/>\n<meta property=\"og:site_name\" content=\"Estado de Minas - Em foco\" \/>\n<meta property=\"article:published_time\" content=\"2025-08-02T20:48:00+00:00\" \/>\n<meta property=\"article:modified_time\" content=\"2025-07-30T17:17:23+00:00\" \/>\n<meta property=\"og:image\" content=\"https:\/\/www.em.com.br\/emfoco\/wp-content\/uploads\/2025\/04\/Kyoto_1744045520817.jpg\" \/>\n\t<meta property=\"og:image:width\" content=\"1280\" \/>\n\t<meta property=\"og:image:height\" content=\"720\" \/>\n\t<meta property=\"og:image:type\" content=\"image\/jpeg\" \/>\n<meta name=\"author\" content=\"Gabriel Martins\" \/>\n<meta name=\"twitter:card\" content=\"summary_large_image\" \/>\n<meta name=\"twitter:label1\" content=\"Escrito por\" \/>\n\t<meta name=\"twitter:data1\" content=\"Gabriel Martins\" \/>\n\t<meta name=\"twitter:label2\" content=\"Est. tempo de leitura\" \/>\n\t<meta name=\"twitter:data2\" content=\"4 minutos\" \/>\n<!-- \/ Yoast SEO plugin. -->","yoast_head_json":{"title":"Essa cidade preserva as tradi\u00e7\u00f5es mais ricas do Jap\u00e3o com qualidade de vida exemplar - Estado de Minas - Em foco","description":"A cidade que preserva a alma do Jap\u00e3o com modernidade e tranquilidade. Um dos melhores lugares para viver com arte e natureza.","robots":{"index":"index","follow":"follow","max-snippet":"max-snippet:-1","max-image-preview":"max-image-preview:large","max-video-preview":"max-video-preview:-1"},"canonical":"https:\/\/www.em.com.br\/emfoco\/2025\/08\/02\/essa-cidade-preserva-as-tradicoes-mais-ricas-do-japao-com-qualidade-de-vida-exemplar\/","og_locale":"pt_BR","og_type":"article","og_title":"Essa cidade preserva as tradi\u00e7\u00f5es mais ricas do Jap\u00e3o com qualidade de vida exemplar - Estado de Minas - Em foco","og_description":"A cidade que preserva a alma do Jap\u00e3o com modernidade e tranquilidade. Um dos melhores lugares para viver com arte e natureza.","og_url":"https:\/\/www.em.com.br\/emfoco\/2025\/08\/02\/essa-cidade-preserva-as-tradicoes-mais-ricas-do-japao-com-qualidade-de-vida-exemplar\/","og_site_name":"Estado de Minas - Em foco","article_published_time":"2025-08-02T20:48:00+00:00","article_modified_time":"2025-07-30T17:17:23+00:00","og_image":[{"width":1280,"height":720,"url":"https:\/\/www.em.com.br\/emfoco\/wp-content\/uploads\/2025\/04\/Kyoto_1744045520817.jpg","type":"image\/jpeg"}],"author":"Gabriel Martins","twitter_card":"summary_large_image","twitter_misc":{"Escrito por":"Gabriel Martins","Est. tempo de leitura":"4 minutos"},"schema":{"@context":"https:\/\/schema.org","@graph":[{"@type":"WebPage","@id":"https:\/\/www.em.com.br\/emfoco\/2025\/08\/02\/essa-cidade-preserva-as-tradicoes-mais-ricas-do-japao-com-qualidade-de-vida-exemplar\/","url":"https:\/\/www.em.com.br\/emfoco\/2025\/08\/02\/essa-cidade-preserva-as-tradicoes-mais-ricas-do-japao-com-qualidade-de-vida-exemplar\/","name":"Essa cidade preserva as tradi\u00e7\u00f5es mais ricas do Jap\u00e3o com qualidade de vida exemplar - Estado de Minas - Em foco","isPartOf":{"@id":"https:\/\/www.em.com.br\/emfoco\/#website"},"primaryImageOfPage":{"@id":"https:\/\/www.em.com.br\/emfoco\/2025\/08\/02\/essa-cidade-preserva-as-tradicoes-mais-ricas-do-japao-com-qualidade-de-vida-exemplar\/#primaryimage"},"image":{"@id":"https:\/\/www.em.com.br\/emfoco\/2025\/08\/02\/essa-cidade-preserva-as-tradicoes-mais-ricas-do-japao-com-qualidade-de-vida-exemplar\/#primaryimage"},"thumbnailUrl":"https:\/\/www.em.com.br\/emfoco\/wp-content\/uploads\/2025\/04\/Kyoto_1744045520817.jpg","datePublished":"2025-08-02T20:48:00+00:00","dateModified":"2025-07-30T17:17:23+00:00","author":{"@id":"https:\/\/www.em.com.br\/emfoco\/#\/schema\/person\/1c9ddeab18b98abeffef834667bcf08a"},"description":"A cidade que preserva a alma do Jap\u00e3o com modernidade e tranquilidade. Um dos melhores lugares para viver com arte e natureza.","breadcrumb":{"@id":"https:\/\/www.em.com.br\/emfoco\/2025\/08\/02\/essa-cidade-preserva-as-tradicoes-mais-ricas-do-japao-com-qualidade-de-vida-exemplar\/#breadcrumb"},"inLanguage":"pt-BR","potentialAction":[{"@type":"ReadAction","target":["https:\/\/www.em.com.br\/emfoco\/2025\/08\/02\/essa-cidade-preserva-as-tradicoes-mais-ricas-do-japao-com-qualidade-de-vida-exemplar\/"]}]},{"@type":"ImageObject","inLanguage":"pt-BR","@id":"https:\/\/www.em.com.br\/emfoco\/2025\/08\/02\/essa-cidade-preserva-as-tradicoes-mais-ricas-do-japao-com-qualidade-de-vida-exemplar\/#primaryimage","url":"https:\/\/www.em.com.br\/emfoco\/wp-content\/uploads\/2025\/04\/Kyoto_1744045520817.jpg","contentUrl":"https:\/\/www.em.com.br\/emfoco\/wp-content\/uploads\/2025\/04\/Kyoto_1744045520817.jpg","width":1280,"height":720,"caption":"Kyoto, Jap\u00e3o - Cr\u00e9ditos: depositphotos.com \/ ake1150sb"},{"@type":"BreadcrumbList","@id":"https:\/\/www.em.com.br\/emfoco\/2025\/08\/02\/essa-cidade-preserva-as-tradicoes-mais-ricas-do-japao-com-qualidade-de-vida-exemplar\/#breadcrumb","itemListElement":[{"@type":"ListItem","position":1,"name":"In\u00edcio","item":"https:\/\/www.em.com.br\/emfoco\/"},{"@type":"ListItem","position":2,"name":"Essa cidade preserva as tradi\u00e7\u00f5es mais ricas do Jap\u00e3o com qualidade de vida exemplar"}]},{"@type":"WebSite","@id":"https:\/\/www.em.com.br\/emfoco\/#website","url":"https:\/\/www.em.com.br\/emfoco\/","name":"Estado de Minas - Em foco","description":"Acompanhe as \u00faltimas not\u00edcias e fique bem informado sobre tudo o que acontece em Minas Gerais, Brasil e no mundo.","potentialAction":[{"@type":"SearchAction","target":{"@type":"EntryPoint","urlTemplate":"https:\/\/www.em.com.br\/emfoco\/?s={search_term_string}"},"query-input":{"@type":"PropertyValueSpecification","valueRequired":true,"valueName":"search_term_string"}}],"inLanguage":"pt-BR"},{"@type":"Person","@id":"https:\/\/www.em.com.br\/emfoco\/#\/schema\/person\/1c9ddeab18b98abeffef834667bcf08a","name":"Gabriel Martins","image":{"@type":"ImageObject","inLanguage":"pt-BR","@id":"https:\/\/www.em.com.br\/emfoco\/#\/schema\/person\/image\/","url":"https:\/\/secure.gravatar.com\/avatar\/f0f1e2efdfd88f1ad2cb08c5c2731e50?s=96&d=mm&r=g","contentUrl":"https:\/\/secure.gravatar.com\/avatar\/f0f1e2efdfd88f1ad2cb08c5c2731e50?s=96&d=mm&r=g","caption":"Gabriel Martins"},"sameAs":["https:\/\/www.em.com.br\/emfoco\/"],"url":"https:\/\/www.em.com.br\/emfoco\/author\/gabrielmartinsmyth\/"}]}},"_links":{"self":[{"href":"https:\/\/www.em.com.br\/emfoco\/wp-json\/wp\/v2\/posts\/83912","targetHints":{"allow":["GET"]}}],"collection":[{"href":"https:\/\/www.em.com.br\/emfoco\/wp-json\/wp\/v2\/posts"}],"about":[{"href":"https:\/\/www.em.com.br\/emfoco\/wp-json\/wp\/v2\/types\/post"}],"author":[{"embeddable":true,"href":"https:\/\/www.em.com.br\/emfoco\/wp-json\/wp\/v2\/users\/13"}],"replies":[{"embeddable":true,"href":"https:\/\/www.em.com.br\/emfoco\/wp-json\/wp\/v2\/comments?post=83912"}],"version-history":[{"count":1,"href":"https:\/\/www.em.com.br\/emfoco\/wp-json\/wp\/v2\/posts\/83912\/revisions"}],"predecessor-version":[{"id":83921,"href":"https:\/\/www.em.com.br\/emfoco\/wp-json\/wp\/v2\/posts\/83912\/revisions\/83921"}],"wp:featuredmedia":[{"embeddable":true,"href":"https:\/\/www.em.com.br\/emfoco\/wp-json\/wp\/v2\/media\/36038"}],"wp:attachment":[{"href":"https:\/\/www.em.com.br\/emfoco\/wp-json\/wp\/v2\/media?parent=83912"}],"wp:term":[{"taxonomy":"category","embeddable":true,"href":"https:\/\/www.em.com.br\/emfoco\/wp-json\/wp\/v2\/categories?post=83912"},{"taxonomy":"post_tag","embeddable":true,"href":"https:\/\/www.em.com.br\/emfoco\/wp-json\/wp\/v2\/tags?post=83912"}],"curies":[{"name":"wp","href":"https:\/\/api.w.org\/{rel}","templated":true}]}}