{"id":83833,"date":"2025-07-31T09:08:20","date_gmt":"2025-07-31T12:08:20","guid":{"rendered":"https:\/\/www.em.com.br\/emfoco\/?p=83833"},"modified":"2025-07-30T13:06:49","modified_gmt":"2025-07-30T16:06:49","slug":"o-melhor-momento-para-podar-a-salvia-e-ter-folhas-mais-aromaticas","status":"publish","type":"post","link":"https:\/\/www.em.com.br\/emfoco\/2025\/07\/31\/o-melhor-momento-para-podar-a-salvia-e-ter-folhas-mais-aromaticas\/","title":{"rendered":"O melhor momento para podar a s\u00e1lvia e ter folhas mais arom\u00e1ticas"},"content":{"rendered":"\n<p>A s\u00e1lvia \u00e9 uma planta arom\u00e1tica amplamente apreciada por sua versatilidade e beleza, conquistando um espa\u00e7o especial nos jardins <strong>argentinos<\/strong>. Sua capacidade de adicionar sabor a diversos pratos e seu aroma cativante tornam-na uma escolha popular entre os entusiastas da jardinagem. No entanto, para garantir que a s\u00e1lvia continue vibrante e saud\u00e1vel, \u00e9 crucial realizar a poda de forma adequada e no momento certo. Esta <a href=\"https:\/\/rehagro.com.br\/blog\/materia-organica-no-solo\/\" target=\"_blank\" rel=\"noopener\">pr\u00e1tica<\/a> n\u00e3o necessita ser frequente; na verdade, realizar a <a href=\"https:\/\/www.em.com.br\/emfoco\/2025\/07\/06\/essa-tecnica-de-poda-deixa-o-limao-mais-bonito-e-produtivo\/\" target=\"_blank\" rel=\"noopener\">poda<\/a> anualmente, ap\u00f3s a flora\u00e7\u00e3o, \u00e9 suficiente para promover um crescimento ideal.<\/p>\n\n\n\n<p>Durante o per\u00edodo de flora\u00e7\u00e3o, que geralmente ocorre no final da <strong>primavera<\/strong> ou in\u00edcio do <strong>ver\u00e3o<\/strong>, a planta alcan\u00e7a seu auge ornamental. \u00c9 importante destacar que podar a salvia com muita frequ\u00eancia pode enfraquecer a planta e diminuir seu aroma caracter\u00edstico. Da mesma forma, negligenciar a poda pode resultar em uma planta lenhosa e menos produtiva. Portanto, encontrar o equil\u00edbrio \u00e9 essencial para manter a vitalidade e o vigor da salvia.<\/p>\n\n\n\n<h2 class=\"wp-block-heading\">Qual \u00e9 o momento ideal para podar a s\u00e1lvia?<\/h2>\n\n\n\n<p>O momento mais adequado para podar a s\u00e1lvia \u00e9 logo ap\u00f3s a flora\u00e7\u00e3o. Este per\u00edodo permite que a planta se recupere e se fortale\u00e7a, garantindo um novo crescimento de folhas mais arom\u00e1ticas. Evitar podas frequentes \u00e9 importante para preservar a sa\u00fade da planta e sua capacidade de brotar novamente.<\/p>\n\n\n\n<h2 class=\"wp-block-heading\">Como realizar a poda da s\u00e1lvia corretamente?<\/h2>\n\n\n\n<p>Para realizar a poda da salvia, n\u00e3o s\u00e3o necess\u00e1rias ferramentas sofisticadas. Uma simples tesoura bem afiada e desinfetada pode fazer o trabalho. Basta cortar os talos mais longos e secos, assegurando-se de deixar uma parte verde para que a planta possa rebrotar. Remover flores murchas e ramos doentes ou fracos tamb\u00e9m \u00e9 uma parte crucial do processo. Ao podar, deve-se evitar cortar muito pr\u00f3ximo \u00e0 base; deixar pelo menos 10 cent\u00edmetros de talo \u00e9 ideal para que a salvia se recupere adequadamente.<\/p>\n\n\n<div class=\"wp-block-image\">\n<figure class=\"aligncenter size-large\"><img loading=\"lazy\" decoding=\"async\" width=\"1024\" height=\"576\" src=\"https:\/\/www.em.com.br\/emfoco\/wp-content\/uploads\/2025\/06\/salvia_1750085142672-1024x576.jpg\" alt=\"A planta poderosa que cabe em um vaso e cuida da sua sa\u00fade\" class=\"wp-image-61521\" srcset=\"https:\/\/www.em.com.br\/emfoco\/wp-content\/uploads\/2025\/06\/salvia_1750085142672-1024x576.jpg 1024w, https:\/\/www.em.com.br\/emfoco\/wp-content\/uploads\/2025\/06\/salvia_1750085142672-300x169.jpg 300w, https:\/\/www.em.com.br\/emfoco\/wp-content\/uploads\/2025\/06\/salvia_1750085142672-768x432.jpg 768w, https:\/\/www.em.com.br\/emfoco\/wp-content\/uploads\/2025\/06\/salvia_1750085142672-750x422.jpg 750w, https:\/\/www.em.com.br\/emfoco\/wp-content\/uploads\/2025\/06\/salvia_1750085142672-1140x641.jpg 1140w, https:\/\/www.em.com.br\/emfoco\/wp-content\/uploads\/2025\/06\/salvia_1750085142672.jpg 1280w\" sizes=\"auto, (max-width: 1024px) 100vw, 1024px\" \/><figcaption class=\"wp-element-caption\">S\u00e1lvia &#8211; Cr\u00e9ditos: depositphotos.com \/ AntonMatyukha<\/figcaption><\/figure><\/div>\n\n\n<h2 class=\"wp-block-heading\">Quais s\u00e3o os benef\u00edcios de podar a s\u00e1lvia corretamente?<\/h2>\n\n\n\n<ul class=\"wp-block-list\">\n<li><strong>Est\u00edmulo de crescimento:<\/strong> A poda adequada promove o crescimento de novas folhas, mais arom\u00e1ticas e frescas.<\/li>\n\n\n\n<li><strong>Preven\u00e7\u00e3o de lenhifica\u00e7\u00e3o:<\/strong> Ao evitar que a planta se torne lenhosa, mant\u00e9m-se a for\u00e7a e a vitalidade da s\u00e1lvia.<\/li>\n\n\n\n<li><strong>Melhora da circula\u00e7\u00e3o de ar:<\/strong> A poda adequada melhora o fluxo de ar entre os ramos, prevenindo doen\u00e7as f\u00fangicas e outras enfermidades.<\/li>\n\n\n\n<li><strong>Prolongamento da colheita:<\/strong> Com a poda correta, \u00e9 poss\u00edvel colher folhas frescas por um per\u00edodo mais longo, garantindo um suprimento constante para uso culin\u00e1rio.<\/li>\n<\/ul>\n\n\n\n<p>Al\u00e9m desses benef\u00edcios, a poda anual se mostra uma pr\u00e1tica simples, por\u00e9m poderosa, para manter a sa\u00fade e a beleza da salvia. Ao seguir essas orienta\u00e7\u00f5es, garante-se uma planta vigorosa e produtiva, prontamente dispon\u00edvel para enriquecer a culin\u00e1ria e o ambiente com seu aroma inconfund\u00edvel.<\/p>\n\n\n\n<p>Nos jardins de cidades como <strong>Buenos Aires<\/strong>, observam-se diversos tipos de s\u00e1lvia que se desenvolvem ao ar livre e em vasos, tornando a planta ainda mais presente no paisagismo urbano. Em alguns casos, a s\u00e1lvia tamb\u00e9m \u00e9 destaque em festivais de jardinagem realizados anualmente, onde especialistas compartilham dicas sobre cuidados e poda na <strong>Argentina<\/strong>. Independentemente da regi\u00e3o ou clima, respeitar o ciclo natural de flora\u00e7\u00e3o e recupera\u00e7\u00e3o \u00e9 fundamental para que a planta revele todo o seu potencial ornamental e culin\u00e1rio.<\/p>\n","protected":false},"excerpt":{"rendered":"<p>A s\u00e1lvia \u00e9 uma planta arom\u00e1tica amplamente apreciada por sua versatilidade e beleza, conquistando um espa\u00e7o especial nos jardins argentinos. Sua capacidade de adicionar sabor a diversos pratos e seu aroma cativante tornam-na uma escolha popular entre os entusiastas da jardinagem. No entanto, para garantir que a s\u00e1lvia continue vibrante e saud\u00e1vel, \u00e9 crucial realizar [&hellip;]<\/p>\n","protected":false},"author":9,"featured_media":61276,"comment_status":"open","ping_status":"open","sticky":false,"template":"","format":"standard","meta":{"jnews-multi-image_gallery":[],"jnews_single_post":{"format":"standard"},"jnews_primary_category":[],"jnews_social_meta":[],"jnews_override_counter":[],"footnotes":""},"categories":[29,1],"tags":[6075,3779,9482],"class_list":["post-83833","post","type-post","status-publish","format-standard","has-post-thumbnail","hentry","category-entretenimento","category-noticias","tag-folhas","tag-planta","tag-salvia"],"yoast_head":"<!-- This site is optimized with the Yoast SEO plugin v23.8 - https:\/\/yoast.com\/wordpress\/plugins\/seo\/ -->\n<title>O melhor momento para podar a s\u00e1lvia e ter folhas mais arom\u00e1ticas<\/title>\n<meta name=\"description\" content=\"Uma \u00fanica poda por ano pode transformar sua salvia em um verdadeiro xod\u00f3 do jardim. Aprenda o momento certo e como fazer da forma correta.\" \/>\n<meta name=\"robots\" content=\"index, follow, max-snippet:-1, max-image-preview:large, max-video-preview:-1\" \/>\n<link rel=\"canonical\" href=\"https:\/\/www.em.com.br\/emfoco\/2025\/07\/31\/o-melhor-momento-para-podar-a-salvia-e-ter-folhas-mais-aromaticas\/\" \/>\n<meta property=\"og:locale\" content=\"pt_BR\" \/>\n<meta property=\"og:type\" content=\"article\" \/>\n<meta property=\"og:title\" content=\"O melhor momento para podar a s\u00e1lvia e ter folhas mais arom\u00e1ticas\" \/>\n<meta property=\"og:description\" content=\"Uma \u00fanica poda por ano pode transformar sua salvia em um verdadeiro xod\u00f3 do jardim. Aprenda o momento certo e como fazer da forma correta.\" \/>\n<meta property=\"og:url\" content=\"https:\/\/www.em.com.br\/emfoco\/2025\/07\/31\/o-melhor-momento-para-podar-a-salvia-e-ter-folhas-mais-aromaticas\/\" \/>\n<meta property=\"og:site_name\" content=\"Estado de Minas - Em foco\" \/>\n<meta property=\"article:published_time\" content=\"2025-07-31T12:08:20+00:00\" \/>\n<meta property=\"article:modified_time\" content=\"2025-07-30T16:06:49+00:00\" \/>\n<meta property=\"og:image\" content=\"https:\/\/www.em.com.br\/emfoco\/wp-content\/uploads\/2025\/06\/salvia_1750045690256.jpg\" \/>\n\t<meta property=\"og:image:width\" content=\"1280\" \/>\n\t<meta property=\"og:image:height\" content=\"720\" \/>\n\t<meta property=\"og:image:type\" content=\"image\/jpeg\" \/>\n<meta name=\"author\" content=\"Daniely Cardoso\" \/>\n<meta name=\"twitter:card\" content=\"summary_large_image\" \/>\n<meta name=\"twitter:label1\" content=\"Escrito por\" \/>\n\t<meta name=\"twitter:data1\" content=\"Daniely Cardoso\" \/>\n\t<meta name=\"twitter:label2\" content=\"Est. tempo de leitura\" \/>\n\t<meta name=\"twitter:data2\" content=\"4 minutos\" \/>\n<!-- \/ Yoast SEO plugin. -->","yoast_head_json":{"title":"O melhor momento para podar a s\u00e1lvia e ter folhas mais arom\u00e1ticas","description":"Uma \u00fanica poda por ano pode transformar sua salvia em um verdadeiro xod\u00f3 do jardim. Aprenda o momento certo e como fazer da forma correta.","robots":{"index":"index","follow":"follow","max-snippet":"max-snippet:-1","max-image-preview":"max-image-preview:large","max-video-preview":"max-video-preview:-1"},"canonical":"https:\/\/www.em.com.br\/emfoco\/2025\/07\/31\/o-melhor-momento-para-podar-a-salvia-e-ter-folhas-mais-aromaticas\/","og_locale":"pt_BR","og_type":"article","og_title":"O melhor momento para podar a s\u00e1lvia e ter folhas mais arom\u00e1ticas","og_description":"Uma \u00fanica poda por ano pode transformar sua salvia em um verdadeiro xod\u00f3 do jardim. Aprenda o momento certo e como fazer da forma correta.","og_url":"https:\/\/www.em.com.br\/emfoco\/2025\/07\/31\/o-melhor-momento-para-podar-a-salvia-e-ter-folhas-mais-aromaticas\/","og_site_name":"Estado de Minas - Em foco","article_published_time":"2025-07-31T12:08:20+00:00","article_modified_time":"2025-07-30T16:06:49+00:00","og_image":[{"width":1280,"height":720,"url":"https:\/\/www.em.com.br\/emfoco\/wp-content\/uploads\/2025\/06\/salvia_1750045690256.jpg","type":"image\/jpeg"}],"author":"Daniely Cardoso","twitter_card":"summary_large_image","twitter_misc":{"Escrito por":"Daniely Cardoso","Est. tempo de leitura":"4 minutos"},"schema":{"@context":"https:\/\/schema.org","@graph":[{"@type":"WebPage","@id":"https:\/\/www.em.com.br\/emfoco\/2025\/07\/31\/o-melhor-momento-para-podar-a-salvia-e-ter-folhas-mais-aromaticas\/","url":"https:\/\/www.em.com.br\/emfoco\/2025\/07\/31\/o-melhor-momento-para-podar-a-salvia-e-ter-folhas-mais-aromaticas\/","name":"O melhor momento para podar a s\u00e1lvia e ter folhas mais arom\u00e1ticas","isPartOf":{"@id":"https:\/\/www.em.com.br\/emfoco\/#website"},"primaryImageOfPage":{"@id":"https:\/\/www.em.com.br\/emfoco\/2025\/07\/31\/o-melhor-momento-para-podar-a-salvia-e-ter-folhas-mais-aromaticas\/#primaryimage"},"image":{"@id":"https:\/\/www.em.com.br\/emfoco\/2025\/07\/31\/o-melhor-momento-para-podar-a-salvia-e-ter-folhas-mais-aromaticas\/#primaryimage"},"thumbnailUrl":"https:\/\/www.em.com.br\/emfoco\/wp-content\/uploads\/2025\/06\/salvia_1750045690256.jpg","datePublished":"2025-07-31T12:08:20+00:00","dateModified":"2025-07-30T16:06:49+00:00","author":{"@id":"https:\/\/www.em.com.br\/emfoco\/#\/schema\/person\/0a8186d72f2c3a5c6276d90b41f271a0"},"description":"Uma \u00fanica poda por ano pode transformar sua salvia em um verdadeiro xod\u00f3 do jardim. Aprenda o momento certo e como fazer da forma correta.","breadcrumb":{"@id":"https:\/\/www.em.com.br\/emfoco\/2025\/07\/31\/o-melhor-momento-para-podar-a-salvia-e-ter-folhas-mais-aromaticas\/#breadcrumb"},"inLanguage":"pt-BR","potentialAction":[{"@type":"ReadAction","target":["https:\/\/www.em.com.br\/emfoco\/2025\/07\/31\/o-melhor-momento-para-podar-a-salvia-e-ter-folhas-mais-aromaticas\/"]}]},{"@type":"ImageObject","inLanguage":"pt-BR","@id":"https:\/\/www.em.com.br\/emfoco\/2025\/07\/31\/o-melhor-momento-para-podar-a-salvia-e-ter-folhas-mais-aromaticas\/#primaryimage","url":"https:\/\/www.em.com.br\/emfoco\/wp-content\/uploads\/2025\/06\/salvia_1750045690256.jpg","contentUrl":"https:\/\/www.em.com.br\/emfoco\/wp-content\/uploads\/2025\/06\/salvia_1750045690256.jpg","width":1280,"height":720,"caption":"S\u00e1lvia - Cr\u00e9ditos: depositphotos.com \/ robynmac"},{"@type":"BreadcrumbList","@id":"https:\/\/www.em.com.br\/emfoco\/2025\/07\/31\/o-melhor-momento-para-podar-a-salvia-e-ter-folhas-mais-aromaticas\/#breadcrumb","itemListElement":[{"@type":"ListItem","position":1,"name":"In\u00edcio","item":"https:\/\/www.em.com.br\/emfoco\/"},{"@type":"ListItem","position":2,"name":"O melhor momento para podar a s\u00e1lvia e ter folhas mais arom\u00e1ticas"}]},{"@type":"WebSite","@id":"https:\/\/www.em.com.br\/emfoco\/#website","url":"https:\/\/www.em.com.br\/emfoco\/","name":"Estado de Minas - Em foco","description":"Acompanhe as \u00faltimas not\u00edcias e fique bem informado sobre tudo o que acontece em Minas Gerais, Brasil e no mundo.","potentialAction":[{"@type":"SearchAction","target":{"@type":"EntryPoint","urlTemplate":"https:\/\/www.em.com.br\/emfoco\/?s={search_term_string}"},"query-input":{"@type":"PropertyValueSpecification","valueRequired":true,"valueName":"search_term_string"}}],"inLanguage":"pt-BR"},{"@type":"Person","@id":"https:\/\/www.em.com.br\/emfoco\/#\/schema\/person\/0a8186d72f2c3a5c6276d90b41f271a0","name":"Daniely Cardoso","image":{"@type":"ImageObject","inLanguage":"pt-BR","@id":"https:\/\/www.em.com.br\/emfoco\/#\/schema\/person\/image\/","url":"https:\/\/secure.gravatar.com\/avatar\/4b80ddbd124d1f071b626d52d62e5dff?s=96&d=mm&r=g","contentUrl":"https:\/\/secure.gravatar.com\/avatar\/4b80ddbd124d1f071b626d52d62e5dff?s=96&d=mm&r=g","caption":"Daniely Cardoso"},"url":"https:\/\/www.em.com.br\/emfoco\/author\/danielymyth\/"}]}},"_links":{"self":[{"href":"https:\/\/www.em.com.br\/emfoco\/wp-json\/wp\/v2\/posts\/83833","targetHints":{"allow":["GET"]}}],"collection":[{"href":"https:\/\/www.em.com.br\/emfoco\/wp-json\/wp\/v2\/posts"}],"about":[{"href":"https:\/\/www.em.com.br\/emfoco\/wp-json\/wp\/v2\/types\/post"}],"author":[{"embeddable":true,"href":"https:\/\/www.em.com.br\/emfoco\/wp-json\/wp\/v2\/users\/9"}],"replies":[{"embeddable":true,"href":"https:\/\/www.em.com.br\/emfoco\/wp-json\/wp\/v2\/comments?post=83833"}],"version-history":[{"count":3,"href":"https:\/\/www.em.com.br\/emfoco\/wp-json\/wp\/v2\/posts\/83833\/revisions"}],"predecessor-version":[{"id":83877,"href":"https:\/\/www.em.com.br\/emfoco\/wp-json\/wp\/v2\/posts\/83833\/revisions\/83877"}],"wp:featuredmedia":[{"embeddable":true,"href":"https:\/\/www.em.com.br\/emfoco\/wp-json\/wp\/v2\/media\/61276"}],"wp:attachment":[{"href":"https:\/\/www.em.com.br\/emfoco\/wp-json\/wp\/v2\/media?parent=83833"}],"wp:term":[{"taxonomy":"category","embeddable":true,"href":"https:\/\/www.em.com.br\/emfoco\/wp-json\/wp\/v2\/categories?post=83833"},{"taxonomy":"post_tag","embeddable":true,"href":"https:\/\/www.em.com.br\/emfoco\/wp-json\/wp\/v2\/tags?post=83833"}],"curies":[{"name":"wp","href":"https:\/\/api.w.org\/{rel}","templated":true}]}}