{"id":83812,"date":"2025-07-30T18:40:00","date_gmt":"2025-07-30T21:40:00","guid":{"rendered":"https:\/\/www.em.com.br\/emfoco\/?p=83812"},"modified":"2025-07-30T11:50:38","modified_gmt":"2025-07-30T14:50:38","slug":"cidade-do-interior-de-sao-paulo-virou-referencia-e-e-considerada-a-mais-bonita-do-brasil","status":"publish","type":"post","link":"https:\/\/www.em.com.br\/emfoco\/2025\/07\/30\/cidade-do-interior-de-sao-paulo-virou-referencia-e-e-considerada-a-mais-bonita-do-brasil\/","title":{"rendered":"Cidade do interior de S\u00e3o Paulo virou refer\u00eancia e \u00e9 considerada a mais bonita do Brasil"},"content":{"rendered":"\n<p>Localizada a aproximadamente 130 km de\u00a0<strong>S\u00e3o Paulo<\/strong>,\u00a0<a href=\"https:\/\/www.melhoresdestinos.com.br\/holambra-cidade-das-flores.html\" target=\"_blank\" rel=\"noreferrer noopener\"><strong>Holambra<\/strong>\u00a0<\/a>\u00e9 famosa por sua\u00a0<strong>beleza natural<\/strong>\u00a0e\u00a0<strong>riqueza cultural<\/strong>. Originada por imigrantes holandeses, a cidade tornou-se um centro importante da floricultura no Brasil. Conhecida como a \u201ccidade das flores\u201d, Holambra atrai turistas por seus belos cen\u00e1rios e eventos culturais envolventes.<\/p>\n\n\n\n<ul class=\"wp-block-list\">\n<li>A evolu\u00e7\u00e3o da floricultura em Holambra<\/li>\n\n\n\n<li>Atra\u00e7\u00f5es tur\u00edsticas que evidenciam a heran\u00e7a holandesa<\/li>\n\n\n\n<li>Eventos culturais que marcam a cidade<\/li>\n<\/ul>\n\n\n\n<h2 class=\"wp-block-heading\">Como a floricultura revitalizou Holambra?<\/h2>\n\n\n\n<p>Ap\u00f3s a Segunda Guerra Mundial, imigrantes holandeses fundaram&nbsp;<strong>Holambra<\/strong>&nbsp;em 1948, inicialmente enfrentando dificuldades na pecu\u00e1ria. Entretanto, ao se dedicar \u00e0&nbsp;<strong>floricultura<\/strong>, a cidade encontrou uma prosperidade que a transformou em um polo cultural e econ\u00f4mico, destacando-se pela integra\u00e7\u00e3o entre tradi\u00e7\u00f5es europeias e a cultura brasileira. Atualmente, Holambra \u00e9 respons\u00e1vel por 40% da produ\u00e7\u00e3o e 80% da exporta\u00e7\u00e3o de flores no Brasil, o que refor\u00e7a sua import\u00e2ncia no setor flor\u00edcola nacional.<\/p>\n\n\n\n<figure class=\"wp-block-image\"><img decoding=\"async\" src=\"https:\/\/www.em.com.br\/emfoco\/wp-content\/uploads\/2025\/04\/Holambra_1744225819427-1024x576.jpg\" alt=\"\"\/><figcaption class=\"wp-element-caption\">Holambra &#8211; Cr\u00e9ditos: depositphotos.com \/ paulobaqueta<\/figcaption><\/figure>\n\n\n\n<h2 class=\"wp-block-heading\">Quais atra\u00e7\u00f5es visitar em Holambra?<\/h2>\n\n\n\n<p>Em Holambra, pontos tur\u00edsticos como o&nbsp;<strong>Moinho Povos Unidos<\/strong>, constru\u00eddo em 2008, destacam a conex\u00e3o cultural com os&nbsp;<strong>Pa\u00edses Baixos<\/strong>, oferecendo vistas de tirar o f\u00f4lego da bela cidade.<\/p>\n\n\n\n<p>O&nbsp;<strong>Museu Hist\u00f3rico de Holambra<\/strong>, que funciona aos s\u00e1bados e domingos das 10h \u00e0s 17h, \u00e9 ideal para aqueles que desejam conhecer a hist\u00f3ria dos imigrantes, enquanto o&nbsp;<strong>Parque Van Gogh<\/strong>&nbsp;e a&nbsp;<strong>Pra\u00e7a Vit\u00f3ria R\u00e9gia<\/strong>&nbsp;s\u00e3o perfeitos para passeios relaxantes em ambientes pitorescos. Quem gosta de gastronomia, vai encontrar uma variedade de confeitarias e restaurantes, incluindo op\u00e7\u00f5es t\u00edpicas holandesas e brasileiras, que real\u00e7am a viv\u00eancia multicultural local.<\/p>\n\n\n\n<h2 class=\"wp-block-heading\">Quais eventos imperd\u00edveis acontecem em Holambra?<\/h2>\n\n\n\n<p>A&nbsp;<strong>Expoflora<\/strong>, realizada anualmente desde 1981, \u00e9 um dos eventos mais importantes de Holambra, sendo a maior mostra de flores da&nbsp;<strong>Am\u00e9rica Latina<\/strong>. Celebrando a chegada da primavera, o evento inclui flores exuberantes, cultura, e gastronomia t\u00edpica.<\/p>\n\n\n\n<p>Outros eventos relevantes incluem o&nbsp;<strong>Dia do Rei<\/strong>, celebrado em 27 de abril, que celebra a cultura holandesa, e o&nbsp;<strong>Noeland<\/strong>, realizado em dezembro, que transforma a cidade em um mundo natalino com luzes e decora\u00e7\u00f5es espl\u00eandidas.<\/p>\n\n\n\n<figure class=\"wp-block-image\"><img decoding=\"async\" src=\"https:\/\/www.em.com.br\/emfoco\/wp-content\/uploads\/2025\/06\/Holambra-_1750204343979-1024x576.jpg\" alt=\"\"\/><figcaption class=\"wp-element-caption\">Holambra\u00a0 &#8211; Cr\u00e9ditos: depositphotos.com \/ flamiaki8<\/figcaption><\/figure>\n\n\n\n<h2 class=\"wp-block-heading\">Como chegar a Holambra e aproveitar ao m\u00e1ximo?<\/h2>\n\n\n\n<p>A visita a Holambra \u00e9 simples e acess\u00edvel. As rodovias dos&nbsp;<strong>Bandeirantes<\/strong>&nbsp;e&nbsp;<strong>Anhanguera<\/strong>&nbsp;s\u00e3o as principais para quem vai de carro, enquanto o&nbsp;<strong>Aeroporto de Viracopos<\/strong>&nbsp;oferece acesso a\u00e9reo conveniente. Se preferir transporte p\u00fablico, existem conex\u00f5es dispon\u00edveis a partir de cidades pr\u00f3ximas como&nbsp;<strong>Campinas<\/strong>.<\/p>\n\n\n\n<p>Com sua mescla de tradi\u00e7\u00f5es e natureza, Holambra oferece uma experi\u00eancia fascinante que impressiona qualquer visitante, seja por um curto passeio ou uma estadia mais prolongada.<\/p>\n\n\n\n<h2 class=\"wp-block-heading\">Por que viver a experi\u00eancia \u00fanica de Holambra?<\/h2>\n\n\n\n<ul class=\"wp-block-list\">\n<li>Veja a integra\u00e7\u00e3o cultural em um ambiente perfeito<\/li>\n\n\n\n<li>Desfrute das maravilhosas paisagens e eventos \u00fanicos<\/li>\n\n\n\n<li>Experimente a tranquilidade e a beleza natural abundante<\/li>\n<\/ul>\n","protected":false},"excerpt":{"rendered":"<p>Localizada a aproximadamente 130 km de\u00a0S\u00e3o Paulo,\u00a0Holambra\u00a0\u00e9 famosa por sua\u00a0beleza natural\u00a0e\u00a0riqueza cultural. Originada por imigrantes holandeses, a cidade tornou-se um centro importante da floricultura no Brasil. Conhecida como a \u201ccidade das flores\u201d, Holambra atrai turistas por seus belos cen\u00e1rios e eventos culturais envolventes. Como a floricultura revitalizou Holambra? Ap\u00f3s a Segunda Guerra Mundial, imigrantes holandeses [&hellip;]<\/p>\n","protected":false},"author":11,"featured_media":62625,"comment_status":"open","ping_status":"open","sticky":false,"template":"","format":"standard","meta":{"jnews-multi-image_gallery":[],"jnews_single_post":{"format":"standard"},"jnews_primary_category":[],"jnews_social_meta":[],"jnews_override_counter":[],"footnotes":""},"categories":[26,1],"tags":[3357,10602,1383,553,157],"class_list":["post-83812","post","type-post","status-publish","format-standard","has-post-thumbnail","hentry","category-cidades","category-noticias","tag-flores","tag-holambra","tag-interior","tag-sao-paulo","tag-turismo"],"yoast_head":"<!-- This site is optimized with the Yoast SEO plugin v23.8 - https:\/\/yoast.com\/wordpress\/plugins\/seo\/ -->\n<title>Cidade do interior de S\u00e3o Paulo virou refer\u00eancia e \u00e9 considerada a mais bonita do Brasil - Estado de Minas - Em foco<\/title>\n<meta name=\"description\" content=\"Com paisagens floridas e eventos culturais \u00fanicos, essa cidade encanta cada vez mais turistas e se firma como destino imperd\u00edvel do interior.\" \/>\n<meta name=\"robots\" content=\"index, follow, max-snippet:-1, max-image-preview:large, max-video-preview:-1\" \/>\n<link rel=\"canonical\" href=\"https:\/\/www.em.com.br\/emfoco\/2025\/07\/30\/cidade-do-interior-de-sao-paulo-virou-referencia-e-e-considerada-a-mais-bonita-do-brasil\/\" \/>\n<meta property=\"og:locale\" content=\"pt_BR\" \/>\n<meta property=\"og:type\" content=\"article\" \/>\n<meta property=\"og:title\" content=\"Cidade do interior de S\u00e3o Paulo virou refer\u00eancia e \u00e9 considerada a mais bonita do Brasil - Estado de Minas - Em foco\" \/>\n<meta property=\"og:description\" content=\"Com paisagens floridas e eventos culturais \u00fanicos, essa cidade encanta cada vez mais turistas e se firma como destino imperd\u00edvel do interior.\" \/>\n<meta property=\"og:url\" content=\"https:\/\/www.em.com.br\/emfoco\/2025\/07\/30\/cidade-do-interior-de-sao-paulo-virou-referencia-e-e-considerada-a-mais-bonita-do-brasil\/\" \/>\n<meta property=\"og:site_name\" content=\"Estado de Minas - Em foco\" \/>\n<meta property=\"article:published_time\" content=\"2025-07-30T21:40:00+00:00\" \/>\n<meta property=\"article:modified_time\" content=\"2025-07-30T14:50:38+00:00\" \/>\n<meta property=\"og:image\" content=\"https:\/\/www.em.com.br\/emfoco\/wp-content\/uploads\/2025\/06\/Holambra-_1750204424275.jpg\" \/>\n\t<meta property=\"og:image:width\" content=\"1280\" \/>\n\t<meta property=\"og:image:height\" content=\"720\" \/>\n\t<meta property=\"og:image:type\" content=\"image\/jpeg\" \/>\n<meta name=\"author\" content=\"Andre\u0301 Rangel\u00a0\" \/>\n<meta name=\"twitter:card\" content=\"summary_large_image\" \/>\n<meta name=\"twitter:label1\" content=\"Escrito por\" \/>\n\t<meta name=\"twitter:data1\" content=\"Andre\u0301 Rangel\u00a0\" \/>\n\t<meta name=\"twitter:label2\" content=\"Est. tempo de leitura\" \/>\n\t<meta name=\"twitter:data2\" content=\"4 minutos\" \/>\n<!-- \/ Yoast SEO plugin. -->","yoast_head_json":{"title":"Cidade do interior de S\u00e3o Paulo virou refer\u00eancia e \u00e9 considerada a mais bonita do Brasil - Estado de Minas - Em foco","description":"Com paisagens floridas e eventos culturais \u00fanicos, essa cidade encanta cada vez mais turistas e se firma como destino imperd\u00edvel do interior.","robots":{"index":"index","follow":"follow","max-snippet":"max-snippet:-1","max-image-preview":"max-image-preview:large","max-video-preview":"max-video-preview:-1"},"canonical":"https:\/\/www.em.com.br\/emfoco\/2025\/07\/30\/cidade-do-interior-de-sao-paulo-virou-referencia-e-e-considerada-a-mais-bonita-do-brasil\/","og_locale":"pt_BR","og_type":"article","og_title":"Cidade do interior de S\u00e3o Paulo virou refer\u00eancia e \u00e9 considerada a mais bonita do Brasil - Estado de Minas - Em foco","og_description":"Com paisagens floridas e eventos culturais \u00fanicos, essa cidade encanta cada vez mais turistas e se firma como destino imperd\u00edvel do interior.","og_url":"https:\/\/www.em.com.br\/emfoco\/2025\/07\/30\/cidade-do-interior-de-sao-paulo-virou-referencia-e-e-considerada-a-mais-bonita-do-brasil\/","og_site_name":"Estado de Minas - Em foco","article_published_time":"2025-07-30T21:40:00+00:00","article_modified_time":"2025-07-30T14:50:38+00:00","og_image":[{"width":1280,"height":720,"url":"https:\/\/www.em.com.br\/emfoco\/wp-content\/uploads\/2025\/06\/Holambra-_1750204424275.jpg","type":"image\/jpeg"}],"author":"Andre\u0301 Rangel\u00a0","twitter_card":"summary_large_image","twitter_misc":{"Escrito por":"Andre\u0301 Rangel\u00a0","Est. tempo de leitura":"4 minutos"},"schema":{"@context":"https:\/\/schema.org","@graph":[{"@type":"WebPage","@id":"https:\/\/www.em.com.br\/emfoco\/2025\/07\/30\/cidade-do-interior-de-sao-paulo-virou-referencia-e-e-considerada-a-mais-bonita-do-brasil\/","url":"https:\/\/www.em.com.br\/emfoco\/2025\/07\/30\/cidade-do-interior-de-sao-paulo-virou-referencia-e-e-considerada-a-mais-bonita-do-brasil\/","name":"Cidade do interior de S\u00e3o Paulo virou refer\u00eancia e \u00e9 considerada a mais bonita do Brasil - Estado de Minas - Em foco","isPartOf":{"@id":"https:\/\/www.em.com.br\/emfoco\/#website"},"primaryImageOfPage":{"@id":"https:\/\/www.em.com.br\/emfoco\/2025\/07\/30\/cidade-do-interior-de-sao-paulo-virou-referencia-e-e-considerada-a-mais-bonita-do-brasil\/#primaryimage"},"image":{"@id":"https:\/\/www.em.com.br\/emfoco\/2025\/07\/30\/cidade-do-interior-de-sao-paulo-virou-referencia-e-e-considerada-a-mais-bonita-do-brasil\/#primaryimage"},"thumbnailUrl":"https:\/\/www.em.com.br\/emfoco\/wp-content\/uploads\/2025\/06\/Holambra-_1750204424275.jpg","datePublished":"2025-07-30T21:40:00+00:00","dateModified":"2025-07-30T14:50:38+00:00","author":{"@id":"https:\/\/www.em.com.br\/emfoco\/#\/schema\/person\/60eda09c1fedf0d6891f4cef4b60b8b8"},"description":"Com paisagens floridas e eventos culturais \u00fanicos, essa cidade encanta cada vez mais turistas e se firma como destino imperd\u00edvel do interior.","breadcrumb":{"@id":"https:\/\/www.em.com.br\/emfoco\/2025\/07\/30\/cidade-do-interior-de-sao-paulo-virou-referencia-e-e-considerada-a-mais-bonita-do-brasil\/#breadcrumb"},"inLanguage":"pt-BR","potentialAction":[{"@type":"ReadAction","target":["https:\/\/www.em.com.br\/emfoco\/2025\/07\/30\/cidade-do-interior-de-sao-paulo-virou-referencia-e-e-considerada-a-mais-bonita-do-brasil\/"]}]},{"@type":"ImageObject","inLanguage":"pt-BR","@id":"https:\/\/www.em.com.br\/emfoco\/2025\/07\/30\/cidade-do-interior-de-sao-paulo-virou-referencia-e-e-considerada-a-mais-bonita-do-brasil\/#primaryimage","url":"https:\/\/www.em.com.br\/emfoco\/wp-content\/uploads\/2025\/06\/Holambra-_1750204424275.jpg","contentUrl":"https:\/\/www.em.com.br\/emfoco\/wp-content\/uploads\/2025\/06\/Holambra-_1750204424275.jpg","width":1280,"height":720,"caption":"Holambra - Cr\u00e9ditos: depositphotos.com \/ flamiaki8"},{"@type":"BreadcrumbList","@id":"https:\/\/www.em.com.br\/emfoco\/2025\/07\/30\/cidade-do-interior-de-sao-paulo-virou-referencia-e-e-considerada-a-mais-bonita-do-brasil\/#breadcrumb","itemListElement":[{"@type":"ListItem","position":1,"name":"In\u00edcio","item":"https:\/\/www.em.com.br\/emfoco\/"},{"@type":"ListItem","position":2,"name":"Cidade do interior de S\u00e3o Paulo virou refer\u00eancia e \u00e9 considerada a mais bonita do Brasil"}]},{"@type":"WebSite","@id":"https:\/\/www.em.com.br\/emfoco\/#website","url":"https:\/\/www.em.com.br\/emfoco\/","name":"Estado de Minas - Em foco","description":"Acompanhe as \u00faltimas not\u00edcias e fique bem informado sobre tudo o que acontece em Minas Gerais, Brasil e no mundo.","potentialAction":[{"@type":"SearchAction","target":{"@type":"EntryPoint","urlTemplate":"https:\/\/www.em.com.br\/emfoco\/?s={search_term_string}"},"query-input":{"@type":"PropertyValueSpecification","valueRequired":true,"valueName":"search_term_string"}}],"inLanguage":"pt-BR"},{"@type":"Person","@id":"https:\/\/www.em.com.br\/emfoco\/#\/schema\/person\/60eda09c1fedf0d6891f4cef4b60b8b8","name":"Andre\u0301 Rangel\u00a0","image":{"@type":"ImageObject","inLanguage":"pt-BR","@id":"https:\/\/www.em.com.br\/emfoco\/#\/schema\/person\/image\/","url":"https:\/\/secure.gravatar.com\/avatar\/6234dc814c77c8ef6d8bba622c787efc?s=96&d=mm&r=g","contentUrl":"https:\/\/secure.gravatar.com\/avatar\/6234dc814c77c8ef6d8bba622c787efc?s=96&d=mm&r=g","caption":"Andre\u0301 Rangel\u00a0"},"url":"https:\/\/www.em.com.br\/emfoco\/author\/luizmyth\/"}]}},"_links":{"self":[{"href":"https:\/\/www.em.com.br\/emfoco\/wp-json\/wp\/v2\/posts\/83812","targetHints":{"allow":["GET"]}}],"collection":[{"href":"https:\/\/www.em.com.br\/emfoco\/wp-json\/wp\/v2\/posts"}],"about":[{"href":"https:\/\/www.em.com.br\/emfoco\/wp-json\/wp\/v2\/types\/post"}],"author":[{"embeddable":true,"href":"https:\/\/www.em.com.br\/emfoco\/wp-json\/wp\/v2\/users\/11"}],"replies":[{"embeddable":true,"href":"https:\/\/www.em.com.br\/emfoco\/wp-json\/wp\/v2\/comments?post=83812"}],"version-history":[{"count":3,"href":"https:\/\/www.em.com.br\/emfoco\/wp-json\/wp\/v2\/posts\/83812\/revisions"}],"predecessor-version":[{"id":83831,"href":"https:\/\/www.em.com.br\/emfoco\/wp-json\/wp\/v2\/posts\/83812\/revisions\/83831"}],"wp:featuredmedia":[{"embeddable":true,"href":"https:\/\/www.em.com.br\/emfoco\/wp-json\/wp\/v2\/media\/62625"}],"wp:attachment":[{"href":"https:\/\/www.em.com.br\/emfoco\/wp-json\/wp\/v2\/media?parent=83812"}],"wp:term":[{"taxonomy":"category","embeddable":true,"href":"https:\/\/www.em.com.br\/emfoco\/wp-json\/wp\/v2\/categories?post=83812"},{"taxonomy":"post_tag","embeddable":true,"href":"https:\/\/www.em.com.br\/emfoco\/wp-json\/wp\/v2\/tags?post=83812"}],"curies":[{"name":"wp","href":"https:\/\/api.w.org\/{rel}","templated":true}]}}