{"id":83755,"date":"2025-08-03T11:48:00","date_gmt":"2025-08-03T14:48:00","guid":{"rendered":"https:\/\/www.em.com.br\/emfoco\/?p=83755"},"modified":"2025-07-30T11:47:22","modified_gmt":"2025-07-30T14:47:22","slug":"o-truque-caseiro-mais-simples-que-impede-o-sal-de-ficar-empedrado-no-saleiro","status":"publish","type":"post","link":"https:\/\/www.em.com.br\/emfoco\/2025\/08\/03\/o-truque-caseiro-mais-simples-que-impede-o-sal-de-ficar-empedrado-no-saleiro\/","title":{"rendered":"O truque caseiro mais simples que impede o sal de ficar empedrado no saleiro"},"content":{"rendered":"\n<p>Adicionar <strong>gr\u00e3os de arroz no saleiro<\/strong> \u00e9 um truque simples e eficiente para evitar que o sal fique empedrado com o tempo. O segredo est\u00e1 na capacidade do arroz de absorver a umidade do ambiente.<\/p>\n\n\n\n<ul class=\"wp-block-list\">\n<li>Arroz atua como agente desumidificador natural<\/li>\n\n\n\n<li>Previne que o sal endure\u00e7a e dificulte o uso<\/li>\n\n\n\n<li>Solu\u00e7\u00e3o pr\u00e1tica e acess\u00edvel para o dia a dia na cozinha<\/li>\n<\/ul>\n\n\n\n<h2 class=\"wp-block-heading\">O que faz o sal empedrar com o tempo?<\/h2>\n\n\n\n<p>O <strong>sal empedra<\/strong> principalmente por causa da umidade do ar, que se infiltra no saleiro e altera a textura do tempero. Em <strong><a href=\"https:\/\/www.nationalgeographicbrasil.com\/meio-ambiente\/2024\/02\/quais-tipos-de-areas-umidas-existem-no-mundo\" target=\"_blank\" rel=\"noreferrer noopener\">regi\u00f5es \u00famidas<\/a><\/strong>, esse problema se intensifica rapidamente.<\/p>\n\n\n\n<p>Quando o sal entra em contato com vapor ou umidade constante, ele se aglutina e forma blocos s\u00f3lidos, dificultando sua sa\u00edda e uso nas refei\u00e7\u00f5es di\u00e1rias.<\/p>\n\n\n\n<figure class=\"wp-block-image size-large\"><img loading=\"lazy\" decoding=\"async\" width=\"1024\" height=\"576\" src=\"https:\/\/www.em.com.br\/emfoco\/wp-content\/uploads\/2025\/07\/Saleiro_1753882414529-1024x576.jpg\" alt=\"O truque caseiro mais simples que impede o sal de ficar empedrado no saleiro\" class=\"wp-image-83763\" srcset=\"https:\/\/www.em.com.br\/emfoco\/wp-content\/uploads\/2025\/07\/Saleiro_1753882414529-1024x576.jpg 1024w, https:\/\/www.em.com.br\/emfoco\/wp-content\/uploads\/2025\/07\/Saleiro_1753882414529-300x169.jpg 300w, https:\/\/www.em.com.br\/emfoco\/wp-content\/uploads\/2025\/07\/Saleiro_1753882414529-768x432.jpg 768w, https:\/\/www.em.com.br\/emfoco\/wp-content\/uploads\/2025\/07\/Saleiro_1753882414529-750x422.jpg 750w, https:\/\/www.em.com.br\/emfoco\/wp-content\/uploads\/2025\/07\/Saleiro_1753882414529-1140x641.jpg 1140w, https:\/\/www.em.com.br\/emfoco\/wp-content\/uploads\/2025\/07\/Saleiro_1753882414529.jpg 1280w\" sizes=\"auto, (max-width: 1024px) 100vw, 1024px\" \/><figcaption class=\"wp-element-caption\">Saleiro &#8211; Cr\u00e9ditos: depositphotos.com \/ HayDmitriy<\/figcaption><\/figure>\n\n\n\n<h2 class=\"wp-block-heading\">Como o arroz age para proteger o sal?<\/h2>\n\n\n\n<p>O <strong>arroz funciona como um desumidificador natural<\/strong>, atraindo para si a umidade que circula dentro do recipiente. Ele absorve a \u00e1gua presente no ar antes que ela afete o sal.<\/p>\n\n\n\n<p>Esse efeito impede a forma\u00e7\u00e3o de grumos e mant\u00e9m o sal solto, mesmo em ambientes com varia\u00e7\u00f5es de temperatura e umidade, como cozinhas e despensas.<\/p>\n\n\n\n<h2 class=\"wp-block-heading\">Qual tipo de arroz \u00e9 mais indicado para o saleiro?<\/h2>\n\n\n\n<p>O ideal \u00e9 usar <strong>arroz branco comum<\/strong>, j\u00e1 que os gr\u00e3os s\u00e3o maiores e mais eficientes na absor\u00e7\u00e3o de umidade. Evite tipos mais pegajosos, como arroz arb\u00f3rio ou arroz para sushi.<\/p>\n\n\n\n<p>Gr\u00e3os longos e secos ajudam a manter o sal sempre solto e funcional. Coloque apenas uma pequena por\u00e7\u00e3o no fundo do saleiro ou misture com o sal, sem exageros.<\/p>\n\n\n\n<figure class=\"wp-block-table\"><table class=\"has-fixed-layout\"><tbody><tr><th>Problema<\/th><th>Como o arroz ajuda<\/th><th>Melhor forma de uso<\/th><\/tr><tr><td>Sal empedrado<\/td><td>Absorve umidade do ambiente<\/td><td>Colocar alguns gr\u00e3os no fundo do saleiro<\/td><\/tr><tr><td>Saleiro entupido<\/td><td>Evita forma\u00e7\u00e3o de grumos<\/td><td>Misturar arroz com o sal<\/td><\/tr><tr><td>Umidade elevada na cozinha<\/td><td>Age como agente dessecante<\/td><td>Renovar arroz a cada 30 dias<\/td><\/tr><\/tbody><\/table><\/figure>\n\n\n\n<h2 class=\"wp-block-heading\">\u00c9 seguro misturar arroz com sal de cozinha?<\/h2>\n\n\n\n<p>Sim, o uso de <strong>arroz no saleiro<\/strong> \u00e9 totalmente seguro e n\u00e3o interfere na qualidade do sal. Os gr\u00e3os agem apenas como absorventes e n\u00e3o liberam subst\u00e2ncias nocivas ou sabores indesejados.<\/p>\n\n\n\n<p>Mesmo que parte do arroz acabe no prato, ele pode ser facilmente separado e n\u00e3o causa nenhum risco \u00e0 sa\u00fade quando usado corretamente.<\/p>\n\n\n\n<ul class=\"wp-block-list\">\n<li>N\u00e3o altera o sabor ou o cheiro do sal<\/li>\n\n\n\n<li>N\u00e3o representa risco \u00e0 sa\u00fade quando ingerido acidentalmente<\/li>\n\n\n\n<li>Ajuda a preservar o tempero por mais tempo<\/li>\n\n\n\n<li>\u00c9 uma pr\u00e1tica comum e segura em muitas cozinhas<\/li>\n<\/ul>\n\n\n\n<h2 class=\"wp-block-heading\">Qual a frequ\u00eancia ideal para trocar os gr\u00e3os de arroz?<\/h2>\n\n\n\n<p>Para manter a efic\u00e1cia, o <strong>arroz deve ser substitu\u00eddo a cada 30 ou 40 dias<\/strong>, especialmente em \u00e9pocas de clima mais \u00famido. O arroz saturado de umidade perde sua fun\u00e7\u00e3o.<\/p>\n\n\n\n<p>Verifique se os gr\u00e3os escureceram ou ficaram moles. Esses sinais indicam que \u00e9 hora de descartar os antigos e colocar novos gr\u00e3os secos.<\/p>\n\n\n\n<ul class=\"wp-block-list\">\n<li>Substituir mensalmente ou sempre que o arroz estiver \u00famido<\/li>\n\n\n\n<li>Evitar reaproveitar gr\u00e3os usados<\/li>\n\n\n\n<li>Manter o saleiro sempre bem fechado<\/li>\n\n\n\n<li>Evitar colocar arroz lavado ou com res\u00edduos de \u00f3leo<\/li>\n<\/ul>\n\n\n\n<h2 class=\"wp-block-heading\">Truques simples como esse facilitam a rotina na cozinha<\/h2>\n\n\n\n<p>Colocar <strong>arroz no saleiro<\/strong> \u00e9 um truque pr\u00e1tico, econ\u00f4mico e eficaz. Com essa t\u00e9cnica, \u00e9 poss\u00edvel evitar o desperd\u00edcio de sal e manter a funcionalidade do saleiro por mais tempo.<\/p>\n\n\n\n<p>Al\u00e9m disso, demonstra como pequenas <strong><a href=\"https:\/\/www.em.com.br\/emfoco\/2025\/07\/28\/conheca-as-solucoes-caseiras-que-estao-fazendo-muitos-abandonarem-o-ar-condicionado\/\" target=\"_blank\" rel=\"noreferrer noopener\">solu\u00e7\u00f5es caseiras<\/a><\/strong> continuam relevantes e funcionais no dia a dia de qualquer cozinha.<\/p>\n\n\n\n<ul class=\"wp-block-list\">\n<li>Arroz evita que o sal endure\u00e7a com a umidade<\/li>\n\n\n\n<li>A troca regular garante o efeito cont\u00ednuo<\/li>\n\n\n\n<li>\u00c9 uma alternativa simples e acess\u00edvel para conservar temperos<\/li>\n<\/ul>\n","protected":false},"excerpt":{"rendered":"<p>Adicionar gr\u00e3os de arroz no saleiro \u00e9 um truque simples e eficiente para evitar que o sal fique empedrado com o tempo. O segredo est\u00e1 na capacidade do arroz de absorver a umidade do ambiente. O que faz o sal empedrar com o tempo? O sal empedra principalmente por causa da umidade do ar, que [&hellip;]<\/p>\n","protected":false},"author":13,"featured_media":83762,"comment_status":"open","ping_status":"open","sticky":false,"template":"","format":"standard","meta":{"jnews-multi-image_gallery":[],"jnews_single_post":{"format":"standard"},"jnews_primary_category":[],"jnews_social_meta":[],"jnews_override_counter":[],"footnotes":""},"categories":[8819],"tags":[8903,13106,2037,13105],"class_list":["post-83755","post","type-post","status-publish","format-standard","has-post-thumbnail","hentry","category-curiosidades","tag-arroz","tag-desumidificador-natural","tag-dicas-caseiras","tag-saleiro"],"yoast_head":"<!-- This site is optimized with the Yoast SEO plugin v23.8 - https:\/\/yoast.com\/wordpress\/plugins\/seo\/ -->\n<title>O truque caseiro mais simples que impede o sal de ficar empedrado no saleiro - Estado de Minas - Em foco<\/title>\n<meta name=\"description\" content=\"Um truque com arroz evita que o sal empedre no saleiro e ainda prolonga sua vida \u00fatil. Pr\u00e1tico, seguro e eficiente para qualquer cozinha.\" \/>\n<meta name=\"robots\" content=\"index, follow, max-snippet:-1, max-image-preview:large, max-video-preview:-1\" \/>\n<link rel=\"canonical\" href=\"https:\/\/www.em.com.br\/emfoco\/2025\/08\/03\/o-truque-caseiro-mais-simples-que-impede-o-sal-de-ficar-empedrado-no-saleiro\/\" \/>\n<meta property=\"og:locale\" content=\"pt_BR\" \/>\n<meta property=\"og:type\" content=\"article\" \/>\n<meta property=\"og:title\" content=\"O truque caseiro mais simples que impede o sal de ficar empedrado no saleiro - Estado de Minas - Em foco\" \/>\n<meta property=\"og:description\" content=\"Um truque com arroz evita que o sal empedre no saleiro e ainda prolonga sua vida \u00fatil. Pr\u00e1tico, seguro e eficiente para qualquer cozinha.\" \/>\n<meta property=\"og:url\" content=\"https:\/\/www.em.com.br\/emfoco\/2025\/08\/03\/o-truque-caseiro-mais-simples-que-impede-o-sal-de-ficar-empedrado-no-saleiro\/\" \/>\n<meta property=\"og:site_name\" content=\"Estado de Minas - Em foco\" \/>\n<meta property=\"article:published_time\" content=\"2025-08-03T14:48:00+00:00\" \/>\n<meta property=\"article:modified_time\" content=\"2025-07-30T14:47:22+00:00\" \/>\n<meta property=\"og:image\" content=\"https:\/\/www.em.com.br\/emfoco\/wp-content\/uploads\/2025\/07\/ad-75.jpg\" \/>\n\t<meta property=\"og:image:width\" content=\"1280\" \/>\n\t<meta property=\"og:image:height\" content=\"720\" \/>\n\t<meta property=\"og:image:type\" content=\"image\/jpeg\" \/>\n<meta name=\"author\" content=\"Gabriel Martins\" \/>\n<meta name=\"twitter:card\" content=\"summary_large_image\" \/>\n<meta name=\"twitter:label1\" content=\"Escrito por\" \/>\n\t<meta name=\"twitter:data1\" content=\"Gabriel Martins\" \/>\n\t<meta name=\"twitter:label2\" content=\"Est. tempo de leitura\" \/>\n\t<meta name=\"twitter:data2\" content=\"4 minutos\" \/>\n<!-- \/ Yoast SEO plugin. -->","yoast_head_json":{"title":"O truque caseiro mais simples que impede o sal de ficar empedrado no saleiro - Estado de Minas - Em foco","description":"Um truque com arroz evita que o sal empedre no saleiro e ainda prolonga sua vida \u00fatil. Pr\u00e1tico, seguro e eficiente para qualquer cozinha.","robots":{"index":"index","follow":"follow","max-snippet":"max-snippet:-1","max-image-preview":"max-image-preview:large","max-video-preview":"max-video-preview:-1"},"canonical":"https:\/\/www.em.com.br\/emfoco\/2025\/08\/03\/o-truque-caseiro-mais-simples-que-impede-o-sal-de-ficar-empedrado-no-saleiro\/","og_locale":"pt_BR","og_type":"article","og_title":"O truque caseiro mais simples que impede o sal de ficar empedrado no saleiro - Estado de Minas - Em foco","og_description":"Um truque com arroz evita que o sal empedre no saleiro e ainda prolonga sua vida \u00fatil. Pr\u00e1tico, seguro e eficiente para qualquer cozinha.","og_url":"https:\/\/www.em.com.br\/emfoco\/2025\/08\/03\/o-truque-caseiro-mais-simples-que-impede-o-sal-de-ficar-empedrado-no-saleiro\/","og_site_name":"Estado de Minas - Em foco","article_published_time":"2025-08-03T14:48:00+00:00","article_modified_time":"2025-07-30T14:47:22+00:00","og_image":[{"width":1280,"height":720,"url":"https:\/\/www.em.com.br\/emfoco\/wp-content\/uploads\/2025\/07\/ad-75.jpg","type":"image\/jpeg"}],"author":"Gabriel Martins","twitter_card":"summary_large_image","twitter_misc":{"Escrito por":"Gabriel Martins","Est. tempo de leitura":"4 minutos"},"schema":{"@context":"https:\/\/schema.org","@graph":[{"@type":"WebPage","@id":"https:\/\/www.em.com.br\/emfoco\/2025\/08\/03\/o-truque-caseiro-mais-simples-que-impede-o-sal-de-ficar-empedrado-no-saleiro\/","url":"https:\/\/www.em.com.br\/emfoco\/2025\/08\/03\/o-truque-caseiro-mais-simples-que-impede-o-sal-de-ficar-empedrado-no-saleiro\/","name":"O truque caseiro mais simples que impede o sal de ficar empedrado no saleiro - Estado de Minas - Em foco","isPartOf":{"@id":"https:\/\/www.em.com.br\/emfoco\/#website"},"primaryImageOfPage":{"@id":"https:\/\/www.em.com.br\/emfoco\/2025\/08\/03\/o-truque-caseiro-mais-simples-que-impede-o-sal-de-ficar-empedrado-no-saleiro\/#primaryimage"},"image":{"@id":"https:\/\/www.em.com.br\/emfoco\/2025\/08\/03\/o-truque-caseiro-mais-simples-que-impede-o-sal-de-ficar-empedrado-no-saleiro\/#primaryimage"},"thumbnailUrl":"https:\/\/www.em.com.br\/emfoco\/wp-content\/uploads\/2025\/07\/ad-75.jpg","datePublished":"2025-08-03T14:48:00+00:00","dateModified":"2025-07-30T14:47:22+00:00","author":{"@id":"https:\/\/www.em.com.br\/emfoco\/#\/schema\/person\/1c9ddeab18b98abeffef834667bcf08a"},"description":"Um truque com arroz evita que o sal empedre no saleiro e ainda prolonga sua vida \u00fatil. Pr\u00e1tico, seguro e eficiente para qualquer cozinha.","breadcrumb":{"@id":"https:\/\/www.em.com.br\/emfoco\/2025\/08\/03\/o-truque-caseiro-mais-simples-que-impede-o-sal-de-ficar-empedrado-no-saleiro\/#breadcrumb"},"inLanguage":"pt-BR","potentialAction":[{"@type":"ReadAction","target":["https:\/\/www.em.com.br\/emfoco\/2025\/08\/03\/o-truque-caseiro-mais-simples-que-impede-o-sal-de-ficar-empedrado-no-saleiro\/"]}]},{"@type":"ImageObject","inLanguage":"pt-BR","@id":"https:\/\/www.em.com.br\/emfoco\/2025\/08\/03\/o-truque-caseiro-mais-simples-que-impede-o-sal-de-ficar-empedrado-no-saleiro\/#primaryimage","url":"https:\/\/www.em.com.br\/emfoco\/wp-content\/uploads\/2025\/07\/ad-75.jpg","contentUrl":"https:\/\/www.em.com.br\/emfoco\/wp-content\/uploads\/2025\/07\/ad-75.jpg","width":1280,"height":720,"caption":"Saleiro com sal e arroz"},{"@type":"BreadcrumbList","@id":"https:\/\/www.em.com.br\/emfoco\/2025\/08\/03\/o-truque-caseiro-mais-simples-que-impede-o-sal-de-ficar-empedrado-no-saleiro\/#breadcrumb","itemListElement":[{"@type":"ListItem","position":1,"name":"In\u00edcio","item":"https:\/\/www.em.com.br\/emfoco\/"},{"@type":"ListItem","position":2,"name":"O truque caseiro mais simples que impede o sal de ficar empedrado no saleiro"}]},{"@type":"WebSite","@id":"https:\/\/www.em.com.br\/emfoco\/#website","url":"https:\/\/www.em.com.br\/emfoco\/","name":"Estado de Minas - Em foco","description":"Acompanhe as \u00faltimas not\u00edcias e fique bem informado sobre tudo o que acontece em Minas Gerais, Brasil e no mundo.","potentialAction":[{"@type":"SearchAction","target":{"@type":"EntryPoint","urlTemplate":"https:\/\/www.em.com.br\/emfoco\/?s={search_term_string}"},"query-input":{"@type":"PropertyValueSpecification","valueRequired":true,"valueName":"search_term_string"}}],"inLanguage":"pt-BR"},{"@type":"Person","@id":"https:\/\/www.em.com.br\/emfoco\/#\/schema\/person\/1c9ddeab18b98abeffef834667bcf08a","name":"Gabriel Martins","image":{"@type":"ImageObject","inLanguage":"pt-BR","@id":"https:\/\/www.em.com.br\/emfoco\/#\/schema\/person\/image\/","url":"https:\/\/secure.gravatar.com\/avatar\/f0f1e2efdfd88f1ad2cb08c5c2731e50?s=96&d=mm&r=g","contentUrl":"https:\/\/secure.gravatar.com\/avatar\/f0f1e2efdfd88f1ad2cb08c5c2731e50?s=96&d=mm&r=g","caption":"Gabriel Martins"},"sameAs":["https:\/\/www.em.com.br\/emfoco\/"],"url":"https:\/\/www.em.com.br\/emfoco\/author\/gabrielmartinsmyth\/"}]}},"_links":{"self":[{"href":"https:\/\/www.em.com.br\/emfoco\/wp-json\/wp\/v2\/posts\/83755","targetHints":{"allow":["GET"]}}],"collection":[{"href":"https:\/\/www.em.com.br\/emfoco\/wp-json\/wp\/v2\/posts"}],"about":[{"href":"https:\/\/www.em.com.br\/emfoco\/wp-json\/wp\/v2\/types\/post"}],"author":[{"embeddable":true,"href":"https:\/\/www.em.com.br\/emfoco\/wp-json\/wp\/v2\/users\/13"}],"replies":[{"embeddable":true,"href":"https:\/\/www.em.com.br\/emfoco\/wp-json\/wp\/v2\/comments?post=83755"}],"version-history":[{"count":1,"href":"https:\/\/www.em.com.br\/emfoco\/wp-json\/wp\/v2\/posts\/83755\/revisions"}],"predecessor-version":[{"id":83764,"href":"https:\/\/www.em.com.br\/emfoco\/wp-json\/wp\/v2\/posts\/83755\/revisions\/83764"}],"wp:featuredmedia":[{"embeddable":true,"href":"https:\/\/www.em.com.br\/emfoco\/wp-json\/wp\/v2\/media\/83762"}],"wp:attachment":[{"href":"https:\/\/www.em.com.br\/emfoco\/wp-json\/wp\/v2\/media?parent=83755"}],"wp:term":[{"taxonomy":"category","embeddable":true,"href":"https:\/\/www.em.com.br\/emfoco\/wp-json\/wp\/v2\/categories?post=83755"},{"taxonomy":"post_tag","embeddable":true,"href":"https:\/\/www.em.com.br\/emfoco\/wp-json\/wp\/v2\/tags?post=83755"}],"curies":[{"name":"wp","href":"https:\/\/api.w.org\/{rel}","templated":true}]}}