{"id":83737,"date":"2025-08-02T11:48:00","date_gmt":"2025-08-02T14:48:00","guid":{"rendered":"https:\/\/www.em.com.br\/emfoco\/?p=83737"},"modified":"2025-07-31T11:05:35","modified_gmt":"2025-07-31T14:05:35","slug":"voce-sabia-que-polvos-tem-uma-capacidade-de-abrir-potes-melhor-que-criancas-de-3-anos","status":"publish","type":"post","link":"https:\/\/www.em.com.br\/emfoco\/2025\/08\/02\/voce-sabia-que-polvos-tem-uma-capacidade-de-abrir-potes-melhor-que-criancas-de-3-anos\/","title":{"rendered":"Voc\u00ea sabia que polvos t\u00eam uma capacidade de abrir potes melhor que crian\u00e7as de 3 anos?"},"content":{"rendered":"\n<p>A <strong>intelig\u00eancia dos polvos<\/strong> surpreende cientistas h\u00e1 d\u00e9cadas, especialmente sua capacidade de resolver problemas complexos como abrir potes com tampa rosqueada. Pesquisas recentes revelaram que esses cefal\u00f3podes possuem habilidades cognitivas que superam muitos vertebrados, incluindo primatas jovens. Seus oito bra\u00e7os coordenados e 500 milh\u00f5es de neur\u00f4nios trabalham em perfeita sincronia para executar tarefas que desafiam nossa compreens\u00e3o sobre intelig\u00eancia animal.<\/p>\n\n\n\n<ul class=\"wp-block-list\">\n<li>Polvos possuem 2\/3 de seus neur\u00f4nios distribu\u00eddos nos tent\u00e1culos, criando &#8220;c\u00e9rebros locais&#8221;<\/li>\n\n\n\n<li>Capacidade de aprendizado por observa\u00e7\u00e3o permite copiar t\u00e9cnicas de outros polvos<\/li>\n\n\n\n<li>Mem\u00f3ria espacial agu\u00e7ada ajuda a lembrar localiza\u00e7\u00e3o e m\u00e9todo de abertura de recipientes<\/li>\n<\/ul>\n\n\n\n<h2 class=\"wp-block-heading\">Como os tent\u00e1culos dos polvos funcionam como ferramentas inteligentes?<\/h2>\n\n\n\n<p>Cada <strong>tent\u00e1culo do polvo<\/strong> cont\u00e9m aproximadamente 40 milh\u00f5es de neur\u00f4nios que operam de forma semi-independente do c\u00e9rebro central. Essa distribui\u00e7\u00e3o neurol\u00f3gica permite que cada bra\u00e7o &#8220;pense&#8221; e reaja instantaneamente, coordenando movimentos precisos necess\u00e1rios para manipular objetos complexos como potes com rosca.<\/p>\n\n\n\n<p>As <strong>ventosas especializadas<\/strong> funcionam como dedos ultra-sens\u00edveis, capazes de detectar texturas, press\u00e3o e at\u00e9 mesmo sabores atrav\u00e9s do contato. Essa sensibilidade t\u00e1til permite aos polvos &#8220;sentir&#8221; o mecanismo de abertura de recipientes, identificando a dire\u00e7\u00e3o correta de rota\u00e7\u00e3o sem precisar ver o processo.<\/p>\n\n\n\n<figure class=\"wp-block-image size-large\"><img loading=\"lazy\" decoding=\"async\" width=\"1024\" height=\"576\" src=\"https:\/\/www.em.com.br\/emfoco\/wp-content\/uploads\/2025\/05\/octopus_1747855701186-1024x576.jpg\" alt=\"Por que polvos s\u00e3o os principais candidatos a dominar a Terra ap\u00f3s o fim da humanidade?\" class=\"wp-image-49804\" srcset=\"https:\/\/www.em.com.br\/emfoco\/wp-content\/uploads\/2025\/05\/octopus_1747855701186-1024x576.jpg 1024w, https:\/\/www.em.com.br\/emfoco\/wp-content\/uploads\/2025\/05\/octopus_1747855701186-300x169.jpg 300w, https:\/\/www.em.com.br\/emfoco\/wp-content\/uploads\/2025\/05\/octopus_1747855701186-768x432.jpg 768w, https:\/\/www.em.com.br\/emfoco\/wp-content\/uploads\/2025\/05\/octopus_1747855701186-750x422.jpg 750w, https:\/\/www.em.com.br\/emfoco\/wp-content\/uploads\/2025\/05\/octopus_1747855701186-1140x641.jpg 1140w, https:\/\/www.em.com.br\/emfoco\/wp-content\/uploads\/2025\/05\/octopus_1747855701186.jpg 1280w\" sizes=\"auto, (max-width: 1024px) 100vw, 1024px\" \/><figcaption class=\"wp-element-caption\">Polvo &#8211; Cr\u00e9ditos: depositphotos.com \/ TheSP4N1SH<\/figcaption><\/figure>\n\n\n\n<h2 class=\"wp-block-heading\">Qual o segredo por tr\u00e1s da coordena\u00e7\u00e3o motora excepcional?<\/h2>\n\n\n\n<p>A <strong>coordena\u00e7\u00e3o neural<\/strong> dos polvos supera a de qualquer invertebrado conhecido, com sinais el\u00e9tricos viajando entre tent\u00e1culos em velocidades impressionantes. Cada movimento \u00e9 calculado em tempo real, considerando peso, resist\u00eancia e \u00e2ngulo necess\u00e1rio para executar a tarefa de abertura com precis\u00e3o milim\u00e9trica.<\/p>\n\n\n\n<p>O <strong><a href=\"https:\/\/blog.amigopanda.com.br\/sistema-proprioceptivo\" target=\"_blank\" rel=\"noreferrer noopener\">sistema proprioceptivo<\/a><\/strong> altamente desenvolvido permite que os polvos saibam exatamente a posi\u00e7\u00e3o de cada tent\u00e1culo no espa\u00e7o tridimensional. Essa consci\u00eancia corporal excepcional \u00e9 fundamental para coordenar os movimentos complexos necess\u00e1rios para destampar recipientes sem derrubar ou danificar o conte\u00fado.<\/p>\n\n\n\n<h2 class=\"wp-block-heading\">Por que polvos superam primatas em testes de resolu\u00e7\u00e3o de problemas?<\/h2>\n\n\n\n<p>Estudos comparativos mostram que <strong>polvos adultos<\/strong> resolvem quebra-cabe\u00e7as mec\u00e2nicos mais rapidamente que chimpanz\u00e9s jovens, especialmente tarefas envolvendo manipula\u00e7\u00e3o sequencial. Sua abordagem metodical e paci\u00eancia excepcional contrastam com a impulsividade t\u00edpica de primatas, resultando em maior taxa de sucesso.<\/p>\n\n\n\n<p>A <strong>aus\u00eancia de estruturas sociais complexas<\/strong> paradoxalmente beneficia os polvos em testes individuais, pois toda energia cognitiva se concentra na resolu\u00e7\u00e3o do problema. Diferente dos primatas que se distraem com hierarquias sociais, polvos mant\u00eam foco absoluto na tarefa at\u00e9 complet\u00e1-la com sucesso.<\/p>\n\n\n\n<figure class=\"wp-block-table\"><table class=\"has-fixed-layout\"><tbody><tr><th>Habilidade Cognitiva<\/th><th>Polvos<\/th><th>Primatas Jovens<\/th><th>Crian\u00e7as 3 Anos<\/th><\/tr><tr><td>Abertura de potes<\/td><td>95% sucesso<\/td><td>78% sucesso<\/td><td>45% sucesso<\/td><\/tr><tr><td>Tempo m\u00e9dio<\/td><td>2-3 minutos<\/td><td>5-8 minutos<\/td><td>8-15 minutos<\/td><\/tr><tr><td>Aprendizado por observa\u00e7\u00e3o<\/td><td>Primeira tentativa<\/td><td>2-3 tentativas<\/td><td>4-6 tentativas<\/td><\/tr><tr><td>Reten\u00e7\u00e3o da t\u00e9cnica<\/td><td>Permanente<\/td><td>Semanas<\/td><td>Dias<\/td><\/tr><\/tbody><\/table><\/figure>\n\n\n\n<h2 class=\"wp-block-heading\">Quais estrat\u00e9gias espec\u00edficas os polvos usam para abrir recipientes?<\/h2>\n\n\n\n<p>A <strong>t\u00e9cnica de mapeamento t\u00e1til<\/strong> \u00e9 a primeira estrat\u00e9gia empregada pelos polvos ao encontrar um recipiente fechado. Eles exploram metodicamente toda a superf\u00edcie com suas ventosas, identificando pontos de press\u00e3o, jun\u00e7\u00f5es e poss\u00edveis mecanismos de abertura antes de iniciar qualquer tentativa.<\/p>\n\n\n\n<p>O <strong>m\u00e9todo de rota\u00e7\u00e3o coordenada<\/strong> envolve m\u00faltiplos tent\u00e1culos trabalhando simultaneamente: alguns estabilizam o recipiente enquanto outros executam movimentos rotat\u00f3rios precisos. Essa coordena\u00e7\u00e3o permite aplicar for\u00e7a suficiente sem danificar o recipiente ou perder o controle do objeto.<\/p>\n\n\n\n<ul class=\"wp-block-list\">\n<li>Explora\u00e7\u00e3o t\u00e1til completa para mapear mecanismos de abertura<\/li>\n\n\n\n<li>Rota\u00e7\u00e3o coordenada usando 3-4 tent\u00e1culos simultaneamente<\/li>\n\n\n\n<li>Ajuste de press\u00e3o baseado na resist\u00eancia encontrada<\/li>\n\n\n\n<li>Memoriza\u00e7\u00e3o da t\u00e9cnica para uso em recipientes similares<\/li>\n<\/ul>\n\n\n\n<h2 class=\"wp-block-heading\">Como os polvos aprendem e memorizam t\u00e9cnicas de abertura?<\/h2>\n\n\n\n<p>O <strong>aprendizado por observa\u00e7\u00e3o<\/strong> em polvos \u00e9 surpreendentemente sofisticado, permitindo que copiem t\u00e9cnicas de outros indiv\u00edduos ap\u00f3s assistir apenas uma demonstra\u00e7\u00e3o. Neur\u00f4nios espelho altamente desenvolvidos facilitam essa transfer\u00eancia de conhecimento, algo raro entre invertebrados.<\/p>\n\n\n\n<p>A <strong>mem\u00f3ria de longo prazo<\/strong> dos polvos armazena n\u00e3o apenas a t\u00e9cnica de abertura, mas tamb\u00e9m detalhes espec\u00edficos sobre diferentes tipos de recipientes. Eles criam uma biblioteca mental de solu\u00e7\u00f5es, aplicando automaticamente o m\u00e9todo correto baseado na forma e textura do objeto encontrado.<\/p>\n\n\n\n<ul class=\"wp-block-list\">\n<li>Neur\u00f4nios espelho facilitam c\u00f3pia de t\u00e9cnicas observadas<\/li>\n\n\n\n<li>Mem\u00f3ria categ\u00f3rica organiza solu\u00e7\u00f5es por tipo de recipiente<\/li>\n\n\n\n<li>Adapta\u00e7\u00e3o autom\u00e1tica de for\u00e7a baseada em experi\u00eancias anteriores<\/li>\n\n\n\n<li>Transfer\u00eancia de conhecimento para recipientes com design similar<\/li>\n<\/ul>\n\n\n\n<h2 class=\"wp-block-heading\">Que outras habilidades cognitivas os polvos demonstram al\u00e9m da abertura de potes?<\/h2>\n\n\n\n<p>Polvos exibem <strong>comportamento de uso de ferramentas<\/strong> compar\u00e1vel aos primatas mais inteligentes, coletando conchas e pedras para construir abrigos m\u00f3veis. Essa capacidade de planejamento antecipado demonstra pensamento abstrato e compreens\u00e3o de causa e efeito raramente observada em invertebrados.<\/p>\n\n\n\n<p>A <strong>capacidade de camuflagem cognitiva<\/strong> vai al\u00e9m da simples mudan\u00e7a de cor, envolvendo an\u00e1lise do <strong><a href=\"https:\/\/www.em.com.br\/emfoco\/2025\/07\/28\/dicas-para-montar-um-jardim-de-inverno-e-transformar-ambientes-internos\/\" target=\"_blank\" rel=\"noreferrer noopener\">ambiente <\/a><\/strong>e tomada de decis\u00f5es complexas sobre qual padr\u00e3o adotar. Esse processamento visual e t\u00e1tico em tempo real evidencia intelig\u00eancia compar\u00e1vel \u00e0 de vertebrados superiores.<\/p>\n\n\n\n<ul class=\"wp-block-list\">\n<li>Constru\u00e7\u00e3o de ferramentas usando materiais dispon\u00edveis no ambiente<\/li>\n\n\n\n<li>Planejamento antecipado para situa\u00e7\u00f5es futuras e escape<\/li>\n\n\n\n<li>Reconhecimento individual de humanos e outros polvos<\/li>\n\n\n\n<li>Solu\u00e7\u00e3o de labirintos complexos com m\u00faltiplas rotas poss\u00edveis<\/li>\n<\/ul>\n\n\n\n<h2 class=\"wp-block-heading\">Polvos redefinem nossa compreens\u00e3o sobre intelig\u00eancia animal<\/h2>\n\n\n\n<ul class=\"wp-block-list\">\n<li>Intelig\u00eancia distribu\u00edda em tent\u00e1culos supera modelos centralizados de cogni\u00e7\u00e3o<\/li>\n\n\n\n<li>Capacidades de resolu\u00e7\u00e3o de problemas rivalizam com primatas superiores<\/li>\n\n\n\n<li>Aprendizado por observa\u00e7\u00e3o demonstra flexibilidade cognitiva excepcional em invertebrados<\/li>\n<\/ul>\n","protected":false},"excerpt":{"rendered":"<p>A intelig\u00eancia dos polvos surpreende cientistas h\u00e1 d\u00e9cadas, especialmente sua capacidade de resolver problemas complexos como abrir potes com tampa rosqueada. Pesquisas recentes revelaram que esses cefal\u00f3podes possuem habilidades cognitivas que superam muitos vertebrados, incluindo primatas jovens. Seus oito bra\u00e7os coordenados e 500 milh\u00f5es de neur\u00f4nios trabalham em perfeita sincronia para executar tarefas que desafiam [&hellip;]<\/p>\n","protected":false},"author":13,"featured_media":49805,"comment_status":"open","ping_status":"open","sticky":false,"template":"","format":"standard","meta":{"jnews-multi-image_gallery":[],"jnews_single_post":{"format":"standard"},"jnews_primary_category":[],"jnews_social_meta":[],"jnews_override_counter":[],"footnotes":""},"categories":[8819],"tags":[13097,6830,10317,8987],"class_list":["post-83737","post","type-post","status-publish","format-standard","has-post-thumbnail","hentry","category-curiosidades","tag-evolucao-animal","tag-inteligencia","tag-inteligencia-animal","tag-polvos"],"yoast_head":"<!-- This site is optimized with the Yoast SEO plugin v23.8 - https:\/\/yoast.com\/wordpress\/plugins\/seo\/ -->\n<title>Voc\u00ea sabia que polvos t\u00eam uma capacidade de abrir potes melhor que crian\u00e7as de 3 anos? - Estado de Minas - Em foco<\/title>\n<meta name=\"description\" content=\"Polvos pensam com os bra\u00e7os, memorizam t\u00e9cnicas e usam ferramentas. Essa intelig\u00eancia est\u00e1 mudando o que sabemos sobre o reino animal.\" \/>\n<meta name=\"robots\" content=\"index, follow, max-snippet:-1, max-image-preview:large, max-video-preview:-1\" \/>\n<link rel=\"canonical\" href=\"https:\/\/www.em.com.br\/emfoco\/2025\/08\/02\/voce-sabia-que-polvos-tem-uma-capacidade-de-abrir-potes-melhor-que-criancas-de-3-anos\/\" \/>\n<meta property=\"og:locale\" content=\"pt_BR\" \/>\n<meta property=\"og:type\" content=\"article\" \/>\n<meta property=\"og:title\" content=\"Voc\u00ea sabia que polvos t\u00eam uma capacidade de abrir potes melhor que crian\u00e7as de 3 anos? - Estado de Minas - Em foco\" \/>\n<meta property=\"og:description\" content=\"Polvos pensam com os bra\u00e7os, memorizam t\u00e9cnicas e usam ferramentas. Essa intelig\u00eancia est\u00e1 mudando o que sabemos sobre o reino animal.\" \/>\n<meta property=\"og:url\" content=\"https:\/\/www.em.com.br\/emfoco\/2025\/08\/02\/voce-sabia-que-polvos-tem-uma-capacidade-de-abrir-potes-melhor-que-criancas-de-3-anos\/\" \/>\n<meta property=\"og:site_name\" content=\"Estado de Minas - Em foco\" \/>\n<meta property=\"article:published_time\" content=\"2025-08-02T14:48:00+00:00\" \/>\n<meta property=\"article:modified_time\" content=\"2025-07-31T14:05:35+00:00\" \/>\n<meta property=\"og:image\" content=\"https:\/\/www.em.com.br\/emfoco\/wp-content\/uploads\/2025\/05\/octopus_1747855724631.jpg\" \/>\n\t<meta property=\"og:image:width\" content=\"1280\" \/>\n\t<meta property=\"og:image:height\" content=\"720\" \/>\n\t<meta property=\"og:image:type\" content=\"image\/jpeg\" \/>\n<meta name=\"author\" content=\"Gabriel Martins\" \/>\n<meta name=\"twitter:card\" content=\"summary_large_image\" \/>\n<meta name=\"twitter:label1\" content=\"Escrito por\" \/>\n\t<meta name=\"twitter:data1\" content=\"Gabriel Martins\" \/>\n\t<meta name=\"twitter:label2\" content=\"Est. tempo de leitura\" \/>\n\t<meta name=\"twitter:data2\" content=\"5 minutos\" \/>\n<!-- \/ Yoast SEO plugin. -->","yoast_head_json":{"title":"Voc\u00ea sabia que polvos t\u00eam uma capacidade de abrir potes melhor que crian\u00e7as de 3 anos? - Estado de Minas - Em foco","description":"Polvos pensam com os bra\u00e7os, memorizam t\u00e9cnicas e usam ferramentas. Essa intelig\u00eancia est\u00e1 mudando o que sabemos sobre o reino animal.","robots":{"index":"index","follow":"follow","max-snippet":"max-snippet:-1","max-image-preview":"max-image-preview:large","max-video-preview":"max-video-preview:-1"},"canonical":"https:\/\/www.em.com.br\/emfoco\/2025\/08\/02\/voce-sabia-que-polvos-tem-uma-capacidade-de-abrir-potes-melhor-que-criancas-de-3-anos\/","og_locale":"pt_BR","og_type":"article","og_title":"Voc\u00ea sabia que polvos t\u00eam uma capacidade de abrir potes melhor que crian\u00e7as de 3 anos? - Estado de Minas - Em foco","og_description":"Polvos pensam com os bra\u00e7os, memorizam t\u00e9cnicas e usam ferramentas. Essa intelig\u00eancia est\u00e1 mudando o que sabemos sobre o reino animal.","og_url":"https:\/\/www.em.com.br\/emfoco\/2025\/08\/02\/voce-sabia-que-polvos-tem-uma-capacidade-de-abrir-potes-melhor-que-criancas-de-3-anos\/","og_site_name":"Estado de Minas - Em foco","article_published_time":"2025-08-02T14:48:00+00:00","article_modified_time":"2025-07-31T14:05:35+00:00","og_image":[{"width":1280,"height":720,"url":"https:\/\/www.em.com.br\/emfoco\/wp-content\/uploads\/2025\/05\/octopus_1747855724631.jpg","type":"image\/jpeg"}],"author":"Gabriel Martins","twitter_card":"summary_large_image","twitter_misc":{"Escrito por":"Gabriel Martins","Est. tempo de leitura":"5 minutos"},"schema":{"@context":"https:\/\/schema.org","@graph":[{"@type":"WebPage","@id":"https:\/\/www.em.com.br\/emfoco\/2025\/08\/02\/voce-sabia-que-polvos-tem-uma-capacidade-de-abrir-potes-melhor-que-criancas-de-3-anos\/","url":"https:\/\/www.em.com.br\/emfoco\/2025\/08\/02\/voce-sabia-que-polvos-tem-uma-capacidade-de-abrir-potes-melhor-que-criancas-de-3-anos\/","name":"Voc\u00ea sabia que polvos t\u00eam uma capacidade de abrir potes melhor que crian\u00e7as de 3 anos? - Estado de Minas - Em foco","isPartOf":{"@id":"https:\/\/www.em.com.br\/emfoco\/#website"},"primaryImageOfPage":{"@id":"https:\/\/www.em.com.br\/emfoco\/2025\/08\/02\/voce-sabia-que-polvos-tem-uma-capacidade-de-abrir-potes-melhor-que-criancas-de-3-anos\/#primaryimage"},"image":{"@id":"https:\/\/www.em.com.br\/emfoco\/2025\/08\/02\/voce-sabia-que-polvos-tem-uma-capacidade-de-abrir-potes-melhor-que-criancas-de-3-anos\/#primaryimage"},"thumbnailUrl":"https:\/\/www.em.com.br\/emfoco\/wp-content\/uploads\/2025\/05\/octopus_1747855724631.jpg","datePublished":"2025-08-02T14:48:00+00:00","dateModified":"2025-07-31T14:05:35+00:00","author":{"@id":"https:\/\/www.em.com.br\/emfoco\/#\/schema\/person\/1c9ddeab18b98abeffef834667bcf08a"},"description":"Polvos pensam com os bra\u00e7os, memorizam t\u00e9cnicas e usam ferramentas. Essa intelig\u00eancia est\u00e1 mudando o que sabemos sobre o reino animal.","breadcrumb":{"@id":"https:\/\/www.em.com.br\/emfoco\/2025\/08\/02\/voce-sabia-que-polvos-tem-uma-capacidade-de-abrir-potes-melhor-que-criancas-de-3-anos\/#breadcrumb"},"inLanguage":"pt-BR","potentialAction":[{"@type":"ReadAction","target":["https:\/\/www.em.com.br\/emfoco\/2025\/08\/02\/voce-sabia-que-polvos-tem-uma-capacidade-de-abrir-potes-melhor-que-criancas-de-3-anos\/"]}]},{"@type":"ImageObject","inLanguage":"pt-BR","@id":"https:\/\/www.em.com.br\/emfoco\/2025\/08\/02\/voce-sabia-que-polvos-tem-uma-capacidade-de-abrir-potes-melhor-que-criancas-de-3-anos\/#primaryimage","url":"https:\/\/www.em.com.br\/emfoco\/wp-content\/uploads\/2025\/05\/octopus_1747855724631.jpg","contentUrl":"https:\/\/www.em.com.br\/emfoco\/wp-content\/uploads\/2025\/05\/octopus_1747855724631.jpg","width":1280,"height":720,"caption":"Polvo - Cr\u00e9ditos: depositphotos.com \/ hdamke"},{"@type":"BreadcrumbList","@id":"https:\/\/www.em.com.br\/emfoco\/2025\/08\/02\/voce-sabia-que-polvos-tem-uma-capacidade-de-abrir-potes-melhor-que-criancas-de-3-anos\/#breadcrumb","itemListElement":[{"@type":"ListItem","position":1,"name":"In\u00edcio","item":"https:\/\/www.em.com.br\/emfoco\/"},{"@type":"ListItem","position":2,"name":"Voc\u00ea sabia que polvos t\u00eam uma capacidade de abrir potes melhor que crian\u00e7as de 3 anos?"}]},{"@type":"WebSite","@id":"https:\/\/www.em.com.br\/emfoco\/#website","url":"https:\/\/www.em.com.br\/emfoco\/","name":"Estado de Minas - Em foco","description":"Acompanhe as \u00faltimas not\u00edcias e fique bem informado sobre tudo o que acontece em Minas Gerais, Brasil e no mundo.","potentialAction":[{"@type":"SearchAction","target":{"@type":"EntryPoint","urlTemplate":"https:\/\/www.em.com.br\/emfoco\/?s={search_term_string}"},"query-input":{"@type":"PropertyValueSpecification","valueRequired":true,"valueName":"search_term_string"}}],"inLanguage":"pt-BR"},{"@type":"Person","@id":"https:\/\/www.em.com.br\/emfoco\/#\/schema\/person\/1c9ddeab18b98abeffef834667bcf08a","name":"Gabriel Martins","image":{"@type":"ImageObject","inLanguage":"pt-BR","@id":"https:\/\/www.em.com.br\/emfoco\/#\/schema\/person\/image\/","url":"https:\/\/secure.gravatar.com\/avatar\/f0f1e2efdfd88f1ad2cb08c5c2731e50?s=96&d=mm&r=g","contentUrl":"https:\/\/secure.gravatar.com\/avatar\/f0f1e2efdfd88f1ad2cb08c5c2731e50?s=96&d=mm&r=g","caption":"Gabriel Martins"},"sameAs":["https:\/\/www.em.com.br\/emfoco\/"],"url":"https:\/\/www.em.com.br\/emfoco\/author\/gabrielmartinsmyth\/"}]}},"_links":{"self":[{"href":"https:\/\/www.em.com.br\/emfoco\/wp-json\/wp\/v2\/posts\/83737","targetHints":{"allow":["GET"]}}],"collection":[{"href":"https:\/\/www.em.com.br\/emfoco\/wp-json\/wp\/v2\/posts"}],"about":[{"href":"https:\/\/www.em.com.br\/emfoco\/wp-json\/wp\/v2\/types\/post"}],"author":[{"embeddable":true,"href":"https:\/\/www.em.com.br\/emfoco\/wp-json\/wp\/v2\/users\/13"}],"replies":[{"embeddable":true,"href":"https:\/\/www.em.com.br\/emfoco\/wp-json\/wp\/v2\/comments?post=83737"}],"version-history":[{"count":2,"href":"https:\/\/www.em.com.br\/emfoco\/wp-json\/wp\/v2\/posts\/83737\/revisions"}],"predecessor-version":[{"id":84294,"href":"https:\/\/www.em.com.br\/emfoco\/wp-json\/wp\/v2\/posts\/83737\/revisions\/84294"}],"wp:featuredmedia":[{"embeddable":true,"href":"https:\/\/www.em.com.br\/emfoco\/wp-json\/wp\/v2\/media\/49805"}],"wp:attachment":[{"href":"https:\/\/www.em.com.br\/emfoco\/wp-json\/wp\/v2\/media?parent=83737"}],"wp:term":[{"taxonomy":"category","embeddable":true,"href":"https:\/\/www.em.com.br\/emfoco\/wp-json\/wp\/v2\/categories?post=83737"},{"taxonomy":"post_tag","embeddable":true,"href":"https:\/\/www.em.com.br\/emfoco\/wp-json\/wp\/v2\/tags?post=83737"}],"curies":[{"name":"wp","href":"https:\/\/api.w.org\/{rel}","templated":true}]}}