{"id":83680,"date":"2025-07-31T10:38:35","date_gmt":"2025-07-31T13:38:35","guid":{"rendered":"https:\/\/www.em.com.br\/emfoco\/?p=83680"},"modified":"2025-07-30T08:59:23","modified_gmt":"2025-07-30T11:59:23","slug":"o-que-o-uso-constante-de-relogio-diz-sobre-sua-personalidade","status":"publish","type":"post","link":"https:\/\/www.em.com.br\/emfoco\/2025\/07\/31\/o-que-o-uso-constante-de-relogio-diz-sobre-sua-personalidade\/","title":{"rendered":"O que o uso constante de rel\u00f3gio diz sobre sua personalidade"},"content":{"rendered":"\n<p><strong>Usar rel\u00f3gio todos os dias<\/strong>&nbsp;vai al\u00e9m de uma escolha pr\u00e1tica. Esse comportamento revela aspectos psicol\u00f3gicos importantes relacionados \u00e0&nbsp;<strong>imagem pessoal<\/strong>&nbsp;e \u00e0 percep\u00e7\u00e3o do tempo. Analisar essa rotina sob a \u00f3tica da psicologia permite compreender seus impactos em autoestima, organiza\u00e7\u00e3o e s\u00edmbolos sociais.<\/p>\n\n\n\n<p>Ao incorporar o rel\u00f3gio ao dia a dia, s\u00e3o ativados&nbsp;<strong>rituais de pertencimento<\/strong>, al\u00e9m de refor\u00e7ar tra\u00e7os de personalidade e valores internos. Esta pr\u00e1tica di\u00e1ria est\u00e1 conectada a v\u00e1rios fatores:<\/p>\n\n\n\n<ul class=\"wp-block-list\">\n<li>Express\u00e3o de autocontrole e responsabilidade<\/li>\n\n\n\n<li>Rela\u00e7\u00e3o entre bem-estar emocional e acess\u00f3rios pessoais<\/li>\n\n\n\n<li>Impactos sociais e narrativas sobre status e imagem<\/li>\n<\/ul>\n\n\n\n<h2 class=\"wp-block-heading\">Como o uso do rel\u00f3gio influencia a autoestima e a autopercep\u00e7\u00e3o?<\/h2>\n\n\n\n<p>Para a psicologia, vestir um&nbsp;<strong>rel\u00f3gio de pulso<\/strong>&nbsp;diariamente pode intensificar a&nbsp;<strong>autopercep\u00e7\u00e3o de organiza\u00e7\u00e3o<\/strong>. A presen\u00e7a constante do acess\u00f3rio amplia a sensa\u00e7\u00e3o de controle sobre compromissos, o que muitas vezes se reflete em maior autoconfian\u00e7a durante a rotina.<\/p>\n\n\n\n<p>Muitos indiv\u00edduos relatam sentir-se mais preparados em situa\u00e7\u00f5es sociais e profissionais quando est\u00e3o usando o rel\u00f3gio. Isso acontece porque a pe\u00e7a passa uma mensagem n\u00e3o verbal de comprometimento e pontualidade, fortalecendo a autoestima de quem se identifica com esses valores.<\/p>\n\n\n<div class=\"wp-block-image\">\n<figure class=\"aligncenter size-large\"><img loading=\"lazy\" decoding=\"async\" width=\"1024\" height=\"576\" src=\"https:\/\/www.em.com.br\/emfoco\/wp-content\/uploads\/2025\/07\/Usar-relogio-1024x576.jpg\" alt=\"Usar rel\u00f3gio\" class=\"wp-image-83689\" srcset=\"https:\/\/www.em.com.br\/emfoco\/wp-content\/uploads\/2025\/07\/Usar-relogio-1024x576.jpg 1024w, https:\/\/www.em.com.br\/emfoco\/wp-content\/uploads\/2025\/07\/Usar-relogio-300x169.jpg 300w, https:\/\/www.em.com.br\/emfoco\/wp-content\/uploads\/2025\/07\/Usar-relogio-768x432.jpg 768w, https:\/\/www.em.com.br\/emfoco\/wp-content\/uploads\/2025\/07\/Usar-relogio-750x422.jpg 750w, https:\/\/www.em.com.br\/emfoco\/wp-content\/uploads\/2025\/07\/Usar-relogio-1140x641.jpg 1140w, https:\/\/www.em.com.br\/emfoco\/wp-content\/uploads\/2025\/07\/Usar-relogio.jpg 1280w\" sizes=\"auto, (max-width: 1024px) 100vw, 1024px\" \/><figcaption class=\"wp-element-caption\">Usar rel\u00f3gio &#8211; Cr\u00e9ditos: depositphotos.com \/ GaudiLab &#8211; Cr\u00e9ditos: depositphotos.com \/ AlexLipa<\/figcaption><\/figure><\/div>\n\n\n<h2 class=\"wp-block-heading\">Quais impactos sociais est\u00e3o associados ao h\u00e1bito de usar rel\u00f3gio?<\/h2>\n\n\n\n<p>A an\u00e1lise do&nbsp;<strong>uso di\u00e1rio do rel\u00f3gio<\/strong>&nbsp;pela \u00f3tica social mostra que o acess\u00f3rio funciona como um s\u00edmbolo. No ambiente de trabalho, a escolha por um rel\u00f3gio pode ser vista como sinal de respeito ao tempo alheio, aumentando a credibilidade profissional.<\/p>\n\n\n\n<p>Al\u00e9m disso, existe um entendimento coletivo de que quem utiliza o rel\u00f3gio demonstra preocupa\u00e7\u00e3o com a gest\u00e3o de tarefas e, por consequ\u00eancia, inspira confian\u00e7a. Esse contexto social pode influenciar positivamente tanto rela\u00e7\u00f5es interpessoais quanto percep\u00e7\u00f5es externas sobre compet\u00eancia pessoal.<\/p>\n\n\n\n<p>Leia tamb\u00e9m: <a href=\"https:\/\/www.em.com.br\/emfoco\/2025\/07\/30\/lavanda-debaixo-do-travesseiro-veja-os-efeitos-que-pode-ter-no-seu-bem-estar\/\" target=\"_blank\" rel=\"noreferrer noopener\">Lavanda debaixo do travesseiro? Veja os efeitos que pode ter no seu bem-estar<\/a><\/p>\n\n\n\n<h2 class=\"wp-block-heading\">Varia\u00e7\u00f5es do h\u00e1bito e suas motiva\u00e7\u00f5es<\/h2>\n\n\n\n<p>H\u00e1 diferen\u00e7a entre usu\u00e1rios que buscam&nbsp;<strong>rel\u00f3gios digitais modernos<\/strong>&nbsp;e aqueles que preferem modelos cl\u00e1ssicos ou anal\u00f3gicos. A escolha do estilo est\u00e1 muitas vezes alinhada \u00e0&nbsp;<strong>identidade individual<\/strong>&nbsp;e \u00e0 necessidade de expressar pertencimento a um determinado grupo social, seja ele mais tradicional ou inovador.<\/p>\n\n\n\n<p>Em v\u00e1rios casos, o rel\u00f3gio torna-se refer\u00eancia para a cria\u00e7\u00e3o de pequenas rotinas. Por exemplo, profissionais de sa\u00fade e educadores usam o acess\u00f3rio para registrar hor\u00e1rios com rigor, enquanto entusiastas da moda o selecionam como um complemento visual importante.<\/p>\n\n\n\n<ul class=\"wp-block-list\">\n<li>Organiza\u00e7\u00e3o de agendas e defini\u00e7\u00e3o de prioridades<\/li>\n\n\n\n<li>Manuten\u00e7\u00e3o de uma rotina produtiva<\/li>\n\n\n\n<li>Fortalecimento de v\u00ednculos por meio de s\u00edmbolos comuns<\/li>\n<\/ul>\n\n\n\n<p>Dica r\u00e1pida: Manter um rel\u00f3gio \u00e0 vista favorece a autodisciplina e pode auxiliar quem deseja evitar o uso frequente do celular para checar as horas.<\/p>\n\n\n\n<h2 class=\"wp-block-heading\">O rel\u00f3gio como extens\u00e3o da identidade pessoal<\/h2>\n\n\n\n<p>Na perspectiva psicol\u00f3gica, o&nbsp;<strong>h\u00e1bito cont\u00ednuo de usar rel\u00f3gio<\/strong>&nbsp;\u00e9 visto como parte do processo de constru\u00e7\u00e3o da identidade. Incorporar esse objeto \u00e0 rotina \u00e9 uma forma de reafirmar valores como pontualidade, praticidade e valoriza\u00e7\u00e3o do tempo pr\u00f3prio.<\/p>\n\n\n\n<p>A recusa consciente ou o abandono do rel\u00f3gio tamb\u00e9m s\u00e3o <a href=\"https:\/\/www.terra.com.br\/vida-e-estilo\/relogio-no-braco-direito-esta-errado,f2889ee6fe0934d88bb10e1cb9553221ipuj7f0q.html\" target=\"_blank\" rel=\"noreferrer noopener\">relevantes<\/a>. Para algumas pessoas, essa decis\u00e3o est\u00e1 associada ao desejo de maior liberdade, redu\u00e7\u00e3o da ansiedade ou rejei\u00e7\u00e3o de conven\u00e7\u00f5es sociais estabelecidas.<\/p>\n\n\n\n<h2 class=\"wp-block-heading\">Resumindo a import\u00e2ncia de usar rel\u00f3gio todos os dias segundo a psicologia<\/h2>\n\n\n\n<ul class=\"wp-block-list\">\n<li>Usar rel\u00f3gio diariamente fortalece tra\u00e7os de organiza\u00e7\u00e3o, autoconfian\u00e7a e disciplina.<\/li>\n\n\n\n<li>O acess\u00f3rio \u00e9 um s\u00edmbolo que influencia percep\u00e7\u00f5es sociais e pode refor\u00e7ar a imagem profissional.<\/li>\n\n\n\n<li>A escolha de manter ou n\u00e3o um rel\u00f3gio no pulso faz parte da express\u00e3o individual e da constru\u00e7\u00e3o da identidade.<\/li>\n<\/ul>\n","protected":false},"excerpt":{"rendered":"<p>Usar rel\u00f3gio todos os dias&nbsp;vai al\u00e9m de uma escolha pr\u00e1tica. Esse comportamento revela aspectos psicol\u00f3gicos importantes relacionados \u00e0&nbsp;imagem pessoal&nbsp;e \u00e0 percep\u00e7\u00e3o do tempo. Analisar essa rotina sob a \u00f3tica da psicologia permite compreender seus impactos em autoestima, organiza\u00e7\u00e3o e s\u00edmbolos sociais. Ao incorporar o rel\u00f3gio ao dia a dia, s\u00e3o ativados&nbsp;rituais de pertencimento, al\u00e9m de [&hellip;]<\/p>\n","protected":false},"author":15,"featured_media":83687,"comment_status":"open","ping_status":"open","sticky":false,"template":"","format":"standard","meta":{"jnews-multi-image_gallery":[],"jnews_single_post":{"format":"standard"},"jnews_primary_category":[],"jnews_social_meta":[],"jnews_override_counter":[],"footnotes":""},"categories":[8819,1],"tags":[711,4977,5155,8758],"class_list":["post-83680","post","type-post","status-publish","format-standard","has-post-thumbnail","hentry","category-curiosidades","category-noticias","tag-bem-estar","tag-moda","tag-psicologia","tag-relogio"],"yoast_head":"<!-- This site is optimized with the Yoast SEO plugin v23.8 - https:\/\/yoast.com\/wordpress\/plugins\/seo\/ -->\n<title>O que o uso constante de rel\u00f3gio diz sobre sua personalidade - Estado de Minas - Em foco<\/title>\n<meta name=\"description\" content=\"Usar rel\u00f3gio todos os dias pode parecer simples mas esse h\u00e1bito revela tra\u00e7os psicol\u00f3gicos importantes sobre sua personalidade.\" \/>\n<meta name=\"robots\" content=\"index, follow, max-snippet:-1, max-image-preview:large, max-video-preview:-1\" \/>\n<link rel=\"canonical\" href=\"https:\/\/www.em.com.br\/emfoco\/2025\/07\/31\/o-que-o-uso-constante-de-relogio-diz-sobre-sua-personalidade\/\" \/>\n<meta property=\"og:locale\" content=\"pt_BR\" \/>\n<meta property=\"og:type\" content=\"article\" \/>\n<meta property=\"og:title\" content=\"O que o uso constante de rel\u00f3gio diz sobre sua personalidade - Estado de Minas - Em foco\" \/>\n<meta property=\"og:description\" content=\"Usar rel\u00f3gio todos os dias pode parecer simples mas esse h\u00e1bito revela tra\u00e7os psicol\u00f3gicos importantes sobre sua personalidade.\" \/>\n<meta property=\"og:url\" content=\"https:\/\/www.em.com.br\/emfoco\/2025\/07\/31\/o-que-o-uso-constante-de-relogio-diz-sobre-sua-personalidade\/\" \/>\n<meta property=\"og:site_name\" content=\"Estado de Minas - Em foco\" \/>\n<meta property=\"article:published_time\" content=\"2025-07-31T13:38:35+00:00\" \/>\n<meta property=\"article:modified_time\" content=\"2025-07-30T11:59:23+00:00\" \/>\n<meta property=\"og:image\" content=\"https:\/\/www.em.com.br\/emfoco\/wp-content\/uploads\/2025\/07\/Usar-relogio_1753876640904.jpg\" \/>\n\t<meta property=\"og:image:width\" content=\"1280\" \/>\n\t<meta property=\"og:image:height\" content=\"720\" \/>\n\t<meta property=\"og:image:type\" content=\"image\/jpeg\" \/>\n<meta name=\"author\" content=\"Douglas Myth\" \/>\n<meta name=\"twitter:card\" content=\"summary_large_image\" \/>\n<meta name=\"twitter:label1\" content=\"Escrito por\" \/>\n\t<meta name=\"twitter:data1\" content=\"Douglas Myth\" \/>\n\t<meta name=\"twitter:label2\" content=\"Est. tempo de leitura\" \/>\n\t<meta name=\"twitter:data2\" content=\"4 minutos\" \/>\n<!-- \/ Yoast SEO plugin. -->","yoast_head_json":{"title":"O que o uso constante de rel\u00f3gio diz sobre sua personalidade - Estado de Minas - Em foco","description":"Usar rel\u00f3gio todos os dias pode parecer simples mas esse h\u00e1bito revela tra\u00e7os psicol\u00f3gicos importantes sobre sua personalidade.","robots":{"index":"index","follow":"follow","max-snippet":"max-snippet:-1","max-image-preview":"max-image-preview:large","max-video-preview":"max-video-preview:-1"},"canonical":"https:\/\/www.em.com.br\/emfoco\/2025\/07\/31\/o-que-o-uso-constante-de-relogio-diz-sobre-sua-personalidade\/","og_locale":"pt_BR","og_type":"article","og_title":"O que o uso constante de rel\u00f3gio diz sobre sua personalidade - Estado de Minas - Em foco","og_description":"Usar rel\u00f3gio todos os dias pode parecer simples mas esse h\u00e1bito revela tra\u00e7os psicol\u00f3gicos importantes sobre sua personalidade.","og_url":"https:\/\/www.em.com.br\/emfoco\/2025\/07\/31\/o-que-o-uso-constante-de-relogio-diz-sobre-sua-personalidade\/","og_site_name":"Estado de Minas - Em foco","article_published_time":"2025-07-31T13:38:35+00:00","article_modified_time":"2025-07-30T11:59:23+00:00","og_image":[{"width":1280,"height":720,"url":"https:\/\/www.em.com.br\/emfoco\/wp-content\/uploads\/2025\/07\/Usar-relogio_1753876640904.jpg","type":"image\/jpeg"}],"author":"Douglas Myth","twitter_card":"summary_large_image","twitter_misc":{"Escrito por":"Douglas Myth","Est. tempo de leitura":"4 minutos"},"schema":{"@context":"https:\/\/schema.org","@graph":[{"@type":"WebPage","@id":"https:\/\/www.em.com.br\/emfoco\/2025\/07\/31\/o-que-o-uso-constante-de-relogio-diz-sobre-sua-personalidade\/","url":"https:\/\/www.em.com.br\/emfoco\/2025\/07\/31\/o-que-o-uso-constante-de-relogio-diz-sobre-sua-personalidade\/","name":"O que o uso constante de rel\u00f3gio diz sobre sua personalidade - Estado de Minas - Em foco","isPartOf":{"@id":"https:\/\/www.em.com.br\/emfoco\/#website"},"primaryImageOfPage":{"@id":"https:\/\/www.em.com.br\/emfoco\/2025\/07\/31\/o-que-o-uso-constante-de-relogio-diz-sobre-sua-personalidade\/#primaryimage"},"image":{"@id":"https:\/\/www.em.com.br\/emfoco\/2025\/07\/31\/o-que-o-uso-constante-de-relogio-diz-sobre-sua-personalidade\/#primaryimage"},"thumbnailUrl":"https:\/\/www.em.com.br\/emfoco\/wp-content\/uploads\/2025\/07\/Usar-relogio_1753876640904.jpg","datePublished":"2025-07-31T13:38:35+00:00","dateModified":"2025-07-30T11:59:23+00:00","author":{"@id":"https:\/\/www.em.com.br\/emfoco\/#\/schema\/person\/bba594b7eebe9b9885fec3a5c7837089"},"description":"Usar rel\u00f3gio todos os dias pode parecer simples mas esse h\u00e1bito revela tra\u00e7os psicol\u00f3gicos importantes sobre sua personalidade.","breadcrumb":{"@id":"https:\/\/www.em.com.br\/emfoco\/2025\/07\/31\/o-que-o-uso-constante-de-relogio-diz-sobre-sua-personalidade\/#breadcrumb"},"inLanguage":"pt-BR","potentialAction":[{"@type":"ReadAction","target":["https:\/\/www.em.com.br\/emfoco\/2025\/07\/31\/o-que-o-uso-constante-de-relogio-diz-sobre-sua-personalidade\/"]}]},{"@type":"ImageObject","inLanguage":"pt-BR","@id":"https:\/\/www.em.com.br\/emfoco\/2025\/07\/31\/o-que-o-uso-constante-de-relogio-diz-sobre-sua-personalidade\/#primaryimage","url":"https:\/\/www.em.com.br\/emfoco\/wp-content\/uploads\/2025\/07\/Usar-relogio_1753876640904.jpg","contentUrl":"https:\/\/www.em.com.br\/emfoco\/wp-content\/uploads\/2025\/07\/Usar-relogio_1753876640904.jpg","width":1280,"height":720,"caption":"Usar rel\u00f3gio - Cr\u00e9ditos: depositphotos.com \/ ViktoriaSapata"},{"@type":"BreadcrumbList","@id":"https:\/\/www.em.com.br\/emfoco\/2025\/07\/31\/o-que-o-uso-constante-de-relogio-diz-sobre-sua-personalidade\/#breadcrumb","itemListElement":[{"@type":"ListItem","position":1,"name":"In\u00edcio","item":"https:\/\/www.em.com.br\/emfoco\/"},{"@type":"ListItem","position":2,"name":"O que o uso constante de rel\u00f3gio diz sobre sua personalidade"}]},{"@type":"WebSite","@id":"https:\/\/www.em.com.br\/emfoco\/#website","url":"https:\/\/www.em.com.br\/emfoco\/","name":"Estado de Minas - Em foco","description":"Acompanhe as \u00faltimas not\u00edcias e fique bem informado sobre tudo o que acontece em Minas Gerais, Brasil e no mundo.","potentialAction":[{"@type":"SearchAction","target":{"@type":"EntryPoint","urlTemplate":"https:\/\/www.em.com.br\/emfoco\/?s={search_term_string}"},"query-input":{"@type":"PropertyValueSpecification","valueRequired":true,"valueName":"search_term_string"}}],"inLanguage":"pt-BR"},{"@type":"Person","@id":"https:\/\/www.em.com.br\/emfoco\/#\/schema\/person\/bba594b7eebe9b9885fec3a5c7837089","name":"Douglas Myth","image":{"@type":"ImageObject","inLanguage":"pt-BR","@id":"https:\/\/www.em.com.br\/emfoco\/#\/schema\/person\/image\/","url":"https:\/\/secure.gravatar.com\/avatar\/1ac3cf50d0e68642c697dc0c960c802f?s=96&d=mm&r=g","contentUrl":"https:\/\/secure.gravatar.com\/avatar\/1ac3cf50d0e68642c697dc0c960c802f?s=96&d=mm&r=g","caption":"Douglas Myth"},"url":"https:\/\/www.em.com.br\/emfoco\/author\/douglasmyth\/"}]}},"_links":{"self":[{"href":"https:\/\/www.em.com.br\/emfoco\/wp-json\/wp\/v2\/posts\/83680","targetHints":{"allow":["GET"]}}],"collection":[{"href":"https:\/\/www.em.com.br\/emfoco\/wp-json\/wp\/v2\/posts"}],"about":[{"href":"https:\/\/www.em.com.br\/emfoco\/wp-json\/wp\/v2\/types\/post"}],"author":[{"embeddable":true,"href":"https:\/\/www.em.com.br\/emfoco\/wp-json\/wp\/v2\/users\/15"}],"replies":[{"embeddable":true,"href":"https:\/\/www.em.com.br\/emfoco\/wp-json\/wp\/v2\/comments?post=83680"}],"version-history":[{"count":3,"href":"https:\/\/www.em.com.br\/emfoco\/wp-json\/wp\/v2\/posts\/83680\/revisions"}],"predecessor-version":[{"id":83690,"href":"https:\/\/www.em.com.br\/emfoco\/wp-json\/wp\/v2\/posts\/83680\/revisions\/83690"}],"wp:featuredmedia":[{"embeddable":true,"href":"https:\/\/www.em.com.br\/emfoco\/wp-json\/wp\/v2\/media\/83687"}],"wp:attachment":[{"href":"https:\/\/www.em.com.br\/emfoco\/wp-json\/wp\/v2\/media?parent=83680"}],"wp:term":[{"taxonomy":"category","embeddable":true,"href":"https:\/\/www.em.com.br\/emfoco\/wp-json\/wp\/v2\/categories?post=83680"},{"taxonomy":"post_tag","embeddable":true,"href":"https:\/\/www.em.com.br\/emfoco\/wp-json\/wp\/v2\/tags?post=83680"}],"curies":[{"name":"wp","href":"https:\/\/api.w.org\/{rel}","templated":true}]}}