{"id":83615,"date":"2025-07-30T11:30:00","date_gmt":"2025-07-30T14:30:00","guid":{"rendered":"https:\/\/www.em.com.br\/emfoco\/?p=83615"},"modified":"2025-07-30T06:44:59","modified_gmt":"2025-07-30T09:44:59","slug":"isabella-lacerda-esclarece-voce-precisa-de-proteina-em-todas-as-refeicoes","status":"publish","type":"post","link":"https:\/\/www.em.com.br\/emfoco\/2025\/07\/30\/isabella-lacerda-esclarece-voce-precisa-de-proteina-em-todas-as-refeicoes\/","title":{"rendered":"Isabella Lacerda esclarece: voc\u00ea precisa de prote\u00edna em todas as refei\u00e7\u00f5es?"},"content":{"rendered":"\n<p>A nutricionista <strong>Isabella Lacerda<\/strong>, conhecida como \u201cA Nutri Sarc\u00e1stica\u201d no Instagram, onde j\u00e1 re\u00fane mais de <strong>1,5 milh\u00e3o de seguidores<\/strong>, \u00e9 conhecida por descomplicar temas de nutri\u00e7\u00e3o com bom humor e embasamento cient\u00edfico. Em um de seus v\u00eddeos mais comentados, ela explica se realmente precisamos incluir prote\u00edna em todas as refei\u00e7\u00f5es e at\u00e9 que ponto a atual \u201conda hiperproteica\u201d est\u00e1 saindo do controle.<\/p>\n\n\n\n<p>Para Isabella, \u00e9 ineg\u00e1vel que a prote\u00edna \u00e9 um macronutriente essencial para o corpo humano, mas o consumo exagerado ou desnecess\u00e1rio nem sempre faz sentido. \u00c9 preciso entender <strong>quais s\u00e3o as fun\u00e7\u00f5es da prote\u00edna<\/strong>, qual a quantidade ideal e em que situa\u00e7\u00f5es a suplementa\u00e7\u00e3o \u00e9 realmente necess\u00e1ria.<\/p>\n\n\n\n<h2 class=\"wp-block-heading\">Por que a prote\u00edna \u00e9 t\u00e3o importante?<\/h2>\n\n\n\n<p>A prote\u00edna desempenha pap\u00e9is fundamentais no organismo, indo muito al\u00e9m do ganho de massa muscular. Ela est\u00e1 presente na <strong>manuten\u00e7\u00e3o e repara\u00e7\u00e3o dos tecidos<\/strong>, na <strong>produ\u00e7\u00e3o de horm\u00f4nios e anticorpos<\/strong>, no <strong>transporte de nutrientes<\/strong>, na <strong>sa\u00fade da pele, unhas e cabelos<\/strong>, al\u00e9m de participar de processos metab\u00f3licos e cognitivos.<\/p>\n\n\n\n<p>Apesar disso, Isabella aponta que a m\u00eddia tende a vender a prote\u00edna apenas como o \u201cmacronutriente do crescimento muscular\u201d, ignorando sua fun\u00e7\u00e3o ampla e essencial para todos, independentemente do objetivo est\u00e9tico.<\/p>\n\n\n\n<h2 class=\"wp-block-heading\">Qual a quantidade ideal de prote\u00edna por dia?<\/h2>\n\n\n\n<p>Segundo Isabella Lacerda, a quantidade recomendada de prote\u00edna varia conforme os objetivos e a rotina de cada pessoa. Para quem <strong>n\u00e3o pratica atividades f\u00edsicas intensas<\/strong>, uma m\u00e9dia de <strong>1 grama por quilo de peso corporal por dia<\/strong> costuma ser suficiente. Ou seja, uma pessoa com 60 kg precisa de cerca de 60 g de prote\u00edna diariamente, quantidade facilmente alcan\u00e7ada com uma dieta equilibrada que inclua ovos, frango, carnes magras, leguminosas e gr\u00e3os.<\/p>\n\n\n\n<p>J\u00e1 para quem busca <strong>ganho de massa muscular<\/strong>, o consumo pode variar entre <strong>1,5 g a 2 g por quilo de peso corporal por dia<\/strong>. Isso porque, durante o treino de for\u00e7a, as fibras musculares sofrem microles\u00f5es que precisam ser reparadas com aux\u00edlio da prote\u00edna. Nos casos de <strong>emagrecimento<\/strong>, o aumento moderado da ingest\u00e3o proteica tamb\u00e9m \u00e9 recomendado, pois a prote\u00edna contribui para a saciedade e ajuda a preservar a massa magra durante o d\u00e9ficit cal\u00f3rico.<\/p>\n\n\n\n<h2 class=\"wp-block-heading\">E os vegetarianos e veganos, conseguem prote\u00edna suficiente?<\/h2>\n\n\n\n<p>Isabella explica que <strong>prote\u00edna n\u00e3o \u00e9 exclusividade de alimentos de origem animal<\/strong>. Leguminosas como feij\u00e3o, lentilha, gr\u00e3o-de-bico, ervilha, quinoa e sementes possuem boas quantidades do nutriente. Uma dieta vegetal bem planejada consegue fornecer prote\u00edna suficiente para as necessidades di\u00e1rias.<\/p>\n\n\n\n<h2 class=\"wp-block-heading\">\u00c9 necess\u00e1rio consumir prote\u00edna em todas as refei\u00e7\u00f5es?<\/h2>\n\n\n\n<p>A resposta de Isabella \u00e9 clara: <strong>n\u00e3o existe necessidade de incluir prote\u00edna em absolutamente todas as refei\u00e7\u00f5es<\/strong>, desde que a meta proteica di\u00e1ria seja atingida. O mais importante \u00e9 que o consumo ao longo do dia seja equilibrado e de acordo com as necessidades individuais.<\/p>\n\n\n\n<h2 class=\"wp-block-heading\">Whey protein e produtos proteicos s\u00e3o obrigat\u00f3rios?<\/h2>\n\n\n\n<p>De acordo com Isabella, suplementos como <strong>whey protein, barrinhas ou iogurtes proteicos<\/strong> podem ser bons aliados, principalmente em dias corridos, quando n\u00e3o h\u00e1 tempo para fazer refei\u00e7\u00f5es completas. No entanto, <strong>eles n\u00e3o s\u00e3o indispens\u00e1veis<\/strong>. Se a dieta di\u00e1ria j\u00e1 atinge a quantidade necess\u00e1ria de prote\u00edna, n\u00e3o h\u00e1 motivo para consumir suplementos apenas por modismo.<\/p>\n\n\n<div class=\"wp-block-image\">\n<figure class=\"aligncenter size-large\"><img loading=\"lazy\" decoding=\"async\" width=\"1024\" height=\"576\" src=\"https:\/\/www.em.com.br\/emfoco\/wp-content\/uploads\/2025\/07\/Whey-protein_1753868147769-1024x576.jpg\" alt=\"\" class=\"wp-image-83636\" srcset=\"https:\/\/www.em.com.br\/emfoco\/wp-content\/uploads\/2025\/07\/Whey-protein_1753868147769-1024x576.jpg 1024w, https:\/\/www.em.com.br\/emfoco\/wp-content\/uploads\/2025\/07\/Whey-protein_1753868147769-300x169.jpg 300w, https:\/\/www.em.com.br\/emfoco\/wp-content\/uploads\/2025\/07\/Whey-protein_1753868147769-768x432.jpg 768w, https:\/\/www.em.com.br\/emfoco\/wp-content\/uploads\/2025\/07\/Whey-protein_1753868147769-750x422.jpg 750w, https:\/\/www.em.com.br\/emfoco\/wp-content\/uploads\/2025\/07\/Whey-protein_1753868147769-1140x641.jpg 1140w, https:\/\/www.em.com.br\/emfoco\/wp-content\/uploads\/2025\/07\/Whey-protein_1753868147769.jpg 1280w\" sizes=\"auto, (max-width: 1024px) 100vw, 1024px\" \/><figcaption class=\"wp-element-caption\">Scoop com whey protein ao lado de halter &#8211; Cr\u00e9ditos: depositphotos.com \/ kasarp1968@gmail.com<\/figcaption><\/figure><\/div>\n\n\n<p>Ela critica ainda a crescente onda de \u201cprodutos hiperproteicos\u201d no mercado, como <strong>\u00e1gua proteica, arroz proteico e at\u00e9 cerveja proteica<\/strong>, ressaltando que isso n\u00e3o faz sentido para a maioria das pessoas. \u201cNem tudo precisa de prote\u00edna. A sua \u00e1gua n\u00e3o tem prote\u00edna, e n\u00e3o \u00e9 para ter\u201d, brinca Isabella.<\/p>\n\n\n\n<h2 class=\"wp-block-heading\">Como montar uma alimenta\u00e7\u00e3o rica em prote\u00edna de forma equilibrada?<\/h2>\n\n\n\n<p>Para atingir a meta proteica sem exageros, Isabella recomenda priorizar <strong>alimentos naturais e minimamente processados<\/strong>, como carnes magras, ovos, latic\u00ednios, gr\u00e3os e sementes. Al\u00e9m disso, \u00e9 importante <strong>variar as fontes<\/strong> para garantir um bom perfil de amino\u00e1cidos essenciais.<\/p>\n\n\n\n<h2 class=\"wp-block-heading\">A import\u00e2ncia de buscar orienta\u00e7\u00e3o profissional<\/h2>\n\n\n\n<p>Isabella refor\u00e7a que cada pessoa tem necessidades diferentes e que as recomenda\u00e7\u00f5es devem ser <strong>individualizadas<\/strong>. Quem deseja ganhar massa muscular, emagrecer ou seguir uma dieta vegetariana, por exemplo, deve procurar um <strong>nutricionista<\/strong> para ajustar a quantidade de prote\u00edna ideal e evitar defici\u00eancias nutricionais.<\/p>\n\n\n\n<h2 class=\"wp-block-heading\">Fontes confi\u00e1veis sobre nutri\u00e7\u00e3o e prote\u00edna<\/h2>\n\n\n\n<ul class=\"wp-block-list\">\n<li><a href=\"https:\/\/www.sbn.org.br\" target=\"_blank\" rel=\"noreferrer noopener\">Sociedade Brasileira de Nutri\u00e7\u00e3o (SBN)<\/a><\/li>\n\n\n\n<li><a href=\"https:\/\/www.who.int\" target=\"_blank\" rel=\"noreferrer noopener\">Organiza\u00e7\u00e3o Mundial da Sa\u00fade (OMS)<\/a><\/li>\n\n\n\n<li><a href=\"https:\/\/www.eatright.org\" target=\"_blank\" rel=\"noreferrer noopener\">American Dietetic Association<\/a><\/li>\n<\/ul>\n","protected":false},"excerpt":{"rendered":"<p>A nutricionista Isabella Lacerda, conhecida como \u201cA Nutri Sarc\u00e1stica\u201d no Instagram, onde j\u00e1 re\u00fane mais de 1,5 milh\u00e3o de seguidores, \u00e9 conhecida por descomplicar temas de nutri\u00e7\u00e3o com bom humor e embasamento cient\u00edfico. Em um de seus v\u00eddeos mais comentados, ela explica se realmente precisamos incluir prote\u00edna em todas as refei\u00e7\u00f5es e at\u00e9 que ponto [&hellip;]<\/p>\n","protected":false},"author":17,"featured_media":83643,"comment_status":"open","ping_status":"open","sticky":false,"template":"","format":"standard","meta":{"jnews-multi-image_gallery":[],"jnews_single_post":{"format":"standard"},"jnews_primary_category":[],"jnews_social_meta":[],"jnews_override_counter":[],"footnotes":""},"categories":[9053],"tags":[3509,3113,327,415],"class_list":["post-83615","post","type-post","status-publish","format-standard","has-post-thumbnail","hentry","category-saude","tag-nutricao","tag-proteina","tag-qualidade-de-vida","tag-saude"],"yoast_head":"<!-- This site is optimized with the Yoast SEO plugin v23.8 - https:\/\/yoast.com\/wordpress\/plugins\/seo\/ -->\n<title>Isabella Lacerda esclarece: voc\u00ea precisa de prote\u00edna em todas as refei\u00e7\u00f5es? - Estado de Minas - Em foco<\/title>\n<meta name=\"description\" content=\"Isabella Lacerda explica se precisamos de prote\u00edna em todas as refei\u00e7\u00f5es e revela a quantidade ideal para cada objetivo.\" \/>\n<meta name=\"robots\" content=\"index, follow, max-snippet:-1, max-image-preview:large, max-video-preview:-1\" \/>\n<link rel=\"canonical\" href=\"https:\/\/www.em.com.br\/emfoco\/2025\/07\/30\/isabella-lacerda-esclarece-voce-precisa-de-proteina-em-todas-as-refeicoes\/\" \/>\n<meta property=\"og:locale\" content=\"pt_BR\" \/>\n<meta property=\"og:type\" content=\"article\" \/>\n<meta property=\"og:title\" content=\"Isabella Lacerda esclarece: voc\u00ea precisa de prote\u00edna em todas as refei\u00e7\u00f5es? - Estado de Minas - Em foco\" \/>\n<meta property=\"og:description\" content=\"Isabella Lacerda explica se precisamos de prote\u00edna em todas as refei\u00e7\u00f5es e revela a quantidade ideal para cada objetivo.\" \/>\n<meta property=\"og:url\" content=\"https:\/\/www.em.com.br\/emfoco\/2025\/07\/30\/isabella-lacerda-esclarece-voce-precisa-de-proteina-em-todas-as-refeicoes\/\" \/>\n<meta property=\"og:site_name\" content=\"Estado de Minas - Em foco\" \/>\n<meta property=\"article:published_time\" content=\"2025-07-30T14:30:00+00:00\" \/>\n<meta property=\"article:modified_time\" content=\"2025-07-30T09:44:59+00:00\" \/>\n<meta property=\"og:image\" content=\"https:\/\/www.em.com.br\/emfoco\/wp-content\/uploads\/2025\/07\/mosaico_1753868653584.jpg\" \/>\n\t<meta property=\"og:image:width\" content=\"1280\" \/>\n\t<meta property=\"og:image:height\" content=\"720\" \/>\n\t<meta property=\"og:image:type\" content=\"image\/jpeg\" \/>\n<meta name=\"author\" content=\"Lucas Sampaio\" \/>\n<meta name=\"twitter:card\" content=\"summary_large_image\" \/>\n<meta name=\"twitter:label1\" content=\"Escrito por\" \/>\n\t<meta name=\"twitter:data1\" content=\"Lucas Sampaio\" \/>\n\t<meta name=\"twitter:label2\" content=\"Est. tempo de leitura\" \/>\n\t<meta name=\"twitter:data2\" content=\"5 minutos\" \/>\n<!-- \/ Yoast SEO plugin. -->","yoast_head_json":{"title":"Isabella Lacerda esclarece: voc\u00ea precisa de prote\u00edna em todas as refei\u00e7\u00f5es? - Estado de Minas - Em foco","description":"Isabella Lacerda explica se precisamos de prote\u00edna em todas as refei\u00e7\u00f5es e revela a quantidade ideal para cada objetivo.","robots":{"index":"index","follow":"follow","max-snippet":"max-snippet:-1","max-image-preview":"max-image-preview:large","max-video-preview":"max-video-preview:-1"},"canonical":"https:\/\/www.em.com.br\/emfoco\/2025\/07\/30\/isabella-lacerda-esclarece-voce-precisa-de-proteina-em-todas-as-refeicoes\/","og_locale":"pt_BR","og_type":"article","og_title":"Isabella Lacerda esclarece: voc\u00ea precisa de prote\u00edna em todas as refei\u00e7\u00f5es? - Estado de Minas - Em foco","og_description":"Isabella Lacerda explica se precisamos de prote\u00edna em todas as refei\u00e7\u00f5es e revela a quantidade ideal para cada objetivo.","og_url":"https:\/\/www.em.com.br\/emfoco\/2025\/07\/30\/isabella-lacerda-esclarece-voce-precisa-de-proteina-em-todas-as-refeicoes\/","og_site_name":"Estado de Minas - Em foco","article_published_time":"2025-07-30T14:30:00+00:00","article_modified_time":"2025-07-30T09:44:59+00:00","og_image":[{"width":1280,"height":720,"url":"https:\/\/www.em.com.br\/emfoco\/wp-content\/uploads\/2025\/07\/mosaico_1753868653584.jpg","type":"image\/jpeg"}],"author":"Lucas Sampaio","twitter_card":"summary_large_image","twitter_misc":{"Escrito por":"Lucas Sampaio","Est. tempo de leitura":"5 minutos"},"schema":{"@context":"https:\/\/schema.org","@graph":[{"@type":"WebPage","@id":"https:\/\/www.em.com.br\/emfoco\/2025\/07\/30\/isabella-lacerda-esclarece-voce-precisa-de-proteina-em-todas-as-refeicoes\/","url":"https:\/\/www.em.com.br\/emfoco\/2025\/07\/30\/isabella-lacerda-esclarece-voce-precisa-de-proteina-em-todas-as-refeicoes\/","name":"Isabella Lacerda esclarece: voc\u00ea precisa de prote\u00edna em todas as refei\u00e7\u00f5es? - Estado de Minas - Em foco","isPartOf":{"@id":"https:\/\/www.em.com.br\/emfoco\/#website"},"primaryImageOfPage":{"@id":"https:\/\/www.em.com.br\/emfoco\/2025\/07\/30\/isabella-lacerda-esclarece-voce-precisa-de-proteina-em-todas-as-refeicoes\/#primaryimage"},"image":{"@id":"https:\/\/www.em.com.br\/emfoco\/2025\/07\/30\/isabella-lacerda-esclarece-voce-precisa-de-proteina-em-todas-as-refeicoes\/#primaryimage"},"thumbnailUrl":"https:\/\/www.em.com.br\/emfoco\/wp-content\/uploads\/2025\/07\/mosaico_1753868653584.jpg","datePublished":"2025-07-30T14:30:00+00:00","dateModified":"2025-07-30T09:44:59+00:00","author":{"@id":"https:\/\/www.em.com.br\/emfoco\/#\/schema\/person\/9ad4c536bd87f5bb8006420332b99aef"},"description":"Isabella Lacerda explica se precisamos de prote\u00edna em todas as refei\u00e7\u00f5es e revela a quantidade ideal para cada objetivo.","breadcrumb":{"@id":"https:\/\/www.em.com.br\/emfoco\/2025\/07\/30\/isabella-lacerda-esclarece-voce-precisa-de-proteina-em-todas-as-refeicoes\/#breadcrumb"},"inLanguage":"pt-BR","potentialAction":[{"@type":"ReadAction","target":["https:\/\/www.em.com.br\/emfoco\/2025\/07\/30\/isabella-lacerda-esclarece-voce-precisa-de-proteina-em-todas-as-refeicoes\/"]}]},{"@type":"ImageObject","inLanguage":"pt-BR","@id":"https:\/\/www.em.com.br\/emfoco\/2025\/07\/30\/isabella-lacerda-esclarece-voce-precisa-de-proteina-em-todas-as-refeicoes\/#primaryimage","url":"https:\/\/www.em.com.br\/emfoco\/wp-content\/uploads\/2025\/07\/mosaico_1753868653584.jpg","contentUrl":"https:\/\/www.em.com.br\/emfoco\/wp-content\/uploads\/2025\/07\/mosaico_1753868653584.jpg","width":1280,"height":720,"caption":"Reprodu\u00e7\u00e3o (TikTok: @isabellalacerda_nutri)"},{"@type":"BreadcrumbList","@id":"https:\/\/www.em.com.br\/emfoco\/2025\/07\/30\/isabella-lacerda-esclarece-voce-precisa-de-proteina-em-todas-as-refeicoes\/#breadcrumb","itemListElement":[{"@type":"ListItem","position":1,"name":"In\u00edcio","item":"https:\/\/www.em.com.br\/emfoco\/"},{"@type":"ListItem","position":2,"name":"Isabella Lacerda esclarece: voc\u00ea precisa de prote\u00edna em todas as refei\u00e7\u00f5es?"}]},{"@type":"WebSite","@id":"https:\/\/www.em.com.br\/emfoco\/#website","url":"https:\/\/www.em.com.br\/emfoco\/","name":"Estado de Minas - Em foco","description":"Acompanhe as \u00faltimas not\u00edcias e fique bem informado sobre tudo o que acontece em Minas Gerais, Brasil e no mundo.","potentialAction":[{"@type":"SearchAction","target":{"@type":"EntryPoint","urlTemplate":"https:\/\/www.em.com.br\/emfoco\/?s={search_term_string}"},"query-input":{"@type":"PropertyValueSpecification","valueRequired":true,"valueName":"search_term_string"}}],"inLanguage":"pt-BR"},{"@type":"Person","@id":"https:\/\/www.em.com.br\/emfoco\/#\/schema\/person\/9ad4c536bd87f5bb8006420332b99aef","name":"Lucas Sampaio","image":{"@type":"ImageObject","inLanguage":"pt-BR","@id":"https:\/\/www.em.com.br\/emfoco\/#\/schema\/person\/image\/","url":"https:\/\/secure.gravatar.com\/avatar\/2696b9676ad143cd7135b717faf6f79f?s=96&d=mm&r=g","contentUrl":"https:\/\/secure.gravatar.com\/avatar\/2696b9676ad143cd7135b717faf6f79f?s=96&d=mm&r=g","caption":"Lucas Sampaio"},"sameAs":["https:\/\/www.em.com.br\/emfoco\/"],"url":"https:\/\/www.em.com.br\/emfoco\/author\/lucasmyth\/"}]}},"_links":{"self":[{"href":"https:\/\/www.em.com.br\/emfoco\/wp-json\/wp\/v2\/posts\/83615","targetHints":{"allow":["GET"]}}],"collection":[{"href":"https:\/\/www.em.com.br\/emfoco\/wp-json\/wp\/v2\/posts"}],"about":[{"href":"https:\/\/www.em.com.br\/emfoco\/wp-json\/wp\/v2\/types\/post"}],"author":[{"embeddable":true,"href":"https:\/\/www.em.com.br\/emfoco\/wp-json\/wp\/v2\/users\/17"}],"replies":[{"embeddable":true,"href":"https:\/\/www.em.com.br\/emfoco\/wp-json\/wp\/v2\/comments?post=83615"}],"version-history":[{"count":3,"href":"https:\/\/www.em.com.br\/emfoco\/wp-json\/wp\/v2\/posts\/83615\/revisions"}],"predecessor-version":[{"id":83637,"href":"https:\/\/www.em.com.br\/emfoco\/wp-json\/wp\/v2\/posts\/83615\/revisions\/83637"}],"wp:featuredmedia":[{"embeddable":true,"href":"https:\/\/www.em.com.br\/emfoco\/wp-json\/wp\/v2\/media\/83643"}],"wp:attachment":[{"href":"https:\/\/www.em.com.br\/emfoco\/wp-json\/wp\/v2\/media?parent=83615"}],"wp:term":[{"taxonomy":"category","embeddable":true,"href":"https:\/\/www.em.com.br\/emfoco\/wp-json\/wp\/v2\/categories?post=83615"},{"taxonomy":"post_tag","embeddable":true,"href":"https:\/\/www.em.com.br\/emfoco\/wp-json\/wp\/v2\/tags?post=83615"}],"curies":[{"name":"wp","href":"https:\/\/api.w.org\/{rel}","templated":true}]}}