{"id":83493,"date":"2025-07-31T06:28:00","date_gmt":"2025-07-31T09:28:00","guid":{"rendered":"https:\/\/www.em.com.br\/emfoco\/?p=83493"},"modified":"2025-07-29T18:59:29","modified_gmt":"2025-07-29T21:59:29","slug":"uma-virada-climatica-vai-surpreender-cidades-do-sudeste-nesta-semana","status":"publish","type":"post","link":"https:\/\/www.em.com.br\/emfoco\/2025\/07\/31\/uma-virada-climatica-vai-surpreender-cidades-do-sudeste-nesta-semana\/","title":{"rendered":"Uma virada clim\u00e1tica vai surpreender cidades do Sudeste nesta semana"},"content":{"rendered":"\n<p>As\u00a0<a href=\"https:\/\/brasil.un.org\/pt-br\/175180-o-que-s%C3%A3o-mudan%C3%A7as-clim%C3%A1ticas#:~:text=Sobre%20a%20campanha-,As%20mudan%C3%A7as%20clim%C3%A1ticas%20s%C3%A3o%20transforma%C3%A7%C3%B5es%20a%20longo%20prazo%20nos%20padr%C3%B5es,de%20varia%C3%A7%C3%B5es%20no%20ciclo%20solar.\" target=\"_blank\" rel=\"noreferrer noopener\"><strong>mudan\u00e7as clim\u00e1ticas<\/strong>\u00a0<\/a>t\u00eam alterado o clima global, e o\u00a0<strong>Sudeste do Brasil<\/strong>\u00a0n\u00e3o \u00e9 exce\u00e7\u00e3o. Esta regi\u00e3o, rica em diversidade clim\u00e1tica, enfrenta novos desafios impostos por essas altera\u00e7\u00f5es. A seguir, exploramos a previs\u00e3o do tempo para a primeira semana de\u00a0<strong>agosto de 2025<\/strong>, destacando o impacto das mudan\u00e7as clim\u00e1ticas.<\/p>\n\n\n\n<ul class=\"wp-block-list\">\n<li>A temperatura m\u00e1xima e m\u00ednima para o Sudeste e\u00a0<strong><a href=\"https:\/\/www.em.com.br\/emfoco\/2025\/07\/29\/um-destino-perfeito-em-minas-gerias-que-faz-casais-desacelerarem-e-viverem-momentos-unicos\/\" target=\"_blank\" rel=\"noreferrer noopener\">Minas Gerais<\/a><\/strong>.<\/li>\n\n\n\n<li>Frentes frias, chuvas e sol para a semana.<\/li>\n\n\n\n<li>Dicas sobre como interpretar a previs\u00e3o do tempo.<\/li>\n<\/ul>\n\n\n\n<h2 class=\"wp-block-heading\">Quais s\u00e3o as temperaturas m\u00e1ximas e m\u00ednimas para o Sudeste (01 a 07\/08\/2025)?<\/h2>\n\n\n\n<p>Confira as previs\u00f5es para as&nbsp;<strong>temperaturas<\/strong>&nbsp;na regi\u00e3o Sudeste:<\/p>\n\n\n\n<ul class=\"wp-block-list\">\n<li><strong>S\u00e3o Paulo<\/strong>: M\u00e1x 30\u00b0C, M\u00edn 18\u00b0C<\/li>\n\n\n\n<li><strong>Rio de Janeiro<\/strong>: M\u00e1x 32\u00b0C, M\u00edn 20\u00b0C<\/li>\n\n\n\n<li><strong>Esp\u00edrito Santo<\/strong>: M\u00e1x 29\u00b0C, M\u00edn 19\u00b0C<\/li>\n\n\n\n<li>Minas Gerais: M\u00e1x 28\u00b0C, M\u00edn 15\u00b0C<\/li>\n<\/ul>\n\n\n\n<h2 class=\"wp-block-heading\">Como ficar\u00e1 o tempo em Belo Horizonte (01 a 07\/08\/2025)?<\/h2>\n\n\n\n<ul class=\"wp-block-list\">\n<li><strong>Belo Horizonte<\/strong>\u00a001\/08: M\u00e1x 28\u00b0C, M\u00edn 16\u00b0C<\/li>\n\n\n\n<li>02\/08: M\u00e1x 27\u00b0C, M\u00edn 15\u00b0C<\/li>\n\n\n\n<li>03\/08: M\u00e1x 26\u00b0C, M\u00edn 14\u00b0C<\/li>\n\n\n\n<li>04\/08: M\u00e1x 25\u00b0C, M\u00edn 15\u00b0C<\/li>\n\n\n\n<li>05\/08: M\u00e1x 26\u00b0C, M\u00edn 16\u00b0C<\/li>\n\n\n\n<li>06\/08: M\u00e1x 27\u00b0C, M\u00edn 17\u00b0C<\/li>\n\n\n\n<li>07\/08: M\u00e1x 28\u00b0C, M\u00edn 18\u00b0C<\/li>\n<\/ul>\n\n\n\n<h2 class=\"wp-block-heading\">O que esperar em outras cidades de Minas Gerais na primeira semana de agosto?<\/h2>\n\n\n\n<p>As&nbsp;<strong>temperaturas<\/strong>&nbsp;em cidades menores tamb\u00e9m apresentam varia\u00e7\u00f5es significativas durante a semana:<\/p>\n\n\n\n<ul class=\"wp-block-list\">\n<li><strong>Uberl\u00e2ndia<\/strong>: M\u00e1x 29\u00b0C, M\u00edn 16\u00b0C<\/li>\n\n\n\n<li><strong>Juiz de Fora<\/strong>: M\u00e1x 25\u00b0C, M\u00edn 14\u00b0C<\/li>\n\n\n\n<li><strong>Montes Claros<\/strong>: M\u00e1x 31\u00b0C, M\u00edn 17\u00b0C<\/li>\n<\/ul>\n\n\n\n<figure class=\"wp-block-image\"><img decoding=\"async\" src=\"https:\/\/www.em.com.br\/emfoco\/wp-content\/uploads\/2025\/04\/Clima-sol-ou-chuva_1745256516839-1024x576.jpg\" alt=\"\"\/><figcaption class=\"wp-element-caption\">Clima &#8211; Cr\u00e9ditos: depositphotos.com \/ pongsuwan<\/figcaption><\/figure>\n\n\n\n<h2 class=\"wp-block-heading\">Haver\u00e1 frente fria e chuva no Sudeste?<\/h2>\n\n\n\n<p>A&nbsp;<strong>frente fria<\/strong>&nbsp;que se aproxima trar\u00e1 mudan\u00e7as no tempo:<\/p>\n\n\n\n<ul class=\"wp-block-list\">\n<li>S\u00e3o Paulo: Chance de chuva 70%, Sol 30%<\/li>\n\n\n\n<li>Rio de Janeiro: Chance de chuva 60%, Sol 40%<\/li>\n\n\n\n<li>Esp\u00edrito Santo: Pouca chance de chuva 30%, Sol 70%<\/li>\n\n\n\n<li>Minas Gerais: M\u00e9dia de chuva 50%, Sol 50%<\/li>\n<\/ul>\n\n\n\n<p>Vale destacar que ventos mais intensos podem ser observados principalmente nas cidades localizadas em \u00e1reas de altitude, contribuindo para a sensa\u00e7\u00e3o t\u00e9rmica ainda mais baixa em alguns munic\u00edpios da serra.<\/p>\n\n\n\n<h2 class=\"wp-block-heading\">Quais s\u00e3o as cidades mais frias da semana?<\/h2>\n\n\n\n<ol class=\"wp-block-list\">\n<li><strong>S\u00e3o Jo\u00e3o del-Rei<\/strong>: 8\u00b0C<\/li>\n\n\n\n<li><strong>Ouro Preto<\/strong>: 9\u00b0C<\/li>\n\n\n\n<li><strong>Mariana<\/strong>: 10\u00b0C<\/li>\n\n\n\n<li><strong>Lavras<\/strong>: 11\u00b0C<\/li>\n\n\n\n<li><strong>Caxambu<\/strong>: 12\u00b0C<\/li>\n\n\n\n<li><strong>Itajub\u00e1<\/strong>: 13\u00b0C<\/li>\n\n\n\n<li><strong>Po\u00e7os de Caldas<\/strong>: 13\u00b0C<\/li>\n\n\n\n<li><strong>Barbacena<\/strong>: 14\u00b0C<\/li>\n<\/ol>\n\n\n\n<h2 class=\"wp-block-heading\">O que dizem os sites de meteorologia?<\/h2>\n\n\n\n<p>Os&nbsp;<strong>sites de meteorologia<\/strong>&nbsp;especializados indicam que teremos um in\u00edcio de agosto com temperaturas variadas e alta probabilidade de chuvas. Especialistas recomendam aten\u00e7\u00e3o ao clima inst\u00e1vel especialmente nas \u00e1reas serranas. Dados do&nbsp;<strong>INMET<\/strong>&nbsp;(Instituto Nacional de Meteorologia) e do&nbsp;<strong>Climatempo<\/strong>&nbsp;v\u00eam refor\u00e7ando a necessidade de atualiza\u00e7\u00e3o constante para quem transita frequentemente entre cidades do interior e capitais.<\/p>\n\n\n\n<h2 class=\"wp-block-heading\">Como interpretar corretamente as previs\u00f5es do tempo?<\/h2>\n\n\n\n<p>Compreender a&nbsp;<strong>previs\u00e3o do tempo<\/strong>&nbsp;pode evitar erros comuns ao planejar seu dia:<\/p>\n\n\n\n<ul class=\"wp-block-list\">\n<li><strong>Verifique sempre a fonte:<\/strong>\u00a0Consulte sites confi\u00e1veis.<\/li>\n\n\n\n<li><strong>Considere varia\u00e7\u00f5es locais:<\/strong>\u00a0Microclimas podem fazer diferen\u00e7a.<\/li>\n\n\n\n<li><strong>Acompanhe atualiza\u00e7\u00f5es:<\/strong>\u00a0O clima pode mudar rapidamente.<\/li>\n<\/ul>\n\n\n\n<h2 class=\"wp-block-heading\">Como as mudan\u00e7as clim\u00e1ticas afetam o clima do Sudeste?<\/h2>\n\n\n\n<ul class=\"wp-block-list\">\n<li>As\u00a0<strong>mudan\u00e7as clim\u00e1ticas<\/strong>\u00a0s\u00e3o uma realidade que j\u00e1 afeta o Sudeste, trazendo ondas de calor e frio at\u00edpicas para o per\u00edodo.<\/li>\n\n\n\n<li>Compreender as previs\u00f5es te ajuda a estar preparado.<\/li>\n\n\n\n<li>Temperaturas variam bastante no in\u00edcio de agosto, esteja atento \u00e0s atualiza\u00e7\u00f5es.<\/li>\n<\/ul>\n","protected":false},"excerpt":{"rendered":"<p>As\u00a0mudan\u00e7as clim\u00e1ticas\u00a0t\u00eam alterado o clima global, e o\u00a0Sudeste do Brasil\u00a0n\u00e3o \u00e9 exce\u00e7\u00e3o. Esta regi\u00e3o, rica em diversidade clim\u00e1tica, enfrenta novos desafios impostos por essas altera\u00e7\u00f5es. A seguir, exploramos a previs\u00e3o do tempo para a primeira semana de\u00a0agosto de 2025, destacando o impacto das mudan\u00e7as clim\u00e1ticas. Quais s\u00e3o as temperaturas m\u00e1ximas e m\u00ednimas para o Sudeste [&hellip;]<\/p>\n","protected":false},"author":11,"featured_media":73817,"comment_status":"open","ping_status":"open","sticky":false,"template":"","format":"standard","meta":{"jnews-multi-image_gallery":[],"jnews_single_post":{"format":"standard"},"jnews_primary_category":[],"jnews_social_meta":[],"jnews_override_counter":[],"footnotes":""},"categories":[30,1],"tags":[152,2089,9192,1192],"class_list":["post-83493","post","type-post","status-publish","format-standard","has-post-thumbnail","hentry","category-clima","category-noticias","tag-clima","tag-frio","tag-frio-intenso","tag-sudeste"],"yoast_head":"<!-- This site is optimized with the Yoast SEO plugin v23.8 - https:\/\/yoast.com\/wordpress\/plugins\/seo\/ -->\n<title>Uma virada clim\u00e1tica vai surpreender cidades do Sudeste nesta semana - Estado de Minas - Em foco<\/title>\n<meta name=\"description\" content=\"O clima no Sudeste vai surpreender com uma mistura inesperada de frio, calor e chuvas nesta semana. Veja como se preparar para os extremos.\" \/>\n<meta name=\"robots\" content=\"index, follow, max-snippet:-1, max-image-preview:large, max-video-preview:-1\" \/>\n<link rel=\"canonical\" href=\"https:\/\/www.em.com.br\/emfoco\/2025\/07\/31\/uma-virada-climatica-vai-surpreender-cidades-do-sudeste-nesta-semana\/\" \/>\n<meta property=\"og:locale\" content=\"pt_BR\" \/>\n<meta property=\"og:type\" content=\"article\" \/>\n<meta property=\"og:title\" content=\"Uma virada clim\u00e1tica vai surpreender cidades do Sudeste nesta semana - Estado de Minas - Em foco\" \/>\n<meta property=\"og:description\" content=\"O clima no Sudeste vai surpreender com uma mistura inesperada de frio, calor e chuvas nesta semana. Veja como se preparar para os extremos.\" \/>\n<meta property=\"og:url\" content=\"https:\/\/www.em.com.br\/emfoco\/2025\/07\/31\/uma-virada-climatica-vai-surpreender-cidades-do-sudeste-nesta-semana\/\" \/>\n<meta property=\"og:site_name\" content=\"Estado de Minas - Em foco\" \/>\n<meta property=\"article:published_time\" content=\"2025-07-31T09:28:00+00:00\" \/>\n<meta property=\"article:modified_time\" content=\"2025-07-29T21:59:29+00:00\" \/>\n<meta property=\"og:image\" content=\"https:\/\/www.em.com.br\/emfoco\/wp-content\/uploads\/2025\/07\/olhando-o-clima_1752154385637.jpg\" \/>\n\t<meta property=\"og:image:width\" content=\"1280\" \/>\n\t<meta property=\"og:image:height\" content=\"720\" \/>\n\t<meta property=\"og:image:type\" content=\"image\/jpeg\" \/>\n<meta name=\"author\" content=\"Andre\u0301 Rangel\u00a0\" \/>\n<meta name=\"twitter:card\" content=\"summary_large_image\" \/>\n<meta name=\"twitter:label1\" content=\"Escrito por\" \/>\n\t<meta name=\"twitter:data1\" content=\"Andre\u0301 Rangel\u00a0\" \/>\n\t<meta name=\"twitter:label2\" content=\"Est. tempo de leitura\" \/>\n\t<meta name=\"twitter:data2\" content=\"4 minutos\" \/>\n<!-- \/ Yoast SEO plugin. -->","yoast_head_json":{"title":"Uma virada clim\u00e1tica vai surpreender cidades do Sudeste nesta semana - Estado de Minas - Em foco","description":"O clima no Sudeste vai surpreender com uma mistura inesperada de frio, calor e chuvas nesta semana. Veja como se preparar para os extremos.","robots":{"index":"index","follow":"follow","max-snippet":"max-snippet:-1","max-image-preview":"max-image-preview:large","max-video-preview":"max-video-preview:-1"},"canonical":"https:\/\/www.em.com.br\/emfoco\/2025\/07\/31\/uma-virada-climatica-vai-surpreender-cidades-do-sudeste-nesta-semana\/","og_locale":"pt_BR","og_type":"article","og_title":"Uma virada clim\u00e1tica vai surpreender cidades do Sudeste nesta semana - Estado de Minas - Em foco","og_description":"O clima no Sudeste vai surpreender com uma mistura inesperada de frio, calor e chuvas nesta semana. Veja como se preparar para os extremos.","og_url":"https:\/\/www.em.com.br\/emfoco\/2025\/07\/31\/uma-virada-climatica-vai-surpreender-cidades-do-sudeste-nesta-semana\/","og_site_name":"Estado de Minas - Em foco","article_published_time":"2025-07-31T09:28:00+00:00","article_modified_time":"2025-07-29T21:59:29+00:00","og_image":[{"width":1280,"height":720,"url":"https:\/\/www.em.com.br\/emfoco\/wp-content\/uploads\/2025\/07\/olhando-o-clima_1752154385637.jpg","type":"image\/jpeg"}],"author":"Andre\u0301 Rangel\u00a0","twitter_card":"summary_large_image","twitter_misc":{"Escrito por":"Andre\u0301 Rangel\u00a0","Est. tempo de leitura":"4 minutos"},"schema":{"@context":"https:\/\/schema.org","@graph":[{"@type":"WebPage","@id":"https:\/\/www.em.com.br\/emfoco\/2025\/07\/31\/uma-virada-climatica-vai-surpreender-cidades-do-sudeste-nesta-semana\/","url":"https:\/\/www.em.com.br\/emfoco\/2025\/07\/31\/uma-virada-climatica-vai-surpreender-cidades-do-sudeste-nesta-semana\/","name":"Uma virada clim\u00e1tica vai surpreender cidades do Sudeste nesta semana - Estado de Minas - Em foco","isPartOf":{"@id":"https:\/\/www.em.com.br\/emfoco\/#website"},"primaryImageOfPage":{"@id":"https:\/\/www.em.com.br\/emfoco\/2025\/07\/31\/uma-virada-climatica-vai-surpreender-cidades-do-sudeste-nesta-semana\/#primaryimage"},"image":{"@id":"https:\/\/www.em.com.br\/emfoco\/2025\/07\/31\/uma-virada-climatica-vai-surpreender-cidades-do-sudeste-nesta-semana\/#primaryimage"},"thumbnailUrl":"https:\/\/www.em.com.br\/emfoco\/wp-content\/uploads\/2025\/07\/olhando-o-clima_1752154385637.jpg","datePublished":"2025-07-31T09:28:00+00:00","dateModified":"2025-07-29T21:59:29+00:00","author":{"@id":"https:\/\/www.em.com.br\/emfoco\/#\/schema\/person\/60eda09c1fedf0d6891f4cef4b60b8b8"},"description":"O clima no Sudeste vai surpreender com uma mistura inesperada de frio, calor e chuvas nesta semana. Veja como se preparar para os extremos.","breadcrumb":{"@id":"https:\/\/www.em.com.br\/emfoco\/2025\/07\/31\/uma-virada-climatica-vai-surpreender-cidades-do-sudeste-nesta-semana\/#breadcrumb"},"inLanguage":"pt-BR","potentialAction":[{"@type":"ReadAction","target":["https:\/\/www.em.com.br\/emfoco\/2025\/07\/31\/uma-virada-climatica-vai-surpreender-cidades-do-sudeste-nesta-semana\/"]}]},{"@type":"ImageObject","inLanguage":"pt-BR","@id":"https:\/\/www.em.com.br\/emfoco\/2025\/07\/31\/uma-virada-climatica-vai-surpreender-cidades-do-sudeste-nesta-semana\/#primaryimage","url":"https:\/\/www.em.com.br\/emfoco\/wp-content\/uploads\/2025\/07\/olhando-o-clima_1752154385637.jpg","contentUrl":"https:\/\/www.em.com.br\/emfoco\/wp-content\/uploads\/2025\/07\/olhando-o-clima_1752154385637.jpg","width":1280,"height":720,"caption":"Conferindo se est[a chovendo - Cr\u00e9ditos: depositphotos.com \/ romikmk"},{"@type":"BreadcrumbList","@id":"https:\/\/www.em.com.br\/emfoco\/2025\/07\/31\/uma-virada-climatica-vai-surpreender-cidades-do-sudeste-nesta-semana\/#breadcrumb","itemListElement":[{"@type":"ListItem","position":1,"name":"In\u00edcio","item":"https:\/\/www.em.com.br\/emfoco\/"},{"@type":"ListItem","position":2,"name":"Uma virada clim\u00e1tica vai surpreender cidades do Sudeste nesta semana"}]},{"@type":"WebSite","@id":"https:\/\/www.em.com.br\/emfoco\/#website","url":"https:\/\/www.em.com.br\/emfoco\/","name":"Estado de Minas - Em foco","description":"Acompanhe as \u00faltimas not\u00edcias e fique bem informado sobre tudo o que acontece em Minas Gerais, Brasil e no mundo.","potentialAction":[{"@type":"SearchAction","target":{"@type":"EntryPoint","urlTemplate":"https:\/\/www.em.com.br\/emfoco\/?s={search_term_string}"},"query-input":{"@type":"PropertyValueSpecification","valueRequired":true,"valueName":"search_term_string"}}],"inLanguage":"pt-BR"},{"@type":"Person","@id":"https:\/\/www.em.com.br\/emfoco\/#\/schema\/person\/60eda09c1fedf0d6891f4cef4b60b8b8","name":"Andre\u0301 Rangel\u00a0","image":{"@type":"ImageObject","inLanguage":"pt-BR","@id":"https:\/\/www.em.com.br\/emfoco\/#\/schema\/person\/image\/","url":"https:\/\/secure.gravatar.com\/avatar\/6234dc814c77c8ef6d8bba622c787efc?s=96&d=mm&r=g","contentUrl":"https:\/\/secure.gravatar.com\/avatar\/6234dc814c77c8ef6d8bba622c787efc?s=96&d=mm&r=g","caption":"Andre\u0301 Rangel\u00a0"},"url":"https:\/\/www.em.com.br\/emfoco\/author\/luizmyth\/"}]}},"_links":{"self":[{"href":"https:\/\/www.em.com.br\/emfoco\/wp-json\/wp\/v2\/posts\/83493","targetHints":{"allow":["GET"]}}],"collection":[{"href":"https:\/\/www.em.com.br\/emfoco\/wp-json\/wp\/v2\/posts"}],"about":[{"href":"https:\/\/www.em.com.br\/emfoco\/wp-json\/wp\/v2\/types\/post"}],"author":[{"embeddable":true,"href":"https:\/\/www.em.com.br\/emfoco\/wp-json\/wp\/v2\/users\/11"}],"replies":[{"embeddable":true,"href":"https:\/\/www.em.com.br\/emfoco\/wp-json\/wp\/v2\/comments?post=83493"}],"version-history":[{"count":4,"href":"https:\/\/www.em.com.br\/emfoco\/wp-json\/wp\/v2\/posts\/83493\/revisions"}],"predecessor-version":[{"id":83526,"href":"https:\/\/www.em.com.br\/emfoco\/wp-json\/wp\/v2\/posts\/83493\/revisions\/83526"}],"wp:featuredmedia":[{"embeddable":true,"href":"https:\/\/www.em.com.br\/emfoco\/wp-json\/wp\/v2\/media\/73817"}],"wp:attachment":[{"href":"https:\/\/www.em.com.br\/emfoco\/wp-json\/wp\/v2\/media?parent=83493"}],"wp:term":[{"taxonomy":"category","embeddable":true,"href":"https:\/\/www.em.com.br\/emfoco\/wp-json\/wp\/v2\/categories?post=83493"},{"taxonomy":"post_tag","embeddable":true,"href":"https:\/\/www.em.com.br\/emfoco\/wp-json\/wp\/v2\/tags?post=83493"}],"curies":[{"name":"wp","href":"https:\/\/api.w.org\/{rel}","templated":true}]}}