{"id":83475,"date":"2025-07-29T21:30:00","date_gmt":"2025-07-30T00:30:00","guid":{"rendered":"https:\/\/www.em.com.br\/emfoco\/?p=83475"},"modified":"2025-07-29T18:01:49","modified_gmt":"2025-07-29T21:01:49","slug":"dor-lombar-cronica-tem-solucao-eficaz-segundo-especialistas-brasileiros","status":"publish","type":"post","link":"https:\/\/www.em.com.br\/emfoco\/2025\/07\/29\/dor-lombar-cronica-tem-solucao-eficaz-segundo-especialistas-brasileiros\/","title":{"rendered":"Dor lombar cr\u00f4nica tem solu\u00e7\u00e3o eficaz, segundo especialistas brasileiros"},"content":{"rendered":"\n<p>O problema da dor lombar cr\u00f4nica impacta a vida de milh\u00f5es de pessoas em todo o mundo, comprometendo suas atividades di\u00e1rias e a qualidade de vida geral. Este tipo de dor, situada na parte inferior das costas, persiste por mais de tr\u00eas meses e possui diversas origens, tais como les\u00f5es musculares, problemas estruturais, h\u00e9rnias de disco e quest\u00f5es emocionais. Compreender suas causas e o impacto no cotidiano \u00e9 fundamental para buscar solu\u00e7\u00f5es adequadas e evitar complica\u00e7\u00f5es adicionais, segundo <a href=\"https:\/\/clinicaavanttos.com.br\/como-tratar-e-prevenir-a-dor-lombar-cronica\/\" target=\"_blank\" rel=\"noreferrer noopener\">a Cl\u00ednica Avanttos.<\/a><\/p>\n\n\n\n<p>Entre os principais fatores contribuindo para a dor lombar cr\u00f4nica est\u00e3o a m\u00e1 postura, sedentarismo, esfor\u00e7o f\u00edsico excessivo e at\u00e9 mesmo condi\u00e7\u00f5es heredit\u00e1rias. Identificar como esses elementos se inter-relacionam \u00e9 essencial para encontrar tratamentos mais precisos. Enfrentar a dor lombar cr\u00f4nica envolve uma abordagem multidisciplinar, uma vez que o manejo desta condi\u00e7\u00e3o pode exigir desde interven\u00e7\u00f5es m\u00e9dicas at\u00e9 fisioterapia e <a href=\"https:\/\/www.em.com.br\/emfoco\/2025\/07\/28\/especialistas-alertam-a-ma-postura-no-home-office-esta-causando-problemas-graves\/\" target=\"_blank\" rel=\"noreferrer noopener\">exerc\u00edcios espec\u00edficos.<\/a><\/p>\n\n\n\n<h2 class=\"wp-block-heading\">O que caracteriza a dor lombar cr\u00f4nica?<\/h2>\n\n\n\n<p>A dor lombar cr\u00f4nica se distingue da dor aguda por sua dura\u00e7\u00e3o prolongada e sua resist\u00eancia a m\u00e9todos tradicionais de al\u00edvio, como repouso ou analg\u00e9sicos simples. Esta condi\u00e7\u00e3o muitas vezes est\u00e1 associada a altera\u00e7\u00f5es no estilo de vida, desajustes biomec\u00e2nicos ou desequil\u00edbrios emocionais. Atletas, como golfistas e jogadores de t\u00eanis, frequentemente enfrentam esse tipo de dor devido \u00e0 repeti\u00e7\u00e3o de movimentos de alta intensidade, que sobrecarregam a regi\u00e3o lombar.<\/p>\n\n\n\n<h2 class=\"wp-block-heading\">Quais fatores contribuem para o surgimento dessa condi\u00e7\u00e3o?<\/h2>\n\n\n\n<p>Diversos fatores podem desencadear ou exacerbar a dor lombar cr\u00f4nica, incluindo postura inadequada, principalmente em ambientes de trabalho que n\u00e3o oferecem ergonomia adequada, e sedentarismo, que reduz o fortalecimento muscular essencial para a prote\u00e7\u00e3o da coluna. Al\u00e9m disso, movimentos bruscos ou o levantamento incorreto de peso podem causar les\u00f5es na musculatura e estruturas lombares, aumentando a predisposi\u00e7\u00e3o \u00e0 dor.<\/p>\n\n\n<div class=\"wp-block-image\">\n<figure class=\"aligncenter size-large\"><img loading=\"lazy\" decoding=\"async\" width=\"1024\" height=\"576\" src=\"https:\/\/www.em.com.br\/emfoco\/wp-content\/uploads\/2025\/07\/dor-lombar_1753822868049-1024x576.jpg\" alt=\"Dor lombar cr\u00f4nica tem solu\u00e7\u00e3o eficaz, segundo especialistas brasileiros\" class=\"wp-image-83478\" srcset=\"https:\/\/www.em.com.br\/emfoco\/wp-content\/uploads\/2025\/07\/dor-lombar_1753822868049-1024x576.jpg 1024w, https:\/\/www.em.com.br\/emfoco\/wp-content\/uploads\/2025\/07\/dor-lombar_1753822868049-300x169.jpg 300w, https:\/\/www.em.com.br\/emfoco\/wp-content\/uploads\/2025\/07\/dor-lombar_1753822868049-768x432.jpg 768w, https:\/\/www.em.com.br\/emfoco\/wp-content\/uploads\/2025\/07\/dor-lombar_1753822868049-750x422.jpg 750w, https:\/\/www.em.com.br\/emfoco\/wp-content\/uploads\/2025\/07\/dor-lombar_1753822868049-1140x641.jpg 1140w, https:\/\/www.em.com.br\/emfoco\/wp-content\/uploads\/2025\/07\/dor-lombar_1753822868049.jpg 1280w\" sizes=\"auto, (max-width: 1024px) 100vw, 1024px\" \/><figcaption class=\"wp-element-caption\">Dor na lombar (Cr\u00e9ditos: depositphotos.com \/ AndrewLozovyi)<\/figcaption><\/figure><\/div>\n\n\n<h2 class=\"wp-block-heading\">Como a fisioterapia pode ajudar no controle da dor?<\/h2>\n\n\n\n<p>A fisioterapia desempenha um papel crucial na gest\u00e3o da dor lombar cr\u00f4nica, atrav\u00e9s de estrat\u00e9gias que visam fortalecer a musculatura de suporte, aumentar a flexibilidade e aliviar a tens\u00e3o acumulada. T\u00e9cnicas comuns incluem:<\/p>\n\n\n\n<ul class=\"wp-block-list\">\n<li><strong>Exerc\u00edcios de estabiliza\u00e7\u00e3o:<\/strong> que ajudam a fortalecer os m\u00fasculos centrais, como Pilates cl\u00ednico e reeduca\u00e7\u00e3o postural global.<\/li>\n\n\n\n<li><strong>Terapias manuais:<\/strong> onde os fisioterapeutas realizam movimentos controlados para aliviar a dor e restaurar a posi\u00e7\u00e3o articular correta.<\/li>\n\n\n\n<li><strong>Alongamentos:<\/strong> Cruciais para a manuten\u00e7\u00e3o da mobilidade e redu\u00e7\u00e3o da rigidez muscular.<\/li>\n\n\n\n<li><strong>Treinamento funcional:<\/strong> Focado em simular atividades do dia a dia, contribuindo para uma postura correta e prevenindo novas les\u00f5es.<\/li>\n<\/ul>\n\n\n\n<h2 class=\"wp-block-heading\">Como prevenir a dor lombar e suas complica\u00e7\u00f5es?<\/h2>\n\n\n\n<p>Prevenir a dor lombar cr\u00f4nica envolve adotar medidas proativas que englobam a pr\u00e1tica regular de exerc\u00edcios f\u00edsicos, manuten\u00e7\u00e3o de uma postura correta no trabalho e em casa, e aten\u00e7\u00e3o aos sinais do corpo. \u00c9 fundamental evitar permanecer em uma mesma posi\u00e7\u00e3o por per\u00edodos prolongados e garantir que os m\u00f3veis de trabalho, como cadeiras e mesas, oferecem o suporte ergon\u00f4mico necess\u00e1rio.<\/p>\n\n\n\n<p>Al\u00e9m disso, manter o peso corporal saud\u00e1vel e realizar alongamentos diariamente s\u00e3o pr\u00e1ticas recomendadas para preservar a sa\u00fade lombar. Consultar um profissional de sa\u00fade ao primeiro sinal de dor persistente \u00e9 vital para um diagn\u00f3stico preciso e um plano de tratamento adequado, evitando o agravamento da condi\u00e7\u00e3o e promovendo uma vida ativa e sem dores.<\/p>\n","protected":false},"excerpt":{"rendered":"<p>O problema da dor lombar cr\u00f4nica impacta a vida de milh\u00f5es de pessoas em todo o mundo, comprometendo suas atividades di\u00e1rias e a qualidade de vida geral. Este tipo de dor, situada na parte inferior das costas, persiste por mais de tr\u00eas meses e possui diversas origens, tais como les\u00f5es musculares, problemas estruturais, h\u00e9rnias de [&hellip;]<\/p>\n","protected":false},"author":10,"featured_media":83477,"comment_status":"open","ping_status":"open","sticky":false,"template":"","format":"standard","meta":{"jnews-multi-image_gallery":[],"jnews_single_post":{"format":"standard"},"jnews_primary_category":[],"jnews_social_meta":[],"jnews_override_counter":[],"footnotes":""},"categories":[9053],"tags":[5286,9688,10598,415],"class_list":["post-83475","post","type-post","status-publish","format-standard","has-post-thumbnail","hentry","category-saude","tag-coluna","tag-dores","tag-lombar","tag-saude"],"yoast_head":"<!-- This site is optimized with the Yoast SEO plugin v23.8 - https:\/\/yoast.com\/wordpress\/plugins\/seo\/ -->\n<title>Dor lombar cr\u00f4nica tem solu\u00e7\u00e3o eficaz, segundo especialistas brasileiros - Estado de Minas - Em foco<\/title>\n<meta name=\"description\" content=\"Essa abordagem natural est\u00e1 ajudando milhares a se livrarem da dor lombar. Saiba como cuidar da sa\u00fade lombar e voltar a se movimentar.\" \/>\n<meta name=\"robots\" content=\"index, follow, max-snippet:-1, max-image-preview:large, max-video-preview:-1\" \/>\n<link rel=\"canonical\" href=\"https:\/\/www.em.com.br\/emfoco\/2025\/07\/29\/dor-lombar-cronica-tem-solucao-eficaz-segundo-especialistas-brasileiros\/\" \/>\n<meta property=\"og:locale\" content=\"pt_BR\" \/>\n<meta property=\"og:type\" content=\"article\" \/>\n<meta property=\"og:title\" content=\"Dor lombar cr\u00f4nica tem solu\u00e7\u00e3o eficaz, segundo especialistas brasileiros - Estado de Minas - Em foco\" \/>\n<meta property=\"og:description\" content=\"Essa abordagem natural est\u00e1 ajudando milhares a se livrarem da dor lombar. Saiba como cuidar da sa\u00fade lombar e voltar a se movimentar.\" \/>\n<meta property=\"og:url\" content=\"https:\/\/www.em.com.br\/emfoco\/2025\/07\/29\/dor-lombar-cronica-tem-solucao-eficaz-segundo-especialistas-brasileiros\/\" \/>\n<meta property=\"og:site_name\" content=\"Estado de Minas - Em foco\" \/>\n<meta property=\"article:published_time\" content=\"2025-07-30T00:30:00+00:00\" \/>\n<meta property=\"article:modified_time\" content=\"2025-07-29T21:01:49+00:00\" \/>\n<meta property=\"og:image\" content=\"https:\/\/www.em.com.br\/emfoco\/wp-content\/uploads\/2025\/07\/dor-lombar_1753822772992.jpg\" \/>\n\t<meta property=\"og:image:width\" content=\"1280\" \/>\n\t<meta property=\"og:image:height\" content=\"720\" \/>\n\t<meta property=\"og:image:type\" content=\"image\/jpeg\" \/>\n<meta name=\"author\" content=\"Patryck Reinehr\" \/>\n<meta name=\"twitter:card\" content=\"summary_large_image\" \/>\n<meta name=\"twitter:label1\" content=\"Escrito por\" \/>\n\t<meta name=\"twitter:data1\" content=\"Patryck Reinehr\" \/>\n\t<meta name=\"twitter:label2\" content=\"Est. tempo de leitura\" \/>\n\t<meta name=\"twitter:data2\" content=\"4 minutos\" \/>\n<!-- \/ Yoast SEO plugin. -->","yoast_head_json":{"title":"Dor lombar cr\u00f4nica tem solu\u00e7\u00e3o eficaz, segundo especialistas brasileiros - Estado de Minas - Em foco","description":"Essa abordagem natural est\u00e1 ajudando milhares a se livrarem da dor lombar. Saiba como cuidar da sa\u00fade lombar e voltar a se movimentar.","robots":{"index":"index","follow":"follow","max-snippet":"max-snippet:-1","max-image-preview":"max-image-preview:large","max-video-preview":"max-video-preview:-1"},"canonical":"https:\/\/www.em.com.br\/emfoco\/2025\/07\/29\/dor-lombar-cronica-tem-solucao-eficaz-segundo-especialistas-brasileiros\/","og_locale":"pt_BR","og_type":"article","og_title":"Dor lombar cr\u00f4nica tem solu\u00e7\u00e3o eficaz, segundo especialistas brasileiros - Estado de Minas - Em foco","og_description":"Essa abordagem natural est\u00e1 ajudando milhares a se livrarem da dor lombar. Saiba como cuidar da sa\u00fade lombar e voltar a se movimentar.","og_url":"https:\/\/www.em.com.br\/emfoco\/2025\/07\/29\/dor-lombar-cronica-tem-solucao-eficaz-segundo-especialistas-brasileiros\/","og_site_name":"Estado de Minas - Em foco","article_published_time":"2025-07-30T00:30:00+00:00","article_modified_time":"2025-07-29T21:01:49+00:00","og_image":[{"width":1280,"height":720,"url":"https:\/\/www.em.com.br\/emfoco\/wp-content\/uploads\/2025\/07\/dor-lombar_1753822772992.jpg","type":"image\/jpeg"}],"author":"Patryck Reinehr","twitter_card":"summary_large_image","twitter_misc":{"Escrito por":"Patryck Reinehr","Est. tempo de leitura":"4 minutos"},"schema":{"@context":"https:\/\/schema.org","@graph":[{"@type":"WebPage","@id":"https:\/\/www.em.com.br\/emfoco\/2025\/07\/29\/dor-lombar-cronica-tem-solucao-eficaz-segundo-especialistas-brasileiros\/","url":"https:\/\/www.em.com.br\/emfoco\/2025\/07\/29\/dor-lombar-cronica-tem-solucao-eficaz-segundo-especialistas-brasileiros\/","name":"Dor lombar cr\u00f4nica tem solu\u00e7\u00e3o eficaz, segundo especialistas brasileiros - Estado de Minas - Em foco","isPartOf":{"@id":"https:\/\/www.em.com.br\/emfoco\/#website"},"primaryImageOfPage":{"@id":"https:\/\/www.em.com.br\/emfoco\/2025\/07\/29\/dor-lombar-cronica-tem-solucao-eficaz-segundo-especialistas-brasileiros\/#primaryimage"},"image":{"@id":"https:\/\/www.em.com.br\/emfoco\/2025\/07\/29\/dor-lombar-cronica-tem-solucao-eficaz-segundo-especialistas-brasileiros\/#primaryimage"},"thumbnailUrl":"https:\/\/www.em.com.br\/emfoco\/wp-content\/uploads\/2025\/07\/dor-lombar_1753822772992.jpg","datePublished":"2025-07-30T00:30:00+00:00","dateModified":"2025-07-29T21:01:49+00:00","author":{"@id":"https:\/\/www.em.com.br\/emfoco\/#\/schema\/person\/43407752bebcbbb4d0ec79deedc0d7ce"},"description":"Essa abordagem natural est\u00e1 ajudando milhares a se livrarem da dor lombar. Saiba como cuidar da sa\u00fade lombar e voltar a se movimentar.","breadcrumb":{"@id":"https:\/\/www.em.com.br\/emfoco\/2025\/07\/29\/dor-lombar-cronica-tem-solucao-eficaz-segundo-especialistas-brasileiros\/#breadcrumb"},"inLanguage":"pt-BR","potentialAction":[{"@type":"ReadAction","target":["https:\/\/www.em.com.br\/emfoco\/2025\/07\/29\/dor-lombar-cronica-tem-solucao-eficaz-segundo-especialistas-brasileiros\/"]}]},{"@type":"ImageObject","inLanguage":"pt-BR","@id":"https:\/\/www.em.com.br\/emfoco\/2025\/07\/29\/dor-lombar-cronica-tem-solucao-eficaz-segundo-especialistas-brasileiros\/#primaryimage","url":"https:\/\/www.em.com.br\/emfoco\/wp-content\/uploads\/2025\/07\/dor-lombar_1753822772992.jpg","contentUrl":"https:\/\/www.em.com.br\/emfoco\/wp-content\/uploads\/2025\/07\/dor-lombar_1753822772992.jpg","width":1280,"height":720,"caption":"Dor na lombar (Cr\u00e9ditos: depositphotos.com \/ IgorVetushko)"},{"@type":"BreadcrumbList","@id":"https:\/\/www.em.com.br\/emfoco\/2025\/07\/29\/dor-lombar-cronica-tem-solucao-eficaz-segundo-especialistas-brasileiros\/#breadcrumb","itemListElement":[{"@type":"ListItem","position":1,"name":"In\u00edcio","item":"https:\/\/www.em.com.br\/emfoco\/"},{"@type":"ListItem","position":2,"name":"Dor lombar cr\u00f4nica tem solu\u00e7\u00e3o eficaz, segundo especialistas brasileiros"}]},{"@type":"WebSite","@id":"https:\/\/www.em.com.br\/emfoco\/#website","url":"https:\/\/www.em.com.br\/emfoco\/","name":"Estado de Minas - Em foco","description":"Acompanhe as \u00faltimas not\u00edcias e fique bem informado sobre tudo o que acontece em Minas Gerais, Brasil e no mundo.","potentialAction":[{"@type":"SearchAction","target":{"@type":"EntryPoint","urlTemplate":"https:\/\/www.em.com.br\/emfoco\/?s={search_term_string}"},"query-input":{"@type":"PropertyValueSpecification","valueRequired":true,"valueName":"search_term_string"}}],"inLanguage":"pt-BR"},{"@type":"Person","@id":"https:\/\/www.em.com.br\/emfoco\/#\/schema\/person\/43407752bebcbbb4d0ec79deedc0d7ce","name":"Patryck Reinehr","image":{"@type":"ImageObject","inLanguage":"pt-BR","@id":"https:\/\/www.em.com.br\/emfoco\/#\/schema\/person\/image\/","url":"https:\/\/secure.gravatar.com\/avatar\/570c7fb2898c0e2df0823196891bea88?s=96&d=mm&r=g","contentUrl":"https:\/\/secure.gravatar.com\/avatar\/570c7fb2898c0e2df0823196891bea88?s=96&d=mm&r=g","caption":"Patryck Reinehr"},"url":"https:\/\/www.em.com.br\/emfoco\/author\/patryckmyth\/"}]}},"_links":{"self":[{"href":"https:\/\/www.em.com.br\/emfoco\/wp-json\/wp\/v2\/posts\/83475","targetHints":{"allow":["GET"]}}],"collection":[{"href":"https:\/\/www.em.com.br\/emfoco\/wp-json\/wp\/v2\/posts"}],"about":[{"href":"https:\/\/www.em.com.br\/emfoco\/wp-json\/wp\/v2\/types\/post"}],"author":[{"embeddable":true,"href":"https:\/\/www.em.com.br\/emfoco\/wp-json\/wp\/v2\/users\/10"}],"replies":[{"embeddable":true,"href":"https:\/\/www.em.com.br\/emfoco\/wp-json\/wp\/v2\/comments?post=83475"}],"version-history":[{"count":1,"href":"https:\/\/www.em.com.br\/emfoco\/wp-json\/wp\/v2\/posts\/83475\/revisions"}],"predecessor-version":[{"id":83479,"href":"https:\/\/www.em.com.br\/emfoco\/wp-json\/wp\/v2\/posts\/83475\/revisions\/83479"}],"wp:featuredmedia":[{"embeddable":true,"href":"https:\/\/www.em.com.br\/emfoco\/wp-json\/wp\/v2\/media\/83477"}],"wp:attachment":[{"href":"https:\/\/www.em.com.br\/emfoco\/wp-json\/wp\/v2\/media?parent=83475"}],"wp:term":[{"taxonomy":"category","embeddable":true,"href":"https:\/\/www.em.com.br\/emfoco\/wp-json\/wp\/v2\/categories?post=83475"},{"taxonomy":"post_tag","embeddable":true,"href":"https:\/\/www.em.com.br\/emfoco\/wp-json\/wp\/v2\/tags?post=83475"}],"curies":[{"name":"wp","href":"https:\/\/api.w.org\/{rel}","templated":true}]}}