{"id":83467,"date":"2025-07-31T08:28:00","date_gmt":"2025-07-31T11:28:00","guid":{"rendered":"https:\/\/www.em.com.br\/emfoco\/?p=83467"},"modified":"2025-07-29T18:59:41","modified_gmt":"2025-07-29T21:59:41","slug":"esses-3-signos-serao-vitimas-de-traicao-nas-ultimas-horas-de-julho","status":"publish","type":"post","link":"https:\/\/www.em.com.br\/emfoco\/2025\/07\/31\/esses-3-signos-serao-vitimas-de-traicao-nas-ultimas-horas-de-julho\/","title":{"rendered":"Esses 3 signos ser\u00e3o v\u00edtimas de trai\u00e7\u00e3o nas \u00faltimas horas de julho"},"content":{"rendered":"\n<p><strong>As energias c\u00f3smicas<\/strong>&nbsp;est\u00e3o especialmente intensas neste fim de m\u00eas. Com o m\u00eas de&nbsp;<strong>julho<\/strong>&nbsp;se despedindo, movimentos sutis no c\u00e9u podem provocar revela\u00e7\u00f5es emocionais inesperadas. \u00c9 essencial prestar aten\u00e7\u00e3o aos sinais e estar preparado para enfrentar desafios.<\/p>\n\n\n\n<ul class=\"wp-block-list\">\n<li>As \u00faltimas horas de\u00a0<strong>julho<\/strong>\u00a0podem trazer \u00e0 tona trai\u00e7\u00f5es emocionais.<\/li>\n\n\n\n<li><strong>Peixes<\/strong>,\u00a0<strong>Aqu\u00e1rio<\/strong>\u00a0e\u00a0<strong>C\u00e2ncer<\/strong>\u00a0devem lidar com testes emocionais importantes.<\/li>\n\n\n\n<li>A conex\u00e3o emocional ser\u00e1 a chave para superar essas dificuldades.<\/li>\n<\/ul>\n\n\n\n<h2 class=\"wp-block-heading\">Como peixes pode evitar desilus\u00f5es?<\/h2>\n\n\n\n<p>Quando a sensibilidade de Peixes \u00e9 intensificada por energias inst\u00e1veis, o risco de distor\u00e7\u00e3o da realidade aumenta. Este <a href=\"https:\/\/joaobidu.com.br\/horoscopo-do-dia\/\" target=\"_blank\" rel=\"noreferrer noopener\">signo<\/a>, regido por\u00a0<strong>Netuno<\/strong>, tende a idealizar o outro, o que pode levar a decep\u00e7\u00f5es.<\/p>\n\n\n\n<p>Um flerte inofensivo pode virar um portal perigoso. Peixes precisa resgatar sua \u00e2ncora emocional para manter os p\u00e9s no ch\u00e3o. Praticar a medita\u00e7\u00e3o ou buscar momentos de contato com a natureza em&nbsp;<strong>Cidades como Florian\u00f3polis<\/strong>, pode ajudar a restaurar sua centra\u00e7\u00e3o.<\/p>\n\n\n\n<figure class=\"wp-block-image\"><img decoding=\"async\" src=\"https:\/\/www.em.com.br\/emfoco\/wp-content\/uploads\/2025\/02\/horoscopo_1740792668649-1-1024x576.jpg\" alt=\"\"\/><figcaption class=\"wp-element-caption\">Imagem mandala de signos &#8211; Cr\u00e9ditos: depositphotos.com \/ gmac84<\/figcaption><\/figure>\n\n\n\n<h2 class=\"wp-block-heading\">Por que aqu\u00e1rio pode ter sua liberdade mal interpretada?<\/h2>\n\n\n\n<p>Aqu\u00e1rio valoriza a independ\u00eancia, mas essa busca pode ferir quem espera reciprocidade. \u00c9 preciso cuidado para n\u00e3o transformar o desejo de novidade em algo trai\u00e7oeiro.<\/p>\n\n\n\n<p>A comunica\u00e7\u00e3o clara e o respeito s\u00e3o essenciais para evitar conflitos emocionais. Participar de conversas francas em eventos presenciais ou online, como nas redes do&nbsp;<strong>Instagram<\/strong>, pode facilitar a compreens\u00e3o m\u00fatua.<\/p>\n\n\n\n<h2 class=\"wp-block-heading\">Qual o motivo para c\u00e2ncer evitar sil\u00eancios?<\/h2>\n\n\n\n<p>Regido pela&nbsp;<strong>Lua<\/strong>, C\u00e2ncer busca prote\u00e7\u00e3o e pode acabar se isolando emocionalmente. Essa busca pode ser confundida com desejo, resultando em liga\u00e7\u00f5es secretas.<\/p>\n\n\n\n<p>Trai\u00e7\u00f5es em C\u00e2ncer ocorrem no cora\u00e7\u00e3o e em mensagens escondidas. A comunica\u00e7\u00e3o aberta \u00e9 a chave para superar inseguran\u00e7as. Uma dica \u00e9 investir em sess\u00f5es de terapia ou conversar com amigos de confian\u00e7a, especialmente durante per\u00edodos como o fim de&nbsp;<strong>julho<\/strong>.<\/p>\n\n\n\n<p>Leia tamb\u00e9m: <a href=\"https:\/\/www.em.com.br\/emfoco\/2025\/07\/29\/se-o-seu-signo-esta-na-lista-prepare-se-para-uma-virada-amorosa\/\" target=\"_blank\" rel=\"noreferrer noopener\">Se o seu signo est\u00e1 na lista, prepare-se para uma virada amorosa<\/a><\/p>\n\n\n\n<h2 class=\"wp-block-heading\">Julho termina com possibilidades de renova\u00e7\u00e3o?<\/h2>\n\n\n\n<ul class=\"wp-block-list\">\n<li>Conscientiza\u00e7\u00e3o e autocuidado podem transformar conflitos em crescimento.<\/li>\n\n\n\n<li>Di\u00e1logo constante mant\u00e9m os v\u00ednculos fortes e verdadeiros.<\/li>\n\n\n\n<li>Peixes, Aqu\u00e1rio e C\u00e2ncer podem usar esse per\u00edodo para fortalecer rela\u00e7\u00f5es e buscar novas perspectivas para o m\u00eas de\u00a0<strong>agosto<\/strong>.<\/li>\n<\/ul>\n","protected":false},"excerpt":{"rendered":"<p>As energias c\u00f3smicas&nbsp;est\u00e3o especialmente intensas neste fim de m\u00eas. Com o m\u00eas de&nbsp;julho&nbsp;se despedindo, movimentos sutis no c\u00e9u podem provocar revela\u00e7\u00f5es emocionais inesperadas. \u00c9 essencial prestar aten\u00e7\u00e3o aos sinais e estar preparado para enfrentar desafios. Como peixes pode evitar desilus\u00f5es? Quando a sensibilidade de Peixes \u00e9 intensificada por energias inst\u00e1veis, o risco de distor\u00e7\u00e3o da [&hellip;]<\/p>\n","protected":false},"author":11,"featured_media":32113,"comment_status":"open","ping_status":"open","sticky":false,"template":"","format":"standard","meta":{"jnews-multi-image_gallery":[],"jnews_single_post":{"format":"standard"},"jnews_primary_category":[],"jnews_social_meta":[],"jnews_override_counter":[],"footnotes":""},"categories":[1,25],"tags":[297,10742,168,3378],"class_list":["post-83467","post","type-post","status-publish","format-standard","has-post-thumbnail","hentry","category-noticias","category-signos","tag-astrologia","tag-julho","tag-signos","tag-signos-2025"],"yoast_head":"<!-- This site is optimized with the Yoast SEO plugin v23.8 - https:\/\/yoast.com\/wordpress\/plugins\/seo\/ -->\n<title>Esses 3 signos ser\u00e3o v\u00edtimas de trai\u00e7\u00e3o nas \u00faltimas horas de julho - Estado de Minas - Em foco<\/title>\n<meta name=\"description\" content=\"Trai\u00e7\u00f5es e desilus\u00f5es podem marcar o fim de julho para alguns signos. Veja como lidar com as emo\u00e7\u00f5es e transformar desafios em for\u00e7a.\" \/>\n<meta name=\"robots\" content=\"index, follow, max-snippet:-1, max-image-preview:large, max-video-preview:-1\" \/>\n<link rel=\"canonical\" href=\"https:\/\/www.em.com.br\/emfoco\/2025\/07\/31\/esses-3-signos-serao-vitimas-de-traicao-nas-ultimas-horas-de-julho\/\" \/>\n<meta property=\"og:locale\" content=\"pt_BR\" \/>\n<meta property=\"og:type\" content=\"article\" \/>\n<meta property=\"og:title\" content=\"Esses 3 signos ser\u00e3o v\u00edtimas de trai\u00e7\u00e3o nas \u00faltimas horas de julho - Estado de Minas - Em foco\" \/>\n<meta property=\"og:description\" content=\"Trai\u00e7\u00f5es e desilus\u00f5es podem marcar o fim de julho para alguns signos. Veja como lidar com as emo\u00e7\u00f5es e transformar desafios em for\u00e7a.\" \/>\n<meta property=\"og:url\" content=\"https:\/\/www.em.com.br\/emfoco\/2025\/07\/31\/esses-3-signos-serao-vitimas-de-traicao-nas-ultimas-horas-de-julho\/\" \/>\n<meta property=\"og:site_name\" content=\"Estado de Minas - Em foco\" \/>\n<meta property=\"article:published_time\" content=\"2025-07-31T11:28:00+00:00\" \/>\n<meta property=\"article:modified_time\" content=\"2025-07-29T21:59:41+00:00\" \/>\n<meta property=\"og:image\" content=\"https:\/\/www.em.com.br\/emfoco\/wp-content\/uploads\/2025\/03\/traicao_1742921579371.jpg\" \/>\n\t<meta property=\"og:image:width\" content=\"1280\" \/>\n\t<meta property=\"og:image:height\" content=\"720\" \/>\n\t<meta property=\"og:image:type\" content=\"image\/jpeg\" \/>\n<meta name=\"author\" content=\"Andre\u0301 Rangel\u00a0\" \/>\n<meta name=\"twitter:card\" content=\"summary_large_image\" \/>\n<meta name=\"twitter:label1\" content=\"Escrito por\" \/>\n\t<meta name=\"twitter:data1\" content=\"Andre\u0301 Rangel\u00a0\" \/>\n\t<meta name=\"twitter:label2\" content=\"Est. tempo de leitura\" \/>\n\t<meta name=\"twitter:data2\" content=\"3 minutos\" \/>\n<!-- \/ Yoast SEO plugin. -->","yoast_head_json":{"title":"Esses 3 signos ser\u00e3o v\u00edtimas de trai\u00e7\u00e3o nas \u00faltimas horas de julho - Estado de Minas - Em foco","description":"Trai\u00e7\u00f5es e desilus\u00f5es podem marcar o fim de julho para alguns signos. Veja como lidar com as emo\u00e7\u00f5es e transformar desafios em for\u00e7a.","robots":{"index":"index","follow":"follow","max-snippet":"max-snippet:-1","max-image-preview":"max-image-preview:large","max-video-preview":"max-video-preview:-1"},"canonical":"https:\/\/www.em.com.br\/emfoco\/2025\/07\/31\/esses-3-signos-serao-vitimas-de-traicao-nas-ultimas-horas-de-julho\/","og_locale":"pt_BR","og_type":"article","og_title":"Esses 3 signos ser\u00e3o v\u00edtimas de trai\u00e7\u00e3o nas \u00faltimas horas de julho - Estado de Minas - Em foco","og_description":"Trai\u00e7\u00f5es e desilus\u00f5es podem marcar o fim de julho para alguns signos. Veja como lidar com as emo\u00e7\u00f5es e transformar desafios em for\u00e7a.","og_url":"https:\/\/www.em.com.br\/emfoco\/2025\/07\/31\/esses-3-signos-serao-vitimas-de-traicao-nas-ultimas-horas-de-julho\/","og_site_name":"Estado de Minas - Em foco","article_published_time":"2025-07-31T11:28:00+00:00","article_modified_time":"2025-07-29T21:59:41+00:00","og_image":[{"width":1280,"height":720,"url":"https:\/\/www.em.com.br\/emfoco\/wp-content\/uploads\/2025\/03\/traicao_1742921579371.jpg","type":"image\/jpeg"}],"author":"Andre\u0301 Rangel\u00a0","twitter_card":"summary_large_image","twitter_misc":{"Escrito por":"Andre\u0301 Rangel\u00a0","Est. tempo de leitura":"3 minutos"},"schema":{"@context":"https:\/\/schema.org","@graph":[{"@type":"WebPage","@id":"https:\/\/www.em.com.br\/emfoco\/2025\/07\/31\/esses-3-signos-serao-vitimas-de-traicao-nas-ultimas-horas-de-julho\/","url":"https:\/\/www.em.com.br\/emfoco\/2025\/07\/31\/esses-3-signos-serao-vitimas-de-traicao-nas-ultimas-horas-de-julho\/","name":"Esses 3 signos ser\u00e3o v\u00edtimas de trai\u00e7\u00e3o nas \u00faltimas horas de julho - Estado de Minas - Em foco","isPartOf":{"@id":"https:\/\/www.em.com.br\/emfoco\/#website"},"primaryImageOfPage":{"@id":"https:\/\/www.em.com.br\/emfoco\/2025\/07\/31\/esses-3-signos-serao-vitimas-de-traicao-nas-ultimas-horas-de-julho\/#primaryimage"},"image":{"@id":"https:\/\/www.em.com.br\/emfoco\/2025\/07\/31\/esses-3-signos-serao-vitimas-de-traicao-nas-ultimas-horas-de-julho\/#primaryimage"},"thumbnailUrl":"https:\/\/www.em.com.br\/emfoco\/wp-content\/uploads\/2025\/03\/traicao_1742921579371.jpg","datePublished":"2025-07-31T11:28:00+00:00","dateModified":"2025-07-29T21:59:41+00:00","author":{"@id":"https:\/\/www.em.com.br\/emfoco\/#\/schema\/person\/60eda09c1fedf0d6891f4cef4b60b8b8"},"description":"Trai\u00e7\u00f5es e desilus\u00f5es podem marcar o fim de julho para alguns signos. Veja como lidar com as emo\u00e7\u00f5es e transformar desafios em for\u00e7a.","breadcrumb":{"@id":"https:\/\/www.em.com.br\/emfoco\/2025\/07\/31\/esses-3-signos-serao-vitimas-de-traicao-nas-ultimas-horas-de-julho\/#breadcrumb"},"inLanguage":"pt-BR","potentialAction":[{"@type":"ReadAction","target":["https:\/\/www.em.com.br\/emfoco\/2025\/07\/31\/esses-3-signos-serao-vitimas-de-traicao-nas-ultimas-horas-de-julho\/"]}]},{"@type":"ImageObject","inLanguage":"pt-BR","@id":"https:\/\/www.em.com.br\/emfoco\/2025\/07\/31\/esses-3-signos-serao-vitimas-de-traicao-nas-ultimas-horas-de-julho\/#primaryimage","url":"https:\/\/www.em.com.br\/emfoco\/wp-content\/uploads\/2025\/03\/traicao_1742921579371.jpg","contentUrl":"https:\/\/www.em.com.br\/emfoco\/wp-content\/uploads\/2025\/03\/traicao_1742921579371.jpg","width":1280,"height":720,"caption":"Trai\u00e7\u00e3o - Cr\u00e9ditos: depositphotos.com \/ Milkos"},{"@type":"BreadcrumbList","@id":"https:\/\/www.em.com.br\/emfoco\/2025\/07\/31\/esses-3-signos-serao-vitimas-de-traicao-nas-ultimas-horas-de-julho\/#breadcrumb","itemListElement":[{"@type":"ListItem","position":1,"name":"In\u00edcio","item":"https:\/\/www.em.com.br\/emfoco\/"},{"@type":"ListItem","position":2,"name":"Esses 3 signos ser\u00e3o v\u00edtimas de trai\u00e7\u00e3o nas \u00faltimas horas de julho"}]},{"@type":"WebSite","@id":"https:\/\/www.em.com.br\/emfoco\/#website","url":"https:\/\/www.em.com.br\/emfoco\/","name":"Estado de Minas - Em foco","description":"Acompanhe as \u00faltimas not\u00edcias e fique bem informado sobre tudo o que acontece em Minas Gerais, Brasil e no mundo.","potentialAction":[{"@type":"SearchAction","target":{"@type":"EntryPoint","urlTemplate":"https:\/\/www.em.com.br\/emfoco\/?s={search_term_string}"},"query-input":{"@type":"PropertyValueSpecification","valueRequired":true,"valueName":"search_term_string"}}],"inLanguage":"pt-BR"},{"@type":"Person","@id":"https:\/\/www.em.com.br\/emfoco\/#\/schema\/person\/60eda09c1fedf0d6891f4cef4b60b8b8","name":"Andre\u0301 Rangel\u00a0","image":{"@type":"ImageObject","inLanguage":"pt-BR","@id":"https:\/\/www.em.com.br\/emfoco\/#\/schema\/person\/image\/","url":"https:\/\/secure.gravatar.com\/avatar\/6234dc814c77c8ef6d8bba622c787efc?s=96&d=mm&r=g","contentUrl":"https:\/\/secure.gravatar.com\/avatar\/6234dc814c77c8ef6d8bba622c787efc?s=96&d=mm&r=g","caption":"Andre\u0301 Rangel\u00a0"},"url":"https:\/\/www.em.com.br\/emfoco\/author\/luizmyth\/"}]}},"_links":{"self":[{"href":"https:\/\/www.em.com.br\/emfoco\/wp-json\/wp\/v2\/posts\/83467","targetHints":{"allow":["GET"]}}],"collection":[{"href":"https:\/\/www.em.com.br\/emfoco\/wp-json\/wp\/v2\/posts"}],"about":[{"href":"https:\/\/www.em.com.br\/emfoco\/wp-json\/wp\/v2\/types\/post"}],"author":[{"embeddable":true,"href":"https:\/\/www.em.com.br\/emfoco\/wp-json\/wp\/v2\/users\/11"}],"replies":[{"embeddable":true,"href":"https:\/\/www.em.com.br\/emfoco\/wp-json\/wp\/v2\/comments?post=83467"}],"version-history":[{"count":4,"href":"https:\/\/www.em.com.br\/emfoco\/wp-json\/wp\/v2\/posts\/83467\/revisions"}],"predecessor-version":[{"id":83525,"href":"https:\/\/www.em.com.br\/emfoco\/wp-json\/wp\/v2\/posts\/83467\/revisions\/83525"}],"wp:featuredmedia":[{"embeddable":true,"href":"https:\/\/www.em.com.br\/emfoco\/wp-json\/wp\/v2\/media\/32113"}],"wp:attachment":[{"href":"https:\/\/www.em.com.br\/emfoco\/wp-json\/wp\/v2\/media?parent=83467"}],"wp:term":[{"taxonomy":"category","embeddable":true,"href":"https:\/\/www.em.com.br\/emfoco\/wp-json\/wp\/v2\/categories?post=83467"},{"taxonomy":"post_tag","embeddable":true,"href":"https:\/\/www.em.com.br\/emfoco\/wp-json\/wp\/v2\/tags?post=83467"}],"curies":[{"name":"wp","href":"https:\/\/api.w.org\/{rel}","templated":true}]}}