{"id":83303,"date":"2025-07-31T19:28:00","date_gmt":"2025-07-31T22:28:00","guid":{"rendered":"https:\/\/www.em.com.br\/emfoco\/?p=83303"},"modified":"2025-07-30T20:17:21","modified_gmt":"2025-07-30T23:17:21","slug":"o-tratamento-labial-mais-sofisticado-do-ano-vem-direto-de-paris","status":"publish","type":"post","link":"https:\/\/www.em.com.br\/emfoco\/2025\/07\/31\/o-tratamento-labial-mais-sofisticado-do-ano-vem-direto-de-paris\/","title":{"rendered":"O tratamento labial mais sofisticado do ano vem direto de Paris"},"content":{"rendered":"\n<p>Recentemente, a renomada maquiadora parisiense&nbsp;<strong>Violette<\/strong>&nbsp;lan\u00e7ou um novo&nbsp;<strong>produto de tratamento labial<\/strong>&nbsp;que levou seis anos para ser desenvolvido. Durante o evento de apresenta\u00e7\u00e3o de seu novo b\u00e1lsamo, <a href=\"https:\/\/www.violettefr.com\/products\/balm-amour?srsltid=AfmBOoq8Yvfw73JVqosajkwIJQEEvwYqbM1tvNIuUSrBFBHqbNwFCe2W\" target=\"_blank\" rel=\"noreferrer noopener\">Balm Amour<\/a>, descobrimos algumas de suas principais dicas para manter os l\u00e1bios saud\u00e1veis e bem cuidados.<\/p>\n\n\n\n<ul class=\"wp-block-list\">\n<li>T\u00e9cnica \u00fanica de&nbsp;<strong>esfolia\u00e7\u00e3o<\/strong>&nbsp;com toalha.<\/li>\n\n\n\n<li>Import\u00e2ncia de limitar o uso do b\u00e1lsamo.<\/li>\n\n\n\n<li>Uso de m\u00e1scara noturna para l\u00e1bios.<\/li>\n<\/ul>\n\n\n\n<h2 class=\"wp-block-heading\">Qual a melhor maneira de esfoliar os l\u00e1bios?<\/h2>\n\n\n\n<p><strong>Violette<\/strong>&nbsp;aprendeu, atrav\u00e9s de anos em sets de fotografia, a import\u00e2ncia de esfoliar os l\u00e1bios suavemente. Em vez de ser agressiva, recomenda aplicar primeiro o&nbsp;<a href=\"https:\/\/www.em.com.br\/emfoco\/2025\/05\/06\/este-simples-produto-de-skincare-pode-transformar-sua-pele-no-verao\/\" target=\"_blank\" rel=\"noreferrer noopener\"><strong>b\u00e1lsamo<\/strong>&nbsp;<\/a>e, em seguida, usar uma toalha seca de algod\u00e3o para fazer movimentos circulares. Isso ajuda a alisar a pele sem remover as peles mortas de forma dram\u00e1tica. Para quem vive em cidades de clima frio, como&nbsp;<strong>Paris<\/strong>, adotar essa t\u00e9cnica regularmente pode evitar que pequenas rachaduras se formem devido ao ressecamento ambiental.<\/p>\n\n\n\n<p><strong>Por que preferir esfolia\u00e7\u00e3o suave?<\/strong>&nbsp;A esfolia\u00e7\u00e3o suave \u00e9 prefer\u00edvel porque evita irrita\u00e7\u00f5es que podem ocorrer com a remo\u00e7\u00e3o agressiva das c\u00e9lulas mortas. Enquanto a esfolia\u00e7\u00e3o agressiva pode danificar a camada protetora dos l\u00e1bios e causar vermelhid\u00e3o ou at\u00e9 rachaduras, a abordagem suave mant\u00e9m a integridade da pele, promovendo a renova\u00e7\u00e3o celular de forma controlada e saud\u00e1vel.<\/p>\n\n\n\n<h2 class=\"wp-block-heading\">Por que n\u00e3o usar o b\u00e1lsamo mais de tr\u00eas vezes ao dia?<\/h2>\n\n\n\n<p>Embora seja tentador aplicar&nbsp;<strong>b\u00e1lsamo labial<\/strong>&nbsp;repetidamente quando os l\u00e1bios est\u00e3o secos, Violette aconselha limitar o uso a&nbsp;<strong>tr\u00eas vezes ao dia<\/strong>. Isso \u00e9 crucial para que a pele dos l\u00e1bios, naturalmente fina e incapaz de produzir sebo, possa se fortalecer. Segundo especialistas presentes em eventos recentes de beleza em&nbsp;<strong>Nova York<\/strong>, esse h\u00e1bito previne a depend\u00eancia do produto e estimula os l\u00e1bios a reter sua hidrata\u00e7\u00e3o natural.<\/p>\n\n\n\n<figure class=\"wp-block-image size-large\"><img loading=\"lazy\" decoding=\"async\" width=\"1024\" height=\"576\" src=\"https:\/\/www.em.com.br\/emfoco\/wp-content\/uploads\/2025\/07\/labios_1753920966347-1024x576.jpg\" alt=\"\" class=\"wp-image-84115\" srcset=\"https:\/\/www.em.com.br\/emfoco\/wp-content\/uploads\/2025\/07\/labios_1753920966347-1024x576.jpg 1024w, https:\/\/www.em.com.br\/emfoco\/wp-content\/uploads\/2025\/07\/labios_1753920966347-300x169.jpg 300w, https:\/\/www.em.com.br\/emfoco\/wp-content\/uploads\/2025\/07\/labios_1753920966347-768x432.jpg 768w, https:\/\/www.em.com.br\/emfoco\/wp-content\/uploads\/2025\/07\/labios_1753920966347-750x422.jpg 750w, https:\/\/www.em.com.br\/emfoco\/wp-content\/uploads\/2025\/07\/labios_1753920966347-1140x641.jpg 1140w, https:\/\/www.em.com.br\/emfoco\/wp-content\/uploads\/2025\/07\/labios_1753920966347.jpg 1280w\" sizes=\"auto, (max-width: 1024px) 100vw, 1024px\" \/><figcaption class=\"wp-element-caption\">L\u00e1bios &#8211; Cr\u00e9ditos: depositphotos.com \/ AllaSerebrina<\/figcaption><\/figure>\n\n\n\n<h2 class=\"wp-block-heading\">Como aplicar uma m\u00e1scara noturna para l\u00e1bios?<\/h2>\n\n\n\n<p>Violette recomenda transformar a aplica\u00e7\u00e3o de b\u00e1lsamo \u00e0 noite em um h\u00e1bito. Antes do b\u00e1lsamo, extenda o uso do seu creme hidratante habitual, como o&nbsp;<strong>Boum-Boum Milk<\/strong>, sobre a superf\u00edcie dos l\u00e1bios.<\/p>\n\n\n\n<p>O&nbsp;<strong>Boum-Boum Milk<\/strong>&nbsp;\u00e9 um spray de cuidados com a pele 3 em 1, que atua como toner, s\u00e9rum e hidratante. Este produto inovador facilita uma rotina de cuidados com a pele minimalista, oferecendo hidrata\u00e7\u00e3o e suaviza\u00e7\u00e3o instant\u00e2neas, ideal para todos os tipos de pele. Vale lembrar que o produto foi premiado pela revista&nbsp;<strong>Vogue Paris<\/strong>&nbsp;em 2023, sendo reconhecido pela sua multifuncionalidade.<\/p>\n\n\n\n<h2 class=\"wp-block-heading\">Quais s\u00e3o os principais ingredientes ativos do Balm Amour?<\/h2>\n\n\n\n<p>O Balm Amour \u00e9 enriquecido com ingredientes ativos de alta performance. O&nbsp;<strong>Phyto Collagen Activator<\/strong>, um ativo de origem vegetal, ajuda a aumentar a elasticidade dos l\u00e1bios, promovendo um efeito suavizante e volumizador. J\u00e1 o&nbsp;<strong>Lip Rewind Peptide<\/strong>&nbsp;potencializa a produ\u00e7\u00e3o de col\u00e1geno e \u00e1cido hialur\u00f4nico, reduzindo linhas finas e aumentando o volume labial. Esses componentes trabalham em sinergia para proporcionar cuidado e nutri\u00e7\u00e3o duradouros. Muitos dermatologistas na&nbsp;<strong>Fran\u00e7a<\/strong>&nbsp;est\u00e3o recomendando esses ativos nas rotinas di\u00e1rias para quem sofre com ressecamento recorrente.<\/p>\n\n\n\n<h2 class=\"wp-block-heading\">Quais os principais aprendizados de cuidados labiais com Violette?<\/h2>\n\n\n\n<ul class=\"wp-block-list\">\n<li>Cuidar dos l\u00e1bios come\u00e7a com uma&nbsp;<strong>esfolia\u00e7\u00e3o suave<\/strong>.<\/li>\n\n\n\n<li>Modera\u00e7\u00e3o no uso de b\u00e1lsamo fortalece a sa\u00fade labial.<\/li>\n\n\n\n<li>A aplica\u00e7\u00e3o de creme noturno melhora a hidrata\u00e7\u00e3o profunda.<\/li>\n<\/ul>\n","protected":false},"excerpt":{"rendered":"<p>Recentemente, a renomada maquiadora parisiense&nbsp;Violette&nbsp;lan\u00e7ou um novo&nbsp;produto de tratamento labial&nbsp;que levou seis anos para ser desenvolvido. Durante o evento de apresenta\u00e7\u00e3o de seu novo b\u00e1lsamo, Balm Amour, descobrimos algumas de suas principais dicas para manter os l\u00e1bios saud\u00e1veis e bem cuidados. Qual a melhor maneira de esfoliar os l\u00e1bios? Violette&nbsp;aprendeu, atrav\u00e9s de anos em sets [&hellip;]<\/p>\n","protected":false},"author":11,"featured_media":84116,"comment_status":"open","ping_status":"open","sticky":false,"template":"","format":"standard","meta":{"jnews-multi-image_gallery":[],"jnews_single_post":{"format":"standard"},"jnews_primary_category":[],"jnews_social_meta":[],"jnews_override_counter":[],"footnotes":""},"categories":[29,1],"tags":[13078,5048,4941,9586],"class_list":["post-83303","post","type-post","status-publish","format-standard","has-post-thumbnail","hentry","category-entretenimento","category-noticias","tag-balsamo","tag-esfoliacao","tag-hidratacao","tag-labios"],"yoast_head":"<!-- This site is optimized with the Yoast SEO plugin v23.8 - https:\/\/yoast.com\/wordpress\/plugins\/seo\/ -->\n<title>O tratamento labial mais sofisticado do ano vem direto de Paris - Estado de Minas - Em foco<\/title>\n<meta name=\"description\" content=\"Essa t\u00e9cnica francesa est\u00e1 conquistando o mundo da beleza. Veja como cuidar dos l\u00e1bios com eleg\u00e2ncia e efic\u00e1cia.\" \/>\n<meta name=\"robots\" content=\"index, follow, max-snippet:-1, max-image-preview:large, max-video-preview:-1\" \/>\n<link rel=\"canonical\" href=\"https:\/\/www.em.com.br\/emfoco\/2025\/07\/31\/o-tratamento-labial-mais-sofisticado-do-ano-vem-direto-de-paris\/\" \/>\n<meta property=\"og:locale\" content=\"pt_BR\" \/>\n<meta property=\"og:type\" content=\"article\" \/>\n<meta property=\"og:title\" content=\"O tratamento labial mais sofisticado do ano vem direto de Paris - Estado de Minas - Em foco\" \/>\n<meta property=\"og:description\" content=\"Essa t\u00e9cnica francesa est\u00e1 conquistando o mundo da beleza. Veja como cuidar dos l\u00e1bios com eleg\u00e2ncia e efic\u00e1cia.\" \/>\n<meta property=\"og:url\" content=\"https:\/\/www.em.com.br\/emfoco\/2025\/07\/31\/o-tratamento-labial-mais-sofisticado-do-ano-vem-direto-de-paris\/\" \/>\n<meta property=\"og:site_name\" content=\"Estado de Minas - Em foco\" \/>\n<meta property=\"article:published_time\" content=\"2025-07-31T22:28:00+00:00\" \/>\n<meta property=\"article:modified_time\" content=\"2025-07-30T23:17:21+00:00\" \/>\n<meta property=\"og:image\" content=\"https:\/\/www.em.com.br\/emfoco\/wp-content\/uploads\/2025\/07\/labios_1753920996738.jpg\" \/>\n\t<meta property=\"og:image:width\" content=\"1280\" \/>\n\t<meta property=\"og:image:height\" content=\"720\" \/>\n\t<meta property=\"og:image:type\" content=\"image\/jpeg\" \/>\n<meta name=\"author\" content=\"Andre\u0301 Rangel\u00a0\" \/>\n<meta name=\"twitter:card\" content=\"summary_large_image\" \/>\n<meta name=\"twitter:label1\" content=\"Escrito por\" \/>\n\t<meta name=\"twitter:data1\" content=\"Andre\u0301 Rangel\u00a0\" \/>\n\t<meta name=\"twitter:label2\" content=\"Est. tempo de leitura\" \/>\n\t<meta name=\"twitter:data2\" content=\"4 minutos\" \/>\n<!-- \/ Yoast SEO plugin. -->","yoast_head_json":{"title":"O tratamento labial mais sofisticado do ano vem direto de Paris - Estado de Minas - Em foco","description":"Essa t\u00e9cnica francesa est\u00e1 conquistando o mundo da beleza. Veja como cuidar dos l\u00e1bios com eleg\u00e2ncia e efic\u00e1cia.","robots":{"index":"index","follow":"follow","max-snippet":"max-snippet:-1","max-image-preview":"max-image-preview:large","max-video-preview":"max-video-preview:-1"},"canonical":"https:\/\/www.em.com.br\/emfoco\/2025\/07\/31\/o-tratamento-labial-mais-sofisticado-do-ano-vem-direto-de-paris\/","og_locale":"pt_BR","og_type":"article","og_title":"O tratamento labial mais sofisticado do ano vem direto de Paris - Estado de Minas - Em foco","og_description":"Essa t\u00e9cnica francesa est\u00e1 conquistando o mundo da beleza. Veja como cuidar dos l\u00e1bios com eleg\u00e2ncia e efic\u00e1cia.","og_url":"https:\/\/www.em.com.br\/emfoco\/2025\/07\/31\/o-tratamento-labial-mais-sofisticado-do-ano-vem-direto-de-paris\/","og_site_name":"Estado de Minas - Em foco","article_published_time":"2025-07-31T22:28:00+00:00","article_modified_time":"2025-07-30T23:17:21+00:00","og_image":[{"width":1280,"height":720,"url":"https:\/\/www.em.com.br\/emfoco\/wp-content\/uploads\/2025\/07\/labios_1753920996738.jpg","type":"image\/jpeg"}],"author":"Andre\u0301 Rangel\u00a0","twitter_card":"summary_large_image","twitter_misc":{"Escrito por":"Andre\u0301 Rangel\u00a0","Est. tempo de leitura":"4 minutos"},"schema":{"@context":"https:\/\/schema.org","@graph":[{"@type":"WebPage","@id":"https:\/\/www.em.com.br\/emfoco\/2025\/07\/31\/o-tratamento-labial-mais-sofisticado-do-ano-vem-direto-de-paris\/","url":"https:\/\/www.em.com.br\/emfoco\/2025\/07\/31\/o-tratamento-labial-mais-sofisticado-do-ano-vem-direto-de-paris\/","name":"O tratamento labial mais sofisticado do ano vem direto de Paris - Estado de Minas - Em foco","isPartOf":{"@id":"https:\/\/www.em.com.br\/emfoco\/#website"},"primaryImageOfPage":{"@id":"https:\/\/www.em.com.br\/emfoco\/2025\/07\/31\/o-tratamento-labial-mais-sofisticado-do-ano-vem-direto-de-paris\/#primaryimage"},"image":{"@id":"https:\/\/www.em.com.br\/emfoco\/2025\/07\/31\/o-tratamento-labial-mais-sofisticado-do-ano-vem-direto-de-paris\/#primaryimage"},"thumbnailUrl":"https:\/\/www.em.com.br\/emfoco\/wp-content\/uploads\/2025\/07\/labios_1753920996738.jpg","datePublished":"2025-07-31T22:28:00+00:00","dateModified":"2025-07-30T23:17:21+00:00","author":{"@id":"https:\/\/www.em.com.br\/emfoco\/#\/schema\/person\/60eda09c1fedf0d6891f4cef4b60b8b8"},"description":"Essa t\u00e9cnica francesa est\u00e1 conquistando o mundo da beleza. Veja como cuidar dos l\u00e1bios com eleg\u00e2ncia e efic\u00e1cia.","breadcrumb":{"@id":"https:\/\/www.em.com.br\/emfoco\/2025\/07\/31\/o-tratamento-labial-mais-sofisticado-do-ano-vem-direto-de-paris\/#breadcrumb"},"inLanguage":"pt-BR","potentialAction":[{"@type":"ReadAction","target":["https:\/\/www.em.com.br\/emfoco\/2025\/07\/31\/o-tratamento-labial-mais-sofisticado-do-ano-vem-direto-de-paris\/"]}]},{"@type":"ImageObject","inLanguage":"pt-BR","@id":"https:\/\/www.em.com.br\/emfoco\/2025\/07\/31\/o-tratamento-labial-mais-sofisticado-do-ano-vem-direto-de-paris\/#primaryimage","url":"https:\/\/www.em.com.br\/emfoco\/wp-content\/uploads\/2025\/07\/labios_1753920996738.jpg","contentUrl":"https:\/\/www.em.com.br\/emfoco\/wp-content\/uploads\/2025\/07\/labios_1753920996738.jpg","width":1280,"height":720,"caption":"l\u00e1bios - Cr\u00e9ditos: depositphotos.com \/ AllaSerebrina"},{"@type":"BreadcrumbList","@id":"https:\/\/www.em.com.br\/emfoco\/2025\/07\/31\/o-tratamento-labial-mais-sofisticado-do-ano-vem-direto-de-paris\/#breadcrumb","itemListElement":[{"@type":"ListItem","position":1,"name":"In\u00edcio","item":"https:\/\/www.em.com.br\/emfoco\/"},{"@type":"ListItem","position":2,"name":"O tratamento labial mais sofisticado do ano vem direto de Paris"}]},{"@type":"WebSite","@id":"https:\/\/www.em.com.br\/emfoco\/#website","url":"https:\/\/www.em.com.br\/emfoco\/","name":"Estado de Minas - Em foco","description":"Acompanhe as \u00faltimas not\u00edcias e fique bem informado sobre tudo o que acontece em Minas Gerais, Brasil e no mundo.","potentialAction":[{"@type":"SearchAction","target":{"@type":"EntryPoint","urlTemplate":"https:\/\/www.em.com.br\/emfoco\/?s={search_term_string}"},"query-input":{"@type":"PropertyValueSpecification","valueRequired":true,"valueName":"search_term_string"}}],"inLanguage":"pt-BR"},{"@type":"Person","@id":"https:\/\/www.em.com.br\/emfoco\/#\/schema\/person\/60eda09c1fedf0d6891f4cef4b60b8b8","name":"Andre\u0301 Rangel\u00a0","image":{"@type":"ImageObject","inLanguage":"pt-BR","@id":"https:\/\/www.em.com.br\/emfoco\/#\/schema\/person\/image\/","url":"https:\/\/secure.gravatar.com\/avatar\/6234dc814c77c8ef6d8bba622c787efc?s=96&d=mm&r=g","contentUrl":"https:\/\/secure.gravatar.com\/avatar\/6234dc814c77c8ef6d8bba622c787efc?s=96&d=mm&r=g","caption":"Andre\u0301 Rangel\u00a0"},"url":"https:\/\/www.em.com.br\/emfoco\/author\/luizmyth\/"}]}},"_links":{"self":[{"href":"https:\/\/www.em.com.br\/emfoco\/wp-json\/wp\/v2\/posts\/83303","targetHints":{"allow":["GET"]}}],"collection":[{"href":"https:\/\/www.em.com.br\/emfoco\/wp-json\/wp\/v2\/posts"}],"about":[{"href":"https:\/\/www.em.com.br\/emfoco\/wp-json\/wp\/v2\/types\/post"}],"author":[{"embeddable":true,"href":"https:\/\/www.em.com.br\/emfoco\/wp-json\/wp\/v2\/users\/11"}],"replies":[{"embeddable":true,"href":"https:\/\/www.em.com.br\/emfoco\/wp-json\/wp\/v2\/comments?post=83303"}],"version-history":[{"count":4,"href":"https:\/\/www.em.com.br\/emfoco\/wp-json\/wp\/v2\/posts\/83303\/revisions"}],"predecessor-version":[{"id":84117,"href":"https:\/\/www.em.com.br\/emfoco\/wp-json\/wp\/v2\/posts\/83303\/revisions\/84117"}],"wp:featuredmedia":[{"embeddable":true,"href":"https:\/\/www.em.com.br\/emfoco\/wp-json\/wp\/v2\/media\/84116"}],"wp:attachment":[{"href":"https:\/\/www.em.com.br\/emfoco\/wp-json\/wp\/v2\/media?parent=83303"}],"wp:term":[{"taxonomy":"category","embeddable":true,"href":"https:\/\/www.em.com.br\/emfoco\/wp-json\/wp\/v2\/categories?post=83303"},{"taxonomy":"post_tag","embeddable":true,"href":"https:\/\/www.em.com.br\/emfoco\/wp-json\/wp\/v2\/tags?post=83303"}],"curies":[{"name":"wp","href":"https:\/\/api.w.org\/{rel}","templated":true}]}}