{"id":83282,"date":"2025-07-31T12:48:00","date_gmt":"2025-07-31T15:48:00","guid":{"rendered":"https:\/\/www.em.com.br\/emfoco\/?p=83282"},"modified":"2025-07-30T20:26:17","modified_gmt":"2025-07-30T23:26:17","slug":"os-melhores-destinos-romanticos-de-minas-gerais-para-casais","status":"publish","type":"post","link":"https:\/\/www.em.com.br\/emfoco\/2025\/07\/31\/os-melhores-destinos-romanticos-de-minas-gerais-para-casais\/","title":{"rendered":"Os melhores destinos rom\u00e2nticos de Minas Gerais para casais"},"content":{"rendered":"\n<p>Est\u00e1 em busca de&nbsp;<strong>lugares para viajar em&nbsp;Minas Gerais&nbsp;casal<\/strong>?&nbsp;<strong><a href=\"https:\/\/www.minasgerais.com.br\/pt\" target=\"_blank\" rel=\"noreferrer noopener\">Minas Gerais<\/a><\/strong>&nbsp;\u00e9 um destino repleto de cultura, hist\u00f3ria, e paisagens deslumbrantes que o tornam perfeito para momentos inesquec\u00edveis a dois. Prepare-se para se apaixonar!<\/p>\n\n\n\n<ul class=\"wp-block-list\">\n<li><strong>Minas Gerais<\/strong>: um estado ideal para viagens a dois<\/li>\n\n\n\n<li>Explorando cidades hist\u00f3ricas e paisagens naturais<\/li>\n\n\n\n<li>Dicas de hospedagem e atividades rom\u00e2nticas<\/li>\n<\/ul>\n\n\n\n<h2 class=\"wp-block-heading\">Por que Minas Gerais \u00e9 o estado ideal para viajar a dois?<\/h2>\n\n\n\n<p><strong>Minas Gerais<\/strong>&nbsp;\u00e9 o destino perfeito para casais em busca de relaxamento e romance. Com suas montanhas, cidades hist\u00f3ricas e clima acolhedor, o estado oferece in\u00fameras op\u00e7\u00f5es. Quer voc\u00ea ame a natureza ou prefira um passeio cultural,&nbsp;<strong>Minas Gerais<\/strong>&nbsp;\u00e9 o lugar.<\/p>\n\n\n\n<h2 class=\"wp-block-heading\">O que fazer para curtir a dois?<\/h2>\n\n\n\n<p>Agora, vamos explorar&nbsp;<strong>lugares para viajar em&nbsp;Minas Gerais&nbsp;casal<\/strong>&nbsp;que s\u00e3o puro romance. Prepare-se para explorar!<\/p>\n\n\n\n<h2 class=\"wp-block-heading\">Por que Ouro Preto \u00e9 um mergulho na hist\u00f3ria e charme colonial?<\/h2>\n\n\n\n<p><strong>Ouro Preto<\/strong>&nbsp;\u00e9 um dos destinos mais ic\u00f4nicos de&nbsp;<strong>Minas Gerais<\/strong>, ideal para casais. Caminhar por suas ruas de paralelep\u00edpedos e admirar a arquitetura colonial transporta para o passado. A cidade \u00e9 um patrim\u00f4nio da humanidade e possui uma vibe rom\u00e2ntica inconfund\u00edvel.<\/p>\n\n\n\n<p>Al\u00e9m disso, Ouro Preto oferece mirantes com vistas espetaculares, cafeterias charmosas e lojinhas de artesanato, proporcionando uma experi\u00eancia \u00fanica a dois.<\/p>\n\n\n\n<h2 class=\"wp-block-heading\">Por que Mariana \u00e9 uma cidade vizinha cheia de charme?<\/h2>\n\n\n\n<p>A cidade de&nbsp;<strong>Mariana<\/strong>, vizinha de Ouro Preto, \u00e9 uma excelente op\u00e7\u00e3o de&nbsp;<strong>lugar para viajar em&nbsp;Minas Gerais&nbsp;casal<\/strong>. Menor e mais tranquila, \u00e9 repleta de hist\u00f3ria e locais aconchegantes.<\/p>\n\n\n\n<p>Uma visita \u00e0&nbsp;<strong>Mina da Passagem<\/strong>&nbsp;ou relaxar no centro hist\u00f3rico s\u00e3o op\u00e7\u00f5es imperd\u00edveis.<\/p>\n\n\n\n<figure class=\"wp-block-image\"><img decoding=\"async\" src=\"https:\/\/www.em.com.br\/emfoco\/wp-content\/uploads\/2025\/03\/amor_1741794705045-1024x576.jpg\" alt=\"\"\/><figcaption class=\"wp-element-caption\">Casal apaixonado &#8211; Cr\u00e9ditos: depositphotos.com \/ VitalikRadko<\/figcaption><\/figure>\n\n\n\n<h2 class=\"wp-block-heading\">Serra do Cip\u00f3 \u00e9 recomendada para casais aventureiros?<\/h2>\n\n\n\n<p>Se aventura faz parte dos planos, a&nbsp;<strong>Serra do Cip\u00f3<\/strong>&nbsp;\u00e9 o destino ideal. Famosa por suas cachoeiras e trilhas, \u00e9 perfeita para quem busca se conectar com a natureza.<\/p>\n\n\n\n<p>Trilhas, banhos revigorantes e esportes como rapel s\u00e3o algumas das atividades que fazem da Serra do Cip\u00f3 um destino \u00fanico.<\/p>\n\n\n\n<h2 class=\"wp-block-heading\">Capit\u00f3lio oferece paisagens de cinema e romance?<\/h2>\n\n\n\n<p><a href=\"https:\/\/www.em.com.br\/emfoco\/2025\/05\/23\/vem-ai-culinaria-mineira-ganha-festa-em-capitolio-no-mes-de-agosto\/\" target=\"_blank\" rel=\"noreferrer noopener\"><strong>Capit\u00f3lio<\/strong>&nbsp;<\/a>\u00e9 conhecida como o &#8220;Caribe Mineiro&#8221;, famosa por seus c\u00e2nions e \u00e1guas cristalinas. Um passeio de lancha pelo&nbsp;<strong>Lago de Furnas<\/strong>&nbsp;\u00e9 essencial para apreciar a beleza do lugar.<\/p>\n\n\n\n<p>Al\u00e9m disso, \u00f3timos restaurantes \u00e0 beira do lago oferecem o cen\u00e1rio ideal para um jantar rom\u00e2ntico.<\/p>\n\n\n\n<h2 class=\"wp-block-heading\">Onde se hospedar para uma viagem a dois em Minas Gerais?<\/h2>\n\n\n\n<p>Hospedagem em&nbsp;<strong>Minas Gerais<\/strong>&nbsp;varia de pousadas aconchegantes a hot\u00e9is de luxo, atendendo a todos os casais.<\/p>\n\n\n\n<h2 class=\"wp-block-heading\">Pousadas rom\u00e2nticas: quais as melhores op\u00e7\u00f5es?<\/h2>\n\n\n\n<p>Em cidades como Ouro Preto e Mariana, pousadas cheias de charme com vista para as montanhas proporcionam um ambiente tranquilo e rom\u00e2ntico.<\/p>\n\n\n\n<h2 class=\"wp-block-heading\">Hot\u00e9is e chal\u00e9s em Capit\u00f3lio e Serra do Cip\u00f3: quais escolher?<\/h2>\n\n\n\n<p>Para aqueles que preferem Capit\u00f3lio ou Serra do Cip\u00f3, chal\u00e9s e hot\u00e9is em meio \u00e0 natureza oferecem uma experi\u00eancia singular.<\/p>\n\n\n\n<h2 class=\"wp-block-heading\">Quais dicas para aproveitar ao m\u00e1ximo sua viagem a dois?<\/h2>\n\n\n\n<p>Agora que conhece os melhores&nbsp;<strong>lugares para viajar em&nbsp;Minas Gerais&nbsp;casal<\/strong>, confira algumas dicas para aproveitar ainda mais:<\/p>\n\n\n\n<ul class=\"wp-block-list\">\n<li>Experimente a gastronomia local, famosa por pratos como feij\u00e3o tropeiro e p\u00e3o de queijo.<\/li>\n\n\n\n<li>Planeje com anteced\u00eancia as atividades que requerem reserva.<\/li>\n\n\n\n<li>Aproveite momentos a dois em passeios tranquilos.<\/li>\n<\/ul>\n\n\n\n<h2 class=\"wp-block-heading\">Minas Gerais \u00e9 o destino dos casais apaixonados?<\/h2>\n\n\n\n<ul class=\"wp-block-list\">\n<li><strong>Minas Gerais<\/strong>&nbsp;oferece uma diversidade de destinos rom\u00e2nticos e culturais.<\/li>\n\n\n\n<li>Uma viagem inesquec\u00edvel est\u00e1 garantida com cidades hist\u00f3ricas e belezas naturais.<\/li>\n\n\n\n<li>Proteja-se e aproveite cada momento ao contratar um seguro viagem.<\/li>\n<\/ul>\n\n\n\n<p><\/p>\n","protected":false},"excerpt":{"rendered":"<p>Est\u00e1 em busca de&nbsp;lugares para viajar em&nbsp;Minas Gerais&nbsp;casal?&nbsp;Minas Gerais&nbsp;\u00e9 um destino repleto de cultura, hist\u00f3ria, e paisagens deslumbrantes que o tornam perfeito para momentos inesquec\u00edveis a dois. Prepare-se para se apaixonar! Por que Minas Gerais \u00e9 o estado ideal para viajar a dois? Minas Gerais&nbsp;\u00e9 o destino perfeito para casais em busca de relaxamento e [&hellip;]<\/p>\n","protected":false},"author":11,"featured_media":77776,"comment_status":"open","ping_status":"open","sticky":false,"template":"","format":"standard","meta":{"jnews-multi-image_gallery":[],"jnews_single_post":{"format":"standard"},"jnews_primary_category":[],"jnews_social_meta":[],"jnews_override_counter":[],"footnotes":""},"categories":[26,1],"tags":[8851,207,1128,12076],"class_list":["post-83282","post","type-post","status-publish","format-standard","has-post-thumbnail","hentry","category-cidades","category-noticias","tag-casal","tag-minas-gerais","tag-viagem","tag-viagem-a-dois"],"yoast_head":"<!-- This site is optimized with the Yoast SEO plugin v23.8 - https:\/\/yoast.com\/wordpress\/plugins\/seo\/ -->\n<title>Os melhores destinos rom\u00e2nticos de Minas Gerais para casais - Estado de Minas - Em foco<\/title>\n<meta name=\"description\" content=\"Essas cidades s\u00e3o ideais para casais que desejam viver momentos lindos e cheios de mem\u00f3rias afetivas.\" \/>\n<meta name=\"robots\" content=\"index, follow, max-snippet:-1, max-image-preview:large, max-video-preview:-1\" \/>\n<link rel=\"canonical\" href=\"https:\/\/www.em.com.br\/emfoco\/2025\/07\/31\/os-melhores-destinos-romanticos-de-minas-gerais-para-casais\/\" \/>\n<meta property=\"og:locale\" content=\"pt_BR\" \/>\n<meta property=\"og:type\" content=\"article\" \/>\n<meta property=\"og:title\" content=\"Os melhores destinos rom\u00e2nticos de Minas Gerais para casais - Estado de Minas - Em foco\" \/>\n<meta property=\"og:description\" content=\"Essas cidades s\u00e3o ideais para casais que desejam viver momentos lindos e cheios de mem\u00f3rias afetivas.\" \/>\n<meta property=\"og:url\" content=\"https:\/\/www.em.com.br\/emfoco\/2025\/07\/31\/os-melhores-destinos-romanticos-de-minas-gerais-para-casais\/\" \/>\n<meta property=\"og:site_name\" content=\"Estado de Minas - Em foco\" \/>\n<meta property=\"article:published_time\" content=\"2025-07-31T15:48:00+00:00\" \/>\n<meta property=\"article:modified_time\" content=\"2025-07-30T23:26:17+00:00\" \/>\n<meta property=\"og:image\" content=\"https:\/\/www.em.com.br\/emfoco\/wp-content\/uploads\/2025\/07\/Por_do_sol_em_Ouro_Preto.jpg\" \/>\n\t<meta property=\"og:image:width\" content=\"1280\" \/>\n\t<meta property=\"og:image:height\" content=\"720\" \/>\n\t<meta property=\"og:image:type\" content=\"image\/jpeg\" \/>\n<meta name=\"author\" content=\"Andre\u0301 Rangel\u00a0\" \/>\n<meta name=\"twitter:card\" content=\"summary_large_image\" \/>\n<meta name=\"twitter:label1\" content=\"Escrito por\" \/>\n\t<meta name=\"twitter:data1\" content=\"Andre\u0301 Rangel\u00a0\" \/>\n\t<meta name=\"twitter:label2\" content=\"Est. tempo de leitura\" \/>\n\t<meta name=\"twitter:data2\" content=\"4 minutos\" \/>\n<!-- \/ Yoast SEO plugin. -->","yoast_head_json":{"title":"Os melhores destinos rom\u00e2nticos de Minas Gerais para casais - Estado de Minas - Em foco","description":"Essas cidades s\u00e3o ideais para casais que desejam viver momentos lindos e cheios de mem\u00f3rias afetivas.","robots":{"index":"index","follow":"follow","max-snippet":"max-snippet:-1","max-image-preview":"max-image-preview:large","max-video-preview":"max-video-preview:-1"},"canonical":"https:\/\/www.em.com.br\/emfoco\/2025\/07\/31\/os-melhores-destinos-romanticos-de-minas-gerais-para-casais\/","og_locale":"pt_BR","og_type":"article","og_title":"Os melhores destinos rom\u00e2nticos de Minas Gerais para casais - Estado de Minas - Em foco","og_description":"Essas cidades s\u00e3o ideais para casais que desejam viver momentos lindos e cheios de mem\u00f3rias afetivas.","og_url":"https:\/\/www.em.com.br\/emfoco\/2025\/07\/31\/os-melhores-destinos-romanticos-de-minas-gerais-para-casais\/","og_site_name":"Estado de Minas - Em foco","article_published_time":"2025-07-31T15:48:00+00:00","article_modified_time":"2025-07-30T23:26:17+00:00","og_image":[{"width":1280,"height":720,"url":"https:\/\/www.em.com.br\/emfoco\/wp-content\/uploads\/2025\/07\/Por_do_sol_em_Ouro_Preto.jpg","type":"image\/jpeg"}],"author":"Andre\u0301 Rangel\u00a0","twitter_card":"summary_large_image","twitter_misc":{"Escrito por":"Andre\u0301 Rangel\u00a0","Est. tempo de leitura":"4 minutos"},"schema":{"@context":"https:\/\/schema.org","@graph":[{"@type":"WebPage","@id":"https:\/\/www.em.com.br\/emfoco\/2025\/07\/31\/os-melhores-destinos-romanticos-de-minas-gerais-para-casais\/","url":"https:\/\/www.em.com.br\/emfoco\/2025\/07\/31\/os-melhores-destinos-romanticos-de-minas-gerais-para-casais\/","name":"Os melhores destinos rom\u00e2nticos de Minas Gerais para casais - Estado de Minas - Em foco","isPartOf":{"@id":"https:\/\/www.em.com.br\/emfoco\/#website"},"primaryImageOfPage":{"@id":"https:\/\/www.em.com.br\/emfoco\/2025\/07\/31\/os-melhores-destinos-romanticos-de-minas-gerais-para-casais\/#primaryimage"},"image":{"@id":"https:\/\/www.em.com.br\/emfoco\/2025\/07\/31\/os-melhores-destinos-romanticos-de-minas-gerais-para-casais\/#primaryimage"},"thumbnailUrl":"https:\/\/www.em.com.br\/emfoco\/wp-content\/uploads\/2025\/07\/Por_do_sol_em_Ouro_Preto.jpg","datePublished":"2025-07-31T15:48:00+00:00","dateModified":"2025-07-30T23:26:17+00:00","author":{"@id":"https:\/\/www.em.com.br\/emfoco\/#\/schema\/person\/60eda09c1fedf0d6891f4cef4b60b8b8"},"description":"Essas cidades s\u00e3o ideais para casais que desejam viver momentos lindos e cheios de mem\u00f3rias afetivas.","breadcrumb":{"@id":"https:\/\/www.em.com.br\/emfoco\/2025\/07\/31\/os-melhores-destinos-romanticos-de-minas-gerais-para-casais\/#breadcrumb"},"inLanguage":"pt-BR","potentialAction":[{"@type":"ReadAction","target":["https:\/\/www.em.com.br\/emfoco\/2025\/07\/31\/os-melhores-destinos-romanticos-de-minas-gerais-para-casais\/"]}]},{"@type":"ImageObject","inLanguage":"pt-BR","@id":"https:\/\/www.em.com.br\/emfoco\/2025\/07\/31\/os-melhores-destinos-romanticos-de-minas-gerais-para-casais\/#primaryimage","url":"https:\/\/www.em.com.br\/emfoco\/wp-content\/uploads\/2025\/07\/Por_do_sol_em_Ouro_Preto.jpg","contentUrl":"https:\/\/www.em.com.br\/emfoco\/wp-content\/uploads\/2025\/07\/Por_do_sol_em_Ouro_Preto.jpg","width":1280,"height":720,"caption":"P\u00f4r do Sol em Ouro Preto - Cr\u00e9ditos: Divulga\u00e7\u00e3o\/Wikimedia Commons"},{"@type":"BreadcrumbList","@id":"https:\/\/www.em.com.br\/emfoco\/2025\/07\/31\/os-melhores-destinos-romanticos-de-minas-gerais-para-casais\/#breadcrumb","itemListElement":[{"@type":"ListItem","position":1,"name":"In\u00edcio","item":"https:\/\/www.em.com.br\/emfoco\/"},{"@type":"ListItem","position":2,"name":"Os melhores destinos rom\u00e2nticos de Minas Gerais para casais"}]},{"@type":"WebSite","@id":"https:\/\/www.em.com.br\/emfoco\/#website","url":"https:\/\/www.em.com.br\/emfoco\/","name":"Estado de Minas - Em foco","description":"Acompanhe as \u00faltimas not\u00edcias e fique bem informado sobre tudo o que acontece em Minas Gerais, Brasil e no mundo.","potentialAction":[{"@type":"SearchAction","target":{"@type":"EntryPoint","urlTemplate":"https:\/\/www.em.com.br\/emfoco\/?s={search_term_string}"},"query-input":{"@type":"PropertyValueSpecification","valueRequired":true,"valueName":"search_term_string"}}],"inLanguage":"pt-BR"},{"@type":"Person","@id":"https:\/\/www.em.com.br\/emfoco\/#\/schema\/person\/60eda09c1fedf0d6891f4cef4b60b8b8","name":"Andre\u0301 Rangel\u00a0","image":{"@type":"ImageObject","inLanguage":"pt-BR","@id":"https:\/\/www.em.com.br\/emfoco\/#\/schema\/person\/image\/","url":"https:\/\/secure.gravatar.com\/avatar\/6234dc814c77c8ef6d8bba622c787efc?s=96&d=mm&r=g","contentUrl":"https:\/\/secure.gravatar.com\/avatar\/6234dc814c77c8ef6d8bba622c787efc?s=96&d=mm&r=g","caption":"Andre\u0301 Rangel\u00a0"},"url":"https:\/\/www.em.com.br\/emfoco\/author\/luizmyth\/"}]}},"_links":{"self":[{"href":"https:\/\/www.em.com.br\/emfoco\/wp-json\/wp\/v2\/posts\/83282","targetHints":{"allow":["GET"]}}],"collection":[{"href":"https:\/\/www.em.com.br\/emfoco\/wp-json\/wp\/v2\/posts"}],"about":[{"href":"https:\/\/www.em.com.br\/emfoco\/wp-json\/wp\/v2\/types\/post"}],"author":[{"embeddable":true,"href":"https:\/\/www.em.com.br\/emfoco\/wp-json\/wp\/v2\/users\/11"}],"replies":[{"embeddable":true,"href":"https:\/\/www.em.com.br\/emfoco\/wp-json\/wp\/v2\/comments?post=83282"}],"version-history":[{"count":4,"href":"https:\/\/www.em.com.br\/emfoco\/wp-json\/wp\/v2\/posts\/83282\/revisions"}],"predecessor-version":[{"id":84108,"href":"https:\/\/www.em.com.br\/emfoco\/wp-json\/wp\/v2\/posts\/83282\/revisions\/84108"}],"wp:featuredmedia":[{"embeddable":true,"href":"https:\/\/www.em.com.br\/emfoco\/wp-json\/wp\/v2\/media\/77776"}],"wp:attachment":[{"href":"https:\/\/www.em.com.br\/emfoco\/wp-json\/wp\/v2\/media?parent=83282"}],"wp:term":[{"taxonomy":"category","embeddable":true,"href":"https:\/\/www.em.com.br\/emfoco\/wp-json\/wp\/v2\/categories?post=83282"},{"taxonomy":"post_tag","embeddable":true,"href":"https:\/\/www.em.com.br\/emfoco\/wp-json\/wp\/v2\/tags?post=83282"}],"curies":[{"name":"wp","href":"https:\/\/api.w.org\/{rel}","templated":true}]}}