{"id":83253,"date":"2025-07-31T15:28:00","date_gmt":"2025-07-31T18:28:00","guid":{"rendered":"https:\/\/www.em.com.br\/emfoco\/?p=83253"},"modified":"2025-07-29T13:05:26","modified_gmt":"2025-07-29T16:05:26","slug":"it-bem-vindos-a-derry-ganha-novo-trailer-intenso-e-revela-origem-de-monstros-de-stephen-king","status":"publish","type":"post","link":"https:\/\/www.em.com.br\/emfoco\/2025\/07\/31\/it-bem-vindos-a-derry-ganha-novo-trailer-intenso-e-revela-origem-de-monstros-de-stephen-king\/","title":{"rendered":"It: Bem-vindos a Derry ganha novo trailer intenso e revela origem de monstros de Stephen King"},"content":{"rendered":"\n<p>A cidade de <strong>Derry<\/strong>, em <strong>Maine<\/strong>, se prepara para mergulhar em mais um ciclo de terror com a s\u00e9rie <strong>&#8220;It: Bem-vindos a Derry&#8221;<\/strong>. Esta nova produ\u00e7\u00e3o nos leva de volta \u00e0s origens do pavor que moldaram a cidade, servindo como um prel\u00fadio para os conhecidos filmes da saga &#8220;It: A Coisa&#8221;.<\/p>\n\n\n\n<ul class=\"wp-block-list\">\n<li>Aprofundamento na mitologia de Stephen King<\/li>\n\n\n\n<li>Retorno do ic\u00f4nico Pennywise<\/li>\n\n\n\n<li>Conex\u00f5es intrigantes com os filmes anteriores<\/li>\n<\/ul>\n\n\n\n<h2 class=\"wp-block-heading\">O que esperar da s\u00e9rie e qual \u00e9 o enredo assustador de &#8220;It: Bem-vindos a Derry&#8221;?<\/h2>\n\n\n\n<p>A s\u00e9rie &#8220;It: Bem-vindos a Derry&#8221; \u00e9 uma obra de terror desenvolvida por Andy Muschietti, respons\u00e1vel pelos filmes, ao lado de <strong>Barbara Muschietti<\/strong> e <strong>Jason Fuchs<\/strong>. O enredo nos leva a explorar a <strong>d\u00e9cada de 1960<\/strong> em Derry, revelando os eventos que antecedem a trama vivida pelo Clube dos Perdedores.<\/p>\n\n\n\n<p>Nesta fase, a <strong>entidade maligna<\/strong> conhecida como Pennywise retorna a cada 27 anos, assumindo formas que despertam os medos mais profundos dos habitantes de Derry. A s\u00e9rie oferece um olhar \u00fanico sobre como esses eventos moldaram a psique da cidade e de seus moradores.<\/p>\n\n\n\n<figure class=\"wp-block-embed is-type-video is-provider-youtube wp-block-embed-youtube wp-embed-aspect-16-9 wp-has-aspect-ratio\"><div class=\"wp-block-embed__wrapper\">\n<div class=\"jeg_video_container jeg_video_content\"><iframe loading=\"lazy\" title=\"It: Bem Vindos A Derry | Teaser Dublado Oficial | HBO Max\" width=\"500\" height=\"281\" src=\"https:\/\/www.youtube.com\/embed\/I95HrExQxR0?feature=oembed\" frameborder=\"0\" allow=\"accelerometer; autoplay; clipboard-write; encrypted-media; gyroscope; picture-in-picture; web-share\" referrerpolicy=\"strict-origin-when-cross-origin\" allowfullscreen><\/iframe><\/div>\n<\/div><\/figure>\n\n\n\n<p>Comp\u00f5em o elenco atores como<strong> Taylour Paige<\/strong>,<strong> Jovan Adepo<\/strong>, <strong>Chris Chalk<\/strong> e <strong>James Remar<\/strong>. Recentemente, foi confirmado que <strong><a href=\"https:\/\/www.instagram.com\/billskarsgard_\/\" target=\"_blank\" rel=\"noreferrer noopener\">Bill Skarsg\u00e5rd<\/a><\/strong> retornar\u00e1 ao papel arrepiante de <strong>Pennywise<\/strong>, algo que veio ap\u00f3s algum tempo de incerteza e hesita\u00e7\u00f5es do pr\u00f3prio ator em aceitar reprisar o papel, o que aumentou ainda mais as expectativas dos f\u00e3s. Al\u00e9m disso, rumores indicam poss\u00edveis participa\u00e7\u00f5es especiais e a apari\u00e7\u00e3o de outros personagens j\u00e1 conhecidos do universo criado por Stephen King, mas nada foi oficialmente confirmado at\u00e9 o momento.<\/p>\n\n\n\n<h2 class=\"wp-block-heading\">Quando estreia &#8220;It: Bem-vindos a Derry&#8221; e onde assistir?<\/h2>\n\n\n\n<p>A espera ser\u00e1 recompensada em outubro de 2025, quando &#8220;It: Bem-vindos a Derry&#8221; far\u00e1 sua estreia. O lan\u00e7amento ser\u00e1 exclusivo nos canais da HBO e na plataforma de streaming Max.<\/p>\n\n\n\n<h2 class=\"wp-block-heading\">Como a s\u00e9rie se conecta com os filmes de &#8220;It: A Coisa&#8221;?<\/h2>\n\n\n\n<p>Enquanto prel\u00fadio, a s\u00e9rie &#8220;It: Bem-vindos a Derry&#8221; se conecta diretamente com os filmes dirigidos por<strong> Andy Muschietti<\/strong>. Retratando eventos de 27 anos antes, ela enriquece o <strong><a href=\"https:\/\/www.em.com.br\/emfoco\/2025\/07\/21\/voce-sabia-que-existem-mais-combinacoes-possiveis-em-um-cubo-magico-do-que-atomos-no-universo\/\" target=\"_blank\" rel=\"noreferrer noopener\">universo <\/a><\/strong>de<strong> Stephen King<\/strong>, explorando o surgimento de Pennywise e sua devastadora influ\u00eancia na cidade.<\/p>\n\n\n\n<p>O mencionado regresso de Bill Skarsg\u00e5rd como Pennywise, agora oficialmente confirmado, e a forte liga\u00e7\u00e3o com os filmes originais asseguram que os admiradores do terror ter\u00e3o uma experi\u00eancia envolvente e coerente. Novas pistas sobre as origens de Derry e detalhes da mitologia de &#8220;It&#8221; prometem surpreender at\u00e9 mesmo os f\u00e3s de longa data.<\/p>\n\n\n\n<h2 class=\"wp-block-heading\">Por que acompanhar &#8220;It: Bem-vindos a Derry&#8221; \u00e9 imperd\u00edvel para f\u00e3s de terror?<\/h2>\n\n\n\n<ul class=\"wp-block-list\">\n<li>Explora\u00e7\u00e3o aprofundada da origem de Derry e de Pennywise<\/li>\n\n\n\n<li>Produ\u00e7\u00e3o rica em detalhes e continuidade narrativa<\/li>\n\n\n\n<li>Amplia\u00e7\u00e3o do universo envolvente e intrigante dos filmes de &#8220;It&#8221;<\/li>\n<\/ul>\n","protected":false},"excerpt":{"rendered":"<p>A cidade de Derry, em Maine, se prepara para mergulhar em mais um ciclo de terror com a s\u00e9rie &#8220;It: Bem-vindos a Derry&#8221;. Esta nova produ\u00e7\u00e3o nos leva de volta \u00e0s origens do pavor que moldaram a cidade, servindo como um prel\u00fadio para os conhecidos filmes da saga &#8220;It: A Coisa&#8221;. O que esperar da [&hellip;]<\/p>\n","protected":false},"author":13,"featured_media":83296,"comment_status":"open","ping_status":"open","sticky":false,"template":"","format":"standard","meta":{"jnews-multi-image_gallery":[],"jnews_single_post":{"format":"standard"},"jnews_primary_category":[],"jnews_social_meta":[],"jnews_override_counter":[],"footnotes":""},"categories":[29,1,136],"tags":[4042,9872,1251],"class_list":["post-83253","post","type-post","status-publish","format-standard","has-post-thumbnail","hentry","category-entretenimento","category-noticias","category-series","tag-it-a-coisa","tag-serie-de-terror","tag-terror"],"yoast_head":"<!-- This site is optimized with the Yoast SEO plugin v23.8 - https:\/\/yoast.com\/wordpress\/plugins\/seo\/ -->\n<title>It: Bem-vindos a Derry ganha novo trailer intenso e revela origem de monstros de Stephen King - Estado de Minas - Em foco<\/title>\n<meta name=\"description\" content=\"Pennywise retorna mais assustador em It: Bem-vindos a Derry. Veja como a s\u00e9rie se conecta aos filmes e explora a origem do medo.\" \/>\n<meta name=\"robots\" content=\"index, follow, max-snippet:-1, max-image-preview:large, max-video-preview:-1\" \/>\n<link rel=\"canonical\" href=\"https:\/\/www.em.com.br\/emfoco\/2025\/07\/31\/it-bem-vindos-a-derry-ganha-novo-trailer-intenso-e-revela-origem-de-monstros-de-stephen-king\/\" \/>\n<meta property=\"og:locale\" content=\"pt_BR\" \/>\n<meta property=\"og:type\" content=\"article\" \/>\n<meta property=\"og:title\" content=\"It: Bem-vindos a Derry ganha novo trailer intenso e revela origem de monstros de Stephen King - Estado de Minas - Em foco\" \/>\n<meta property=\"og:description\" content=\"Pennywise retorna mais assustador em It: Bem-vindos a Derry. Veja como a s\u00e9rie se conecta aos filmes e explora a origem do medo.\" \/>\n<meta property=\"og:url\" content=\"https:\/\/www.em.com.br\/emfoco\/2025\/07\/31\/it-bem-vindos-a-derry-ganha-novo-trailer-intenso-e-revela-origem-de-monstros-de-stephen-king\/\" \/>\n<meta property=\"og:site_name\" content=\"Estado de Minas - Em foco\" \/>\n<meta property=\"article:published_time\" content=\"2025-07-31T18:28:00+00:00\" \/>\n<meta property=\"article:modified_time\" content=\"2025-07-29T16:05:26+00:00\" \/>\n<meta property=\"og:image\" content=\"https:\/\/www.em.com.br\/emfoco\/wp-content\/uploads\/2025\/07\/ad-70.jpg\" \/>\n\t<meta property=\"og:image:width\" content=\"1280\" \/>\n\t<meta property=\"og:image:height\" content=\"720\" \/>\n\t<meta property=\"og:image:type\" content=\"image\/jpeg\" \/>\n<meta name=\"author\" content=\"Gabriel Martins\" \/>\n<meta name=\"twitter:card\" content=\"summary_large_image\" \/>\n<meta name=\"twitter:label1\" content=\"Escrito por\" \/>\n\t<meta name=\"twitter:data1\" content=\"Gabriel Martins\" \/>\n\t<meta name=\"twitter:label2\" content=\"Est. tempo de leitura\" \/>\n\t<meta name=\"twitter:data2\" content=\"3 minutos\" \/>\n<!-- \/ Yoast SEO plugin. -->","yoast_head_json":{"title":"It: Bem-vindos a Derry ganha novo trailer intenso e revela origem de monstros de Stephen King - Estado de Minas - Em foco","description":"Pennywise retorna mais assustador em It: Bem-vindos a Derry. Veja como a s\u00e9rie se conecta aos filmes e explora a origem do medo.","robots":{"index":"index","follow":"follow","max-snippet":"max-snippet:-1","max-image-preview":"max-image-preview:large","max-video-preview":"max-video-preview:-1"},"canonical":"https:\/\/www.em.com.br\/emfoco\/2025\/07\/31\/it-bem-vindos-a-derry-ganha-novo-trailer-intenso-e-revela-origem-de-monstros-de-stephen-king\/","og_locale":"pt_BR","og_type":"article","og_title":"It: Bem-vindos a Derry ganha novo trailer intenso e revela origem de monstros de Stephen King - Estado de Minas - Em foco","og_description":"Pennywise retorna mais assustador em It: Bem-vindos a Derry. Veja como a s\u00e9rie se conecta aos filmes e explora a origem do medo.","og_url":"https:\/\/www.em.com.br\/emfoco\/2025\/07\/31\/it-bem-vindos-a-derry-ganha-novo-trailer-intenso-e-revela-origem-de-monstros-de-stephen-king\/","og_site_name":"Estado de Minas - Em foco","article_published_time":"2025-07-31T18:28:00+00:00","article_modified_time":"2025-07-29T16:05:26+00:00","og_image":[{"width":1280,"height":720,"url":"https:\/\/www.em.com.br\/emfoco\/wp-content\/uploads\/2025\/07\/ad-70.jpg","type":"image\/jpeg"}],"author":"Gabriel Martins","twitter_card":"summary_large_image","twitter_misc":{"Escrito por":"Gabriel Martins","Est. tempo de leitura":"3 minutos"},"schema":{"@context":"https:\/\/schema.org","@graph":[{"@type":"WebPage","@id":"https:\/\/www.em.com.br\/emfoco\/2025\/07\/31\/it-bem-vindos-a-derry-ganha-novo-trailer-intenso-e-revela-origem-de-monstros-de-stephen-king\/","url":"https:\/\/www.em.com.br\/emfoco\/2025\/07\/31\/it-bem-vindos-a-derry-ganha-novo-trailer-intenso-e-revela-origem-de-monstros-de-stephen-king\/","name":"It: Bem-vindos a Derry ganha novo trailer intenso e revela origem de monstros de Stephen King - Estado de Minas - Em foco","isPartOf":{"@id":"https:\/\/www.em.com.br\/emfoco\/#website"},"primaryImageOfPage":{"@id":"https:\/\/www.em.com.br\/emfoco\/2025\/07\/31\/it-bem-vindos-a-derry-ganha-novo-trailer-intenso-e-revela-origem-de-monstros-de-stephen-king\/#primaryimage"},"image":{"@id":"https:\/\/www.em.com.br\/emfoco\/2025\/07\/31\/it-bem-vindos-a-derry-ganha-novo-trailer-intenso-e-revela-origem-de-monstros-de-stephen-king\/#primaryimage"},"thumbnailUrl":"https:\/\/www.em.com.br\/emfoco\/wp-content\/uploads\/2025\/07\/ad-70.jpg","datePublished":"2025-07-31T18:28:00+00:00","dateModified":"2025-07-29T16:05:26+00:00","author":{"@id":"https:\/\/www.em.com.br\/emfoco\/#\/schema\/person\/1c9ddeab18b98abeffef834667bcf08a"},"description":"Pennywise retorna mais assustador em It: Bem-vindos a Derry. Veja como a s\u00e9rie se conecta aos filmes e explora a origem do medo.","breadcrumb":{"@id":"https:\/\/www.em.com.br\/emfoco\/2025\/07\/31\/it-bem-vindos-a-derry-ganha-novo-trailer-intenso-e-revela-origem-de-monstros-de-stephen-king\/#breadcrumb"},"inLanguage":"pt-BR","potentialAction":[{"@type":"ReadAction","target":["https:\/\/www.em.com.br\/emfoco\/2025\/07\/31\/it-bem-vindos-a-derry-ganha-novo-trailer-intenso-e-revela-origem-de-monstros-de-stephen-king\/"]}]},{"@type":"ImageObject","inLanguage":"pt-BR","@id":"https:\/\/www.em.com.br\/emfoco\/2025\/07\/31\/it-bem-vindos-a-derry-ganha-novo-trailer-intenso-e-revela-origem-de-monstros-de-stephen-king\/#primaryimage","url":"https:\/\/www.em.com.br\/emfoco\/wp-content\/uploads\/2025\/07\/ad-70.jpg","contentUrl":"https:\/\/www.em.com.br\/emfoco\/wp-content\/uploads\/2025\/07\/ad-70.jpg","width":1280,"height":720,"caption":"It: A coisa - Cr\u00e9ditos: HBO e Warner Bros.\/Divulga\u00e7\u00e3o"},{"@type":"BreadcrumbList","@id":"https:\/\/www.em.com.br\/emfoco\/2025\/07\/31\/it-bem-vindos-a-derry-ganha-novo-trailer-intenso-e-revela-origem-de-monstros-de-stephen-king\/#breadcrumb","itemListElement":[{"@type":"ListItem","position":1,"name":"In\u00edcio","item":"https:\/\/www.em.com.br\/emfoco\/"},{"@type":"ListItem","position":2,"name":"It: Bem-vindos a Derry ganha novo trailer intenso e revela origem de monstros de Stephen King"}]},{"@type":"WebSite","@id":"https:\/\/www.em.com.br\/emfoco\/#website","url":"https:\/\/www.em.com.br\/emfoco\/","name":"Estado de Minas - Em foco","description":"Acompanhe as \u00faltimas not\u00edcias e fique bem informado sobre tudo o que acontece em Minas Gerais, Brasil e no mundo.","potentialAction":[{"@type":"SearchAction","target":{"@type":"EntryPoint","urlTemplate":"https:\/\/www.em.com.br\/emfoco\/?s={search_term_string}"},"query-input":{"@type":"PropertyValueSpecification","valueRequired":true,"valueName":"search_term_string"}}],"inLanguage":"pt-BR"},{"@type":"Person","@id":"https:\/\/www.em.com.br\/emfoco\/#\/schema\/person\/1c9ddeab18b98abeffef834667bcf08a","name":"Gabriel Martins","image":{"@type":"ImageObject","inLanguage":"pt-BR","@id":"https:\/\/www.em.com.br\/emfoco\/#\/schema\/person\/image\/","url":"https:\/\/secure.gravatar.com\/avatar\/f0f1e2efdfd88f1ad2cb08c5c2731e50?s=96&d=mm&r=g","contentUrl":"https:\/\/secure.gravatar.com\/avatar\/f0f1e2efdfd88f1ad2cb08c5c2731e50?s=96&d=mm&r=g","caption":"Gabriel Martins"},"sameAs":["https:\/\/www.em.com.br\/emfoco\/"],"url":"https:\/\/www.em.com.br\/emfoco\/author\/gabrielmartinsmyth\/"}]}},"_links":{"self":[{"href":"https:\/\/www.em.com.br\/emfoco\/wp-json\/wp\/v2\/posts\/83253","targetHints":{"allow":["GET"]}}],"collection":[{"href":"https:\/\/www.em.com.br\/emfoco\/wp-json\/wp\/v2\/posts"}],"about":[{"href":"https:\/\/www.em.com.br\/emfoco\/wp-json\/wp\/v2\/types\/post"}],"author":[{"embeddable":true,"href":"https:\/\/www.em.com.br\/emfoco\/wp-json\/wp\/v2\/users\/13"}],"replies":[{"embeddable":true,"href":"https:\/\/www.em.com.br\/emfoco\/wp-json\/wp\/v2\/comments?post=83253"}],"version-history":[{"count":2,"href":"https:\/\/www.em.com.br\/emfoco\/wp-json\/wp\/v2\/posts\/83253\/revisions"}],"predecessor-version":[{"id":83299,"href":"https:\/\/www.em.com.br\/emfoco\/wp-json\/wp\/v2\/posts\/83253\/revisions\/83299"}],"wp:featuredmedia":[{"embeddable":true,"href":"https:\/\/www.em.com.br\/emfoco\/wp-json\/wp\/v2\/media\/83296"}],"wp:attachment":[{"href":"https:\/\/www.em.com.br\/emfoco\/wp-json\/wp\/v2\/media?parent=83253"}],"wp:term":[{"taxonomy":"category","embeddable":true,"href":"https:\/\/www.em.com.br\/emfoco\/wp-json\/wp\/v2\/categories?post=83253"},{"taxonomy":"post_tag","embeddable":true,"href":"https:\/\/www.em.com.br\/emfoco\/wp-json\/wp\/v2\/tags?post=83253"}],"curies":[{"name":"wp","href":"https:\/\/api.w.org\/{rel}","templated":true}]}}