{"id":8320,"date":"2025-01-11T16:20:00","date_gmt":"2025-01-11T19:20:00","guid":{"rendered":"https:\/\/www.em.com.br\/emfoco\/?p=8320"},"modified":"2025-01-11T05:23:49","modified_gmt":"2025-01-11T08:23:49","slug":"novidades-quentinhas-o-que-mudou-no-programa-cpf-na-nota","status":"publish","type":"post","link":"https:\/\/www.em.com.br\/emfoco\/2025\/01\/11\/novidades-quentinhas-o-que-mudou-no-programa-cpf-na-nota\/","title":{"rendered":"Novidades quentinhas! O que mudou no Programa CPF na Nota?"},"content":{"rendered":"\n<p>O programa &#8220;<strong><a href=\"https:\/\/www.em.com.br\/emfoco\/2025\/01\/01\/transforme-suas-compras-em-sorte-entenda-como-o-programa-cpf-na-nota-funciona\/\" target=\"_blank\" rel=\"noreferrer noopener\">CPF na Nota<\/a><\/strong>&#8221; \u00e9 uma estrat\u00e9gia utilizada por diversos estados brasileiros para incentivar o registro formal de compras atrav\u00e9s da inclus\u00e3o do CPF nas notas fiscais. Esta iniciativa visa combater a evas\u00e3o fiscal, aumentando a arrecada\u00e7\u00e3o de tributos de forma transparente e incentivando os consumidores a solicitar o documento fiscal.<\/p>\n\n\n\n<p>Ao requisitar a inclus\u00e3o do CPF na nota, os consumidores se beneficiam diretamente e contribuem para um sistema tribut\u00e1rio mais eficiente. Isso promove uma cultura de fiscaliza\u00e7\u00e3o cidad\u00e3, onde h\u00e1 maior controle e responsabilidade no recolhimento de impostos.<\/p>\n\n\n\n<h2 class=\"wp-block-heading\">Quais Vantagens o Programa Oferece?<\/h2>\n\n\n\n<p>Ao optar por incluir o CPF nas compras, os consumidores acumulam cr\u00e9ditos que podem ser convertidos em benef\u00edcios como abatimento de taxas estaduais, por exemplo, o Imposto sobre a <strong><a href=\"https:\/\/www.gov.br\/pt-br\/servicos-estaduais\/consultar-e-emitir-o-imposto-sobre-a-propriedade-de-veiculos-automotores-ipva\" target=\"_blank\" rel=\"noreferrer noopener\">Propriedade de Ve\u00edculos Automotores<\/a><\/strong> (IPVA). Essa possibilidade oferece uma vantagem financeira futura significativa aos participantes.<\/p>\n\n\n\n<p>Adicionalmente, os consumidores podem alocar seus cr\u00e9ditos para apoiar causas sociais, doando-os a organiza\u00e7\u00f5es beneficentes. Essa funcionalidade fomenta a responsabilidade social e permite que o consumo cotidiano tenha um impacto positivo na comunidade.<\/p>\n\n\n\n<figure class=\"wp-block-image size-large\"><img loading=\"lazy\" decoding=\"async\" width=\"1024\" height=\"576\" src=\"https:\/\/www.em.com.br\/emfoco\/wp-content\/uploads\/2024\/12\/CPF_1735328129110-1024x576.jpg\" alt=\"Transforme suas compras em sorte: Entenda como o programa CPF na Nota funciona\" class=\"wp-image-7088\" srcset=\"https:\/\/www.em.com.br\/emfoco\/wp-content\/uploads\/2024\/12\/CPF_1735328129110-1024x576.jpg 1024w, https:\/\/www.em.com.br\/emfoco\/wp-content\/uploads\/2024\/12\/CPF_1735328129110-300x169.jpg 300w, https:\/\/www.em.com.br\/emfoco\/wp-content\/uploads\/2024\/12\/CPF_1735328129110-768x432.jpg 768w, https:\/\/www.em.com.br\/emfoco\/wp-content\/uploads\/2024\/12\/CPF_1735328129110-750x422.jpg 750w, https:\/\/www.em.com.br\/emfoco\/wp-content\/uploads\/2024\/12\/CPF_1735328129110-1140x641.jpg 1140w, https:\/\/www.em.com.br\/emfoco\/wp-content\/uploads\/2024\/12\/CPF_1735328129110.jpg 1280w\" sizes=\"auto, (max-width: 1024px) 100vw, 1024px\" \/><figcaption class=\"wp-element-caption\">Imagem Ilustrativa do CPF &#8211; Cr\u00e9ditos: depositphotos.com \/ Mehaniq<\/figcaption><\/figure>\n\n\n\n<h2 class=\"wp-block-heading\">Como Consultar e Utilizar seus Cr\u00e9ditos?<\/h2>\n\n\n\n<p>Para acessar os benef\u00edcios acumulados pelo programa, os consumidores devem realizar algumas etapas simples atrav\u00e9s das plataformas digitais disponibilizadas por cada estado. As etapas incluem:<\/p>\n\n\n\n<ol class=\"wp-block-list\">\n<li>Visitar o site oficial do programa na sua localidade.<\/li>\n\n\n\n<li>Realizar login com CPF e senha previamente cadastrados.<\/li>\n\n\n\n<li>Visualizar o saldo de cr\u00e9ditos e suas possibilidades de uso.<\/li>\n\n\n\n<li>Optar pela forma de resgate, seja desconto em impostos ou transfer\u00eancia para conta banc\u00e1ria.<\/li>\n<\/ol>\n\n\n\n<p>Esses procedimentos permitem que os participantes administrem seus benef\u00edcios de forma eficiente e com comodidade.<\/p>\n\n\n\n<h2 class=\"wp-block-heading\">Onde o Programa Est\u00e1 em Funcionamento?<\/h2>\n\n\n\n<p>O &#8220;CPF na Nota&#8221; est\u00e1 ativo em diversas regi\u00f5es do Brasil, cada uma com suas especificidades. Em S\u00e3o Paulo, o programa \u00e9 conhecido como Nota Fiscal Paulista e oferece recompensas em dinheiro e sorteios peri\u00f3dicos. No Rio Grande do Sul, h\u00e1 a op\u00e7\u00e3o de doar os cr\u00e9ditos acumulados para institui\u00e7\u00f5es de caridade, al\u00e9m dos tradicionais sorteios.<\/p>\n\n\n\n<p>Minas Gerais tamb\u00e9m coloca \u00e0 disposi\u00e7\u00e3o dos consumidores mecanismos semelhantes, incentivando ainda mais a ades\u00e3o atrav\u00e9s de benef\u00edcios tang\u00edveis. Esta implementa\u00e7\u00e3o demonstra a versatilidade do programa em diferentes contextos estaduais.<\/p>\n\n\n\n<h2 class=\"wp-block-heading\">Dicas para Aumentar a Participa\u00e7\u00e3o nos Sorteios<\/h2>\n\n\n\n<p>Para aqueles que desejam participar e aumentar suas chances em sorteios ligados ao programa, \u00e9 recomendado que incluam o CPF sempre que poss\u00edvel ao efetuar compras. Isso gera um maior n\u00famero de bilhetes, elevando as probabilidades de ganho.<\/p>\n\n\n\n<p>\u00c9 importante acompanhar as datas dos sorteios e as regras de participa\u00e7\u00e3o, garantindo assim que todas as oportunidades sejam plenamente aproveitadas. Dessa forma, o programa &#8220;CPF na Nota&#8221; se torna ainda mais vantajoso para os consumidores engajados.<\/p>\n","protected":false},"excerpt":{"rendered":"<p>O programa &#8220;CPF na Nota&#8221; \u00e9 uma estrat\u00e9gia utilizada por diversos estados brasileiros para incentivar o registro formal de compras atrav\u00e9s da inclus\u00e3o do CPF nas notas fiscais. Esta iniciativa visa combater a evas\u00e3o fiscal, aumentando a arrecada\u00e7\u00e3o de tributos de forma transparente e incentivando os consumidores a solicitar o documento fiscal. Ao requisitar a [&hellip;]<\/p>\n","protected":false},"author":5,"featured_media":7165,"comment_status":"open","ping_status":"open","sticky":false,"template":"","format":"standard","meta":{"jnews-multi-image_gallery":[],"jnews_single_post":{"format":"standard"},"jnews_primary_category":[],"jnews_social_meta":[],"jnews_override_counter":[],"footnotes":""},"categories":[28,1],"tags":[848,398,402,2588],"class_list":["post-8320","post","type-post","status-publish","format-standard","has-post-thumbnail","hentry","category-economia","category-noticias","tag-cpf","tag-cpf-na-nota","tag-premios","tag-programa-cpf-na-nota"],"yoast_head":"<!-- This site is optimized with the Yoast SEO plugin v23.8 - https:\/\/yoast.com\/wordpress\/plugins\/seo\/ -->\n<title>Novidades quentinhas! O que mudou no Programa CPF na Nota? - Estado de Minas - Em foco<\/title>\n<meta name=\"description\" content=\"Aumente suas chances de ganhar pr\u00eamios e ainda ajude o pr\u00f3ximo com o programa CPF na Nota. Descubra como funciona e como se cadastrar.\" \/>\n<meta name=\"robots\" content=\"index, follow, max-snippet:-1, max-image-preview:large, max-video-preview:-1\" \/>\n<link rel=\"canonical\" href=\"https:\/\/www.em.com.br\/emfoco\/2025\/01\/11\/novidades-quentinhas-o-que-mudou-no-programa-cpf-na-nota\/\" \/>\n<meta property=\"og:locale\" content=\"pt_BR\" \/>\n<meta property=\"og:type\" content=\"article\" \/>\n<meta property=\"og:title\" content=\"Novidades quentinhas! O que mudou no Programa CPF na Nota? - Estado de Minas - Em foco\" \/>\n<meta property=\"og:description\" content=\"Aumente suas chances de ganhar pr\u00eamios e ainda ajude o pr\u00f3ximo com o programa CPF na Nota. Descubra como funciona e como se cadastrar.\" \/>\n<meta property=\"og:url\" content=\"https:\/\/www.em.com.br\/emfoco\/2025\/01\/11\/novidades-quentinhas-o-que-mudou-no-programa-cpf-na-nota\/\" \/>\n<meta property=\"og:site_name\" content=\"Estado de Minas - Em foco\" \/>\n<meta property=\"article:published_time\" content=\"2025-01-11T19:20:00+00:00\" \/>\n<meta property=\"article:modified_time\" content=\"2025-01-11T08:23:49+00:00\" \/>\n<meta property=\"og:image\" content=\"https:\/\/www.em.com.br\/emfoco\/wp-content\/uploads\/2024\/12\/cpf_1735336911493.jpg\" \/>\n\t<meta property=\"og:image:width\" content=\"1280\" \/>\n\t<meta property=\"og:image:height\" content=\"720\" \/>\n\t<meta property=\"og:image:type\" content=\"image\/jpeg\" \/>\n<meta name=\"author\" content=\"N\u00fabia Rangel\" \/>\n<meta name=\"twitter:card\" content=\"summary_large_image\" \/>\n<meta name=\"twitter:label1\" content=\"Escrito por\" \/>\n\t<meta name=\"twitter:data1\" content=\"N\u00fabia Rangel\" \/>\n\t<meta name=\"twitter:label2\" content=\"Est. tempo de leitura\" \/>\n\t<meta name=\"twitter:data2\" content=\"3 minutos\" \/>\n<!-- \/ Yoast SEO plugin. -->","yoast_head_json":{"title":"Novidades quentinhas! O que mudou no Programa CPF na Nota? - Estado de Minas - Em foco","description":"Aumente suas chances de ganhar pr\u00eamios e ainda ajude o pr\u00f3ximo com o programa CPF na Nota. Descubra como funciona e como se cadastrar.","robots":{"index":"index","follow":"follow","max-snippet":"max-snippet:-1","max-image-preview":"max-image-preview:large","max-video-preview":"max-video-preview:-1"},"canonical":"https:\/\/www.em.com.br\/emfoco\/2025\/01\/11\/novidades-quentinhas-o-que-mudou-no-programa-cpf-na-nota\/","og_locale":"pt_BR","og_type":"article","og_title":"Novidades quentinhas! O que mudou no Programa CPF na Nota? - Estado de Minas - Em foco","og_description":"Aumente suas chances de ganhar pr\u00eamios e ainda ajude o pr\u00f3ximo com o programa CPF na Nota. Descubra como funciona e como se cadastrar.","og_url":"https:\/\/www.em.com.br\/emfoco\/2025\/01\/11\/novidades-quentinhas-o-que-mudou-no-programa-cpf-na-nota\/","og_site_name":"Estado de Minas - Em foco","article_published_time":"2025-01-11T19:20:00+00:00","article_modified_time":"2025-01-11T08:23:49+00:00","og_image":[{"width":1280,"height":720,"url":"https:\/\/www.em.com.br\/emfoco\/wp-content\/uploads\/2024\/12\/cpf_1735336911493.jpg","type":"image\/jpeg"}],"author":"N\u00fabia Rangel","twitter_card":"summary_large_image","twitter_misc":{"Escrito por":"N\u00fabia Rangel","Est. tempo de leitura":"3 minutos"},"schema":{"@context":"https:\/\/schema.org","@graph":[{"@type":"WebPage","@id":"https:\/\/www.em.com.br\/emfoco\/2025\/01\/11\/novidades-quentinhas-o-que-mudou-no-programa-cpf-na-nota\/","url":"https:\/\/www.em.com.br\/emfoco\/2025\/01\/11\/novidades-quentinhas-o-que-mudou-no-programa-cpf-na-nota\/","name":"Novidades quentinhas! O que mudou no Programa CPF na Nota? - Estado de Minas - Em foco","isPartOf":{"@id":"https:\/\/www.em.com.br\/emfoco\/#website"},"primaryImageOfPage":{"@id":"https:\/\/www.em.com.br\/emfoco\/2025\/01\/11\/novidades-quentinhas-o-que-mudou-no-programa-cpf-na-nota\/#primaryimage"},"image":{"@id":"https:\/\/www.em.com.br\/emfoco\/2025\/01\/11\/novidades-quentinhas-o-que-mudou-no-programa-cpf-na-nota\/#primaryimage"},"thumbnailUrl":"https:\/\/www.em.com.br\/emfoco\/wp-content\/uploads\/2024\/12\/cpf_1735336911493.jpg","datePublished":"2025-01-11T19:20:00+00:00","dateModified":"2025-01-11T08:23:49+00:00","author":{"@id":"https:\/\/www.em.com.br\/emfoco\/#\/schema\/person\/524437ef54f8a5d32591b143307f2e20"},"description":"Aumente suas chances de ganhar pr\u00eamios e ainda ajude o pr\u00f3ximo com o programa CPF na Nota. Descubra como funciona e como se cadastrar.","breadcrumb":{"@id":"https:\/\/www.em.com.br\/emfoco\/2025\/01\/11\/novidades-quentinhas-o-que-mudou-no-programa-cpf-na-nota\/#breadcrumb"},"inLanguage":"pt-BR","potentialAction":[{"@type":"ReadAction","target":["https:\/\/www.em.com.br\/emfoco\/2025\/01\/11\/novidades-quentinhas-o-que-mudou-no-programa-cpf-na-nota\/"]}]},{"@type":"ImageObject","inLanguage":"pt-BR","@id":"https:\/\/www.em.com.br\/emfoco\/2025\/01\/11\/novidades-quentinhas-o-que-mudou-no-programa-cpf-na-nota\/#primaryimage","url":"https:\/\/www.em.com.br\/emfoco\/wp-content\/uploads\/2024\/12\/cpf_1735336911493.jpg","contentUrl":"https:\/\/www.em.com.br\/emfoco\/wp-content\/uploads\/2024\/12\/cpf_1735336911493.jpg","width":1280,"height":720,"caption":"Imagem Ilustrativa de CPF - Cr\u00e9ditos: depositphotos.com \/ Mehaniq"},{"@type":"BreadcrumbList","@id":"https:\/\/www.em.com.br\/emfoco\/2025\/01\/11\/novidades-quentinhas-o-que-mudou-no-programa-cpf-na-nota\/#breadcrumb","itemListElement":[{"@type":"ListItem","position":1,"name":"In\u00edcio","item":"https:\/\/www.em.com.br\/emfoco\/"},{"@type":"ListItem","position":2,"name":"Novidades quentinhas! O que mudou no Programa CPF na Nota?"}]},{"@type":"WebSite","@id":"https:\/\/www.em.com.br\/emfoco\/#website","url":"https:\/\/www.em.com.br\/emfoco\/","name":"Estado de Minas - Em foco","description":"Acompanhe as \u00faltimas not\u00edcias e fique bem informado sobre tudo o que acontece em Minas Gerais, Brasil e no mundo.","potentialAction":[{"@type":"SearchAction","target":{"@type":"EntryPoint","urlTemplate":"https:\/\/www.em.com.br\/emfoco\/?s={search_term_string}"},"query-input":{"@type":"PropertyValueSpecification","valueRequired":true,"valueName":"search_term_string"}}],"inLanguage":"pt-BR"},{"@type":"Person","@id":"https:\/\/www.em.com.br\/emfoco\/#\/schema\/person\/524437ef54f8a5d32591b143307f2e20","name":"N\u00fabia Rangel","image":{"@type":"ImageObject","inLanguage":"pt-BR","@id":"https:\/\/www.em.com.br\/emfoco\/#\/schema\/person\/image\/","url":"https:\/\/secure.gravatar.com\/avatar\/47cff2827a5ba23c37e8068c86817ea4?s=96&d=mm&r=g","contentUrl":"https:\/\/secure.gravatar.com\/avatar\/47cff2827a5ba23c37e8068c86817ea4?s=96&d=mm&r=g","caption":"N\u00fabia Rangel"},"sameAs":["https:\/\/www.em.com.br\/emfoco\/"],"url":"https:\/\/www.em.com.br\/emfoco\/author\/nubiamyth\/"}]}},"_links":{"self":[{"href":"https:\/\/www.em.com.br\/emfoco\/wp-json\/wp\/v2\/posts\/8320","targetHints":{"allow":["GET"]}}],"collection":[{"href":"https:\/\/www.em.com.br\/emfoco\/wp-json\/wp\/v2\/posts"}],"about":[{"href":"https:\/\/www.em.com.br\/emfoco\/wp-json\/wp\/v2\/types\/post"}],"author":[{"embeddable":true,"href":"https:\/\/www.em.com.br\/emfoco\/wp-json\/wp\/v2\/users\/5"}],"replies":[{"embeddable":true,"href":"https:\/\/www.em.com.br\/emfoco\/wp-json\/wp\/v2\/comments?post=8320"}],"version-history":[{"count":2,"href":"https:\/\/www.em.com.br\/emfoco\/wp-json\/wp\/v2\/posts\/8320\/revisions"}],"predecessor-version":[{"id":8322,"href":"https:\/\/www.em.com.br\/emfoco\/wp-json\/wp\/v2\/posts\/8320\/revisions\/8322"}],"wp:featuredmedia":[{"embeddable":true,"href":"https:\/\/www.em.com.br\/emfoco\/wp-json\/wp\/v2\/media\/7165"}],"wp:attachment":[{"href":"https:\/\/www.em.com.br\/emfoco\/wp-json\/wp\/v2\/media?parent=8320"}],"wp:term":[{"taxonomy":"category","embeddable":true,"href":"https:\/\/www.em.com.br\/emfoco\/wp-json\/wp\/v2\/categories?post=8320"},{"taxonomy":"post_tag","embeddable":true,"href":"https:\/\/www.em.com.br\/emfoco\/wp-json\/wp\/v2\/tags?post=8320"}],"curies":[{"name":"wp","href":"https:\/\/api.w.org\/{rel}","templated":true}]}}