{"id":83158,"date":"2025-07-30T09:18:44","date_gmt":"2025-07-30T12:18:44","guid":{"rendered":"https:\/\/www.em.com.br\/emfoco\/?p=83158"},"modified":"2025-07-29T11:27:44","modified_gmt":"2025-07-29T14:27:44","slug":"a-explicacao-psicologica-por-tras-de-quem-vive-as-lagrimas","status":"publish","type":"post","link":"https:\/\/www.em.com.br\/emfoco\/2025\/07\/30\/a-explicacao-psicologica-por-tras-de-quem-vive-as-lagrimas\/","title":{"rendered":"A explica\u00e7\u00e3o psicol\u00f3gica por tr\u00e1s de quem vive \u00e0s l\u00e1grimas"},"content":{"rendered":"\n<p>Entender <strong>o significado de chorar frequentemente<\/strong> pode iluminar quest\u00f5es emocionais profundas. A <strong>psicologia<\/strong> oferece diversos insights sobre essa quest\u00e3o, destacando aspectos que podem influenciar o comportamento humano.<\/p>\n\n\n\n<ul class=\"wp-block-list\">\n<li>Causas psicol\u00f3gicas do choro excessivo<\/li>\n\n\n\n<li>Impactos emocionais e sociais<\/li>\n\n\n\n<li>Solu\u00e7\u00f5es pr\u00e1ticas para gerenciar as emo\u00e7\u00f5es<\/li>\n<\/ul>\n\n\n\n<h2 class=\"wp-block-heading\">O que faz uma pessoa chorar o tempo todo?<\/h2>\n\n\n\n<p>O <strong>choro constante<\/strong> pode ser sintoma de dist\u00farbios emocionais como a <strong>depress\u00e3o<\/strong> ou a <strong>ansiedade<\/strong>. Esses sentimentos desencadeiam uma resposta emocional que se manifesta frequentemente em l\u00e1grimas.<\/p>\n\n\n\n<p>Al\u00e9m disso, experi\u00eancias traum\u00e1ticas ou de estresse prolongado podem levar a um estado em que as emo\u00e7\u00f5es s\u00e3o claramente expressadas atrav\u00e9s do choro.<\/p>\n\n\n<div class=\"wp-block-image\">\n<figure class=\"aligncenter size-large\"><img loading=\"lazy\" decoding=\"async\" width=\"1024\" height=\"576\" src=\"https:\/\/www.em.com.br\/emfoco\/wp-content\/uploads\/2025\/07\/Chorar-1024x576.jpg\" alt=\"Chorar\" class=\"wp-image-83165\" srcset=\"https:\/\/www.em.com.br\/emfoco\/wp-content\/uploads\/2025\/07\/Chorar-1024x576.jpg 1024w, https:\/\/www.em.com.br\/emfoco\/wp-content\/uploads\/2025\/07\/Chorar-300x169.jpg 300w, https:\/\/www.em.com.br\/emfoco\/wp-content\/uploads\/2025\/07\/Chorar-768x432.jpg 768w, https:\/\/www.em.com.br\/emfoco\/wp-content\/uploads\/2025\/07\/Chorar-750x422.jpg 750w, https:\/\/www.em.com.br\/emfoco\/wp-content\/uploads\/2025\/07\/Chorar-1140x641.jpg 1140w, https:\/\/www.em.com.br\/emfoco\/wp-content\/uploads\/2025\/07\/Chorar.jpg 1280w\" sizes=\"auto, (max-width: 1024px) 100vw, 1024px\" \/><figcaption class=\"wp-element-caption\">Chorar &#8211; Cr\u00e9ditos: depositphotos.com \/ HayDmitriy &#8211; Cr\u00e9ditos: depositphotos.com \/ Edaccor<\/figcaption><\/figure><\/div>\n\n\n<h2 class=\"wp-block-heading\">Chorar demais \u00e9 prejudicial?<\/h2>\n\n\n\n<p>A princ\u00edpio, <strong>chorar excessivamente<\/strong> pode indicar uma necessidade de apoio emocional ou interven\u00e7\u00e3o psicol\u00f3gica. Embora o choro tenha um papel terap\u00eautico, seu excesso pode alienar as <strong>rela\u00e7\u00f5es sociais<\/strong> e criar estigmas.<\/p>\n\n\n\n<p>No entanto, ao compreender a origem dessas emo\u00e7\u00f5es, \u00e9 poss\u00edvel adotar pr\u00e1ticas mais saud\u00e1veis para lidar com os sentimentos.<\/p>\n\n\n\n<h2 class=\"wp-block-heading\">Como lidar com o choro frequente?<\/h2>\n\n\n\n<p>Identificar os gatilhos do choro \u00e9 crucial para encontrar respostas. T\u00e9cnicas de <strong>medita\u00e7\u00e3o<\/strong> e <strong>terapia cognitivo-comportamental<\/strong> t\u00eam se mostrado eficazes para gerenciar emo\u00e7\u00f5es intensas.<\/p>\n\n\n\n<p>Buscar ajuda profissional ou contar com uma rede de apoio pode fazer uma diferen\u00e7a significativa no desenvolvimento emocional.<\/p>\n\n\n\n<p>Leia tamb\u00e9m: <a href=\"https:\/\/www.em.com.br\/emfoco\/2025\/07\/29\/o-que-voce-precisa-saber-antes-de-plantar-uma-ameixa-no-jardim\/\" target=\"_blank\" rel=\"noreferrer noopener\">O que voc\u00ea precisa saber antes de plantar uma ameixa no jardim<\/a><\/p>\n\n\n\n<h2 class=\"wp-block-heading\">Resili\u00eancia emocional: chave para o equil\u00edbrio<\/h2>\n\n\n\n<p>Conquistar a <strong>resili\u00eancia emocional<\/strong> possibilita encontrar um equil\u00edbrio emocional saud\u00e1vel. Fortalecer essa habilidade contribui para a melhoria da sa\u00fade mental e bem-estar.<\/p>\n\n\n\n<ul class=\"wp-block-list\">\n<li>Compreender que o choro pode sinalizar a necessidade de explorar profundidades pessoais.<\/li>\n\n\n\n<li>Reconhecer que cada emo\u00e7\u00e3o deve ser validada e entendida.<\/li>\n\n\n\n<li>Aperfei\u00e7oar t\u00e9cnicas para lidar com situa\u00e7\u00f5es emocionais desafiadoras.<\/li>\n<\/ul>\n\n\n\n<p>Chorar \u00e9 uma das manifesta\u00e7\u00f5es humanas que transcende culturas e \u00e9pocas. A linguagem emocional considerada universal permite \u00e0s pessoas expressarem uma ampla gama de sentimentos, desde tristeza at\u00e9 um alto pico de felicidade.<\/p>\n\n\n\n<h2 class=\"wp-block-heading\">Import\u00e2ncia de n\u00e3o reprimir o choro<\/h2>\n\n\n\n<p>Reprimir o choro pode levar a sintomas como esgotamento afetivo, estresse acumulado e outras manifesta\u00e7\u00f5es f\u00edsicas e emocionais. Reconhecer a import\u00e2ncia de expressar suas emo\u00e7\u00f5es de forma genu\u00edna pode contribuir para um melhor equil\u00edbrio emocional e sa\u00fade mental.<\/p>\n\n\n\n<p>Alguns dos sintomas mais comuns que o corpo pode sentir ao reprimir emo\u00e7\u00f5es s\u00e3o esgotamento afetivo, instabilidade do humor, estresse acumulado, altera\u00e7\u00e3o da press\u00e3o arterial, problemas digestivos e, em casos mais graves, potencializa\u00e7\u00e3o de dist\u00farbios mentais, como ansiedade, estresse e depress\u00e3o.<\/p>\n\n\n\n<p>Linha de cuidados de sa\u00fade mental <a href=\"https:\/\/www.uol.com.br\/vivabem\/noticias\/redacao\/2019\/11\/27\/chorar-por-tudo-nao-e-sinal-de-imaturidade-mas-pode-indicar-algum-problema.htm\" target=\"_blank\" rel=\"noreferrer noopener\">Independentemente <\/a>de idade ou g\u00eanero, pessoas que t\u00eam dificuldades em expressar sentimentos podem buscar ajuda gratuitamente pelo Sistema \u00danico de Sa\u00fade (SUS). Com foco na sa\u00fade mental dos pacientes, algumas das unidades de sa\u00fade gerenciadas pelo CEJAM oferecem qualidade e aten\u00e7\u00e3o assistencial por meio de uma Linha de Cuidado dedicada exclusivamente ao tema.<\/p>\n\n\n\n<p>\u201cO choro \u00e9 compreendido como um dos mecanismos de equil\u00edbrio para liberar poss\u00edveis excessos causados pelas situa\u00e7\u00f5es conflituosas que enfrentamos ao longo de nossas vidas. O cuidado em sa\u00fade mental busca facilitar o processo de utiliza\u00e7\u00e3o e desenvolvimento de recursos pessoais, t\u00e3o essenciais dentro dessa din\u00e2mica emocional\u201d, explica Maria Carolina de Raphael Nogueira, gerente do CAPS AD III Jardim \u00c2ngela, um dos servi\u00e7os de sa\u00fade mental que comp\u00f5e a Aten\u00e7\u00e3o Especializada do SUS, na zona Sul de S\u00e3o Paulo.<\/p>\n","protected":false},"excerpt":{"rendered":"<p>Entender o significado de chorar frequentemente pode iluminar quest\u00f5es emocionais profundas. A psicologia oferece diversos insights sobre essa quest\u00e3o, destacando aspectos que podem influenciar o comportamento humano. O que faz uma pessoa chorar o tempo todo? O choro constante pode ser sintoma de dist\u00farbios emocionais como a depress\u00e3o ou a ansiedade. Esses sentimentos desencadeiam uma [&hellip;]<\/p>\n","protected":false},"author":15,"featured_media":83162,"comment_status":"open","ping_status":"open","sticky":false,"template":"","format":"standard","meta":{"jnews-multi-image_gallery":[],"jnews_single_post":{"format":"standard"},"jnews_primary_category":[],"jnews_social_meta":[],"jnews_override_counter":[],"footnotes":""},"categories":[8819,1],"tags":[711,10170,5023,5155],"class_list":["post-83158","post","type-post","status-publish","format-standard","has-post-thumbnail","hentry","category-curiosidades","category-noticias","tag-bem-estar","tag-bem-estar-animal","tag-medo","tag-psicologia"],"yoast_head":"<!-- This site is optimized with the Yoast SEO plugin v23.8 - https:\/\/yoast.com\/wordpress\/plugins\/seo\/ -->\n<title>A explica\u00e7\u00e3o psicol\u00f3gica por tr\u00e1s de quem vive \u00e0s l\u00e1grimas - Estado de Minas - Em foco<\/title>\n<meta name=\"description\" content=\"Chorar com frequ\u00eancia pode ser sinal de desequil\u00edbrio emocional. Veja o que a psicologia diz sobre esse comportamento repetitivo.\" \/>\n<meta name=\"robots\" content=\"index, follow, max-snippet:-1, max-image-preview:large, max-video-preview:-1\" \/>\n<link rel=\"canonical\" href=\"https:\/\/www.em.com.br\/emfoco\/2025\/07\/30\/a-explicacao-psicologica-por-tras-de-quem-vive-as-lagrimas\/\" \/>\n<meta property=\"og:locale\" content=\"pt_BR\" \/>\n<meta property=\"og:type\" content=\"article\" \/>\n<meta property=\"og:title\" content=\"A explica\u00e7\u00e3o psicol\u00f3gica por tr\u00e1s de quem vive \u00e0s l\u00e1grimas - Estado de Minas - Em foco\" \/>\n<meta property=\"og:description\" content=\"Chorar com frequ\u00eancia pode ser sinal de desequil\u00edbrio emocional. Veja o que a psicologia diz sobre esse comportamento repetitivo.\" \/>\n<meta property=\"og:url\" content=\"https:\/\/www.em.com.br\/emfoco\/2025\/07\/30\/a-explicacao-psicologica-por-tras-de-quem-vive-as-lagrimas\/\" \/>\n<meta property=\"og:site_name\" content=\"Estado de Minas - Em foco\" \/>\n<meta property=\"article:published_time\" content=\"2025-07-30T12:18:44+00:00\" \/>\n<meta property=\"article:modified_time\" content=\"2025-07-29T14:27:44+00:00\" \/>\n<meta property=\"og:image\" content=\"https:\/\/www.em.com.br\/emfoco\/wp-content\/uploads\/2025\/07\/chorar_1753799070184.jpg\" \/>\n\t<meta property=\"og:image:width\" content=\"1280\" \/>\n\t<meta property=\"og:image:height\" content=\"720\" \/>\n\t<meta property=\"og:image:type\" content=\"image\/jpeg\" \/>\n<meta name=\"author\" content=\"Douglas Myth\" \/>\n<meta name=\"twitter:card\" content=\"summary_large_image\" \/>\n<meta name=\"twitter:label1\" content=\"Escrito por\" \/>\n\t<meta name=\"twitter:data1\" content=\"Douglas Myth\" \/>\n\t<meta name=\"twitter:label2\" content=\"Est. tempo de leitura\" \/>\n\t<meta name=\"twitter:data2\" content=\"4 minutos\" \/>\n<!-- \/ Yoast SEO plugin. -->","yoast_head_json":{"title":"A explica\u00e7\u00e3o psicol\u00f3gica por tr\u00e1s de quem vive \u00e0s l\u00e1grimas - Estado de Minas - Em foco","description":"Chorar com frequ\u00eancia pode ser sinal de desequil\u00edbrio emocional. Veja o que a psicologia diz sobre esse comportamento repetitivo.","robots":{"index":"index","follow":"follow","max-snippet":"max-snippet:-1","max-image-preview":"max-image-preview:large","max-video-preview":"max-video-preview:-1"},"canonical":"https:\/\/www.em.com.br\/emfoco\/2025\/07\/30\/a-explicacao-psicologica-por-tras-de-quem-vive-as-lagrimas\/","og_locale":"pt_BR","og_type":"article","og_title":"A explica\u00e7\u00e3o psicol\u00f3gica por tr\u00e1s de quem vive \u00e0s l\u00e1grimas - Estado de Minas - Em foco","og_description":"Chorar com frequ\u00eancia pode ser sinal de desequil\u00edbrio emocional. Veja o que a psicologia diz sobre esse comportamento repetitivo.","og_url":"https:\/\/www.em.com.br\/emfoco\/2025\/07\/30\/a-explicacao-psicologica-por-tras-de-quem-vive-as-lagrimas\/","og_site_name":"Estado de Minas - Em foco","article_published_time":"2025-07-30T12:18:44+00:00","article_modified_time":"2025-07-29T14:27:44+00:00","og_image":[{"width":1280,"height":720,"url":"https:\/\/www.em.com.br\/emfoco\/wp-content\/uploads\/2025\/07\/chorar_1753799070184.jpg","type":"image\/jpeg"}],"author":"Douglas Myth","twitter_card":"summary_large_image","twitter_misc":{"Escrito por":"Douglas Myth","Est. tempo de leitura":"4 minutos"},"schema":{"@context":"https:\/\/schema.org","@graph":[{"@type":"WebPage","@id":"https:\/\/www.em.com.br\/emfoco\/2025\/07\/30\/a-explicacao-psicologica-por-tras-de-quem-vive-as-lagrimas\/","url":"https:\/\/www.em.com.br\/emfoco\/2025\/07\/30\/a-explicacao-psicologica-por-tras-de-quem-vive-as-lagrimas\/","name":"A explica\u00e7\u00e3o psicol\u00f3gica por tr\u00e1s de quem vive \u00e0s l\u00e1grimas - Estado de Minas - Em foco","isPartOf":{"@id":"https:\/\/www.em.com.br\/emfoco\/#website"},"primaryImageOfPage":{"@id":"https:\/\/www.em.com.br\/emfoco\/2025\/07\/30\/a-explicacao-psicologica-por-tras-de-quem-vive-as-lagrimas\/#primaryimage"},"image":{"@id":"https:\/\/www.em.com.br\/emfoco\/2025\/07\/30\/a-explicacao-psicologica-por-tras-de-quem-vive-as-lagrimas\/#primaryimage"},"thumbnailUrl":"https:\/\/www.em.com.br\/emfoco\/wp-content\/uploads\/2025\/07\/chorar_1753799070184.jpg","datePublished":"2025-07-30T12:18:44+00:00","dateModified":"2025-07-29T14:27:44+00:00","author":{"@id":"https:\/\/www.em.com.br\/emfoco\/#\/schema\/person\/bba594b7eebe9b9885fec3a5c7837089"},"description":"Chorar com frequ\u00eancia pode ser sinal de desequil\u00edbrio emocional. Veja o que a psicologia diz sobre esse comportamento repetitivo.","breadcrumb":{"@id":"https:\/\/www.em.com.br\/emfoco\/2025\/07\/30\/a-explicacao-psicologica-por-tras-de-quem-vive-as-lagrimas\/#breadcrumb"},"inLanguage":"pt-BR","potentialAction":[{"@type":"ReadAction","target":["https:\/\/www.em.com.br\/emfoco\/2025\/07\/30\/a-explicacao-psicologica-por-tras-de-quem-vive-as-lagrimas\/"]}]},{"@type":"ImageObject","inLanguage":"pt-BR","@id":"https:\/\/www.em.com.br\/emfoco\/2025\/07\/30\/a-explicacao-psicologica-por-tras-de-quem-vive-as-lagrimas\/#primaryimage","url":"https:\/\/www.em.com.br\/emfoco\/wp-content\/uploads\/2025\/07\/chorar_1753799070184.jpg","contentUrl":"https:\/\/www.em.com.br\/emfoco\/wp-content\/uploads\/2025\/07\/chorar_1753799070184.jpg","width":1280,"height":720,"caption":"Chorar - Cr\u00e9ditos: depositphotos.com \/ AndrewLozovyi"},{"@type":"BreadcrumbList","@id":"https:\/\/www.em.com.br\/emfoco\/2025\/07\/30\/a-explicacao-psicologica-por-tras-de-quem-vive-as-lagrimas\/#breadcrumb","itemListElement":[{"@type":"ListItem","position":1,"name":"In\u00edcio","item":"https:\/\/www.em.com.br\/emfoco\/"},{"@type":"ListItem","position":2,"name":"A explica\u00e7\u00e3o psicol\u00f3gica por tr\u00e1s de quem vive \u00e0s l\u00e1grimas"}]},{"@type":"WebSite","@id":"https:\/\/www.em.com.br\/emfoco\/#website","url":"https:\/\/www.em.com.br\/emfoco\/","name":"Estado de Minas - Em foco","description":"Acompanhe as \u00faltimas not\u00edcias e fique bem informado sobre tudo o que acontece em Minas Gerais, Brasil e no mundo.","potentialAction":[{"@type":"SearchAction","target":{"@type":"EntryPoint","urlTemplate":"https:\/\/www.em.com.br\/emfoco\/?s={search_term_string}"},"query-input":{"@type":"PropertyValueSpecification","valueRequired":true,"valueName":"search_term_string"}}],"inLanguage":"pt-BR"},{"@type":"Person","@id":"https:\/\/www.em.com.br\/emfoco\/#\/schema\/person\/bba594b7eebe9b9885fec3a5c7837089","name":"Douglas Myth","image":{"@type":"ImageObject","inLanguage":"pt-BR","@id":"https:\/\/www.em.com.br\/emfoco\/#\/schema\/person\/image\/","url":"https:\/\/secure.gravatar.com\/avatar\/1ac3cf50d0e68642c697dc0c960c802f?s=96&d=mm&r=g","contentUrl":"https:\/\/secure.gravatar.com\/avatar\/1ac3cf50d0e68642c697dc0c960c802f?s=96&d=mm&r=g","caption":"Douglas Myth"},"url":"https:\/\/www.em.com.br\/emfoco\/author\/douglasmyth\/"}]}},"_links":{"self":[{"href":"https:\/\/www.em.com.br\/emfoco\/wp-json\/wp\/v2\/posts\/83158","targetHints":{"allow":["GET"]}}],"collection":[{"href":"https:\/\/www.em.com.br\/emfoco\/wp-json\/wp\/v2\/posts"}],"about":[{"href":"https:\/\/www.em.com.br\/emfoco\/wp-json\/wp\/v2\/types\/post"}],"author":[{"embeddable":true,"href":"https:\/\/www.em.com.br\/emfoco\/wp-json\/wp\/v2\/users\/15"}],"replies":[{"embeddable":true,"href":"https:\/\/www.em.com.br\/emfoco\/wp-json\/wp\/v2\/comments?post=83158"}],"version-history":[{"count":2,"href":"https:\/\/www.em.com.br\/emfoco\/wp-json\/wp\/v2\/posts\/83158\/revisions"}],"predecessor-version":[{"id":83168,"href":"https:\/\/www.em.com.br\/emfoco\/wp-json\/wp\/v2\/posts\/83158\/revisions\/83168"}],"wp:featuredmedia":[{"embeddable":true,"href":"https:\/\/www.em.com.br\/emfoco\/wp-json\/wp\/v2\/media\/83162"}],"wp:attachment":[{"href":"https:\/\/www.em.com.br\/emfoco\/wp-json\/wp\/v2\/media?parent=83158"}],"wp:term":[{"taxonomy":"category","embeddable":true,"href":"https:\/\/www.em.com.br\/emfoco\/wp-json\/wp\/v2\/categories?post=83158"},{"taxonomy":"post_tag","embeddable":true,"href":"https:\/\/www.em.com.br\/emfoco\/wp-json\/wp\/v2\/tags?post=83158"}],"curies":[{"name":"wp","href":"https:\/\/api.w.org\/{rel}","templated":true}]}}