{"id":83136,"date":"2025-07-30T19:48:00","date_gmt":"2025-07-30T22:48:00","guid":{"rendered":"https:\/\/www.em.com.br\/emfoco\/?p=83136"},"modified":"2025-07-29T11:52:09","modified_gmt":"2025-07-29T14:52:09","slug":"cidade-dos-morangos-e-das-flores-virou-o-refugio-preferido-de-quem-busca-paz-e-beleza","status":"publish","type":"post","link":"https:\/\/www.em.com.br\/emfoco\/2025\/07\/30\/cidade-dos-morangos-e-das-flores-virou-o-refugio-preferido-de-quem-busca-paz-e-beleza\/","title":{"rendered":"Cidade dos morangos e das flores, virou o ref\u00fagio preferido de quem busca paz e beleza"},"content":{"rendered":"\n<p><strong><a href=\"https:\/\/www.tripadvisor.com.br\/Attractions-g675018-Activities-Atibaia_State_of_Sao_Paulo.html\" target=\"_blank\" rel=\"noreferrer noopener\">Atibaia<\/a><\/strong>, a apenas 60 km da capital paulista, combina tradi\u00e7\u00e3o agr\u00edcola, hist\u00f3ria e natureza em um s\u00f3 destino. Reconhecida nacionalmente pela produ\u00e7\u00e3o de flores e morangos, a cidade proporciona experi\u00eancias visuais e gastron\u00f4micas encantadoras.<\/p>\n\n\n\n<p>Pra\u00e7as floridas, clima ameno e o <strong>t\u00edtulo de Capital Nacional do Morango<\/strong> colocam Atibaia entre os roteiros mais fotog\u00eanicos e saborosos do interior paulista. A cidade une cen\u00e1rios buc\u00f3licos com atra\u00e7\u00f5es culturais \u00fanicas.<\/p>\n\n\n\n<h2 class=\"wp-block-heading\">Quais s\u00e3o os atrativos naturais e paisag\u00edsticos mais procurados em Atibaia?<\/h2>\n\n\n\n<p>O <strong>Parque das \u00c1guas<\/strong> e a vista da Pedra Grande pelo telef\u00e9rico s\u00e3o destaques imperd\u00edveis. O passeio oferece uma experi\u00eancia visual deslumbrante entre \u00e1reas verdes e o horizonte montanhoso da regi\u00e3o.<\/p>\n\n\n\n<blockquote class=\"instagram-media\" data-instgrm-captioned data-instgrm-permalink=\"https:\/\/www.instagram.com\/p\/DMf_rCuO_jX\/?utm_source=ig_embed&amp;utm_campaign=loading\" data-instgrm-version=\"14\" style=\" background:#FFF; border:0; border-radius:3px; box-shadow:0 0 1px 0 rgba(0,0,0,0.5),0 1px 10px 0 rgba(0,0,0,0.15); margin: 1px; max-width:540px; min-width:326px; padding:0; width:99.375%; width:-webkit-calc(100% - 2px); width:calc(100% - 2px);\"><div style=\"padding:16px;\"> <a href=\"https:\/\/www.instagram.com\/p\/DMf_rCuO_jX\/?utm_source=ig_embed&amp;utm_campaign=loading\" style=\" background:#FFFFFF; line-height:0; padding:0 0; text-align:center; text-decoration:none; width:100%;\" target=\"_blank\"> <div style=\" display: flex; flex-direction: row; align-items: center;\"> <div style=\"background-color: #F4F4F4; border-radius: 50%; flex-grow: 0; height: 40px; margin-right: 14px; width: 40px;\"><\/div> <div style=\"display: flex; flex-direction: column; flex-grow: 1; justify-content: center;\"> <div style=\" background-color: #F4F4F4; border-radius: 4px; flex-grow: 0; height: 14px; margin-bottom: 6px; width: 100px;\"><\/div> <div style=\" background-color: #F4F4F4; border-radius: 4px; flex-grow: 0; height: 14px; width: 60px;\"><\/div><\/div><\/div><div style=\"padding: 19% 0;\"><\/div> <div style=\"display:block; height:50px; margin:0 auto 12px; width:50px;\"><svg width=\"50px\" height=\"50px\" viewBox=\"0 0 60 60\" version=\"1.1\" xmlns=\"https:\/\/www.w3.org\/2000\/svg\" xmlns:xlink=\"https:\/\/www.w3.org\/1999\/xlink\"><g stroke=\"none\" stroke-width=\"1\" fill=\"none\" fill-rule=\"evenodd\"><g transform=\"translate(-511.000000, -20.000000)\" fill=\"#000000\"><g><path d=\"M556.869,30.41 C554.814,30.41 553.148,32.076 553.148,34.131 C553.148,36.186 554.814,37.852 556.869,37.852 C558.924,37.852 560.59,36.186 560.59,34.131 C560.59,32.076 558.924,30.41 556.869,30.41 M541,60.657 C535.114,60.657 530.342,55.887 530.342,50 C530.342,44.114 535.114,39.342 541,39.342 C546.887,39.342 551.658,44.114 551.658,50 C551.658,55.887 546.887,60.657 541,60.657 M541,33.886 C532.1,33.886 524.886,41.1 524.886,50 C524.886,58.899 532.1,66.113 541,66.113 C549.9,66.113 557.115,58.899 557.115,50 C557.115,41.1 549.9,33.886 541,33.886 M565.378,62.101 C565.244,65.022 564.756,66.606 564.346,67.663 C563.803,69.06 563.154,70.057 562.106,71.106 C561.058,72.155 560.06,72.803 558.662,73.347 C557.607,73.757 556.021,74.244 553.102,74.378 C549.944,74.521 548.997,74.552 541,74.552 C533.003,74.552 532.056,74.521 528.898,74.378 C525.979,74.244 524.393,73.757 523.338,73.347 C521.94,72.803 520.942,72.155 519.894,71.106 C518.846,70.057 518.197,69.06 517.654,67.663 C517.244,66.606 516.755,65.022 516.623,62.101 C516.479,58.943 516.448,57.996 516.448,50 C516.448,42.003 516.479,41.056 516.623,37.899 C516.755,34.978 517.244,33.391 517.654,32.338 C518.197,30.938 518.846,29.942 519.894,28.894 C520.942,27.846 521.94,27.196 523.338,26.654 C524.393,26.244 525.979,25.756 528.898,25.623 C532.057,25.479 533.004,25.448 541,25.448 C548.997,25.448 549.943,25.479 553.102,25.623 C556.021,25.756 557.607,26.244 558.662,26.654 C560.06,27.196 561.058,27.846 562.106,28.894 C563.154,29.942 563.803,30.938 564.346,32.338 C564.756,33.391 565.244,34.978 565.378,37.899 C565.522,41.056 565.552,42.003 565.552,50 C565.552,57.996 565.522,58.943 565.378,62.101 M570.82,37.631 C570.674,34.438 570.167,32.258 569.425,30.349 C568.659,28.377 567.633,26.702 565.965,25.035 C564.297,23.368 562.623,22.342 560.652,21.575 C558.743,20.834 556.562,20.326 553.369,20.18 C550.169,20.033 549.148,20 541,20 C532.853,20 531.831,20.033 528.631,20.18 C525.438,20.326 523.257,20.834 521.349,21.575 C519.376,22.342 517.703,23.368 516.035,25.035 C514.368,26.702 513.342,28.377 512.574,30.349 C511.834,32.258 511.326,34.438 511.181,37.631 C511.035,40.831 511,41.851 511,50 C511,58.147 511.035,59.17 511.181,62.369 C511.326,65.562 511.834,67.743 512.574,69.651 C513.342,71.625 514.368,73.296 516.035,74.965 C517.703,76.634 519.376,77.658 521.349,78.425 C523.257,79.167 525.438,79.673 528.631,79.82 C531.831,79.965 532.853,80.001 541,80.001 C549.148,80.001 550.169,79.965 553.369,79.82 C556.562,79.673 558.743,79.167 560.652,78.425 C562.623,77.658 564.297,76.634 565.965,74.965 C567.633,73.296 568.659,71.625 569.425,69.651 C570.167,67.743 570.674,65.562 570.82,62.369 C570.966,59.17 571,58.147 571,50 C571,41.851 570.966,40.831 570.82,37.631\"><\/path><\/g><\/g><\/g><\/svg><\/div><div style=\"padding-top: 8px;\"> <div style=\" color:#3897f0; font-family:Arial,sans-serif; font-size:14px; font-style:normal; font-weight:550; line-height:18px;\">Ver essa foto no Instagram<\/div><\/div><div style=\"padding: 12.5% 0;\"><\/div> <div style=\"display: flex; flex-direction: row; margin-bottom: 14px; align-items: center;\"><div> <div style=\"background-color: #F4F4F4; border-radius: 50%; height: 12.5px; width: 12.5px; transform: translateX(0px) translateY(7px);\"><\/div> <div style=\"background-color: #F4F4F4; height: 12.5px; transform: rotate(-45deg) translateX(3px) translateY(1px); width: 12.5px; flex-grow: 0; margin-right: 14px; margin-left: 2px;\"><\/div> <div style=\"background-color: #F4F4F4; border-radius: 50%; height: 12.5px; width: 12.5px; transform: translateX(9px) translateY(-18px);\"><\/div><\/div><div style=\"margin-left: 8px;\"> <div style=\" background-color: #F4F4F4; border-radius: 50%; flex-grow: 0; height: 20px; width: 20px;\"><\/div> <div style=\" width: 0; height: 0; border-top: 2px solid transparent; border-left: 6px solid #f4f4f4; border-bottom: 2px solid transparent; transform: translateX(16px) translateY(-4px) rotate(30deg)\"><\/div><\/div><div style=\"margin-left: auto;\"> <div style=\" width: 0px; border-top: 8px solid #F4F4F4; border-right: 8px solid transparent; transform: translateY(16px);\"><\/div> <div style=\" background-color: #F4F4F4; flex-grow: 0; height: 12px; width: 16px; transform: translateY(-4px);\"><\/div> <div style=\" width: 0; height: 0; border-top: 8px solid #F4F4F4; border-left: 8px solid transparent; transform: translateY(-4px) translateX(8px);\"><\/div><\/div><\/div> <div style=\"display: flex; flex-direction: column; flex-grow: 1; justify-content: center; margin-bottom: 24px;\"> <div style=\" background-color: #F4F4F4; border-radius: 4px; flex-grow: 0; height: 14px; margin-bottom: 6px; width: 224px;\"><\/div> <div style=\" background-color: #F4F4F4; border-radius: 4px; flex-grow: 0; height: 14px; width: 144px;\"><\/div><\/div><\/a><p style=\" color:#c9c8cd; font-family:Arial,sans-serif; font-size:14px; line-height:17px; margin-bottom:0; margin-top:8px; overflow:hidden; padding:8px 0 7px; text-align:center; text-overflow:ellipsis; white-space:nowrap;\"><a href=\"https:\/\/www.instagram.com\/p\/DMf_rCuO_jX\/?utm_source=ig_embed&amp;utm_campaign=loading\" style=\" color:#c9c8cd; font-family:Arial,sans-serif; font-size:14px; font-style:normal; font-weight:normal; line-height:17px; text-decoration:none;\" target=\"_blank\">Uma publica\u00e7\u00e3o compartilhada por VILA CONDOR \u269c\ufe0f (@vila.condor)<\/a><\/p><\/div><\/blockquote>\n<script async src=\"\/\/www.instagram.com\/embed.js\"><\/script>\n\n\n\n<p>O visual das pra\u00e7as ajardinadas e a integra\u00e7\u00e3o com a natureza tornam Atibaia um convite ao relaxamento. O telef\u00e9rico garante um momento inesquec\u00edvel, ideal para fotos e contempla\u00e7\u00e3o.<\/p>\n\n\n\n<h2 class=\"wp-block-heading\">O que torna a Adega Nardini uma parada obrigat\u00f3ria?<\/h2>\n\n\n\n<p>Com ra\u00edzes na imigra\u00e7\u00e3o italiana, a <strong>Adega Nardini<\/strong> \u00e9 s\u00edmbolo da produ\u00e7\u00e3o artesanal de vinhos em Atibaia. No local, \u00e9 poss\u00edvel degustar vinhos, licores e sucos de uva fresquinhos e locais.<\/p>\n\n\n\n<p>Al\u00e9m da produ\u00e7\u00e3o familiar, a visita permite uma imers\u00e3o no universo enogastron\u00f4mico regional. A autenticidade e o sabor tornam a experi\u00eancia memor\u00e1vel at\u00e9 para os n\u00e3o iniciados em vinhos.<\/p>\n\n\n\n<h2 class=\"wp-block-heading\">Por que o Santu\u00e1rio de Schoenstatt atrai tantos visitantes?<\/h2>\n\n\n\n<p>O <strong>Santu\u00e1rio da M\u00e3e Rainha<\/strong> em Atibaia \u00e9 um ref\u00fagio espiritual rodeado por jardins silenciosos. O local convida \u00e0 introspec\u00e7\u00e3o, sendo procurado por quem busca f\u00e9 e paz interior.<\/p>\n\n\n\n<p>Mais que uma experi\u00eancia religiosa, o espa\u00e7o \u00e9 um santu\u00e1rio de beleza e acolhimento. Visitar o local \u00e9 uma oportunidade de desacelerar e reconectar-se com o essencial.<\/p>\n\n\n\n<figure class=\"wp-block-image size-large\"><img loading=\"lazy\" decoding=\"async\" width=\"1024\" height=\"576\" src=\"https:\/\/www.em.com.br\/emfoco\/wp-content\/uploads\/2025\/07\/Atibaia_1753803365039-1024x576.jpg\" alt=\"\" class=\"wp-image-83180\" srcset=\"https:\/\/www.em.com.br\/emfoco\/wp-content\/uploads\/2025\/07\/Atibaia_1753803365039-1024x576.jpg 1024w, https:\/\/www.em.com.br\/emfoco\/wp-content\/uploads\/2025\/07\/Atibaia_1753803365039-300x169.jpg 300w, https:\/\/www.em.com.br\/emfoco\/wp-content\/uploads\/2025\/07\/Atibaia_1753803365039-768x432.jpg 768w, https:\/\/www.em.com.br\/emfoco\/wp-content\/uploads\/2025\/07\/Atibaia_1753803365039-750x422.jpg 750w, https:\/\/www.em.com.br\/emfoco\/wp-content\/uploads\/2025\/07\/Atibaia_1753803365039-1140x641.jpg 1140w, https:\/\/www.em.com.br\/emfoco\/wp-content\/uploads\/2025\/07\/Atibaia_1753803365039.jpg 1280w\" sizes=\"auto, (max-width: 1024px) 100vw, 1024px\" \/><figcaption class=\"wp-element-caption\">Atibaia &#8211; Cr\u00e9ditos: depositphotos.com \/ Ranimiro<\/figcaption><\/figure>\n\n\n\n<h2 class=\"wp-block-heading\">O que esperar da visita ao Espa\u00e7o 49 e sua exposi\u00e7\u00e3o de aves?<\/h2>\n\n\n\n<p>O <strong>Espa\u00e7o 49<\/strong> encanta com sua Exposi\u00e7\u00e3o de Aves do Mundo, apresentando esp\u00e9cies ex\u00f3ticas de v\u00e1rias partes do planeta. Um passeio l\u00fadico e educativo, perfeito para todas as idades.<\/p>\n\n\n\n<p>Al\u00e9m das aves, a <strong>Loja Arte com as M\u00e3os<\/strong> destaca o artesanato local, com pe\u00e7as feitas por artistas da regi\u00e3o. \u00c9 o local ideal para encontrar lembran\u00e7as aut\u00eanticas e apoiar a cultura local.<\/p>\n\n\n\n<h2 class=\"wp-block-heading\">Como o Centro Hist\u00f3rico valoriza a cultura e arquitetura local?<\/h2>\n\n\n\n<p>O <strong>Centro Hist\u00f3rico<\/strong> de Atibaia mant\u00e9m viva a ess\u00eancia colonial com ruas de pedra e casar\u00f5es antigos. O passeio por igrejas como S\u00e3o Jo\u00e3o Batista e S\u00e3o Benedito revela a heran\u00e7a religiosa da cidade.<\/p>\n\n\n\n<p>Leia tamb\u00e9m: <a href=\"https:\/\/www.em.com.br\/emfoco\/2025\/07\/28\/o-melhor-dos-roteiros-historicos-por-cidades-mineiras-que-guardam-segredos-do-brasil\/\" target=\"_blank\" rel=\"noreferrer noopener\">O melhor dos roteiros hist\u00f3ricos por cidades mineiras que guardam segredos do Brasil<\/a><\/p>\n\n\n\n<p>A regi\u00e3o \u00e9 um resgate visual da hist\u00f3ria, oferecendo um tour encantador entre a f\u00e9, arquitetura e tradi\u00e7\u00e3o. Um verdadeiro mergulho no tempo para quem valoriza o patrim\u00f4nio cultural.<\/p>\n\n\n\n<h2 class=\"wp-block-heading\">Qual o significado do letreiro \u201cEu Amo Atibaia\u201d para os visitantes?<\/h2>\n\n\n\n<p>O letreiro <strong>\u201cEu Amo Atibaia\u201d<\/strong> virou s\u00edmbolo de carinho pela cidade, localizado em um ponto estrat\u00e9gico entre flores e o Parque das \u00c1guas. A estrutura colorida atrai turistas e moradores para fotos memor\u00e1veis.<\/p>\n\n\n\n<p>Com um morango em forma de cora\u00e7\u00e3o, o letreiro representa o orgulho da cidade e celebra sua ess\u00eancia. Um ponto tur\u00edstico que virou cart\u00e3o-postal afetivo da regi\u00e3o.<\/p>\n","protected":false},"excerpt":{"rendered":"<p>Atibaia, a apenas 60 km da capital paulista, combina tradi\u00e7\u00e3o agr\u00edcola, hist\u00f3ria e natureza em um s\u00f3 destino. Reconhecida nacionalmente pela produ\u00e7\u00e3o de flores e morangos, a cidade proporciona experi\u00eancias visuais e gastron\u00f4micas encantadoras. Pra\u00e7as floridas, clima ameno e o t\u00edtulo de Capital Nacional do Morango colocam Atibaia entre os roteiros mais fotog\u00eanicos e saborosos [&hellip;]<\/p>\n","protected":false},"author":11,"featured_media":83188,"comment_status":"open","ping_status":"open","sticky":false,"template":"","format":"standard","meta":{"jnews-multi-image_gallery":[],"jnews_single_post":{"format":"standard"},"jnews_primary_category":[],"jnews_social_meta":[],"jnews_override_counter":[],"footnotes":""},"categories":[26,1],"tags":[13040,11179,3757,553],"class_list":["post-83136","post","type-post","status-publish","format-standard","has-post-thumbnail","hentry","category-cidades","category-noticias","tag-atibaia","tag-cidade-2","tag-morango","tag-sao-paulo"],"yoast_head":"<!-- This site is optimized with the Yoast SEO plugin v23.8 - https:\/\/yoast.com\/wordpress\/plugins\/seo\/ -->\n<title>Cidade dos morangos e das flores, virou o ref\u00fagio preferido de quem busca paz e beleza - Estado de Minas - Em foco<\/title>\n<meta name=\"description\" content=\"A apenas 60 km de SP, a cidade oferece natureza, f\u00e9 e sabores inesquec\u00edveis. Descubra por que virou destino queridinho.\" \/>\n<meta name=\"robots\" content=\"index, follow, max-snippet:-1, max-image-preview:large, max-video-preview:-1\" \/>\n<link rel=\"canonical\" href=\"https:\/\/www.em.com.br\/emfoco\/2025\/07\/30\/cidade-dos-morangos-e-das-flores-virou-o-refugio-preferido-de-quem-busca-paz-e-beleza\/\" \/>\n<meta property=\"og:locale\" content=\"pt_BR\" \/>\n<meta property=\"og:type\" content=\"article\" \/>\n<meta property=\"og:title\" content=\"Cidade dos morangos e das flores, virou o ref\u00fagio preferido de quem busca paz e beleza - Estado de Minas - Em foco\" \/>\n<meta property=\"og:description\" content=\"A apenas 60 km de SP, a cidade oferece natureza, f\u00e9 e sabores inesquec\u00edveis. Descubra por que virou destino queridinho.\" \/>\n<meta property=\"og:url\" content=\"https:\/\/www.em.com.br\/emfoco\/2025\/07\/30\/cidade-dos-morangos-e-das-flores-virou-o-refugio-preferido-de-quem-busca-paz-e-beleza\/\" \/>\n<meta property=\"og:site_name\" content=\"Estado de Minas - Em foco\" \/>\n<meta property=\"article:published_time\" content=\"2025-07-30T22:48:00+00:00\" \/>\n<meta property=\"article:modified_time\" content=\"2025-07-29T14:52:09+00:00\" \/>\n<meta property=\"og:image\" content=\"https:\/\/www.em.com.br\/emfoco\/wp-content\/uploads\/2025\/07\/cidade-do-morango_1753803769371.jpg\" \/>\n\t<meta property=\"og:image:width\" content=\"1280\" \/>\n\t<meta property=\"og:image:height\" content=\"720\" \/>\n\t<meta property=\"og:image:type\" content=\"image\/jpeg\" \/>\n<meta name=\"author\" content=\"Andre\u0301 Rangel\u00a0\" \/>\n<meta name=\"twitter:card\" content=\"summary_large_image\" \/>\n<meta name=\"twitter:label1\" content=\"Escrito por\" \/>\n\t<meta name=\"twitter:data1\" content=\"Andre\u0301 Rangel\u00a0\" \/>\n\t<meta name=\"twitter:label2\" content=\"Est. tempo de leitura\" \/>\n\t<meta name=\"twitter:data2\" content=\"4 minutos\" \/>\n<!-- \/ Yoast SEO plugin. -->","yoast_head_json":{"title":"Cidade dos morangos e das flores, virou o ref\u00fagio preferido de quem busca paz e beleza - Estado de Minas - Em foco","description":"A apenas 60 km de SP, a cidade oferece natureza, f\u00e9 e sabores inesquec\u00edveis. Descubra por que virou destino queridinho.","robots":{"index":"index","follow":"follow","max-snippet":"max-snippet:-1","max-image-preview":"max-image-preview:large","max-video-preview":"max-video-preview:-1"},"canonical":"https:\/\/www.em.com.br\/emfoco\/2025\/07\/30\/cidade-dos-morangos-e-das-flores-virou-o-refugio-preferido-de-quem-busca-paz-e-beleza\/","og_locale":"pt_BR","og_type":"article","og_title":"Cidade dos morangos e das flores, virou o ref\u00fagio preferido de quem busca paz e beleza - Estado de Minas - Em foco","og_description":"A apenas 60 km de SP, a cidade oferece natureza, f\u00e9 e sabores inesquec\u00edveis. Descubra por que virou destino queridinho.","og_url":"https:\/\/www.em.com.br\/emfoco\/2025\/07\/30\/cidade-dos-morangos-e-das-flores-virou-o-refugio-preferido-de-quem-busca-paz-e-beleza\/","og_site_name":"Estado de Minas - Em foco","article_published_time":"2025-07-30T22:48:00+00:00","article_modified_time":"2025-07-29T14:52:09+00:00","og_image":[{"width":1280,"height":720,"url":"https:\/\/www.em.com.br\/emfoco\/wp-content\/uploads\/2025\/07\/cidade-do-morango_1753803769371.jpg","type":"image\/jpeg"}],"author":"Andre\u0301 Rangel\u00a0","twitter_card":"summary_large_image","twitter_misc":{"Escrito por":"Andre\u0301 Rangel\u00a0","Est. tempo de leitura":"4 minutos"},"schema":{"@context":"https:\/\/schema.org","@graph":[{"@type":"WebPage","@id":"https:\/\/www.em.com.br\/emfoco\/2025\/07\/30\/cidade-dos-morangos-e-das-flores-virou-o-refugio-preferido-de-quem-busca-paz-e-beleza\/","url":"https:\/\/www.em.com.br\/emfoco\/2025\/07\/30\/cidade-dos-morangos-e-das-flores-virou-o-refugio-preferido-de-quem-busca-paz-e-beleza\/","name":"Cidade dos morangos e das flores, virou o ref\u00fagio preferido de quem busca paz e beleza - Estado de Minas - Em foco","isPartOf":{"@id":"https:\/\/www.em.com.br\/emfoco\/#website"},"primaryImageOfPage":{"@id":"https:\/\/www.em.com.br\/emfoco\/2025\/07\/30\/cidade-dos-morangos-e-das-flores-virou-o-refugio-preferido-de-quem-busca-paz-e-beleza\/#primaryimage"},"image":{"@id":"https:\/\/www.em.com.br\/emfoco\/2025\/07\/30\/cidade-dos-morangos-e-das-flores-virou-o-refugio-preferido-de-quem-busca-paz-e-beleza\/#primaryimage"},"thumbnailUrl":"https:\/\/www.em.com.br\/emfoco\/wp-content\/uploads\/2025\/07\/cidade-do-morango_1753803769371.jpg","datePublished":"2025-07-30T22:48:00+00:00","dateModified":"2025-07-29T14:52:09+00:00","author":{"@id":"https:\/\/www.em.com.br\/emfoco\/#\/schema\/person\/60eda09c1fedf0d6891f4cef4b60b8b8"},"description":"A apenas 60 km de SP, a cidade oferece natureza, f\u00e9 e sabores inesquec\u00edveis. Descubra por que virou destino queridinho.","breadcrumb":{"@id":"https:\/\/www.em.com.br\/emfoco\/2025\/07\/30\/cidade-dos-morangos-e-das-flores-virou-o-refugio-preferido-de-quem-busca-paz-e-beleza\/#breadcrumb"},"inLanguage":"pt-BR","potentialAction":[{"@type":"ReadAction","target":["https:\/\/www.em.com.br\/emfoco\/2025\/07\/30\/cidade-dos-morangos-e-das-flores-virou-o-refugio-preferido-de-quem-busca-paz-e-beleza\/"]}]},{"@type":"ImageObject","inLanguage":"pt-BR","@id":"https:\/\/www.em.com.br\/emfoco\/2025\/07\/30\/cidade-dos-morangos-e-das-flores-virou-o-refugio-preferido-de-quem-busca-paz-e-beleza\/#primaryimage","url":"https:\/\/www.em.com.br\/emfoco\/wp-content\/uploads\/2025\/07\/cidade-do-morango_1753803769371.jpg","contentUrl":"https:\/\/www.em.com.br\/emfoco\/wp-content\/uploads\/2025\/07\/cidade-do-morango_1753803769371.jpg","width":1280,"height":720,"caption":"Mulher com morangos - Cr\u00e9ditos: depositphotos.com \/ h3k27"},{"@type":"BreadcrumbList","@id":"https:\/\/www.em.com.br\/emfoco\/2025\/07\/30\/cidade-dos-morangos-e-das-flores-virou-o-refugio-preferido-de-quem-busca-paz-e-beleza\/#breadcrumb","itemListElement":[{"@type":"ListItem","position":1,"name":"In\u00edcio","item":"https:\/\/www.em.com.br\/emfoco\/"},{"@type":"ListItem","position":2,"name":"Cidade dos morangos e das flores, virou o ref\u00fagio preferido de quem busca paz e beleza"}]},{"@type":"WebSite","@id":"https:\/\/www.em.com.br\/emfoco\/#website","url":"https:\/\/www.em.com.br\/emfoco\/","name":"Estado de Minas - Em foco","description":"Acompanhe as \u00faltimas not\u00edcias e fique bem informado sobre tudo o que acontece em Minas Gerais, Brasil e no mundo.","potentialAction":[{"@type":"SearchAction","target":{"@type":"EntryPoint","urlTemplate":"https:\/\/www.em.com.br\/emfoco\/?s={search_term_string}"},"query-input":{"@type":"PropertyValueSpecification","valueRequired":true,"valueName":"search_term_string"}}],"inLanguage":"pt-BR"},{"@type":"Person","@id":"https:\/\/www.em.com.br\/emfoco\/#\/schema\/person\/60eda09c1fedf0d6891f4cef4b60b8b8","name":"Andre\u0301 Rangel\u00a0","image":{"@type":"ImageObject","inLanguage":"pt-BR","@id":"https:\/\/www.em.com.br\/emfoco\/#\/schema\/person\/image\/","url":"https:\/\/secure.gravatar.com\/avatar\/6234dc814c77c8ef6d8bba622c787efc?s=96&d=mm&r=g","contentUrl":"https:\/\/secure.gravatar.com\/avatar\/6234dc814c77c8ef6d8bba622c787efc?s=96&d=mm&r=g","caption":"Andre\u0301 Rangel\u00a0"},"url":"https:\/\/www.em.com.br\/emfoco\/author\/luizmyth\/"}]}},"_links":{"self":[{"href":"https:\/\/www.em.com.br\/emfoco\/wp-json\/wp\/v2\/posts\/83136","targetHints":{"allow":["GET"]}}],"collection":[{"href":"https:\/\/www.em.com.br\/emfoco\/wp-json\/wp\/v2\/posts"}],"about":[{"href":"https:\/\/www.em.com.br\/emfoco\/wp-json\/wp\/v2\/types\/post"}],"author":[{"embeddable":true,"href":"https:\/\/www.em.com.br\/emfoco\/wp-json\/wp\/v2\/users\/11"}],"replies":[{"embeddable":true,"href":"https:\/\/www.em.com.br\/emfoco\/wp-json\/wp\/v2\/comments?post=83136"}],"version-history":[{"count":3,"href":"https:\/\/www.em.com.br\/emfoco\/wp-json\/wp\/v2\/posts\/83136\/revisions"}],"predecessor-version":[{"id":83189,"href":"https:\/\/www.em.com.br\/emfoco\/wp-json\/wp\/v2\/posts\/83136\/revisions\/83189"}],"wp:featuredmedia":[{"embeddable":true,"href":"https:\/\/www.em.com.br\/emfoco\/wp-json\/wp\/v2\/media\/83188"}],"wp:attachment":[{"href":"https:\/\/www.em.com.br\/emfoco\/wp-json\/wp\/v2\/media?parent=83136"}],"wp:term":[{"taxonomy":"category","embeddable":true,"href":"https:\/\/www.em.com.br\/emfoco\/wp-json\/wp\/v2\/categories?post=83136"},{"taxonomy":"post_tag","embeddable":true,"href":"https:\/\/www.em.com.br\/emfoco\/wp-json\/wp\/v2\/tags?post=83136"}],"curies":[{"name":"wp","href":"https:\/\/api.w.org\/{rel}","templated":true}]}}