{"id":82867,"date":"2025-07-30T22:08:00","date_gmt":"2025-07-31T01:08:00","guid":{"rendered":"https:\/\/www.em.com.br\/emfoco\/?p=82867"},"modified":"2025-07-31T11:45:20","modified_gmt":"2025-07-31T14:45:20","slug":"os-lancamentos-para-voce-ver-dos-dias-28-de-julho-a-3-de-agosto-nos-streamings","status":"publish","type":"post","link":"https:\/\/www.em.com.br\/emfoco\/2025\/07\/30\/os-lancamentos-para-voce-ver-dos-dias-28-de-julho-a-3-de-agosto-nos-streamings\/","title":{"rendered":"Os lan\u00e7amentos para voc\u00ea ver dos dias 28 de julho a 3 de agosto nos streamings"},"content":{"rendered":"\n<p>Se voc\u00ea est\u00e1 buscando novidades para curtir entre os \u00faltimos dias de julho e o in\u00edcio de agosto, confira os lan\u00e7amentos mais recentes das principais plataformas: <strong><a href=\"https:\/\/www.netflix.com\/br\/\" target=\"_blank\" rel=\"noreferrer noopener\">Netflix<\/a>, Disney+, Prime Video, HBO Max, Movistar+, Filmin<\/strong> e <strong>Apple TV+<\/strong>. Entre os destaques est\u00e3o o filme er\u00f3tico <em>Babygirl<\/em>, estrelado por<a href=\"https:\/\/www.em.com.br\/emfoco\/2025\/01\/16\/babygirl-nicole-kidman-e-um-desejo-proibido\/\" target=\"_blank\" rel=\"noreferrer noopener\"> Nicole Kidman<\/a>, e o novo longa de Nicolas Cage, <em>Dream Scenario<\/em>.<\/p>\n\n\n\n<h2 class=\"wp-block-heading\">Estreias da semana na Netflix<\/h2>\n\n\n\n<ul class=\"wp-block-list\">\n<li><strong>29 de julho:<\/strong> <em>Fiasco Total: Ataque \u00e0 \u00c1rea 51<\/em> (document\u00e1rio), <em>WWE: Inacredit\u00e1vel<\/em> (document\u00e1rio)<\/li>\n\n\n\n<li><strong>30 de julho:<\/strong> <em>Pecados Indiz\u00edveis<\/em> (s\u00e9rie), <em>Conversas com Assassinos: As Fitas do Filho de Sam<\/em> (document\u00e1rio)<\/li>\n\n\n\n<li><strong>31 de julho:<\/strong> <em>Marcado<\/em> (s\u00e9rie), <em>Leanne<\/em> (s\u00e9rie), <em>Cora\u00e7\u00e3o de Vidro<\/em> (s\u00e9rie), <em>Muertos SL<\/em> (s\u00e9rie)<\/li>\n\n\n\n<li><strong>1\u00ba de agosto:<\/strong> <em>Meu Ano em Oxford<\/em> (filme)<\/li>\n\n\n\n<li><strong>2 de agosto:<\/strong> <em>O Caminho Sinuoso para a Lei<\/em> (filme)<\/li>\n<\/ul>\n\n\n\n<h2 class=\"wp-block-heading\">Estreias da semana no Disney+<\/h2>\n\n\n\n<ul class=\"wp-block-list\">\n<li><strong>30 de julho:<\/strong> <em>Miley Cyrus: Something Beautiful<\/em> (document\u00e1rio)<\/li>\n<\/ul>\n\n\n\n<h2 class=\"wp-block-heading\">Estreias da semana no Amazon Prime Video<\/h2>\n\n\n\n<ul class=\"wp-block-list\">\n<li><strong>1\u00ba de agosto:<\/strong> <em>Memento Mori<\/em> (s\u00e9rie, temporada 3), <em>Constru\u00eddo em Birmingham: Brady &amp; the Blues<\/em> (document\u00e1rio)<\/li>\n<\/ul>\n\n\n\n<h2 class=\"wp-block-heading\">Estreias da semana na HBO Max<\/h2>\n\n\n\n<p>Sem lan\u00e7amentos previstos entre os dias 28 de julho e 3 de agosto. No entanto, a segunda temporada de <strong>The Peacemaker<\/strong> chega em breve.<\/p>\n\n\n\n<figure class=\"wp-block-image\"><img decoding=\"async\" src=\"https:\/\/www.em.com.br\/emfoco\/wp-content\/uploads\/2025\/04\/filmes_1743524081009-1024x576.jpg\" alt=\"\"\/><figcaption class=\"wp-element-caption\">Filmes &#8211; Cr\u00e9ditos: depositphotos.com \/ makidotvn<\/figcaption><\/figure>\n\n\n\n<h2 class=\"wp-block-heading\">Estreias da semana no Movistar Plus+<\/h2>\n\n\n\n<ul class=\"wp-block-list\">\n<li><strong>28 de julho:<\/strong> <em>A Irmandade<\/em> (filme)<\/li>\n\n\n\n<li><strong>29 de julho:<\/strong> <em>Fantasma<\/em> (filme)<\/li>\n\n\n\n<li><strong>30 de julho:<\/strong> <em>The Aitas<\/em> (filme)<\/li>\n\n\n\n<li><strong>31 de julho:<\/strong> <em>Atomic People<\/em> (document\u00e1rio), <em>Respirando Debaixo D&#8217;\u00e1gua<\/em> (filme)<\/li>\n\n\n\n<li><strong>1\u00ba de agosto:<\/strong> <em>Riefenstahl<\/em> (document\u00e1rio), <em>Longe<\/em> (filme), <em>Babygirl<\/em> (filme)<\/li>\n\n\n\n<li><strong>2 de agosto:<\/strong> <em>Eu Sou Joe Frazier<\/em> (document\u00e1rio)<\/li>\n\n\n\n<li><strong>3 de agosto:<\/strong> <em>Noturno<\/em> (filme)<\/li>\n<\/ul>\n\n\n\n<h2 class=\"wp-block-heading\">Estreias da semana no Filmin<\/h2>\n\n\n\n<ul class=\"wp-block-list\">\n<li><strong>1\u00ba de agosto:<\/strong>\n<ul class=\"wp-block-list\">\n<li><em>Riefenstahl<\/em> (document\u00e1rio)<\/li>\n\n\n\n<li><em>Longe<\/em> (filme)<\/li>\n\n\n\n<li><em>Dream Scenario<\/em> (filme, com Nicolas Cage)<\/li>\n\n\n\n<li><em>Retorno a Seul<\/em> (filme)<\/li>\n\n\n\n<li><em>Grande Liberdade<\/em> (filme)<\/li>\n\n\n\n<li><em>Os Inocentes<\/em> (filme)<\/li>\n\n\n\n<li><em>Emily<\/em> (filme)<\/li>\n\n\n\n<li><em>Nostalgia<\/em> (filme)<\/li>\n\n\n\n<li><em>Adeus, Sr. Haffmann<\/em> (filme)<\/li>\n<\/ul>\n<\/li>\n<\/ul>\n\n\n\n<h2 class=\"wp-block-heading\">Estreias da semana no Apple TV+<\/h2>\n\n\n\n<ul class=\"wp-block-list\">\n<li><strong>1\u00ba de agosto:<\/strong> <em>Chefe de Guerra<\/em> (s\u00e9rie) e <em>Sereno &#8211; O Panda Zen<\/em> (temporada 4)<\/li>\n<\/ul>\n\n\n\n<p>Fique de olho nos cat\u00e1logos ao longo da semana: alguns lan\u00e7amentos podem ser atualizados com novos t\u00edtulos ainda n\u00e3o confirmados oficialmente. Bom streaming!<\/p>\n\n\n\n<p><\/p>\n","protected":false},"excerpt":{"rendered":"<p>Se voc\u00ea est\u00e1 buscando novidades para curtir entre os \u00faltimos dias de julho e o in\u00edcio de agosto, confira os lan\u00e7amentos mais recentes das principais plataformas: Netflix, Disney+, Prime Video, HBO Max, Movistar+, Filmin e Apple TV+. Entre os destaques est\u00e3o o filme er\u00f3tico Babygirl, estrelado por Nicole Kidman, e o novo longa de Nicolas [&hellip;]<\/p>\n","protected":false},"author":11,"featured_media":56089,"comment_status":"open","ping_status":"open","sticky":false,"template":"","format":"standard","meta":{"jnews-multi-image_gallery":[],"jnews_single_post":{"format":"standard"},"jnews_primary_category":[],"jnews_social_meta":[],"jnews_override_counter":[],"footnotes":""},"categories":[137,1,136],"tags":[1149,1117,231,1138,1530],"class_list":["post-82867","post","type-post","status-publish","format-standard","has-post-thumbnail","hentry","category-filmes","category-noticias","category-series","tag-filme","tag-lancamentos","tag-netflix","tag-serie","tag-streaming"],"yoast_head":"<!-- This site is optimized with the Yoast SEO plugin v23.8 - https:\/\/yoast.com\/wordpress\/plugins\/seo\/ -->\n<title>Os lan\u00e7amentos para voc\u00ea ver dos dias 28 de julho a 3 de agosto nos streamings - Estado de Minas - Em foco<\/title>\n<meta name=\"description\" content=\"As principais plataformas de streaming est\u00e3o cheias de novidades entre o fim de julho e in\u00edcio de agosto. Veja o que assistir.\" \/>\n<meta name=\"robots\" content=\"index, follow, max-snippet:-1, max-image-preview:large, max-video-preview:-1\" \/>\n<link rel=\"canonical\" href=\"https:\/\/www.em.com.br\/emfoco\/2025\/07\/30\/os-lancamentos-para-voce-ver-dos-dias-28-de-julho-a-3-de-agosto-nos-streamings\/\" \/>\n<meta property=\"og:locale\" content=\"pt_BR\" \/>\n<meta property=\"og:type\" content=\"article\" \/>\n<meta property=\"og:title\" content=\"Os lan\u00e7amentos para voc\u00ea ver dos dias 28 de julho a 3 de agosto nos streamings - Estado de Minas - Em foco\" \/>\n<meta property=\"og:description\" content=\"As principais plataformas de streaming est\u00e3o cheias de novidades entre o fim de julho e in\u00edcio de agosto. Veja o que assistir.\" \/>\n<meta property=\"og:url\" content=\"https:\/\/www.em.com.br\/emfoco\/2025\/07\/30\/os-lancamentos-para-voce-ver-dos-dias-28-de-julho-a-3-de-agosto-nos-streamings\/\" \/>\n<meta property=\"og:site_name\" content=\"Estado de Minas - Em foco\" \/>\n<meta property=\"article:published_time\" content=\"2025-07-31T01:08:00+00:00\" \/>\n<meta property=\"article:modified_time\" content=\"2025-07-31T14:45:20+00:00\" \/>\n<meta property=\"og:image\" content=\"https:\/\/www.em.com.br\/emfoco\/wp-content\/uploads\/2025\/06\/filme-de-romance-em-casa_1749137552288.jpg\" \/>\n\t<meta property=\"og:image:width\" content=\"1280\" \/>\n\t<meta property=\"og:image:height\" content=\"720\" \/>\n\t<meta property=\"og:image:type\" content=\"image\/jpeg\" \/>\n<meta name=\"author\" content=\"Andre\u0301 Rangel\u00a0\" \/>\n<meta name=\"twitter:card\" content=\"summary_large_image\" \/>\n<meta name=\"twitter:label1\" content=\"Escrito por\" \/>\n\t<meta name=\"twitter:data1\" content=\"Andre\u0301 Rangel\u00a0\" \/>\n\t<meta name=\"twitter:label2\" content=\"Est. tempo de leitura\" \/>\n\t<meta name=\"twitter:data2\" content=\"3 minutos\" \/>\n<!-- \/ Yoast SEO plugin. -->","yoast_head_json":{"title":"Os lan\u00e7amentos para voc\u00ea ver dos dias 28 de julho a 3 de agosto nos streamings - Estado de Minas - Em foco","description":"As principais plataformas de streaming est\u00e3o cheias de novidades entre o fim de julho e in\u00edcio de agosto. Veja o que assistir.","robots":{"index":"index","follow":"follow","max-snippet":"max-snippet:-1","max-image-preview":"max-image-preview:large","max-video-preview":"max-video-preview:-1"},"canonical":"https:\/\/www.em.com.br\/emfoco\/2025\/07\/30\/os-lancamentos-para-voce-ver-dos-dias-28-de-julho-a-3-de-agosto-nos-streamings\/","og_locale":"pt_BR","og_type":"article","og_title":"Os lan\u00e7amentos para voc\u00ea ver dos dias 28 de julho a 3 de agosto nos streamings - Estado de Minas - Em foco","og_description":"As principais plataformas de streaming est\u00e3o cheias de novidades entre o fim de julho e in\u00edcio de agosto. Veja o que assistir.","og_url":"https:\/\/www.em.com.br\/emfoco\/2025\/07\/30\/os-lancamentos-para-voce-ver-dos-dias-28-de-julho-a-3-de-agosto-nos-streamings\/","og_site_name":"Estado de Minas - Em foco","article_published_time":"2025-07-31T01:08:00+00:00","article_modified_time":"2025-07-31T14:45:20+00:00","og_image":[{"width":1280,"height":720,"url":"https:\/\/www.em.com.br\/emfoco\/wp-content\/uploads\/2025\/06\/filme-de-romance-em-casa_1749137552288.jpg","type":"image\/jpeg"}],"author":"Andre\u0301 Rangel\u00a0","twitter_card":"summary_large_image","twitter_misc":{"Escrito por":"Andre\u0301 Rangel\u00a0","Est. tempo de leitura":"3 minutos"},"schema":{"@context":"https:\/\/schema.org","@graph":[{"@type":"WebPage","@id":"https:\/\/www.em.com.br\/emfoco\/2025\/07\/30\/os-lancamentos-para-voce-ver-dos-dias-28-de-julho-a-3-de-agosto-nos-streamings\/","url":"https:\/\/www.em.com.br\/emfoco\/2025\/07\/30\/os-lancamentos-para-voce-ver-dos-dias-28-de-julho-a-3-de-agosto-nos-streamings\/","name":"Os lan\u00e7amentos para voc\u00ea ver dos dias 28 de julho a 3 de agosto nos streamings - Estado de Minas - Em foco","isPartOf":{"@id":"https:\/\/www.em.com.br\/emfoco\/#website"},"primaryImageOfPage":{"@id":"https:\/\/www.em.com.br\/emfoco\/2025\/07\/30\/os-lancamentos-para-voce-ver-dos-dias-28-de-julho-a-3-de-agosto-nos-streamings\/#primaryimage"},"image":{"@id":"https:\/\/www.em.com.br\/emfoco\/2025\/07\/30\/os-lancamentos-para-voce-ver-dos-dias-28-de-julho-a-3-de-agosto-nos-streamings\/#primaryimage"},"thumbnailUrl":"https:\/\/www.em.com.br\/emfoco\/wp-content\/uploads\/2025\/06\/filme-de-romance-em-casa_1749137552288.jpg","datePublished":"2025-07-31T01:08:00+00:00","dateModified":"2025-07-31T14:45:20+00:00","author":{"@id":"https:\/\/www.em.com.br\/emfoco\/#\/schema\/person\/60eda09c1fedf0d6891f4cef4b60b8b8"},"description":"As principais plataformas de streaming est\u00e3o cheias de novidades entre o fim de julho e in\u00edcio de agosto. Veja o que assistir.","breadcrumb":{"@id":"https:\/\/www.em.com.br\/emfoco\/2025\/07\/30\/os-lancamentos-para-voce-ver-dos-dias-28-de-julho-a-3-de-agosto-nos-streamings\/#breadcrumb"},"inLanguage":"pt-BR","potentialAction":[{"@type":"ReadAction","target":["https:\/\/www.em.com.br\/emfoco\/2025\/07\/30\/os-lancamentos-para-voce-ver-dos-dias-28-de-julho-a-3-de-agosto-nos-streamings\/"]}]},{"@type":"ImageObject","inLanguage":"pt-BR","@id":"https:\/\/www.em.com.br\/emfoco\/2025\/07\/30\/os-lancamentos-para-voce-ver-dos-dias-28-de-julho-a-3-de-agosto-nos-streamings\/#primaryimage","url":"https:\/\/www.em.com.br\/emfoco\/wp-content\/uploads\/2025\/06\/filme-de-romance-em-casa_1749137552288.jpg","contentUrl":"https:\/\/www.em.com.br\/emfoco\/wp-content\/uploads\/2025\/06\/filme-de-romance-em-casa_1749137552288.jpg","width":1280,"height":720,"caption":"Casal assistindo filme - Cr\u00e9ditos: depositphotos.com \/ VitalikRadko"},{"@type":"BreadcrumbList","@id":"https:\/\/www.em.com.br\/emfoco\/2025\/07\/30\/os-lancamentos-para-voce-ver-dos-dias-28-de-julho-a-3-de-agosto-nos-streamings\/#breadcrumb","itemListElement":[{"@type":"ListItem","position":1,"name":"In\u00edcio","item":"https:\/\/www.em.com.br\/emfoco\/"},{"@type":"ListItem","position":2,"name":"Os lan\u00e7amentos para voc\u00ea ver dos dias 28 de julho a 3 de agosto nos streamings"}]},{"@type":"WebSite","@id":"https:\/\/www.em.com.br\/emfoco\/#website","url":"https:\/\/www.em.com.br\/emfoco\/","name":"Estado de Minas - Em foco","description":"Acompanhe as \u00faltimas not\u00edcias e fique bem informado sobre tudo o que acontece em Minas Gerais, Brasil e no mundo.","potentialAction":[{"@type":"SearchAction","target":{"@type":"EntryPoint","urlTemplate":"https:\/\/www.em.com.br\/emfoco\/?s={search_term_string}"},"query-input":{"@type":"PropertyValueSpecification","valueRequired":true,"valueName":"search_term_string"}}],"inLanguage":"pt-BR"},{"@type":"Person","@id":"https:\/\/www.em.com.br\/emfoco\/#\/schema\/person\/60eda09c1fedf0d6891f4cef4b60b8b8","name":"Andre\u0301 Rangel\u00a0","image":{"@type":"ImageObject","inLanguage":"pt-BR","@id":"https:\/\/www.em.com.br\/emfoco\/#\/schema\/person\/image\/","url":"https:\/\/secure.gravatar.com\/avatar\/6234dc814c77c8ef6d8bba622c787efc?s=96&d=mm&r=g","contentUrl":"https:\/\/secure.gravatar.com\/avatar\/6234dc814c77c8ef6d8bba622c787efc?s=96&d=mm&r=g","caption":"Andre\u0301 Rangel\u00a0"},"url":"https:\/\/www.em.com.br\/emfoco\/author\/luizmyth\/"}]}},"_links":{"self":[{"href":"https:\/\/www.em.com.br\/emfoco\/wp-json\/wp\/v2\/posts\/82867","targetHints":{"allow":["GET"]}}],"collection":[{"href":"https:\/\/www.em.com.br\/emfoco\/wp-json\/wp\/v2\/posts"}],"about":[{"href":"https:\/\/www.em.com.br\/emfoco\/wp-json\/wp\/v2\/types\/post"}],"author":[{"embeddable":true,"href":"https:\/\/www.em.com.br\/emfoco\/wp-json\/wp\/v2\/users\/11"}],"replies":[{"embeddable":true,"href":"https:\/\/www.em.com.br\/emfoco\/wp-json\/wp\/v2\/comments?post=82867"}],"version-history":[{"count":4,"href":"https:\/\/www.em.com.br\/emfoco\/wp-json\/wp\/v2\/posts\/82867\/revisions"}],"predecessor-version":[{"id":84347,"href":"https:\/\/www.em.com.br\/emfoco\/wp-json\/wp\/v2\/posts\/82867\/revisions\/84347"}],"wp:featuredmedia":[{"embeddable":true,"href":"https:\/\/www.em.com.br\/emfoco\/wp-json\/wp\/v2\/media\/56089"}],"wp:attachment":[{"href":"https:\/\/www.em.com.br\/emfoco\/wp-json\/wp\/v2\/media?parent=82867"}],"wp:term":[{"taxonomy":"category","embeddable":true,"href":"https:\/\/www.em.com.br\/emfoco\/wp-json\/wp\/v2\/categories?post=82867"},{"taxonomy":"post_tag","embeddable":true,"href":"https:\/\/www.em.com.br\/emfoco\/wp-json\/wp\/v2\/tags?post=82867"}],"curies":[{"name":"wp","href":"https:\/\/api.w.org\/{rel}","templated":true}]}}