{"id":82827,"date":"2025-07-29T06:28:00","date_gmt":"2025-07-29T09:28:00","guid":{"rendered":"https:\/\/www.em.com.br\/emfoco\/?p=82827"},"modified":"2025-07-28T19:50:03","modified_gmt":"2025-07-28T22:50:03","slug":"sudeste-deve-enfrentar-uma-das-viradas-de-clima-mais-marcantes-do-mes","status":"publish","type":"post","link":"https:\/\/www.em.com.br\/emfoco\/2025\/07\/29\/sudeste-deve-enfrentar-uma-das-viradas-de-clima-mais-marcantes-do-mes\/","title":{"rendered":"Sudeste deve enfrentar uma das viradas de clima mais marcantes do m\u00eas"},"content":{"rendered":"\n<p>As\u00a0<a href=\"https:\/\/brasil.un.org\/pt-br\/175180-o-que-s%C3%A3o-mudan%C3%A7as-clim%C3%A1ticas\" target=\"_blank\" rel=\"noreferrer noopener\"><strong>mudan\u00e7as clim\u00e1ticas<\/strong>\u00a0<\/a>t\u00eam impactado significativamente o clima na regi\u00e3o\u00a0<strong><a href=\"https:\/\/www.em.com.br\/emfoco\/2025\/07\/28\/frente-fria-chega-para-mudar-o-clima-da-regiao-sudeste-com-minimas-inesperadas\/\" target=\"_blank\" rel=\"noreferrer noopener\">Sudeste <\/a>do Brasil<\/strong>. Entre as consequ\u00eancias, est\u00e1 a maior irregularidade das\u00a0<strong>precipita\u00e7\u00f5es<\/strong>\u00a0e varia\u00e7\u00f5es extremas de temperatura. Al\u00e9m disso, h\u00e1 um aumento na frequ\u00eancia de eventos clim\u00e1ticos extremos como secas e inunda\u00e7\u00f5es, que causam impactos severos nas comunidades locais e na infraestrutura.<\/p>\n\n\n\n<ul class=\"wp-block-list\">\n<li>Aumento das tempestades e ocorr\u00eancia de chuvas intensas<\/li>\n\n\n\n<li>Epis\u00f3dios de ondas de calor mais frequentes<\/li>\n\n\n\n<li>Mudan\u00e7as nos padr\u00f5es de vento e umidade<\/li>\n<\/ul>\n\n\n\n<h2 class=\"wp-block-heading\">Como ficam as temperaturas no Sudeste entre 29 e 31\/07\/2025?<\/h2>\n\n\n\n<p>Confira as&nbsp;<strong>temperaturas m\u00e1ximas e m\u00ednimas<\/strong>&nbsp;previstas para os estados da regi\u00e3o&nbsp;<strong>Sudeste<\/strong>:<\/p>\n\n\n\n<h3 class=\"wp-block-heading\"><strong>S\u00e3o Paulo<\/strong><\/h3>\n\n\n\n<ul class=\"wp-block-list\">\n<li>M\u00e1xima: 28\u00b0C<\/li>\n\n\n\n<li>M\u00ednima: 14\u00b0C<\/li>\n<\/ul>\n\n\n\n<h3 class=\"wp-block-heading\"><strong>Rio de Janeiro<\/strong><\/h3>\n\n\n\n<ul class=\"wp-block-list\">\n<li>M\u00e1xima: 30\u00b0C<\/li>\n\n\n\n<li>M\u00ednima: 20\u00b0C<\/li>\n<\/ul>\n\n\n\n<h3 class=\"wp-block-heading\"><strong>Esp\u00edrito Santo<\/strong><\/h3>\n\n\n\n<ul class=\"wp-block-list\">\n<li>M\u00e1xima: 29\u00b0C<\/li>\n\n\n\n<li>M\u00ednima: 19\u00b0C<\/li>\n<\/ul>\n\n\n\n<figure class=\"wp-block-image\"><img decoding=\"async\" src=\"https:\/\/www.em.com.br\/emfoco\/wp-content\/uploads\/2025\/04\/clima-frio_1744910714650-1024x576.jpg\" alt=\"\"\/><figcaption class=\"wp-element-caption\">clima frio &#8211; Cr\u00e9ditos: depositphotos.com \/ ifeelstock<\/figcaption><\/figure>\n\n\n\n<h2 class=\"wp-block-heading\">Que temperaturas s\u00e3o esperadas em Belo Horizonte de 29 a 31\/07\/2025?<\/h2>\n\n\n\n<ul class=\"wp-block-list\">\n<li>M\u00e1xima: 26\u00b0C<\/li>\n\n\n\n<li>M\u00ednima: 16\u00b0C<\/li>\n<\/ul>\n\n\n\n<h2 class=\"wp-block-heading\">Quais as temperaturas previstas para outras cidades de Minas Gerais?<\/h2>\n\n\n\n<ul class=\"wp-block-list\">\n<li><strong>Uberl\u00e2ndia<\/strong>: M\u00e1xima 27\u00b0C | M\u00ednima 15\u00b0C<\/li>\n\n\n\n<li><strong>Juiz de Fora<\/strong>: M\u00e1xima 25\u00b0C | M\u00ednima 13\u00b0C<\/li>\n\n\n\n<li><strong>Montes Claros<\/strong>: M\u00e1xima 28\u00b0C | M\u00ednima 18\u00b0C<\/li>\n<\/ul>\n\n\n\n<h2 class=\"wp-block-heading\">Como a frente fria deve afetar as chuvas no Sudeste?<\/h2>\n\n\n\n<p>Uma&nbsp;<strong>frente fria<\/strong>&nbsp;se aproxima, trazendo chuvas e instabilidade clim\u00e1tica. Veja as previs\u00f5es para a semana:<\/p>\n\n\n\n<h3 class=\"wp-block-heading\">S\u00e3o Paulo<\/h3>\n\n\n\n<ul class=\"wp-block-list\">\n<li>Chuva: 60% de probabilidade<\/li>\n<\/ul>\n\n\n\n<h3 class=\"wp-block-heading\">Rio de Janeiro<\/h3>\n\n\n\n<ul class=\"wp-block-list\">\n<li>Chuva: 50% de probabilidade<\/li>\n<\/ul>\n\n\n\n<h3 class=\"wp-block-heading\"><strong>Minas Gerais<\/strong><\/h3>\n\n\n\n<ul class=\"wp-block-list\">\n<li>Chuva: 40% de probabilidade<\/li>\n<\/ul>\n\n\n\n<h2 class=\"wp-block-heading\">Quais cidades ter\u00e3o as temperaturas mais baixas?<\/h2>\n\n\n\n<ol class=\"wp-block-list\">\n<li><strong>Campos do Jord\u00e3o<\/strong>: 8\u00b0C<\/li>\n\n\n\n<li><strong>Monte Verde<\/strong>: 9\u00b0C<\/li>\n\n\n\n<li><strong>Gon\u00e7alves<\/strong>: 10\u00b0C<\/li>\n\n\n\n<li><strong>S\u00e3o Bento do Sapuca\u00ed<\/strong>: 11\u00b0C<\/li>\n\n\n\n<li><strong>Camanducaia<\/strong>: 12\u00b0C<\/li>\n\n\n\n<li><strong>Itamonte<\/strong>: 13\u00b0C<\/li>\n\n\n\n<li><strong>Maria da F\u00e9<\/strong>: 13\u00b0C<\/li>\n\n\n\n<li><strong>Po\u00e7os de Caldas<\/strong>: 14\u00b0C<\/li>\n<\/ol>\n\n\n\n<figure class=\"wp-block-image\"><img decoding=\"async\" src=\"https:\/\/www.em.com.br\/emfoco\/wp-content\/uploads\/2025\/04\/Clima-sol-ou-chuva_1745256516839-1024x576.jpg\" alt=\"\"\/><figcaption class=\"wp-element-caption\">Clima &#8211; Cr\u00e9ditos: depositphotos.com \/ pongsuwan<\/figcaption><\/figure>\n\n\n\n<h2 class=\"wp-block-heading\">O que informam os sites especialistas?<\/h2>\n\n\n\n<p>Sites especializados como&nbsp;<strong>Climatempo<\/strong>&nbsp;e&nbsp;<strong>Weather.com<\/strong>&nbsp;apontam para um resfriamento progressivo, com volume de chuvas acima do esperado em algumas regi\u00f5es. Segundo os especialistas, h\u00e1 tamb\u00e9m maior risco de geadas em pontos de altitude elevada no sudeste, impactando produ\u00e7\u00f5es agr\u00edcolas.<\/p>\n\n\n\n<h2 class=\"wp-block-heading\">Como interpretar a previs\u00e3o do tempo? Veja dicas!<\/h2>\n\n\n\n<p>Acompanhar a previs\u00e3o do tempo pode ser desafiador, mas \u00e9 essencial para planejar atividades. Aqui v\u00e3o algumas dicas:<\/p>\n\n\n\n<ul class=\"wp-block-list\">\n<li>Verifique fontes confi\u00e1veis<\/li>\n\n\n\n<li>D\u00ea import\u00e2ncia \u00e0 varia\u00e7\u00e3o t\u00e9rmica di\u00e1ria<\/li>\n\n\n\n<li>Considere a sensa\u00e7\u00e3o t\u00e9rmica nas suas decis\u00f5es<\/li>\n\n\n\n<li>Fique atento ao \u00edndice UV e \u00e0 qualidade do ar, especialmente em grandes centros urbanos como\u00a0<strong>Belo Horizonte<\/strong>\u00a0e S\u00e3o Paulo<\/li>\n<\/ul>\n\n\n\n<h2 class=\"wp-block-heading\">Quais os principais destaques das previs\u00f5es e tend\u00eancias clim\u00e1ticas no Sudeste?<\/h2>\n\n\n\n<ul class=\"wp-block-list\">\n<li><strong>Mudan\u00e7as clim\u00e1ticas<\/strong>\u00a0est\u00e3o elevando a frequ\u00eancia de eventos extremos<\/li>\n\n\n\n<li>A frente fria trar\u00e1 chuvas significativas \u00e0 regi\u00e3o<\/li>\n\n\n\n<li>Posicione-se de acordo com as poucas varia\u00e7\u00f5es clim\u00e1ticas para organizar seus dias<\/li>\n\n\n\n<li>Fique atento aos avisos de \u00f3rg\u00e3os oficiais de meteorologia durante per\u00edodos de instabilidade<\/li>\n<\/ul>\n","protected":false},"excerpt":{"rendered":"<p>As\u00a0mudan\u00e7as clim\u00e1ticas\u00a0t\u00eam impactado significativamente o clima na regi\u00e3o\u00a0Sudeste do Brasil. Entre as consequ\u00eancias, est\u00e1 a maior irregularidade das\u00a0precipita\u00e7\u00f5es\u00a0e varia\u00e7\u00f5es extremas de temperatura. Al\u00e9m disso, h\u00e1 um aumento na frequ\u00eancia de eventos clim\u00e1ticos extremos como secas e inunda\u00e7\u00f5es, que causam impactos severos nas comunidades locais e na infraestrutura. Como ficam as temperaturas no Sudeste entre 29 [&hellip;]<\/p>\n","protected":false},"author":11,"featured_media":24546,"comment_status":"open","ping_status":"open","sticky":false,"template":"","format":"standard","meta":{"jnews-multi-image_gallery":[],"jnews_single_post":{"format":"standard"},"jnews_primary_category":[],"jnews_social_meta":[],"jnews_override_counter":[],"footnotes":""},"categories":[30,1],"tags":[152,251,1192],"class_list":["post-82827","post","type-post","status-publish","format-standard","has-post-thumbnail","hentry","category-clima","category-noticias","tag-clima","tag-previsao-do-tempo","tag-sudeste"],"yoast_head":"<!-- This site is optimized with the Yoast SEO plugin v23.8 - https:\/\/yoast.com\/wordpress\/plugins\/seo\/ -->\n<title>Sudeste deve enfrentar uma das viradas de clima mais marcantes do m\u00eas - Estado de Minas - Em foco<\/title>\n<meta name=\"description\" content=\"O Sudeste ter\u00e1 frio, chuvas e oscila\u00e7\u00f5es de temperatura entre 29 e 31 de julho. Veja os destaques da previs\u00e3o para sua cidade.\" \/>\n<meta name=\"robots\" content=\"index, follow, max-snippet:-1, max-image-preview:large, max-video-preview:-1\" \/>\n<link rel=\"canonical\" href=\"https:\/\/www.em.com.br\/emfoco\/2025\/07\/29\/sudeste-deve-enfrentar-uma-das-viradas-de-clima-mais-marcantes-do-mes\/\" \/>\n<meta property=\"og:locale\" content=\"pt_BR\" \/>\n<meta property=\"og:type\" content=\"article\" \/>\n<meta property=\"og:title\" content=\"Sudeste deve enfrentar uma das viradas de clima mais marcantes do m\u00eas - Estado de Minas - Em foco\" \/>\n<meta property=\"og:description\" content=\"O Sudeste ter\u00e1 frio, chuvas e oscila\u00e7\u00f5es de temperatura entre 29 e 31 de julho. Veja os destaques da previs\u00e3o para sua cidade.\" \/>\n<meta property=\"og:url\" content=\"https:\/\/www.em.com.br\/emfoco\/2025\/07\/29\/sudeste-deve-enfrentar-uma-das-viradas-de-clima-mais-marcantes-do-mes\/\" \/>\n<meta property=\"og:site_name\" content=\"Estado de Minas - Em foco\" \/>\n<meta property=\"article:published_time\" content=\"2025-07-29T09:28:00+00:00\" \/>\n<meta property=\"article:modified_time\" content=\"2025-07-28T22:50:03+00:00\" \/>\n<meta property=\"og:image\" content=\"https:\/\/www.em.com.br\/emfoco\/wp-content\/uploads\/2025\/03\/previsao_1740972866822.jpg\" \/>\n\t<meta property=\"og:image:width\" content=\"1280\" \/>\n\t<meta property=\"og:image:height\" content=\"720\" \/>\n\t<meta property=\"og:image:type\" content=\"image\/jpeg\" \/>\n<meta name=\"author\" content=\"Andre\u0301 Rangel\u00a0\" \/>\n<meta name=\"twitter:card\" content=\"summary_large_image\" \/>\n<meta name=\"twitter:label1\" content=\"Escrito por\" \/>\n\t<meta name=\"twitter:data1\" content=\"Andre\u0301 Rangel\u00a0\" \/>\n\t<meta name=\"twitter:label2\" content=\"Est. tempo de leitura\" \/>\n\t<meta name=\"twitter:data2\" content=\"3 minutos\" \/>\n<!-- \/ Yoast SEO plugin. -->","yoast_head_json":{"title":"Sudeste deve enfrentar uma das viradas de clima mais marcantes do m\u00eas - Estado de Minas - Em foco","description":"O Sudeste ter\u00e1 frio, chuvas e oscila\u00e7\u00f5es de temperatura entre 29 e 31 de julho. Veja os destaques da previs\u00e3o para sua cidade.","robots":{"index":"index","follow":"follow","max-snippet":"max-snippet:-1","max-image-preview":"max-image-preview:large","max-video-preview":"max-video-preview:-1"},"canonical":"https:\/\/www.em.com.br\/emfoco\/2025\/07\/29\/sudeste-deve-enfrentar-uma-das-viradas-de-clima-mais-marcantes-do-mes\/","og_locale":"pt_BR","og_type":"article","og_title":"Sudeste deve enfrentar uma das viradas de clima mais marcantes do m\u00eas - Estado de Minas - Em foco","og_description":"O Sudeste ter\u00e1 frio, chuvas e oscila\u00e7\u00f5es de temperatura entre 29 e 31 de julho. Veja os destaques da previs\u00e3o para sua cidade.","og_url":"https:\/\/www.em.com.br\/emfoco\/2025\/07\/29\/sudeste-deve-enfrentar-uma-das-viradas-de-clima-mais-marcantes-do-mes\/","og_site_name":"Estado de Minas - Em foco","article_published_time":"2025-07-29T09:28:00+00:00","article_modified_time":"2025-07-28T22:50:03+00:00","og_image":[{"width":1280,"height":720,"url":"https:\/\/www.em.com.br\/emfoco\/wp-content\/uploads\/2025\/03\/previsao_1740972866822.jpg","type":"image\/jpeg"}],"author":"Andre\u0301 Rangel\u00a0","twitter_card":"summary_large_image","twitter_misc":{"Escrito por":"Andre\u0301 Rangel\u00a0","Est. tempo de leitura":"3 minutos"},"schema":{"@context":"https:\/\/schema.org","@graph":[{"@type":"WebPage","@id":"https:\/\/www.em.com.br\/emfoco\/2025\/07\/29\/sudeste-deve-enfrentar-uma-das-viradas-de-clima-mais-marcantes-do-mes\/","url":"https:\/\/www.em.com.br\/emfoco\/2025\/07\/29\/sudeste-deve-enfrentar-uma-das-viradas-de-clima-mais-marcantes-do-mes\/","name":"Sudeste deve enfrentar uma das viradas de clima mais marcantes do m\u00eas - Estado de Minas - Em foco","isPartOf":{"@id":"https:\/\/www.em.com.br\/emfoco\/#website"},"primaryImageOfPage":{"@id":"https:\/\/www.em.com.br\/emfoco\/2025\/07\/29\/sudeste-deve-enfrentar-uma-das-viradas-de-clima-mais-marcantes-do-mes\/#primaryimage"},"image":{"@id":"https:\/\/www.em.com.br\/emfoco\/2025\/07\/29\/sudeste-deve-enfrentar-uma-das-viradas-de-clima-mais-marcantes-do-mes\/#primaryimage"},"thumbnailUrl":"https:\/\/www.em.com.br\/emfoco\/wp-content\/uploads\/2025\/03\/previsao_1740972866822.jpg","datePublished":"2025-07-29T09:28:00+00:00","dateModified":"2025-07-28T22:50:03+00:00","author":{"@id":"https:\/\/www.em.com.br\/emfoco\/#\/schema\/person\/60eda09c1fedf0d6891f4cef4b60b8b8"},"description":"O Sudeste ter\u00e1 frio, chuvas e oscila\u00e7\u00f5es de temperatura entre 29 e 31 de julho. Veja os destaques da previs\u00e3o para sua cidade.","breadcrumb":{"@id":"https:\/\/www.em.com.br\/emfoco\/2025\/07\/29\/sudeste-deve-enfrentar-uma-das-viradas-de-clima-mais-marcantes-do-mes\/#breadcrumb"},"inLanguage":"pt-BR","potentialAction":[{"@type":"ReadAction","target":["https:\/\/www.em.com.br\/emfoco\/2025\/07\/29\/sudeste-deve-enfrentar-uma-das-viradas-de-clima-mais-marcantes-do-mes\/"]}]},{"@type":"ImageObject","inLanguage":"pt-BR","@id":"https:\/\/www.em.com.br\/emfoco\/2025\/07\/29\/sudeste-deve-enfrentar-uma-das-viradas-de-clima-mais-marcantes-do-mes\/#primaryimage","url":"https:\/\/www.em.com.br\/emfoco\/wp-content\/uploads\/2025\/03\/previsao_1740972866822.jpg","contentUrl":"https:\/\/www.em.com.br\/emfoco\/wp-content\/uploads\/2025\/03\/previsao_1740972866822.jpg","width":1280,"height":720,"caption":"Previs\u00e3o do tempo - Cr\u00e9ditos: depositphotos.com \/ arvydele.gmail.com"},{"@type":"BreadcrumbList","@id":"https:\/\/www.em.com.br\/emfoco\/2025\/07\/29\/sudeste-deve-enfrentar-uma-das-viradas-de-clima-mais-marcantes-do-mes\/#breadcrumb","itemListElement":[{"@type":"ListItem","position":1,"name":"In\u00edcio","item":"https:\/\/www.em.com.br\/emfoco\/"},{"@type":"ListItem","position":2,"name":"Sudeste deve enfrentar uma das viradas de clima mais marcantes do m\u00eas"}]},{"@type":"WebSite","@id":"https:\/\/www.em.com.br\/emfoco\/#website","url":"https:\/\/www.em.com.br\/emfoco\/","name":"Estado de Minas - Em foco","description":"Acompanhe as \u00faltimas not\u00edcias e fique bem informado sobre tudo o que acontece em Minas Gerais, Brasil e no mundo.","potentialAction":[{"@type":"SearchAction","target":{"@type":"EntryPoint","urlTemplate":"https:\/\/www.em.com.br\/emfoco\/?s={search_term_string}"},"query-input":{"@type":"PropertyValueSpecification","valueRequired":true,"valueName":"search_term_string"}}],"inLanguage":"pt-BR"},{"@type":"Person","@id":"https:\/\/www.em.com.br\/emfoco\/#\/schema\/person\/60eda09c1fedf0d6891f4cef4b60b8b8","name":"Andre\u0301 Rangel\u00a0","image":{"@type":"ImageObject","inLanguage":"pt-BR","@id":"https:\/\/www.em.com.br\/emfoco\/#\/schema\/person\/image\/","url":"https:\/\/secure.gravatar.com\/avatar\/6234dc814c77c8ef6d8bba622c787efc?s=96&d=mm&r=g","contentUrl":"https:\/\/secure.gravatar.com\/avatar\/6234dc814c77c8ef6d8bba622c787efc?s=96&d=mm&r=g","caption":"Andre\u0301 Rangel\u00a0"},"url":"https:\/\/www.em.com.br\/emfoco\/author\/luizmyth\/"}]}},"_links":{"self":[{"href":"https:\/\/www.em.com.br\/emfoco\/wp-json\/wp\/v2\/posts\/82827","targetHints":{"allow":["GET"]}}],"collection":[{"href":"https:\/\/www.em.com.br\/emfoco\/wp-json\/wp\/v2\/posts"}],"about":[{"href":"https:\/\/www.em.com.br\/emfoco\/wp-json\/wp\/v2\/types\/post"}],"author":[{"embeddable":true,"href":"https:\/\/www.em.com.br\/emfoco\/wp-json\/wp\/v2\/users\/11"}],"replies":[{"embeddable":true,"href":"https:\/\/www.em.com.br\/emfoco\/wp-json\/wp\/v2\/comments?post=82827"}],"version-history":[{"count":3,"href":"https:\/\/www.em.com.br\/emfoco\/wp-json\/wp\/v2\/posts\/82827\/revisions"}],"predecessor-version":[{"id":82830,"href":"https:\/\/www.em.com.br\/emfoco\/wp-json\/wp\/v2\/posts\/82827\/revisions\/82830"}],"wp:featuredmedia":[{"embeddable":true,"href":"https:\/\/www.em.com.br\/emfoco\/wp-json\/wp\/v2\/media\/24546"}],"wp:attachment":[{"href":"https:\/\/www.em.com.br\/emfoco\/wp-json\/wp\/v2\/media?parent=82827"}],"wp:term":[{"taxonomy":"category","embeddable":true,"href":"https:\/\/www.em.com.br\/emfoco\/wp-json\/wp\/v2\/categories?post=82827"},{"taxonomy":"post_tag","embeddable":true,"href":"https:\/\/www.em.com.br\/emfoco\/wp-json\/wp\/v2\/tags?post=82827"}],"curies":[{"name":"wp","href":"https:\/\/api.w.org\/{rel}","templated":true}]}}