{"id":82715,"date":"2025-07-28T20:40:00","date_gmt":"2025-07-28T23:40:00","guid":{"rendered":"https:\/\/www.em.com.br\/emfoco\/?p=82715"},"modified":"2025-07-28T15:39:45","modified_gmt":"2025-07-28T18:39:45","slug":"especialistas-alertam-a-ma-postura-no-home-office-esta-causando-problemas-graves","status":"publish","type":"post","link":"https:\/\/www.em.com.br\/emfoco\/2025\/07\/28\/especialistas-alertam-a-ma-postura-no-home-office-esta-causando-problemas-graves\/","title":{"rendered":"Especialistas alertam, a m\u00e1 postura no home office est\u00e1 causando problemas graves"},"content":{"rendered":"\n<p>A dor lombar \u00e9 um desafio global crescente que afeta significativamente a qualidade de vida de milh\u00f5es de pessoas. Em 2025, com a predomin\u00e2ncia de estilos de vida sedent\u00e1rios e o aumento do trabalho remoto, a incid\u00eancia desse problema de sa\u00fade tem disparado. Este fen\u00f4meno \u00e9 resultado, principalmente, do uso inadequado de computadores e dispositivos m\u00f3veis, al\u00e9m de posturas incorretas mantidas ao longo do dia, tanto em ambientes dom\u00e9sticos quanto profissionais, como explica <a href=\"https:\/\/clinicaavanttos.com.br\/como-evitar-dor-lombar-causada-por-ma-postura-no-trabalho\/\" target=\"_blank\" rel=\"noreferrer noopener\">a Cl\u00ednica Avanttos.<\/a><\/p>\n\n\n\n<p>O impacto desse quadro vai al\u00e9m do desconforto imediato, podendo evoluir para condi\u00e7\u00f5es cr\u00f4nicas se negligenciado. Isso se deve \u00e0 sobrecarga cont\u00ednua nos m\u00fasculos e articula\u00e7\u00f5es, frequentemente agravada pela falta de atividade f\u00edsica regular. Reconhecer e abordar os fatores contribuintes \u00e9 essencial para a preven\u00e7\u00e3o eficaz da dor lombar e a promo\u00e7\u00e3o de um estilo de vida mais saud\u00e1vel.<\/p>\n\n\n\n<h2 class=\"wp-block-heading\">Quais Fatores de Postura Aumentam o Risco de Dor Lombar?<\/h2>\n\n\n\n<p>Posturas incorretas s\u00e3o uma das principais causas da dor lombar. Passar longos per\u00edodos com a coluna desalinhada pode gerar tens\u00f5es indesejadas e desgaste nas estruturas espinhais. Os fatores posturais mais comuns incluem:<\/p>\n\n\n\n<ul class=\"wp-block-list\">\n<li><strong>Sentar-se inadequadamente:<\/strong> Utilizar cadeiras sem suporte lombar ou permanecer inclinado sobre uma mesa pode aumentar a press\u00e3o na regi\u00e3o inferior da coluna.<\/li>\n\n\n\n<li><strong>Permanecer em p\u00e9 por longos per\u00edodos:<\/strong> Postura inadequada em p\u00e9, muitas vezes com o peso distribu\u00eddo de forma desigual, pode resultar em desequil\u00edbrios musculares.<\/li>\n\n\n\n<li><strong>Levantamento incorreto de peso:<\/strong> Carregar mochilas em um s\u00f3 ombro e levantar objetos pesados sem dobrar os joelhos s\u00e3o pr\u00e1ticas que aumentam o risco de les\u00f5es.<\/li>\n\n\n\n<li><strong>Uso inadequado de m\u00f3veis e equipamentos:<\/strong> Mesas e monitores de computador mal ajustados podem for\u00e7ar a coluna a posi\u00e7\u00f5es desconfort\u00e1veis.<\/li>\n<\/ul>\n\n\n\n<h2 class=\"wp-block-heading\">Como Reconhecer Sinais de M\u00e1 Postura?<\/h2>\n\n\n\n<p>Detectar sinais precoces de m\u00e1 postura \u00e9 crucial para prevenir dores cr\u00f4nicas. Entre as manifesta\u00e7\u00f5es mais comuns est\u00e3o dores persistentes na lombar ap\u00f3s atividades di\u00e1rias, rigidez ao se levantar e tens\u00e3o nos ombros e pesco\u00e7o. Ficar atento a estes sintomas pode ajudar a corrigir h\u00e1bitos antes que eles se tornem prejudiciais. Al\u00e9m disso, posturas como cruzar as pernas ao sentar ou dormir em colch\u00f5es inadequados tamb\u00e9m contribuem para o desalinhamento da coluna.<\/p>\n\n\n<div class=\"wp-block-image\">\n<figure class=\"aligncenter size-large\"><img loading=\"lazy\" decoding=\"async\" width=\"1024\" height=\"576\" src=\"https:\/\/www.em.com.br\/emfoco\/wp-content\/uploads\/2025\/07\/dor-lombar_1753727945533-1024x576.jpg\" alt=\"Especialistas alertam, a m\u00e1 postura no home office est\u00e1 causando problemas graves\" class=\"wp-image-82717\" srcset=\"https:\/\/www.em.com.br\/emfoco\/wp-content\/uploads\/2025\/07\/dor-lombar_1753727945533-1024x576.jpg 1024w, https:\/\/www.em.com.br\/emfoco\/wp-content\/uploads\/2025\/07\/dor-lombar_1753727945533-300x169.jpg 300w, https:\/\/www.em.com.br\/emfoco\/wp-content\/uploads\/2025\/07\/dor-lombar_1753727945533-768x432.jpg 768w, https:\/\/www.em.com.br\/emfoco\/wp-content\/uploads\/2025\/07\/dor-lombar_1753727945533-750x422.jpg 750w, https:\/\/www.em.com.br\/emfoco\/wp-content\/uploads\/2025\/07\/dor-lombar_1753727945533-1140x641.jpg 1140w, https:\/\/www.em.com.br\/emfoco\/wp-content\/uploads\/2025\/07\/dor-lombar_1753727945533.jpg 1280w\" sizes=\"auto, (max-width: 1024px) 100vw, 1024px\" \/><figcaption class=\"wp-element-caption\">Dor na lombar (Cr\u00e9ditos: depositphotos.com \/ IgorVetushko)<\/figcaption><\/figure><\/div>\n\n\n<h2 class=\"wp-block-heading\">Quais Exerc\u00edcios Ajudam na Corre\u00e7\u00e3o Postural?<\/h2>\n\n\n\n<p>A pr\u00e1tica de exerc\u00edcios espec\u00edficos \u00e9 uma estrat\u00e9gia poderosa para melhorar a postura e fortalecer a musculatura <a href=\"https:\/\/www.em.com.br\/emfoco\/2025\/07\/27\/o-uso-do-celular-esta-causando-cervicalgia-e-fisioterapeutas-ensinam-a-resolver-o-problema\/\" target=\"_blank\" rel=\"noreferrer noopener\">lombar<\/a>. Recomenda-se uma rotina que inclua:<\/p>\n\n\n\n<ol class=\"wp-block-list\">\n<li><strong>Alongamento dos isquiotibiais:<\/strong> Alivia tens\u00f5es na parte posterior das coxas, transferindo menos carga para a lombar.<\/li>\n\n\n\n<li><strong>Ponte de quadril:<\/strong> Fortalece os gl\u00fateos e a regi\u00e3o dorsal, promovendo uma postura melhor.<\/li>\n\n\n\n<li><strong>Prancha abdominal:<\/strong> Melhora a estabilidade do core, crucial para o suporte da coluna.<\/li>\n\n\n\n<li><strong>Movimenta\u00e7\u00e3o Camel &amp; Cow:<\/strong> Melhora a mobilidade espinhal atrav\u00e9s de movimentos controlados de flex\u00e3o e extens\u00e3o.<\/li>\n\n\n\n<li><strong>Rota\u00e7\u00e3o de tronco:<\/strong> Contribui para a soltura e o al\u00edvio de rigidez na coluna.<\/li>\n<\/ol>\n\n\n\n<h2 class=\"wp-block-heading\">Quais Pr\u00e1ticas Auxiliam na Preven\u00e7\u00e3o da Dor Lombar?<\/h2>\n\n\n\n<p>Al\u00e9m da corre\u00e7\u00e3o postural e exerc\u00edcios regulares, pequenos ajustes no cotidiano podem fazer uma grande diferen\u00e7a. Realizar pausas frequentes durante o trabalho, ajustar corretamente a altura de cadeiras e mesas, e alternar a posi\u00e7\u00e3o corporal s\u00e3o recomenda\u00e7\u00f5es valiosas. Optar por colch\u00f5es e travesseiros adequados ao corpo tamb\u00e9m pode melhorar significativamente o suporte \u00e0 coluna durante o sono.<\/p>\n\n\n\n<p>Consultar profissionais de sa\u00fade, como fisioterapeutas, pode ser ben\u00e9fico para desenvolver estrat\u00e9gias personalizadas de preven\u00e7\u00e3o. A abordagem ativa em rela\u00e7\u00e3o \u00e0 sa\u00fade lombar, atrav\u00e9s da conscientiza\u00e7\u00e3o postural e do fortalecimento muscular, \u00e9 fundamental para mitigar os efeitos negativos da modernidade sobre a coluna vertebral.<\/p>\n","protected":false},"excerpt":{"rendered":"<p>A dor lombar \u00e9 um desafio global crescente que afeta significativamente a qualidade de vida de milh\u00f5es de pessoas. Em 2025, com a predomin\u00e2ncia de estilos de vida sedent\u00e1rios e o aumento do trabalho remoto, a incid\u00eancia desse problema de sa\u00fade tem disparado. Este fen\u00f4meno \u00e9 resultado, principalmente, do uso inadequado de computadores e dispositivos [&hellip;]<\/p>\n","protected":false},"author":10,"featured_media":82716,"comment_status":"open","ping_status":"open","sticky":false,"template":"","format":"standard","meta":{"jnews-multi-image_gallery":[],"jnews_single_post":{"format":"standard"},"jnews_primary_category":[],"jnews_social_meta":[],"jnews_override_counter":[],"footnotes":""},"categories":[9053],"tags":[12997,10598,415],"class_list":["post-82715","post","type-post","status-publish","format-standard","has-post-thumbnail","hentry","category-saude","tag-lombalgia","tag-lombar","tag-saude"],"yoast_head":"<!-- This site is optimized with the Yoast SEO plugin v23.8 - https:\/\/yoast.com\/wordpress\/plugins\/seo\/ -->\n<title>Especialistas alertam, a m\u00e1 postura no home office est\u00e1 causando problemas graves - Estado de Minas - Em foco<\/title>\n<meta name=\"description\" content=\"A dor lombar disparou com o trabalho remoto. Veja os sinais de m\u00e1 postura, dicas de preven\u00e7\u00e3o e exerc\u00edcios essenciais para se proteger.\" \/>\n<meta name=\"robots\" content=\"index, follow, max-snippet:-1, max-image-preview:large, max-video-preview:-1\" \/>\n<link rel=\"canonical\" href=\"https:\/\/www.em.com.br\/emfoco\/2025\/07\/28\/especialistas-alertam-a-ma-postura-no-home-office-esta-causando-problemas-graves\/\" \/>\n<meta property=\"og:locale\" content=\"pt_BR\" \/>\n<meta property=\"og:type\" content=\"article\" \/>\n<meta property=\"og:title\" content=\"Especialistas alertam, a m\u00e1 postura no home office est\u00e1 causando problemas graves - Estado de Minas - Em foco\" \/>\n<meta property=\"og:description\" content=\"A dor lombar disparou com o trabalho remoto. Veja os sinais de m\u00e1 postura, dicas de preven\u00e7\u00e3o e exerc\u00edcios essenciais para se proteger.\" \/>\n<meta property=\"og:url\" content=\"https:\/\/www.em.com.br\/emfoco\/2025\/07\/28\/especialistas-alertam-a-ma-postura-no-home-office-esta-causando-problemas-graves\/\" \/>\n<meta property=\"og:site_name\" content=\"Estado de Minas - Em foco\" \/>\n<meta property=\"article:published_time\" content=\"2025-07-28T23:40:00+00:00\" \/>\n<meta property=\"article:modified_time\" content=\"2025-07-28T18:39:45+00:00\" \/>\n<meta property=\"og:image\" content=\"https:\/\/www.em.com.br\/emfoco\/wp-content\/uploads\/2025\/07\/lombalgia_1753727745391.jpg\" \/>\n\t<meta property=\"og:image:width\" content=\"1280\" \/>\n\t<meta property=\"og:image:height\" content=\"720\" \/>\n\t<meta property=\"og:image:type\" content=\"image\/jpeg\" \/>\n<meta name=\"author\" content=\"Patryck Reinehr\" \/>\n<meta name=\"twitter:card\" content=\"summary_large_image\" \/>\n<meta name=\"twitter:label1\" content=\"Escrito por\" \/>\n\t<meta name=\"twitter:data1\" content=\"Patryck Reinehr\" \/>\n\t<meta name=\"twitter:label2\" content=\"Est. tempo de leitura\" \/>\n\t<meta name=\"twitter:data2\" content=\"4 minutos\" \/>\n<!-- \/ Yoast SEO plugin. -->","yoast_head_json":{"title":"Especialistas alertam, a m\u00e1 postura no home office est\u00e1 causando problemas graves - Estado de Minas - Em foco","description":"A dor lombar disparou com o trabalho remoto. Veja os sinais de m\u00e1 postura, dicas de preven\u00e7\u00e3o e exerc\u00edcios essenciais para se proteger.","robots":{"index":"index","follow":"follow","max-snippet":"max-snippet:-1","max-image-preview":"max-image-preview:large","max-video-preview":"max-video-preview:-1"},"canonical":"https:\/\/www.em.com.br\/emfoco\/2025\/07\/28\/especialistas-alertam-a-ma-postura-no-home-office-esta-causando-problemas-graves\/","og_locale":"pt_BR","og_type":"article","og_title":"Especialistas alertam, a m\u00e1 postura no home office est\u00e1 causando problemas graves - Estado de Minas - Em foco","og_description":"A dor lombar disparou com o trabalho remoto. Veja os sinais de m\u00e1 postura, dicas de preven\u00e7\u00e3o e exerc\u00edcios essenciais para se proteger.","og_url":"https:\/\/www.em.com.br\/emfoco\/2025\/07\/28\/especialistas-alertam-a-ma-postura-no-home-office-esta-causando-problemas-graves\/","og_site_name":"Estado de Minas - Em foco","article_published_time":"2025-07-28T23:40:00+00:00","article_modified_time":"2025-07-28T18:39:45+00:00","og_image":[{"width":1280,"height":720,"url":"https:\/\/www.em.com.br\/emfoco\/wp-content\/uploads\/2025\/07\/lombalgia_1753727745391.jpg","type":"image\/jpeg"}],"author":"Patryck Reinehr","twitter_card":"summary_large_image","twitter_misc":{"Escrito por":"Patryck Reinehr","Est. tempo de leitura":"4 minutos"},"schema":{"@context":"https:\/\/schema.org","@graph":[{"@type":"WebPage","@id":"https:\/\/www.em.com.br\/emfoco\/2025\/07\/28\/especialistas-alertam-a-ma-postura-no-home-office-esta-causando-problemas-graves\/","url":"https:\/\/www.em.com.br\/emfoco\/2025\/07\/28\/especialistas-alertam-a-ma-postura-no-home-office-esta-causando-problemas-graves\/","name":"Especialistas alertam, a m\u00e1 postura no home office est\u00e1 causando problemas graves - Estado de Minas - Em foco","isPartOf":{"@id":"https:\/\/www.em.com.br\/emfoco\/#website"},"primaryImageOfPage":{"@id":"https:\/\/www.em.com.br\/emfoco\/2025\/07\/28\/especialistas-alertam-a-ma-postura-no-home-office-esta-causando-problemas-graves\/#primaryimage"},"image":{"@id":"https:\/\/www.em.com.br\/emfoco\/2025\/07\/28\/especialistas-alertam-a-ma-postura-no-home-office-esta-causando-problemas-graves\/#primaryimage"},"thumbnailUrl":"https:\/\/www.em.com.br\/emfoco\/wp-content\/uploads\/2025\/07\/lombalgia_1753727745391.jpg","datePublished":"2025-07-28T23:40:00+00:00","dateModified":"2025-07-28T18:39:45+00:00","author":{"@id":"https:\/\/www.em.com.br\/emfoco\/#\/schema\/person\/43407752bebcbbb4d0ec79deedc0d7ce"},"description":"A dor lombar disparou com o trabalho remoto. Veja os sinais de m\u00e1 postura, dicas de preven\u00e7\u00e3o e exerc\u00edcios essenciais para se proteger.","breadcrumb":{"@id":"https:\/\/www.em.com.br\/emfoco\/2025\/07\/28\/especialistas-alertam-a-ma-postura-no-home-office-esta-causando-problemas-graves\/#breadcrumb"},"inLanguage":"pt-BR","potentialAction":[{"@type":"ReadAction","target":["https:\/\/www.em.com.br\/emfoco\/2025\/07\/28\/especialistas-alertam-a-ma-postura-no-home-office-esta-causando-problemas-graves\/"]}]},{"@type":"ImageObject","inLanguage":"pt-BR","@id":"https:\/\/www.em.com.br\/emfoco\/2025\/07\/28\/especialistas-alertam-a-ma-postura-no-home-office-esta-causando-problemas-graves\/#primaryimage","url":"https:\/\/www.em.com.br\/emfoco\/wp-content\/uploads\/2025\/07\/lombalgia_1753727745391.jpg","contentUrl":"https:\/\/www.em.com.br\/emfoco\/wp-content\/uploads\/2025\/07\/lombalgia_1753727745391.jpg","width":1280,"height":720,"caption":"Dores na lombar (Cr\u00e9ditos: depositphotos.com \/ evgenyataman)"},{"@type":"BreadcrumbList","@id":"https:\/\/www.em.com.br\/emfoco\/2025\/07\/28\/especialistas-alertam-a-ma-postura-no-home-office-esta-causando-problemas-graves\/#breadcrumb","itemListElement":[{"@type":"ListItem","position":1,"name":"In\u00edcio","item":"https:\/\/www.em.com.br\/emfoco\/"},{"@type":"ListItem","position":2,"name":"Especialistas alertam, a m\u00e1 postura no home office est\u00e1 causando problemas graves"}]},{"@type":"WebSite","@id":"https:\/\/www.em.com.br\/emfoco\/#website","url":"https:\/\/www.em.com.br\/emfoco\/","name":"Estado de Minas - Em foco","description":"Acompanhe as \u00faltimas not\u00edcias e fique bem informado sobre tudo o que acontece em Minas Gerais, Brasil e no mundo.","potentialAction":[{"@type":"SearchAction","target":{"@type":"EntryPoint","urlTemplate":"https:\/\/www.em.com.br\/emfoco\/?s={search_term_string}"},"query-input":{"@type":"PropertyValueSpecification","valueRequired":true,"valueName":"search_term_string"}}],"inLanguage":"pt-BR"},{"@type":"Person","@id":"https:\/\/www.em.com.br\/emfoco\/#\/schema\/person\/43407752bebcbbb4d0ec79deedc0d7ce","name":"Patryck Reinehr","image":{"@type":"ImageObject","inLanguage":"pt-BR","@id":"https:\/\/www.em.com.br\/emfoco\/#\/schema\/person\/image\/","url":"https:\/\/secure.gravatar.com\/avatar\/570c7fb2898c0e2df0823196891bea88?s=96&d=mm&r=g","contentUrl":"https:\/\/secure.gravatar.com\/avatar\/570c7fb2898c0e2df0823196891bea88?s=96&d=mm&r=g","caption":"Patryck Reinehr"},"url":"https:\/\/www.em.com.br\/emfoco\/author\/patryckmyth\/"}]}},"_links":{"self":[{"href":"https:\/\/www.em.com.br\/emfoco\/wp-json\/wp\/v2\/posts\/82715","targetHints":{"allow":["GET"]}}],"collection":[{"href":"https:\/\/www.em.com.br\/emfoco\/wp-json\/wp\/v2\/posts"}],"about":[{"href":"https:\/\/www.em.com.br\/emfoco\/wp-json\/wp\/v2\/types\/post"}],"author":[{"embeddable":true,"href":"https:\/\/www.em.com.br\/emfoco\/wp-json\/wp\/v2\/users\/10"}],"replies":[{"embeddable":true,"href":"https:\/\/www.em.com.br\/emfoco\/wp-json\/wp\/v2\/comments?post=82715"}],"version-history":[{"count":1,"href":"https:\/\/www.em.com.br\/emfoco\/wp-json\/wp\/v2\/posts\/82715\/revisions"}],"predecessor-version":[{"id":82718,"href":"https:\/\/www.em.com.br\/emfoco\/wp-json\/wp\/v2\/posts\/82715\/revisions\/82718"}],"wp:featuredmedia":[{"embeddable":true,"href":"https:\/\/www.em.com.br\/emfoco\/wp-json\/wp\/v2\/media\/82716"}],"wp:attachment":[{"href":"https:\/\/www.em.com.br\/emfoco\/wp-json\/wp\/v2\/media?parent=82715"}],"wp:term":[{"taxonomy":"category","embeddable":true,"href":"https:\/\/www.em.com.br\/emfoco\/wp-json\/wp\/v2\/categories?post=82715"},{"taxonomy":"post_tag","embeddable":true,"href":"https:\/\/www.em.com.br\/emfoco\/wp-json\/wp\/v2\/tags?post=82715"}],"curies":[{"name":"wp","href":"https:\/\/api.w.org\/{rel}","templated":true}]}}