{"id":82643,"date":"2025-07-30T17:48:00","date_gmt":"2025-07-30T20:48:00","guid":{"rendered":"https:\/\/www.em.com.br\/emfoco\/?p=82643"},"modified":"2025-07-28T13:46:25","modified_gmt":"2025-07-28T16:46:25","slug":"conheca-a-ilha-onde-casas-coloridas-e-canais-criam-um-cenario-digno-de-conto-de-fadas","status":"publish","type":"post","link":"https:\/\/www.em.com.br\/emfoco\/2025\/07\/30\/conheca-a-ilha-onde-casas-coloridas-e-canais-criam-um-cenario-digno-de-conto-de-fadas\/","title":{"rendered":"Conhe\u00e7a a ilha onde casas coloridas e canais criam um cen\u00e1rio digno de conto de fadas"},"content":{"rendered":"\n<p><strong>Burano <\/strong>\u00e9 uma pequena ilha pr\u00f3xima a <strong>Veneza<\/strong>, na <strong><a href=\"https:\/\/www.em.com.br\/emfoco\/2025\/07\/25\/os-lugares-mais-encantadores-da-italia-para-visitar-ainda-este-ano\/\" target=\"_blank\" rel=\"noreferrer noopener\">It\u00e1lia<\/a><\/strong>, conhecida por suas <strong>casas coloridas<\/strong> e sua atmosfera pitoresca. Este destino encantador atrai viajantes de todo o mundo, oferecendo uma experi\u00eancia visual \u00fanica e memor\u00e1vel. Neste artigo, exploraremos os aspectos que fazem de Burano um local digno de um conto de fadas.<\/p>\n\n\n\n<ul class=\"wp-block-list\">\n<li>Descubra a hist\u00f3ria e o charme por tr\u00e1s das casas coloridas de Burano.<\/li>\n\n\n\n<li>Entenda como os canais de Burano tornam cada passeio especial.<\/li>\n\n\n\n<li>Veja como a cultura local enriquece suas tradi\u00e7\u00f5es art\u00edsticas.<\/li>\n<\/ul>\n\n\n\n<h2 class=\"wp-block-heading\">Qual \u00e9 a hist\u00f3ria por tr\u00e1s das casas coloridas de Burano?<\/h2>\n\n\n\n<p>As <strong>casas coloridas<\/strong> de Burano s\u00e3o um dos principais atrativos da ilha, cada fachada pintada com cores vibrantes e distintas. Esta pr\u00e1tica come\u00e7ou s\u00e9culos atr\u00e1s, quando os pescadores locais pintavam suas casas para que fossem facilmente identific\u00e1veis durante os dias de neblina no mar. Essa tradi\u00e7\u00e3o se mant\u00e9m viva at\u00e9 hoje, tornando-se uma marca registrada da ilha.<\/p>\n\n\n\n<p>Para garantir que essa tradi\u00e7\u00e3o permane\u00e7a aut\u00eantica, o governo local implementou regulamentos espec\u00edficos sobre as cores das casas. Se um morador quiser pintar sua casa, deve enviar uma solicita\u00e7\u00e3o ao governo, que indica quais cores s\u00e3o permitidas. Isso assegura que a harmonia visual da ilha seja mantida.<\/p>\n\n\n\n<figure class=\"wp-block-image size-large\"><img loading=\"lazy\" decoding=\"async\" width=\"1024\" height=\"576\" src=\"https:\/\/www.em.com.br\/emfoco\/wp-content\/uploads\/2025\/07\/Burano-Veneza_1752500784244-1024x576.jpg\" alt=\"O vilarejo colorido que renasceu com arte urbana e virou roteiro internacional\" class=\"wp-image-75505\" srcset=\"https:\/\/www.em.com.br\/emfoco\/wp-content\/uploads\/2025\/07\/Burano-Veneza_1752500784244-1024x576.jpg 1024w, https:\/\/www.em.com.br\/emfoco\/wp-content\/uploads\/2025\/07\/Burano-Veneza_1752500784244-300x169.jpg 300w, https:\/\/www.em.com.br\/emfoco\/wp-content\/uploads\/2025\/07\/Burano-Veneza_1752500784244-768x432.jpg 768w, https:\/\/www.em.com.br\/emfoco\/wp-content\/uploads\/2025\/07\/Burano-Veneza_1752500784244-750x422.jpg 750w, https:\/\/www.em.com.br\/emfoco\/wp-content\/uploads\/2025\/07\/Burano-Veneza_1752500784244-1140x641.jpg 1140w, https:\/\/www.em.com.br\/emfoco\/wp-content\/uploads\/2025\/07\/Burano-Veneza_1752500784244.jpg 1280w\" sizes=\"auto, (max-width: 1024px) 100vw, 1024px\" \/><figcaption class=\"wp-element-caption\">Burano, Veneza &#8211; Cr\u00e9ditos: depositphotos.com \/ Vunav<\/figcaption><\/figure>\n\n\n\n<h2 class=\"wp-block-heading\">Como os canais de Burano enriquecem suas experi\u00eancias ao ar livre?<\/h2>\n\n\n\n<p>Os <strong>canais de Burano<\/strong> s\u00e3o t\u00e3o ic\u00f4nicos quanto suas casas coloridas, proporcionando uma vista deslumbrante e um cen\u00e1rio ideal para passeios tranquilos. Os canais n\u00e3o s\u00e3o apenas funcionais, mas tamb\u00e9m est\u00e9ticos, complementando a beleza natural e arquitet\u00f4nica da ilha.<\/p>\n\n\n\n<p>Andar pelas margens dos canais oferece uma perspectiva \u00fanica sobre a vida local e as pr\u00e1ticas di\u00e1rias dos residentes. Barcos pequenos, conhecidos como vaporetto, podem ser vistos frequentando as \u00e1guas, cada um carregando hist\u00f3rias e tradi\u00e7\u00f5es antigas.<\/p>\n\n\n\n<h2 class=\"wp-block-heading\">O que torna Burano um centro de arte e tradi\u00e7\u00e3o cultural?<\/h2>\n\n\n\n<p>Burano \u00e9 tamb\u00e9m famosa pela sua tradi\u00e7\u00e3o em renda artesanal, que remonta ao s\u00e9culo XVI. As rendas de Burano s\u00e3o reconhecidas mundialmente por sua <strong>delicadeza e complexidade<\/strong>. Na ilha, voc\u00ea pode visitar o <strong><a href=\"https:\/\/www.tripadvisor.com.br\/Attraction_Review-g1597326-d2340194-Reviews-Museo_del_Merletto_di_Burano-Burano_Veneto.html\" target=\"_blank\" rel=\"noreferrer noopener\">Museu da Renda<\/a><\/strong> e entender mais sobre esta hist\u00f3ria rica e fascinante.<\/p>\n\n\n\n<p>Al\u00e9m das rendas, a cultura vibrante da ilha \u00e9 celebrada em diversas festividades ao longo do ano, destacando a m\u00fasica, dan\u00e7a e outras formas de express\u00e3o art\u00edstica. A imers\u00e3o nessas tradi\u00e7\u00f5es proporciona uma vis\u00e3o mais profunda da ess\u00eancia de Burano.<\/p>\n\n\n\n<h2 class=\"wp-block-heading\">Por que visitar Burano \u00e9 uma experi\u00eancia inesquec\u00edvel?<\/h2>\n\n\n\n<p>Visitar Burano \u00e9 como entrar em um <strong>conto de fadas<\/strong> repleto de cores e charme singular. Caminhar por suas ruas estreitas e pitorescas \u00e9 uma oportunidade para se desconectar da agita\u00e7\u00e3o do mundo moderno e apreciar a simplicidade e a beleza deste local \u00fanico.<\/p>\n\n\n\n<p>A ilha \u00e9 um convite constante para explorar, com cada esquina revelando uma nova perspectiva ou detalhe encantador. Seja atrav\u00e9s de sua arquitetura vibrante, cultura rica ou paisagens serenas, Burano oferece uma experi\u00eancia que \u00e9 dif\u00edcil de encontrar em qualquer outro lugar.<\/p>\n\n\n\n<ul class=\"wp-block-list\">\n<li>As cores vibrantes das casas de Burano t\u00eam uma hist\u00f3ria rica e funcional.<\/li>\n\n\n\n<li>Os canais de Burano n\u00e3o s\u00f3 complementam a est\u00e9tica da ilha, mas enriquecem a experi\u00eancia.<\/li>\n\n\n\n<li>A tradi\u00e7\u00e3o de renda de Burano \u00e9 um testemunho do rico patrim\u00f4nio cultural da ilha.<\/li>\n<\/ul>\n","protected":false},"excerpt":{"rendered":"<p>Burano \u00e9 uma pequena ilha pr\u00f3xima a Veneza, na It\u00e1lia, conhecida por suas casas coloridas e sua atmosfera pitoresca. Este destino encantador atrai viajantes de todo o mundo, oferecendo uma experi\u00eancia visual \u00fanica e memor\u00e1vel. Neste artigo, exploraremos os aspectos que fazem de Burano um local digno de um conto de fadas. Qual \u00e9 a [&hellip;]<\/p>\n","protected":false},"author":13,"featured_media":75504,"comment_status":"open","ping_status":"open","sticky":false,"template":"","format":"standard","meta":{"jnews-multi-image_gallery":[],"jnews_single_post":{"format":"standard"},"jnews_primary_category":[],"jnews_social_meta":[],"jnews_override_counter":[],"footnotes":""},"categories":[26,1],"tags":[12120,4431,157,1998],"class_list":["post-82643","post","type-post","status-publish","format-standard","has-post-thumbnail","hentry","category-cidades","category-noticias","tag-burano","tag-italia","tag-turismo","tag-veneza"],"yoast_head":"<!-- This site is optimized with the Yoast SEO plugin v23.8 - https:\/\/yoast.com\/wordpress\/plugins\/seo\/ -->\n<title>Conhe\u00e7a a ilha onde casas coloridas e canais criam um cen\u00e1rio digno de conto de fadas - Estado de Minas - Em foco<\/title>\n<meta name=\"description\" content=\"Burano encanta com casas coloridas, canais serenos e tradi\u00e7\u00e3o em renda artesanal. Entenda por que essa ilha \u00e9 um sonho italiano.\" \/>\n<meta name=\"robots\" content=\"index, follow, max-snippet:-1, max-image-preview:large, max-video-preview:-1\" \/>\n<link rel=\"canonical\" href=\"https:\/\/www.em.com.br\/emfoco\/2025\/07\/30\/conheca-a-ilha-onde-casas-coloridas-e-canais-criam-um-cenario-digno-de-conto-de-fadas\/\" \/>\n<meta property=\"og:locale\" content=\"pt_BR\" \/>\n<meta property=\"og:type\" content=\"article\" \/>\n<meta property=\"og:title\" content=\"Conhe\u00e7a a ilha onde casas coloridas e canais criam um cen\u00e1rio digno de conto de fadas - Estado de Minas - Em foco\" \/>\n<meta property=\"og:description\" content=\"Burano encanta com casas coloridas, canais serenos e tradi\u00e7\u00e3o em renda artesanal. Entenda por que essa ilha \u00e9 um sonho italiano.\" \/>\n<meta property=\"og:url\" content=\"https:\/\/www.em.com.br\/emfoco\/2025\/07\/30\/conheca-a-ilha-onde-casas-coloridas-e-canais-criam-um-cenario-digno-de-conto-de-fadas\/\" \/>\n<meta property=\"og:site_name\" content=\"Estado de Minas - Em foco\" \/>\n<meta property=\"article:published_time\" content=\"2025-07-30T20:48:00+00:00\" \/>\n<meta property=\"article:modified_time\" content=\"2025-07-28T16:46:25+00:00\" \/>\n<meta property=\"og:image\" content=\"https:\/\/www.em.com.br\/emfoco\/wp-content\/uploads\/2025\/07\/Burano-Veneza_1752500761621.jpg\" \/>\n\t<meta property=\"og:image:width\" content=\"1280\" \/>\n\t<meta property=\"og:image:height\" content=\"720\" \/>\n\t<meta property=\"og:image:type\" content=\"image\/jpeg\" \/>\n<meta name=\"author\" content=\"Gabriel Martins\" \/>\n<meta name=\"twitter:card\" content=\"summary_large_image\" \/>\n<meta name=\"twitter:label1\" content=\"Escrito por\" \/>\n\t<meta name=\"twitter:data1\" content=\"Gabriel Martins\" \/>\n\t<meta name=\"twitter:label2\" content=\"Est. tempo de leitura\" \/>\n\t<meta name=\"twitter:data2\" content=\"4 minutos\" \/>\n<!-- \/ Yoast SEO plugin. -->","yoast_head_json":{"title":"Conhe\u00e7a a ilha onde casas coloridas e canais criam um cen\u00e1rio digno de conto de fadas - Estado de Minas - Em foco","description":"Burano encanta com casas coloridas, canais serenos e tradi\u00e7\u00e3o em renda artesanal. Entenda por que essa ilha \u00e9 um sonho italiano.","robots":{"index":"index","follow":"follow","max-snippet":"max-snippet:-1","max-image-preview":"max-image-preview:large","max-video-preview":"max-video-preview:-1"},"canonical":"https:\/\/www.em.com.br\/emfoco\/2025\/07\/30\/conheca-a-ilha-onde-casas-coloridas-e-canais-criam-um-cenario-digno-de-conto-de-fadas\/","og_locale":"pt_BR","og_type":"article","og_title":"Conhe\u00e7a a ilha onde casas coloridas e canais criam um cen\u00e1rio digno de conto de fadas - Estado de Minas - Em foco","og_description":"Burano encanta com casas coloridas, canais serenos e tradi\u00e7\u00e3o em renda artesanal. Entenda por que essa ilha \u00e9 um sonho italiano.","og_url":"https:\/\/www.em.com.br\/emfoco\/2025\/07\/30\/conheca-a-ilha-onde-casas-coloridas-e-canais-criam-um-cenario-digno-de-conto-de-fadas\/","og_site_name":"Estado de Minas - Em foco","article_published_time":"2025-07-30T20:48:00+00:00","article_modified_time":"2025-07-28T16:46:25+00:00","og_image":[{"width":1280,"height":720,"url":"https:\/\/www.em.com.br\/emfoco\/wp-content\/uploads\/2025\/07\/Burano-Veneza_1752500761621.jpg","type":"image\/jpeg"}],"author":"Gabriel Martins","twitter_card":"summary_large_image","twitter_misc":{"Escrito por":"Gabriel Martins","Est. tempo de leitura":"4 minutos"},"schema":{"@context":"https:\/\/schema.org","@graph":[{"@type":"WebPage","@id":"https:\/\/www.em.com.br\/emfoco\/2025\/07\/30\/conheca-a-ilha-onde-casas-coloridas-e-canais-criam-um-cenario-digno-de-conto-de-fadas\/","url":"https:\/\/www.em.com.br\/emfoco\/2025\/07\/30\/conheca-a-ilha-onde-casas-coloridas-e-canais-criam-um-cenario-digno-de-conto-de-fadas\/","name":"Conhe\u00e7a a ilha onde casas coloridas e canais criam um cen\u00e1rio digno de conto de fadas - Estado de Minas - Em foco","isPartOf":{"@id":"https:\/\/www.em.com.br\/emfoco\/#website"},"primaryImageOfPage":{"@id":"https:\/\/www.em.com.br\/emfoco\/2025\/07\/30\/conheca-a-ilha-onde-casas-coloridas-e-canais-criam-um-cenario-digno-de-conto-de-fadas\/#primaryimage"},"image":{"@id":"https:\/\/www.em.com.br\/emfoco\/2025\/07\/30\/conheca-a-ilha-onde-casas-coloridas-e-canais-criam-um-cenario-digno-de-conto-de-fadas\/#primaryimage"},"thumbnailUrl":"https:\/\/www.em.com.br\/emfoco\/wp-content\/uploads\/2025\/07\/Burano-Veneza_1752500761621.jpg","datePublished":"2025-07-30T20:48:00+00:00","dateModified":"2025-07-28T16:46:25+00:00","author":{"@id":"https:\/\/www.em.com.br\/emfoco\/#\/schema\/person\/1c9ddeab18b98abeffef834667bcf08a"},"description":"Burano encanta com casas coloridas, canais serenos e tradi\u00e7\u00e3o em renda artesanal. Entenda por que essa ilha \u00e9 um sonho italiano.","breadcrumb":{"@id":"https:\/\/www.em.com.br\/emfoco\/2025\/07\/30\/conheca-a-ilha-onde-casas-coloridas-e-canais-criam-um-cenario-digno-de-conto-de-fadas\/#breadcrumb"},"inLanguage":"pt-BR","potentialAction":[{"@type":"ReadAction","target":["https:\/\/www.em.com.br\/emfoco\/2025\/07\/30\/conheca-a-ilha-onde-casas-coloridas-e-canais-criam-um-cenario-digno-de-conto-de-fadas\/"]}]},{"@type":"ImageObject","inLanguage":"pt-BR","@id":"https:\/\/www.em.com.br\/emfoco\/2025\/07\/30\/conheca-a-ilha-onde-casas-coloridas-e-canais-criam-um-cenario-digno-de-conto-de-fadas\/#primaryimage","url":"https:\/\/www.em.com.br\/emfoco\/wp-content\/uploads\/2025\/07\/Burano-Veneza_1752500761621.jpg","contentUrl":"https:\/\/www.em.com.br\/emfoco\/wp-content\/uploads\/2025\/07\/Burano-Veneza_1752500761621.jpg","width":1280,"height":720,"caption":"Burano, Veneza - Cr\u00e9ditos: depositphotos.com \/ marcorubino"},{"@type":"BreadcrumbList","@id":"https:\/\/www.em.com.br\/emfoco\/2025\/07\/30\/conheca-a-ilha-onde-casas-coloridas-e-canais-criam-um-cenario-digno-de-conto-de-fadas\/#breadcrumb","itemListElement":[{"@type":"ListItem","position":1,"name":"In\u00edcio","item":"https:\/\/www.em.com.br\/emfoco\/"},{"@type":"ListItem","position":2,"name":"Conhe\u00e7a a ilha onde casas coloridas e canais criam um cen\u00e1rio digno de conto de fadas"}]},{"@type":"WebSite","@id":"https:\/\/www.em.com.br\/emfoco\/#website","url":"https:\/\/www.em.com.br\/emfoco\/","name":"Estado de Minas - Em foco","description":"Acompanhe as \u00faltimas not\u00edcias e fique bem informado sobre tudo o que acontece em Minas Gerais, Brasil e no mundo.","potentialAction":[{"@type":"SearchAction","target":{"@type":"EntryPoint","urlTemplate":"https:\/\/www.em.com.br\/emfoco\/?s={search_term_string}"},"query-input":{"@type":"PropertyValueSpecification","valueRequired":true,"valueName":"search_term_string"}}],"inLanguage":"pt-BR"},{"@type":"Person","@id":"https:\/\/www.em.com.br\/emfoco\/#\/schema\/person\/1c9ddeab18b98abeffef834667bcf08a","name":"Gabriel Martins","image":{"@type":"ImageObject","inLanguage":"pt-BR","@id":"https:\/\/www.em.com.br\/emfoco\/#\/schema\/person\/image\/","url":"https:\/\/secure.gravatar.com\/avatar\/f0f1e2efdfd88f1ad2cb08c5c2731e50?s=96&d=mm&r=g","contentUrl":"https:\/\/secure.gravatar.com\/avatar\/f0f1e2efdfd88f1ad2cb08c5c2731e50?s=96&d=mm&r=g","caption":"Gabriel Martins"},"sameAs":["https:\/\/www.em.com.br\/emfoco\/"],"url":"https:\/\/www.em.com.br\/emfoco\/author\/gabrielmartinsmyth\/"}]}},"_links":{"self":[{"href":"https:\/\/www.em.com.br\/emfoco\/wp-json\/wp\/v2\/posts\/82643","targetHints":{"allow":["GET"]}}],"collection":[{"href":"https:\/\/www.em.com.br\/emfoco\/wp-json\/wp\/v2\/posts"}],"about":[{"href":"https:\/\/www.em.com.br\/emfoco\/wp-json\/wp\/v2\/types\/post"}],"author":[{"embeddable":true,"href":"https:\/\/www.em.com.br\/emfoco\/wp-json\/wp\/v2\/users\/13"}],"replies":[{"embeddable":true,"href":"https:\/\/www.em.com.br\/emfoco\/wp-json\/wp\/v2\/comments?post=82643"}],"version-history":[{"count":2,"href":"https:\/\/www.em.com.br\/emfoco\/wp-json\/wp\/v2\/posts\/82643\/revisions"}],"predecessor-version":[{"id":82662,"href":"https:\/\/www.em.com.br\/emfoco\/wp-json\/wp\/v2\/posts\/82643\/revisions\/82662"}],"wp:featuredmedia":[{"embeddable":true,"href":"https:\/\/www.em.com.br\/emfoco\/wp-json\/wp\/v2\/media\/75504"}],"wp:attachment":[{"href":"https:\/\/www.em.com.br\/emfoco\/wp-json\/wp\/v2\/media?parent=82643"}],"wp:term":[{"taxonomy":"category","embeddable":true,"href":"https:\/\/www.em.com.br\/emfoco\/wp-json\/wp\/v2\/categories?post=82643"},{"taxonomy":"post_tag","embeddable":true,"href":"https:\/\/www.em.com.br\/emfoco\/wp-json\/wp\/v2\/tags?post=82643"}],"curies":[{"name":"wp","href":"https:\/\/api.w.org\/{rel}","templated":true}]}}