{"id":8232,"date":"2025-01-03T20:00:00","date_gmt":"2025-01-03T23:00:00","guid":{"rendered":"https:\/\/www.em.com.br\/emfoco\/?p=8232"},"modified":"2025-01-03T01:16:56","modified_gmt":"2025-01-03T04:16:56","slug":"o-que-torna-a-fiat-strada-a-escolha-numero-um-dos-brasileiros","status":"publish","type":"post","link":"https:\/\/www.em.com.br\/emfoco\/2025\/01\/03\/o-que-torna-a-fiat-strada-a-escolha-numero-um-dos-brasileiros\/","title":{"rendered":"O que torna a Fiat Strada a escolha n\u00famero um dos brasileiros?"},"content":{"rendered":"\n<p>Nos \u00faltimos anos, o cen\u00e1rio automotivo brasileiro testemunhou um fen\u00f4meno not\u00e1vel, com a <a href=\"https:\/\/www.fiat.com.br\/\" target=\"_blank\" rel=\"noreferrer noopener\">Fiat <\/a>Strada solidificando sua posi\u00e7\u00e3o como l\u00edder de <a href=\"https:\/\/www.em.com.br\/emfoco\/2024\/12\/30\/comunicado-para-todos-que-informam-o-cpf-ao-comprar-em-supermercados-entenda\/\" target=\"_blank\" rel=\"noreferrer noopener\">mercado<\/a>. Desde 2021, a famosa picape tem se destacado nas vendas, alcan\u00e7ando o primeiro lugar por quatro anos consecutivos. A intensidade da competi\u00e7\u00e3o, particularmente com o Volkswagen Polo, \u00e9 um testemunho do apelo que a Strada tem para os consumidores nacionais.<\/p>\n\n\n\n<p>Em 2024, a Fiat Strada estabeleceu seu tetracampeonato ap\u00f3s vender impressionantes 144,7 mil unidades. Esta conquista veio em grande parte devido \u00e0 sua popularidade crescente e \u00e0 confian\u00e7a cont\u00ednua dos consumidores na marca Fiat. A disputa acirrada com o Volkswagen Polo, que emergiu como o carro de passeio mais vendido, adicionou um elemento significativo ao mercado automobil\u00edstico nacional.<\/p>\n\n\n\n<h2 class=\"wp-block-heading\">Quem s\u00e3o os concorrentes da Fiat Strada?<\/h2>\n\n\n\n<p>A competi\u00e7\u00e3o no setor automotivo brasileiro \u00e9 feroz, e o ano de 2024 n\u00e3o foi exce\u00e7\u00e3o. Entre os modelos de destaque, o Volkswagen Polo se destacou, com vendas superiores a 140 mil unidades, posicionando-se como o principal oponente da Strada. Outros ve\u00edculos not\u00e1veis na lista incluem o Chevrolet Onix, que, apesar de uma ligeira queda nas vendas, ainda se manteve relevante com 97,5 mil unidades comercializadas.<\/p>\n\n\n\n<p>O Hyundai HB20 mostrou resili\u00eancia e conquistou o quarto lugar no ranking geral, com um aumento consider\u00e1vel em suas vendas em rela\u00e7\u00e3o ao ano anterior. J\u00e1 o Fiat Argo, fechou o top cinco com 91,1 mil vendas, demonstrando a for\u00e7a das marcas locais no mercado.<\/p>\n\n\n\n<h2 class=\"wp-block-heading\">O que impulsiona as vendas da Fiat Strada?<\/h2>\n\n\n\n<p>Diversos fatores contribuem para o sucesso cont\u00ednuo da Fiat Strada no Brasil. Primeiramente, destaca-se a versatilidade da picape, que atende tanto consumidores urbanos quanto aqueles que necessitam de um ve\u00edculo robusto para o trabalho. Al\u00e9m disso, seu design atualizado e as cont\u00ednuas melhorias tecnol\u00f3gicas tornaram-na atrativa para uma ampla gama de compradores.<\/p>\n\n\n<div class=\"wp-block-image\">\n<figure class=\"aligncenter size-large\"><img loading=\"lazy\" decoding=\"async\" width=\"1024\" height=\"570\" src=\"https:\/\/www.em.com.br\/emfoco\/wp-content\/uploads\/2024\/12\/Fiat-Strada-1024x570.jpg\" alt=\"\" class=\"wp-image-3348\" srcset=\"https:\/\/www.em.com.br\/emfoco\/wp-content\/uploads\/2024\/12\/Fiat-Strada-1024x570.jpg 1024w, https:\/\/www.em.com.br\/emfoco\/wp-content\/uploads\/2024\/12\/Fiat-Strada-300x167.jpg 300w, https:\/\/www.em.com.br\/emfoco\/wp-content\/uploads\/2024\/12\/Fiat-Strada-768x428.jpg 768w, https:\/\/www.em.com.br\/emfoco\/wp-content\/uploads\/2024\/12\/Fiat-Strada-750x418.jpg 750w, https:\/\/www.em.com.br\/emfoco\/wp-content\/uploads\/2024\/12\/Fiat-Strada-1140x635.jpg 1140w, https:\/\/www.em.com.br\/emfoco\/wp-content\/uploads\/2024\/12\/Fiat-Strada.jpg 1200w\" sizes=\"auto, (max-width: 1024px) 100vw, 1024px\" \/><figcaption class=\"wp-element-caption\">Strada &#8211; Divulga\u00e7\u00e3o\/Fiat<\/figcaption><\/figure><\/div>\n\n\n<p>Outro ponto importante \u00e9 a forte presen\u00e7a da Fiat no mercado brasileiro, com uma rede de concession\u00e1rias bem estabelecida e um servi\u00e7o de p\u00f3s-venda eficiente. Essas vantagens log\u00edsticas t\u00eam sido fundamentais para manter e expandir a base de clientes da marca.<\/p>\n\n\n\n<h2 class=\"wp-block-heading\">Quais s\u00e3o as tend\u00eancias para o futuro do mercado automotivo?<\/h2>\n\n\n\n<p>Olhando para o futuro, \u00e9 poss\u00edvel prever algumas tend\u00eancias que poder\u00e3o moldar o mercado automotivo no Brasil. A crescente demanda por SUVs, como evidenciado pelo desempenho do Volkswagen T-Cross e do Hyundai Creta, indica uma prefer\u00eancia do consumidor por ve\u00edculos que oferecem mais espa\u00e7o e maior altura do solo. Ao mesmo tempo, a eletrifica\u00e7\u00e3o dos carros, embora ainda em fase inicial, deve ganhar impulso nos pr\u00f3ximos anos.<\/p>\n\n\n\n<p>Para a Fiat Strada, manter a inova\u00e7\u00e3o e adaptabilidade ser\u00e1 crucial para continuar dominando as vendas. A poss\u00edvel introdu\u00e7\u00e3o de vers\u00f5es eletrificadas ou h\u00edbridas pode ser um movimento estrat\u00e9gico para manter competitividade frente a um mercado em r\u00e1pida transforma\u00e7\u00e3o.<\/p>\n\n\n\n<h2 class=\"wp-block-heading\">Tend\u00eancias e Implica\u00e7\u00f5es da Eletrifica\u00e7\u00e3o Automotiva<\/h2>\n\n\n\n<p>Antecipando uma transi\u00e7\u00e3o global para ve\u00edculos mais sustent\u00e1veis, as montadoras no Brasil enfrentam o desafio de adaptar suas ofertas \u00e0 realidade el\u00e9trica. A conscientiza\u00e7\u00e3o crescente sobre quest\u00f5es ambientais est\u00e1 gradualmente influenciando as prefer\u00eancias dos consumidores, e a Fiat, junto com outras marcas, dever\u00e1 investir em tecnologias que viabilizem a eletrifica\u00e7\u00e3o acess\u00edvel de seus modelos.<\/p>\n\n\n\n<p>Considerando essas tend\u00eancias, o sucesso cont\u00ednuo do Fiat Strada no mercado nacional depender\u00e1 de sua capacidade de inova\u00e7\u00e3o para se manter \u00e0 frente dos concorrentes. As futuras estrat\u00e9gias de produ\u00e7\u00e3o e marketing da marca precisar\u00e3o harmonizar qualidade e sustentabilidade, oferecendo aos consumidores n\u00e3o apenas um produto robusto, mas tamb\u00e9m ambientalmente respons\u00e1vel.<\/p>\n","protected":false},"excerpt":{"rendered":"<p>Nos \u00faltimos anos, o cen\u00e1rio automotivo brasileiro testemunhou um fen\u00f4meno not\u00e1vel, com a Fiat Strada solidificando sua posi\u00e7\u00e3o como l\u00edder de mercado. Desde 2021, a famosa picape tem se destacado nas vendas, alcan\u00e7ando o primeiro lugar por quatro anos consecutivos. A intensidade da competi\u00e7\u00e3o, particularmente com o Volkswagen Polo, \u00e9 um testemunho do apelo que [&hellip;]<\/p>\n","protected":false},"author":7,"featured_media":3233,"comment_status":"open","ping_status":"open","sticky":false,"template":"","format":"standard","meta":{"jnews-multi-image_gallery":[],"jnews_single_post":{"format":"standard"},"jnews_primary_category":[],"jnews_social_meta":[],"jnews_override_counter":[],"footnotes":""},"categories":[27],"tags":[2862,2860,1529,2861,534],"class_list":["post-8232","post","type-post","status-publish","format-standard","has-post-thumbnail","hentry","category-carros","tag-eletrificacao-automotiva","tag-fiat-strada","tag-mercado-automotivo","tag-picapes","tag-veiculos"],"yoast_head":"<!-- This site is optimized with the Yoast SEO plugin v23.8 - https:\/\/yoast.com\/wordpress\/plugins\/seo\/ -->\n<title>O que torna a Fiat Strada a escolha n\u00famero um dos brasileiros? - Estado de Minas - Em foco<\/title>\n<meta name=\"description\" content=\"A domina\u00e7\u00e3o da Fiat Strada no mercado automotivo brasileiro e suas estrat\u00e9gias para manter o sucesso frente \u00e0 eletrifica\u00e7\u00e3o automotiva.\" \/>\n<meta name=\"robots\" content=\"index, follow, max-snippet:-1, max-image-preview:large, max-video-preview:-1\" \/>\n<link rel=\"canonical\" href=\"https:\/\/www.em.com.br\/emfoco\/2025\/01\/03\/o-que-torna-a-fiat-strada-a-escolha-numero-um-dos-brasileiros\/\" \/>\n<meta property=\"og:locale\" content=\"pt_BR\" \/>\n<meta property=\"og:type\" content=\"article\" \/>\n<meta property=\"og:title\" content=\"O que torna a Fiat Strada a escolha n\u00famero um dos brasileiros? - Estado de Minas - Em foco\" \/>\n<meta property=\"og:description\" content=\"A domina\u00e7\u00e3o da Fiat Strada no mercado automotivo brasileiro e suas estrat\u00e9gias para manter o sucesso frente \u00e0 eletrifica\u00e7\u00e3o automotiva.\" \/>\n<meta property=\"og:url\" content=\"https:\/\/www.em.com.br\/emfoco\/2025\/01\/03\/o-que-torna-a-fiat-strada-a-escolha-numero-um-dos-brasileiros\/\" \/>\n<meta property=\"og:site_name\" content=\"Estado de Minas - Em foco\" \/>\n<meta property=\"article:published_time\" content=\"2025-01-03T23:00:00+00:00\" \/>\n<meta property=\"article:modified_time\" content=\"2025-01-03T04:16:56+00:00\" \/>\n<meta property=\"og:image\" content=\"https:\/\/www.em.com.br\/emfoco\/wp-content\/uploads\/2024\/12\/Carros_1733336648259.jpg\" \/>\n\t<meta property=\"og:image:width\" content=\"1280\" \/>\n\t<meta property=\"og:image:height\" content=\"720\" \/>\n\t<meta property=\"og:image:type\" content=\"image\/jpeg\" \/>\n<meta name=\"author\" content=\"Kelvin\" \/>\n<meta name=\"twitter:card\" content=\"summary_large_image\" \/>\n<meta name=\"twitter:label1\" content=\"Escrito por\" \/>\n\t<meta name=\"twitter:data1\" content=\"Kelvin\" \/>\n\t<meta name=\"twitter:label2\" content=\"Est. tempo de leitura\" \/>\n\t<meta name=\"twitter:data2\" content=\"4 minutos\" \/>\n<!-- \/ Yoast SEO plugin. -->","yoast_head_json":{"title":"O que torna a Fiat Strada a escolha n\u00famero um dos brasileiros? - Estado de Minas - Em foco","description":"A domina\u00e7\u00e3o da Fiat Strada no mercado automotivo brasileiro e suas estrat\u00e9gias para manter o sucesso frente \u00e0 eletrifica\u00e7\u00e3o automotiva.","robots":{"index":"index","follow":"follow","max-snippet":"max-snippet:-1","max-image-preview":"max-image-preview:large","max-video-preview":"max-video-preview:-1"},"canonical":"https:\/\/www.em.com.br\/emfoco\/2025\/01\/03\/o-que-torna-a-fiat-strada-a-escolha-numero-um-dos-brasileiros\/","og_locale":"pt_BR","og_type":"article","og_title":"O que torna a Fiat Strada a escolha n\u00famero um dos brasileiros? - Estado de Minas - Em foco","og_description":"A domina\u00e7\u00e3o da Fiat Strada no mercado automotivo brasileiro e suas estrat\u00e9gias para manter o sucesso frente \u00e0 eletrifica\u00e7\u00e3o automotiva.","og_url":"https:\/\/www.em.com.br\/emfoco\/2025\/01\/03\/o-que-torna-a-fiat-strada-a-escolha-numero-um-dos-brasileiros\/","og_site_name":"Estado de Minas - Em foco","article_published_time":"2025-01-03T23:00:00+00:00","article_modified_time":"2025-01-03T04:16:56+00:00","og_image":[{"width":1280,"height":720,"url":"https:\/\/www.em.com.br\/emfoco\/wp-content\/uploads\/2024\/12\/Carros_1733336648259.jpg","type":"image\/jpeg"}],"author":"Kelvin","twitter_card":"summary_large_image","twitter_misc":{"Escrito por":"Kelvin","Est. tempo de leitura":"4 minutos"},"schema":{"@context":"https:\/\/schema.org","@graph":[{"@type":"WebPage","@id":"https:\/\/www.em.com.br\/emfoco\/2025\/01\/03\/o-que-torna-a-fiat-strada-a-escolha-numero-um-dos-brasileiros\/","url":"https:\/\/www.em.com.br\/emfoco\/2025\/01\/03\/o-que-torna-a-fiat-strada-a-escolha-numero-um-dos-brasileiros\/","name":"O que torna a Fiat Strada a escolha n\u00famero um dos brasileiros? - Estado de Minas - Em foco","isPartOf":{"@id":"https:\/\/www.em.com.br\/emfoco\/#website"},"primaryImageOfPage":{"@id":"https:\/\/www.em.com.br\/emfoco\/2025\/01\/03\/o-que-torna-a-fiat-strada-a-escolha-numero-um-dos-brasileiros\/#primaryimage"},"image":{"@id":"https:\/\/www.em.com.br\/emfoco\/2025\/01\/03\/o-que-torna-a-fiat-strada-a-escolha-numero-um-dos-brasileiros\/#primaryimage"},"thumbnailUrl":"https:\/\/www.em.com.br\/emfoco\/wp-content\/uploads\/2024\/12\/Carros_1733336648259.jpg","datePublished":"2025-01-03T23:00:00+00:00","dateModified":"2025-01-03T04:16:56+00:00","author":{"@id":"https:\/\/www.em.com.br\/emfoco\/#\/schema\/person\/fb0a7f48c6fbb94b83f413a80f61917d"},"description":"A domina\u00e7\u00e3o da Fiat Strada no mercado automotivo brasileiro e suas estrat\u00e9gias para manter o sucesso frente \u00e0 eletrifica\u00e7\u00e3o automotiva.","breadcrumb":{"@id":"https:\/\/www.em.com.br\/emfoco\/2025\/01\/03\/o-que-torna-a-fiat-strada-a-escolha-numero-um-dos-brasileiros\/#breadcrumb"},"inLanguage":"pt-BR","potentialAction":[{"@type":"ReadAction","target":["https:\/\/www.em.com.br\/emfoco\/2025\/01\/03\/o-que-torna-a-fiat-strada-a-escolha-numero-um-dos-brasileiros\/"]}]},{"@type":"ImageObject","inLanguage":"pt-BR","@id":"https:\/\/www.em.com.br\/emfoco\/2025\/01\/03\/o-que-torna-a-fiat-strada-a-escolha-numero-um-dos-brasileiros\/#primaryimage","url":"https:\/\/www.em.com.br\/emfoco\/wp-content\/uploads\/2024\/12\/Carros_1733336648259.jpg","contentUrl":"https:\/\/www.em.com.br\/emfoco\/wp-content\/uploads\/2024\/12\/Carros_1733336648259.jpg","width":1280,"height":720,"caption":"Alugando seu Carro - Cr\u00e9ditos: depositphotos.com \/ VitalikRadko"},{"@type":"BreadcrumbList","@id":"https:\/\/www.em.com.br\/emfoco\/2025\/01\/03\/o-que-torna-a-fiat-strada-a-escolha-numero-um-dos-brasileiros\/#breadcrumb","itemListElement":[{"@type":"ListItem","position":1,"name":"In\u00edcio","item":"https:\/\/www.em.com.br\/emfoco\/"},{"@type":"ListItem","position":2,"name":"O que torna a Fiat Strada a escolha n\u00famero um dos brasileiros?"}]},{"@type":"WebSite","@id":"https:\/\/www.em.com.br\/emfoco\/#website","url":"https:\/\/www.em.com.br\/emfoco\/","name":"Estado de Minas - Em foco","description":"Acompanhe as \u00faltimas not\u00edcias e fique bem informado sobre tudo o que acontece em Minas Gerais, Brasil e no mundo.","potentialAction":[{"@type":"SearchAction","target":{"@type":"EntryPoint","urlTemplate":"https:\/\/www.em.com.br\/emfoco\/?s={search_term_string}"},"query-input":{"@type":"PropertyValueSpecification","valueRequired":true,"valueName":"search_term_string"}}],"inLanguage":"pt-BR"},{"@type":"Person","@id":"https:\/\/www.em.com.br\/emfoco\/#\/schema\/person\/fb0a7f48c6fbb94b83f413a80f61917d","name":"Kelvin","image":{"@type":"ImageObject","inLanguage":"pt-BR","@id":"https:\/\/www.em.com.br\/emfoco\/#\/schema\/person\/image\/","url":"https:\/\/secure.gravatar.com\/avatar\/e74f84337e6bf6c4c5e88fbdffa05270?s=96&d=mm&r=g","contentUrl":"https:\/\/secure.gravatar.com\/avatar\/e74f84337e6bf6c4c5e88fbdffa05270?s=96&d=mm&r=g","caption":"Kelvin"},"sameAs":["https:\/\/www.em.com.br\/emfoco"],"url":"https:\/\/www.em.com.br\/emfoco\/author\/kelvinmyth\/"}]}},"_links":{"self":[{"href":"https:\/\/www.em.com.br\/emfoco\/wp-json\/wp\/v2\/posts\/8232","targetHints":{"allow":["GET"]}}],"collection":[{"href":"https:\/\/www.em.com.br\/emfoco\/wp-json\/wp\/v2\/posts"}],"about":[{"href":"https:\/\/www.em.com.br\/emfoco\/wp-json\/wp\/v2\/types\/post"}],"author":[{"embeddable":true,"href":"https:\/\/www.em.com.br\/emfoco\/wp-json\/wp\/v2\/users\/7"}],"replies":[{"embeddable":true,"href":"https:\/\/www.em.com.br\/emfoco\/wp-json\/wp\/v2\/comments?post=8232"}],"version-history":[{"count":2,"href":"https:\/\/www.em.com.br\/emfoco\/wp-json\/wp\/v2\/posts\/8232\/revisions"}],"predecessor-version":[{"id":8235,"href":"https:\/\/www.em.com.br\/emfoco\/wp-json\/wp\/v2\/posts\/8232\/revisions\/8235"}],"wp:featuredmedia":[{"embeddable":true,"href":"https:\/\/www.em.com.br\/emfoco\/wp-json\/wp\/v2\/media\/3233"}],"wp:attachment":[{"href":"https:\/\/www.em.com.br\/emfoco\/wp-json\/wp\/v2\/media?parent=8232"}],"wp:term":[{"taxonomy":"category","embeddable":true,"href":"https:\/\/www.em.com.br\/emfoco\/wp-json\/wp\/v2\/categories?post=8232"},{"taxonomy":"post_tag","embeddable":true,"href":"https:\/\/www.em.com.br\/emfoco\/wp-json\/wp\/v2\/tags?post=8232"}],"curies":[{"name":"wp","href":"https:\/\/api.w.org\/{rel}","templated":true}]}}