{"id":82295,"date":"2025-07-28T17:10:00","date_gmt":"2025-07-28T20:10:00","guid":{"rendered":"https:\/\/www.em.com.br\/emfoco\/?p=82295"},"modified":"2025-07-27T23:56:43","modified_gmt":"2025-07-28T02:56:43","slug":"a-cor-da-sua-urina-e-quem-vai-indicar-se-voce-esta-bebendo-agua-o-suficiente-nutricionista-matheus-davila-mostra-3-exemplos","status":"publish","type":"post","link":"https:\/\/www.em.com.br\/emfoco\/2025\/07\/28\/a-cor-da-sua-urina-e-quem-vai-indicar-se-voce-esta-bebendo-agua-o-suficiente-nutricionista-matheus-davila-mostra-3-exemplos\/","title":{"rendered":"\u201cA cor da sua urina \u00e9 quem vai indicar se voc\u00ea est\u00e1 bebendo \u00e1gua o suficiente\u201d; Nutricionista Matheus D\u2019Avila mostra 3 exemplos"},"content":{"rendered":"\n<p>A cor da urina \u00e9 um dos sinais mais simples e eficazes para avaliar se voc\u00ea est\u00e1 bebendo \u00e1gua na quantidade certa. O nutricionista <strong>Matheus D\u2019Avila<\/strong>, conhecido por suas orienta\u00e7\u00f5es diretas sobre emagrecimento e sa\u00fade, explica que tanto o excesso quanto a falta de \u00e1gua podem causar problemas no organismo.<\/p>\n\n\n\n<p>De acordo com ele, uma urina completamente transparente pode indicar que voc\u00ea est\u00e1 bebendo \u00e1gua em excesso, o que leva \u00e0 elimina\u00e7\u00e3o de eletr\u00f3litos essenciais, como s\u00f3dio e pot\u00e1ssio. Por outro lado, uma urina muito escura, lembrando a cor de uma tangerina, \u00e9 sinal de desidrata\u00e7\u00e3o e necessidade de aumentar a ingest\u00e3o de l\u00edquidos.<\/p>\n\n\n\n<h3 class=\"wp-block-heading\">Como identificar o n\u00edvel ideal de hidrata\u00e7\u00e3o?<\/h3>\n\n\n\n<p>&#8220;O ideal \u00e9 que a urina tenha uma cor levemente amarelada, nem muito escura e nem transparente demais. Isso mostra que voc\u00ea est\u00e1 hidratado e com os eletr\u00f3litos equilibrados&#8221;, afirma Matheus D\u2019Avila. Essa an\u00e1lise pode ser feita diariamente, sendo uma forma pr\u00e1tica de monitorar a sa\u00fade.<\/p>\n\n\n\n<p>Vale lembrar que a cor da urina pode variar tamb\u00e9m por outros fatores, como uso de suplementos (por exemplo, vitaminas do complexo B), medicamentos ou at\u00e9 a ingest\u00e3o de alguns alimentos. Por isso, \u00e9 importante observar se a altera\u00e7\u00e3o na cor \u00e9 frequente ou pontual.<\/p>\n\n\n\n<h3 class=\"wp-block-heading\">Por que a hidrata\u00e7\u00e3o correta \u00e9 t\u00e3o importante?<\/h3>\n\n\n\n<p>A \u00e1gua participa de processos vitais, como a regula\u00e7\u00e3o da temperatura corporal, transporte de nutrientes, funcionamento dos rins e elimina\u00e7\u00e3o de toxinas. Segundo recomenda\u00e7\u00f5es da Organiza\u00e7\u00e3o Mundial da Sa\u00fade (OMS), a ingest\u00e3o de l\u00edquidos deve ser ajustada conforme fatores como peso corporal, n\u00edvel de atividade f\u00edsica, temperatura ambiente e alimenta\u00e7\u00e3o.<\/p>\n\n\n<div class=\"wp-block-image\">\n<figure class=\"aligncenter size-large\"><img loading=\"lazy\" decoding=\"async\" width=\"1024\" height=\"576\" src=\"https:\/\/www.em.com.br\/emfoco\/wp-content\/uploads\/2025\/07\/hidratacao-_1753659464504-1024x576.jpg\" alt=\"\" class=\"wp-image-82339\" srcset=\"https:\/\/www.em.com.br\/emfoco\/wp-content\/uploads\/2025\/07\/hidratacao-_1753659464504-1024x576.jpg 1024w, https:\/\/www.em.com.br\/emfoco\/wp-content\/uploads\/2025\/07\/hidratacao-_1753659464504-300x169.jpg 300w, https:\/\/www.em.com.br\/emfoco\/wp-content\/uploads\/2025\/07\/hidratacao-_1753659464504-768x432.jpg 768w, https:\/\/www.em.com.br\/emfoco\/wp-content\/uploads\/2025\/07\/hidratacao-_1753659464504-750x422.jpg 750w, https:\/\/www.em.com.br\/emfoco\/wp-content\/uploads\/2025\/07\/hidratacao-_1753659464504-1140x641.jpg 1140w, https:\/\/www.em.com.br\/emfoco\/wp-content\/uploads\/2025\/07\/hidratacao-_1753659464504.jpg 1280w\" sizes=\"auto, (max-width: 1024px) 100vw, 1024px\" \/><figcaption class=\"wp-element-caption\">Servindo copo com \u00e1gua &#8211; Cr\u00e9ditos: depositphotos.com \/ AntonMatyukha<\/figcaption><\/figure><\/div>\n\n\n<p>A desidrata\u00e7\u00e3o pode causar sintomas como fadiga, dor de cabe\u00e7a, tontura e at\u00e9 dificuldade de concentra\u00e7\u00e3o. J\u00e1 a ingest\u00e3o exagerada de \u00e1gua, conhecida como hiponatremia, pode causar queda nos n\u00edveis de s\u00f3dio no sangue, levando a problemas como fraqueza muscular e confus\u00e3o mental.<\/p>\n\n\n\n<h3 class=\"wp-block-heading\">Estrat\u00e9gias para manter a hidrata\u00e7\u00e3o equilibrada<\/h3>\n\n\n\n<ul class=\"wp-block-list\">\n<li><strong>Beba \u00e1gua ao longo do dia<\/strong>, e n\u00e3o apenas quando sentir sede.<\/li>\n\n\n\n<li><strong>Observe a cor da urina<\/strong> como um indicador pr\u00e1tico de hidrata\u00e7\u00e3o.<\/li>\n\n\n\n<li><strong>Aumente o consumo de \u00e1gua<\/strong> em dias quentes, ao praticar atividades f\u00edsicas ou ao consumir alimentos muito salgados.<\/li>\n\n\n\n<li><strong>Evite exageros<\/strong>, principalmente em curtos per\u00edodos, para n\u00e3o sobrecarregar os rins.<\/li>\n\n\n\n<li><strong>Inclua alimentos ricos em \u00e1gua<\/strong>, como frutas e verduras, na sua dieta.<\/li>\n<\/ul>\n\n\n\n<h3 class=\"wp-block-heading\">Quando \u00e9 preciso buscar orienta\u00e7\u00e3o m\u00e9dica?<\/h3>\n\n\n\n<p>Se a urina apresentar colora\u00e7\u00f5es incomuns (vermelha, marrom ou com espuma persistente), \u00e9 importante procurar atendimento m\u00e9dico, pois pode indicar condi\u00e7\u00f5es como infec\u00e7\u00f5es urin\u00e1rias, presen\u00e7a de sangue ou problemas renais.<\/p>\n\n\n\n<h3 class=\"wp-block-heading\">Fontes confi\u00e1veis sobre hidrata\u00e7\u00e3o e sa\u00fade renal<\/h3>\n\n\n\n<ul class=\"wp-block-list\">\n<li>Sociedade Brasileira de Nefrologia:<br><a href=\"https:\/\/www.sbn.org.br\/\" target=\"_blank\" rel=\"noreferrer noopener\">https:\/\/www.sbn.org.br\/<\/a><\/li>\n\n\n\n<li>Organiza\u00e7\u00e3o Mundial da Sa\u00fade \u2013 Water, Sanitation and Health:<br><a href=\"https:\/\/www.who.int\/teams\/environment-climate-change-and-health\/water-sanitation-and-health\" target=\"_blank\" rel=\"noreferrer noopener\">https:\/\/www.who.int\/teams\/environment-climate-change-and-health\/water-sanitation-and-health<\/a><\/li>\n<\/ul>\n","protected":false},"excerpt":{"rendered":"<p>A cor da urina \u00e9 um dos sinais mais simples e eficazes para avaliar se voc\u00ea est\u00e1 bebendo \u00e1gua na quantidade certa. O nutricionista Matheus D\u2019Avila, conhecido por suas orienta\u00e7\u00f5es diretas sobre emagrecimento e sa\u00fade, explica que tanto o excesso quanto a falta de \u00e1gua podem causar problemas no organismo. De acordo com ele, uma [&hellip;]<\/p>\n","protected":false},"author":17,"featured_media":82356,"comment_status":"open","ping_status":"open","sticky":false,"template":"","format":"standard","meta":{"jnews-multi-image_gallery":[],"jnews_single_post":{"format":"standard"},"jnews_primary_category":[],"jnews_social_meta":[],"jnews_override_counter":[],"footnotes":""},"categories":[9053],"tags":[4961,3509,327,415],"class_list":["post-82295","post","type-post","status-publish","format-standard","has-post-thumbnail","hentry","category-saude","tag-metabolismo","tag-nutricao","tag-qualidade-de-vida","tag-saude"],"yoast_head":"<!-- This site is optimized with the Yoast SEO plugin v23.8 - https:\/\/yoast.com\/wordpress\/plugins\/seo\/ -->\n<title>\u201cA cor da sua urina \u00e9 quem vai indicar se voc\u00ea est\u00e1 bebendo \u00e1gua o suficiente\u201d; Nutricionista Matheus D\u2019Avila mostra 3 exemplos - Estado de Minas - Em foco<\/title>\n<meta name=\"description\" content=\"Matheus D\u2019Avila explica como a cor da urina revela seu n\u00edvel de hidrata\u00e7\u00e3o e ensina a quantidade ideal de \u00e1gua para manter o corpo equilibrado.\" \/>\n<meta name=\"robots\" content=\"index, follow, max-snippet:-1, max-image-preview:large, max-video-preview:-1\" \/>\n<link rel=\"canonical\" href=\"https:\/\/www.em.com.br\/emfoco\/2025\/07\/28\/a-cor-da-sua-urina-e-quem-vai-indicar-se-voce-esta-bebendo-agua-o-suficiente-nutricionista-matheus-davila-mostra-3-exemplos\/\" \/>\n<meta property=\"og:locale\" content=\"pt_BR\" \/>\n<meta property=\"og:type\" content=\"article\" \/>\n<meta property=\"og:title\" content=\"\u201cA cor da sua urina \u00e9 quem vai indicar se voc\u00ea est\u00e1 bebendo \u00e1gua o suficiente\u201d; Nutricionista Matheus D\u2019Avila mostra 3 exemplos - Estado de Minas - Em foco\" \/>\n<meta property=\"og:description\" content=\"Matheus D\u2019Avila explica como a cor da urina revela seu n\u00edvel de hidrata\u00e7\u00e3o e ensina a quantidade ideal de \u00e1gua para manter o corpo equilibrado.\" \/>\n<meta property=\"og:url\" content=\"https:\/\/www.em.com.br\/emfoco\/2025\/07\/28\/a-cor-da-sua-urina-e-quem-vai-indicar-se-voce-esta-bebendo-agua-o-suficiente-nutricionista-matheus-davila-mostra-3-exemplos\/\" \/>\n<meta property=\"og:site_name\" content=\"Estado de Minas - Em foco\" \/>\n<meta property=\"article:published_time\" content=\"2025-07-28T20:10:00+00:00\" \/>\n<meta property=\"article:modified_time\" content=\"2025-07-28T02:56:43+00:00\" \/>\n<meta property=\"og:image\" content=\"https:\/\/www.em.com.br\/emfoco\/wp-content\/uploads\/2025\/07\/xixi_1753660284920.jpg\" \/>\n\t<meta property=\"og:image:width\" content=\"1280\" \/>\n\t<meta property=\"og:image:height\" content=\"720\" \/>\n\t<meta property=\"og:image:type\" content=\"image\/jpeg\" \/>\n<meta name=\"author\" content=\"Lucas Sampaio\" \/>\n<meta name=\"twitter:card\" content=\"summary_large_image\" \/>\n<meta name=\"twitter:label1\" content=\"Escrito por\" \/>\n\t<meta name=\"twitter:data1\" content=\"Lucas Sampaio\" \/>\n\t<meta name=\"twitter:label2\" content=\"Est. tempo de leitura\" \/>\n\t<meta name=\"twitter:data2\" content=\"3 minutos\" \/>\n<!-- \/ Yoast SEO plugin. -->","yoast_head_json":{"title":"\u201cA cor da sua urina \u00e9 quem vai indicar se voc\u00ea est\u00e1 bebendo \u00e1gua o suficiente\u201d; Nutricionista Matheus D\u2019Avila mostra 3 exemplos - Estado de Minas - Em foco","description":"Matheus D\u2019Avila explica como a cor da urina revela seu n\u00edvel de hidrata\u00e7\u00e3o e ensina a quantidade ideal de \u00e1gua para manter o corpo equilibrado.","robots":{"index":"index","follow":"follow","max-snippet":"max-snippet:-1","max-image-preview":"max-image-preview:large","max-video-preview":"max-video-preview:-1"},"canonical":"https:\/\/www.em.com.br\/emfoco\/2025\/07\/28\/a-cor-da-sua-urina-e-quem-vai-indicar-se-voce-esta-bebendo-agua-o-suficiente-nutricionista-matheus-davila-mostra-3-exemplos\/","og_locale":"pt_BR","og_type":"article","og_title":"\u201cA cor da sua urina \u00e9 quem vai indicar se voc\u00ea est\u00e1 bebendo \u00e1gua o suficiente\u201d; Nutricionista Matheus D\u2019Avila mostra 3 exemplos - Estado de Minas - Em foco","og_description":"Matheus D\u2019Avila explica como a cor da urina revela seu n\u00edvel de hidrata\u00e7\u00e3o e ensina a quantidade ideal de \u00e1gua para manter o corpo equilibrado.","og_url":"https:\/\/www.em.com.br\/emfoco\/2025\/07\/28\/a-cor-da-sua-urina-e-quem-vai-indicar-se-voce-esta-bebendo-agua-o-suficiente-nutricionista-matheus-davila-mostra-3-exemplos\/","og_site_name":"Estado de Minas - Em foco","article_published_time":"2025-07-28T20:10:00+00:00","article_modified_time":"2025-07-28T02:56:43+00:00","og_image":[{"width":1280,"height":720,"url":"https:\/\/www.em.com.br\/emfoco\/wp-content\/uploads\/2025\/07\/xixi_1753660284920.jpg","type":"image\/jpeg"}],"author":"Lucas Sampaio","twitter_card":"summary_large_image","twitter_misc":{"Escrito por":"Lucas Sampaio","Est. tempo de leitura":"3 minutos"},"schema":{"@context":"https:\/\/schema.org","@graph":[{"@type":"WebPage","@id":"https:\/\/www.em.com.br\/emfoco\/2025\/07\/28\/a-cor-da-sua-urina-e-quem-vai-indicar-se-voce-esta-bebendo-agua-o-suficiente-nutricionista-matheus-davila-mostra-3-exemplos\/","url":"https:\/\/www.em.com.br\/emfoco\/2025\/07\/28\/a-cor-da-sua-urina-e-quem-vai-indicar-se-voce-esta-bebendo-agua-o-suficiente-nutricionista-matheus-davila-mostra-3-exemplos\/","name":"\u201cA cor da sua urina \u00e9 quem vai indicar se voc\u00ea est\u00e1 bebendo \u00e1gua o suficiente\u201d; Nutricionista Matheus D\u2019Avila mostra 3 exemplos - Estado de Minas - Em foco","isPartOf":{"@id":"https:\/\/www.em.com.br\/emfoco\/#website"},"primaryImageOfPage":{"@id":"https:\/\/www.em.com.br\/emfoco\/2025\/07\/28\/a-cor-da-sua-urina-e-quem-vai-indicar-se-voce-esta-bebendo-agua-o-suficiente-nutricionista-matheus-davila-mostra-3-exemplos\/#primaryimage"},"image":{"@id":"https:\/\/www.em.com.br\/emfoco\/2025\/07\/28\/a-cor-da-sua-urina-e-quem-vai-indicar-se-voce-esta-bebendo-agua-o-suficiente-nutricionista-matheus-davila-mostra-3-exemplos\/#primaryimage"},"thumbnailUrl":"https:\/\/www.em.com.br\/emfoco\/wp-content\/uploads\/2025\/07\/xixi_1753660284920.jpg","datePublished":"2025-07-28T20:10:00+00:00","dateModified":"2025-07-28T02:56:43+00:00","author":{"@id":"https:\/\/www.em.com.br\/emfoco\/#\/schema\/person\/9ad4c536bd87f5bb8006420332b99aef"},"description":"Matheus D\u2019Avila explica como a cor da urina revela seu n\u00edvel de hidrata\u00e7\u00e3o e ensina a quantidade ideal de \u00e1gua para manter o corpo equilibrado.","breadcrumb":{"@id":"https:\/\/www.em.com.br\/emfoco\/2025\/07\/28\/a-cor-da-sua-urina-e-quem-vai-indicar-se-voce-esta-bebendo-agua-o-suficiente-nutricionista-matheus-davila-mostra-3-exemplos\/#breadcrumb"},"inLanguage":"pt-BR","potentialAction":[{"@type":"ReadAction","target":["https:\/\/www.em.com.br\/emfoco\/2025\/07\/28\/a-cor-da-sua-urina-e-quem-vai-indicar-se-voce-esta-bebendo-agua-o-suficiente-nutricionista-matheus-davila-mostra-3-exemplos\/"]}]},{"@type":"ImageObject","inLanguage":"pt-BR","@id":"https:\/\/www.em.com.br\/emfoco\/2025\/07\/28\/a-cor-da-sua-urina-e-quem-vai-indicar-se-voce-esta-bebendo-agua-o-suficiente-nutricionista-matheus-davila-mostra-3-exemplos\/#primaryimage","url":"https:\/\/www.em.com.br\/emfoco\/wp-content\/uploads\/2025\/07\/xixi_1753660284920.jpg","contentUrl":"https:\/\/www.em.com.br\/emfoco\/wp-content\/uploads\/2025\/07\/xixi_1753660284920.jpg","width":1280,"height":720,"caption":"M\u00e9dico segurando exame de urina - Cr\u00e9ditos: depositphotos.com \/ Vonschonertagen"},{"@type":"BreadcrumbList","@id":"https:\/\/www.em.com.br\/emfoco\/2025\/07\/28\/a-cor-da-sua-urina-e-quem-vai-indicar-se-voce-esta-bebendo-agua-o-suficiente-nutricionista-matheus-davila-mostra-3-exemplos\/#breadcrumb","itemListElement":[{"@type":"ListItem","position":1,"name":"In\u00edcio","item":"https:\/\/www.em.com.br\/emfoco\/"},{"@type":"ListItem","position":2,"name":"\u201cA cor da sua urina \u00e9 quem vai indicar se voc\u00ea est\u00e1 bebendo \u00e1gua o suficiente\u201d; Nutricionista Matheus D\u2019Avila mostra 3 exemplos"}]},{"@type":"WebSite","@id":"https:\/\/www.em.com.br\/emfoco\/#website","url":"https:\/\/www.em.com.br\/emfoco\/","name":"Estado de Minas - Em foco","description":"Acompanhe as \u00faltimas not\u00edcias e fique bem informado sobre tudo o que acontece em Minas Gerais, Brasil e no mundo.","potentialAction":[{"@type":"SearchAction","target":{"@type":"EntryPoint","urlTemplate":"https:\/\/www.em.com.br\/emfoco\/?s={search_term_string}"},"query-input":{"@type":"PropertyValueSpecification","valueRequired":true,"valueName":"search_term_string"}}],"inLanguage":"pt-BR"},{"@type":"Person","@id":"https:\/\/www.em.com.br\/emfoco\/#\/schema\/person\/9ad4c536bd87f5bb8006420332b99aef","name":"Lucas Sampaio","image":{"@type":"ImageObject","inLanguage":"pt-BR","@id":"https:\/\/www.em.com.br\/emfoco\/#\/schema\/person\/image\/","url":"https:\/\/secure.gravatar.com\/avatar\/2696b9676ad143cd7135b717faf6f79f?s=96&d=mm&r=g","contentUrl":"https:\/\/secure.gravatar.com\/avatar\/2696b9676ad143cd7135b717faf6f79f?s=96&d=mm&r=g","caption":"Lucas Sampaio"},"sameAs":["https:\/\/www.em.com.br\/emfoco\/"],"url":"https:\/\/www.em.com.br\/emfoco\/author\/lucasmyth\/"}]}},"_links":{"self":[{"href":"https:\/\/www.em.com.br\/emfoco\/wp-json\/wp\/v2\/posts\/82295","targetHints":{"allow":["GET"]}}],"collection":[{"href":"https:\/\/www.em.com.br\/emfoco\/wp-json\/wp\/v2\/posts"}],"about":[{"href":"https:\/\/www.em.com.br\/emfoco\/wp-json\/wp\/v2\/types\/post"}],"author":[{"embeddable":true,"href":"https:\/\/www.em.com.br\/emfoco\/wp-json\/wp\/v2\/users\/17"}],"replies":[{"embeddable":true,"href":"https:\/\/www.em.com.br\/emfoco\/wp-json\/wp\/v2\/comments?post=82295"}],"version-history":[{"count":3,"href":"https:\/\/www.em.com.br\/emfoco\/wp-json\/wp\/v2\/posts\/82295\/revisions"}],"predecessor-version":[{"id":82390,"href":"https:\/\/www.em.com.br\/emfoco\/wp-json\/wp\/v2\/posts\/82295\/revisions\/82390"}],"wp:featuredmedia":[{"embeddable":true,"href":"https:\/\/www.em.com.br\/emfoco\/wp-json\/wp\/v2\/media\/82356"}],"wp:attachment":[{"href":"https:\/\/www.em.com.br\/emfoco\/wp-json\/wp\/v2\/media?parent=82295"}],"wp:term":[{"taxonomy":"category","embeddable":true,"href":"https:\/\/www.em.com.br\/emfoco\/wp-json\/wp\/v2\/categories?post=82295"},{"taxonomy":"post_tag","embeddable":true,"href":"https:\/\/www.em.com.br\/emfoco\/wp-json\/wp\/v2\/tags?post=82295"}],"curies":[{"name":"wp","href":"https:\/\/api.w.org\/{rel}","templated":true}]}}