{"id":82275,"date":"2025-07-29T18:28:00","date_gmt":"2025-07-29T21:28:00","guid":{"rendered":"https:\/\/www.em.com.br\/emfoco\/?p=82275"},"modified":"2025-07-27T20:37:17","modified_gmt":"2025-07-27T23:37:17","slug":"um-destino-perfeito-em-minas-gerias-que-faz-casais-desacelerarem-e-viverem-momentos-unicos","status":"publish","type":"post","link":"https:\/\/www.em.com.br\/emfoco\/2025\/07\/29\/um-destino-perfeito-em-minas-gerias-que-faz-casais-desacelerarem-e-viverem-momentos-unicos\/","title":{"rendered":"Um destino perfeito em Minas Gerias que faz casais desacelerarem e viverem momentos \u00fanicos"},"content":{"rendered":"\n<p><strong>Tiradentes<\/strong> \u00e9 daquelas cidades que encantam sem esfor\u00e7o. Com charme colonial, ritmo desacelerado e ruas de pedra, ela se transforma em um cen\u00e1rio perfeito para quem busca sossego e beleza em cada esquina.<\/p>\n\n\n\n<p>Mais do que pontos tur\u00edsticos, o passeio em Tiradentes \u00e9 sensorial: ouvir os passos ecoando nas pedras, sentir o cheiro de comida caseira e se deixar levar pelas ladeiras \u00e9 a verdadeira ess\u00eancia do destino.<\/p>\n\n\n\n<h2 class=\"wp-block-heading\">Como o ritmo tranquilo de Tiradentes conquista os visitantes?<\/h2>\n\n\n\n<p>Diferente de outras cidades hist\u00f3ricas de Minas, <strong>Tiradentes<\/strong> preserva um ambiente pacato que parece parar o tempo. O pequeno centro hist\u00f3rico \u00e9 um convite ao desacelerar \u2014 ideal para escapar da rotina agitada.<\/p>\n\n\n\n<p>Caminhar sem rumo pelas ruas da cidade \u00e9 um atrativo em si. Se perder entre becos, igrejinhas e casarios coloniais \u00e9 parte da experi\u00eancia que encanta tantos visitantes.<\/p>\n\n\n\n<h2 class=\"wp-block-heading\">Tiradentes \u00e9 um bom destino para casais?<\/h2>\n\n\n\n<p>Se a ideia \u00e9 curtir um clima rom\u00e2ntico, <strong>Tiradentes<\/strong> \u00e9 perfeita. Ruas charmosas, pousadas acolhedoras e restaurantes intimistas criam o cen\u00e1rio ideal para momentos a dois, tanto no frio quanto no calor.<\/p>\n\n\n\n<p>Com menos atra\u00e7\u00f5es e mais atmosfera, o destino convida a aproveitar o tempo juntos, longe da correria. Hospedagens com banheiras, lareiras e muito charme s\u00e3o a escolha de muitos casais.<\/p>\n\n\n\n<figure class=\"wp-block-image\"><img decoding=\"async\" src=\"https:\/\/www.em.com.br\/emfoco\/wp-content\/uploads\/2025\/04\/Maria-Fumaca_1744994043359-1024x576.jpg\" alt=\"\"\/><figcaption class=\"wp-element-caption\">Maria Fumaca &#8211; Cr\u00e9ditos: depositphotos.com \/ Junot<\/figcaption><\/figure>\n\n\n\n<h2 class=\"wp-block-heading\">Quais eventos tornam Tiradentes ainda mais interessante?<\/h2>\n\n\n\n<p>Eventos como o <strong>Festival Cultura e Gastronomia<\/strong> e a Mostra de Cinema colocam Tiradentes no calend\u00e1rio cultural nacional. Eles atraem p\u00fablicos diversos e transformam a cidade em um polo criativo.<\/p>\n\n\n\n<p>Al\u00e9m desses, h\u00e1 festivais menores de jazz, fotografia, vinho e at\u00e9 encontros de motociclistas. As festas religiosas, como Semana Santa e Corpus Christi, completam a agenda com tradi\u00e7\u00e3o e beleza.<\/p>\n\n\n\n<h2 class=\"wp-block-heading\">Quais s\u00e3o os principais passeios para fazer em Tiradentes?<\/h2>\n\n\n\n<p>Apesar do tamanho reduzido, <strong>Tiradentes<\/strong> oferece experi\u00eancias marcantes. O trem Maria Fuma\u00e7a at\u00e9 S\u00e3o Jo\u00e3o del Rei \u00e9 uma viagem no tempo e um dos passeios mais procurados.<\/p>\n\n\n\n<p>Outros destaques incluem o Chafariz de S\u00e3o Jos\u00e9, trilhas suaves, igrejas hist\u00f3ricas e mirantes com vistas de tirar o f\u00f4lego. A cidade entrega muito com pouco, e cada parada tem sua pr\u00f3pria magia.<\/p>\n\n\n\n<p>Leia tamb\u00e9m: <a href=\"https:\/\/www.em.com.br\/emfoco\/2025\/07\/27\/a-regiao-que-virou-xodo-dos-mineiros-por-motivos-encantadores\/\" target=\"_blank\" rel=\"noreferrer noopener\">A regi\u00e3o que virou xod\u00f3 dos mineiros por motivos encantadores<\/a><\/p>\n\n\n\n<h2 class=\"wp-block-heading\">Vale a pena fazer o passeio de Maria Fuma\u00e7a?<\/h2>\n\n\n\n<p>Sim, a<a href=\"https:\/\/www.minasgerais.com.br\/pt\/blog\/artigo\/conheca-4-passeios-de-trem-e-maria-fumaca-aqui-em-minas\" target=\"_blank\" rel=\"noreferrer noopener\"> <strong>Maria Fuma\u00e7a<\/strong><\/a> \u00e9 uma rel\u00edquia viva do transporte ferrovi\u00e1rio. Ela liga Tiradentes a S\u00e3o Jo\u00e3o del Rei com vag\u00f5es preservados e um percurso pitoresco pelas montanhas mineiras.<\/p>\n\n\n\n<p>Al\u00e9m do charme da viagem, o destino final tamb\u00e9m compensa: S\u00e3o Jo\u00e3o del Rei guarda igrejas barrocas e ruas hist\u00f3ricas que complementam o passeio.<\/p>\n\n\n\n<h2 class=\"wp-block-heading\">O Chafariz de S\u00e3o Jos\u00e9 tem alguma curiosidade hist\u00f3rica?<\/h2>\n\n\n\n<p>Constru\u00eddo no s\u00e9culo XVIII, o <strong>Chafariz de S\u00e3o Jos\u00e9<\/strong> fornecia \u00e1gua para a antiga S\u00e3o Jos\u00e9 del Rei. Possui \u00e1reas para lavadeiras e animais \u2014 um exemplo vivo de engenharia colonial.<\/p>\n\n\n\n<p>Ao lado, a trilha M\u00e3e D\u2019\u00e1gua leva at\u00e9 a nascente, passando por um aqueduto de pedra feito por escravizados. Um percurso leve, mas carregado de mem\u00f3ria e paisagem.<\/p>\n\n\n\n<h2 class=\"wp-block-heading\">Por que caminhar pela Rua Direita \u00e9 t\u00e3o especial?<\/h2>\n\n\n\n<p>Com casarios bem preservados, a <strong>Rua Direita<\/strong> \u00e9 um cart\u00e3o-postal de Tiradentes. Cheia de lojinhas, caf\u00e9s e igrejas, ela \u00e9 perfeita para caminhar, fotografar e relaxar sem pressa.<\/p>\n\n\n\n<p>Um destaque no trajeto \u00e9 a Igreja Nossa Senhora do Ros\u00e1rio e seu largo encantador. Observar os gatos nos telhados antigos pode virar passatempo favorito de quem passa por ali.<\/p>\n\n\n\n<figure class=\"wp-block-image\"><img decoding=\"async\" src=\"https:\/\/www.em.com.br\/emfoco\/wp-content\/uploads\/2025\/07\/52648886681_627f701a83_b-1-1024x576.jpg\" alt=\"\"\/><figcaption class=\"wp-element-caption\">Passeio em TIRADENTES &#8211; MG &#8211; Cr\u00e9ditos: Divulga\u00e7\u00e3o\/Flickr<\/figcaption><\/figure>\n\n\n\n<h2 class=\"wp-block-heading\">O que torna a Igreja Matriz de Santo Ant\u00f4nio imperd\u00edvel?<\/h2>\n\n\n\n<p>Revestida com muito <strong>ouro<\/strong>, a Matriz de Santo Ant\u00f4nio \u00e9 uma obra-prima do barroco. Seu interior impressiona pelo n\u00edvel de detalhe e pela impon\u00eancia do \u00f3rg\u00e3o hist\u00f3rico do s\u00e9culo XVIII.<\/p>\n\n\n\n<p>O largo da igreja oferece uma vista ampla da cidade e da Serra de S\u00e3o Jos\u00e9. Sentar ali para apreciar a paisagem \u00e9 um programa simples e revigorante.<\/p>\n\n\n\n<h2 class=\"wp-block-heading\">Qual \u00e9 o atrativo da Igreja S\u00e3o Francisco de Paula?<\/h2>\n\n\n\n<p>Situada no alto de um morro, a <strong>Igreja S\u00e3o Francisco de Paula<\/strong> garante uma das vistas mais lindas da cidade. Sua localiza\u00e7\u00e3o estrat\u00e9gica faz dela o lugar ideal para contemplar o p\u00f4r do sol.<\/p>\n\n\n\n<p>O gramado ao redor da igreja convida para um piquenique tranquilo ou um descanso sob o c\u00e9u de Minas. Um local rom\u00e2ntico e inspirador.<\/p>\n\n\n\n<p>Leia tamb\u00e9m: <a href=\"https:\/\/www.em.com.br\/emfoco\/2025\/07\/27\/a-cidade-mais-surpreendente-para-viver-estudar-e-empreender-no-brasil\/\" target=\"_blank\" rel=\"noreferrer noopener\">A cidade mais surpreendente para viver, estudar e empreender no Brasil<\/a><\/p>\n\n\n\n<h2 class=\"wp-block-heading\">Onde se hospedar em Tiradentes para aproveitar ao m\u00e1ximo?<\/h2>\n\n\n\n<p>As <strong>pousadas de Tiradentes<\/strong> s\u00e3o parte da experi\u00eancia. Com arquitetura charmosa e servi\u00e7os acolhedores, elas oferecem desde conforto b\u00e1sico at\u00e9 op\u00e7\u00f5es mais sofisticadas com hidromassagem.<\/p>\n\n\n\n<p>Quem busca economia pode optar por se hospedar em S\u00e3o Jo\u00e3o del Rei, a poucos minutos da cidade. J\u00e1 quem quer charme total, vale investir nas hospedagens no centro hist\u00f3rico.<\/p>\n\n\n\n<h2 class=\"wp-block-heading\">O que tem de especial no Largo das Forras?<\/h2>\n\n\n\n<p>O <strong>Largo das Forras<\/strong> \u00e9 a principal pra\u00e7a da cidade. Ponto de encontro entre moradores, turistas e charretes, o local vibra com vida o dia todo \u2014 e ainda mais no entardecer.<\/p>\n\n\n\n<p>Uma boa dica \u00e9 tomar um sorvete artesanal sob as \u00e1rvores ou simplesmente observar o movimento da cidade a partir de um banco da pra\u00e7a.<\/p>\n\n\n\n<h2 class=\"wp-block-heading\">Quais lojas e artesanatos valem a visita?<\/h2>\n\n\n\n<p>Tiradentes tem um com\u00e9rcio voltado para <strong>artesanato e arte<\/strong>. Roupas bordadas, esculturas, m\u00f3veis de demoli\u00e7\u00e3o e obras autorais fazem das lojinhas paradas obrigat\u00f3rias.<\/p>\n\n\n\n<p>Vale explorar sem pressa: al\u00e9m de comprar lembran\u00e7as, \u00e9 comum bater papo com os artistas e artes\u00e3os locais. Isso transforma cada pe\u00e7a em uma hist\u00f3ria.<\/p>\n\n\n\n<figure class=\"wp-block-image\"><img decoding=\"async\" src=\"https:\/\/www.em.com.br\/emfoco\/wp-content\/uploads\/2025\/06\/Tiradentes_Minas_Gerais_Brasil-1024x576.jpeg\" alt=\"\"\/><figcaption class=\"wp-element-caption\">Rua em Tiradentes &#8211; Cr\u00e9ditos: Divulga\u00e7\u00e3o\/Wikimedia Commons<\/figcaption><\/figure>\n\n\n\n<h2 class=\"wp-block-heading\">Quais museus visitar em Tiradentes?<\/h2>\n\n\n\n<p>O <strong>Museu Padre Toledo<\/strong> \u00e9 refer\u00eancia sobre a Inconfid\u00eancia Mineira. Instalado em um casar\u00e3o onde reuni\u00f5es hist\u00f3ricas aconteceram, ele preserva arquitetura e acervo colonial.<\/p>\n\n\n\n<p>O Museu de Sant\u2019Ana, por sua vez, exibe cerca de 300 imagens da santa protetora das fam\u00edlias. Instalado na antiga cadeia p\u00fablica, impressiona pela curadoria e beleza.<\/p>\n\n\n\n<h2 class=\"wp-block-heading\">A gastronomia de Tiradentes \u00e9 realmente t\u00e3o famosa?<\/h2>\n\n\n\n<p>Sim, a <strong>gastronomia<\/strong> \u00e9 um dos grandes atrativos locais. Restaurantes com chefs renomados, receitas mineiras reinventadas e ambientes sofisticados criam uma cena gastron\u00f4mica vibrante.<\/p>\n\n\n\n<p>Seja para um caf\u00e9 da tarde ou jantar especial, Tiradentes oferece op\u00e7\u00f5es que agradam todos os bolsos \u2014 e sempre com um toque de afeto no sabor.<\/p>\n\n\n\n<h2 class=\"wp-block-heading\">Vale a pena conhecer o distrito de Bichinho?<\/h2>\n\n\n\n<p>Sim! <strong>Bichinho<\/strong>, a apenas 7 km de Tiradentes, \u00e9 um reduto de artesanato aut\u00eantico e ateli\u00eas criativos. As lojinhas e oficinas encantam pela originalidade e pelo contato com os artistas.<\/p>\n\n\n\n<p>Al\u00e9m disso, o trajeto at\u00e9 l\u00e1 j\u00e1 vale o passeio: estradinha charmosa, paisagem rural e paradas inusitadas completam o roteiro. Uma extens\u00e3o ideal para quem tem tempo.<\/p>\n","protected":false},"excerpt":{"rendered":"<p>Tiradentes \u00e9 daquelas cidades que encantam sem esfor\u00e7o. Com charme colonial, ritmo desacelerado e ruas de pedra, ela se transforma em um cen\u00e1rio perfeito para quem busca sossego e beleza em cada esquina. Mais do que pontos tur\u00edsticos, o passeio em Tiradentes \u00e9 sensorial: ouvir os passos ecoando nas pedras, sentir o cheiro de comida [&hellip;]<\/p>\n","protected":false},"author":11,"featured_media":55781,"comment_status":"open","ping_status":"open","sticky":false,"template":"","format":"standard","meta":{"jnews-multi-image_gallery":[],"jnews_single_post":{"format":"standard"},"jnews_primary_category":[],"jnews_social_meta":[],"jnews_override_counter":[],"footnotes":""},"categories":[26,1],"tags":[8851,183,1054],"class_list":["post-82275","post","type-post","status-publish","format-standard","has-post-thumbnail","hentry","category-cidades","category-noticias","tag-casal","tag-cidades","tag-tiradentes"],"yoast_head":"<!-- This site is optimized with the Yoast SEO plugin v23.8 - https:\/\/yoast.com\/wordpress\/plugins\/seo\/ -->\n<title>Um destino perfeito em Minas Gerias que faz casais desacelerarem e viverem momentos \u00fanicos - Estado de Minas - Em foco<\/title>\n<meta name=\"description\" content=\"A cidade colonial mineira atrai turistas com charme, eventos culturais e uma gastronomia de dar \u00e1gua na boca.\" \/>\n<meta name=\"robots\" content=\"index, follow, max-snippet:-1, max-image-preview:large, max-video-preview:-1\" \/>\n<link rel=\"canonical\" href=\"https:\/\/www.em.com.br\/emfoco\/2025\/07\/29\/um-destino-perfeito-em-minas-gerias-que-faz-casais-desacelerarem-e-viverem-momentos-unicos\/\" \/>\n<meta property=\"og:locale\" content=\"pt_BR\" \/>\n<meta property=\"og:type\" content=\"article\" \/>\n<meta property=\"og:title\" content=\"Um destino perfeito em Minas Gerias que faz casais desacelerarem e viverem momentos \u00fanicos - Estado de Minas - Em foco\" \/>\n<meta property=\"og:description\" content=\"A cidade colonial mineira atrai turistas com charme, eventos culturais e uma gastronomia de dar \u00e1gua na boca.\" \/>\n<meta property=\"og:url\" content=\"https:\/\/www.em.com.br\/emfoco\/2025\/07\/29\/um-destino-perfeito-em-minas-gerias-que-faz-casais-desacelerarem-e-viverem-momentos-unicos\/\" \/>\n<meta property=\"og:site_name\" content=\"Estado de Minas - Em foco\" \/>\n<meta property=\"article:published_time\" content=\"2025-07-29T21:28:00+00:00\" \/>\n<meta property=\"article:modified_time\" content=\"2025-07-27T23:37:17+00:00\" \/>\n<meta property=\"og:image\" content=\"https:\/\/www.em.com.br\/emfoco\/wp-content\/uploads\/2025\/06\/8189924718_010fc8c53f_b-1.jpg\" \/>\n\t<meta property=\"og:image:width\" content=\"1280\" \/>\n\t<meta property=\"og:image:height\" content=\"720\" \/>\n\t<meta property=\"og:image:type\" content=\"image\/jpeg\" \/>\n<meta name=\"author\" content=\"Andre\u0301 Rangel\u00a0\" \/>\n<meta name=\"twitter:card\" content=\"summary_large_image\" \/>\n<meta name=\"twitter:label1\" content=\"Escrito por\" \/>\n\t<meta name=\"twitter:data1\" content=\"Andre\u0301 Rangel\u00a0\" \/>\n\t<meta name=\"twitter:label2\" content=\"Est. tempo de leitura\" \/>\n\t<meta name=\"twitter:data2\" content=\"7 minutos\" \/>\n<!-- \/ Yoast SEO plugin. -->","yoast_head_json":{"title":"Um destino perfeito em Minas Gerias que faz casais desacelerarem e viverem momentos \u00fanicos - Estado de Minas - Em foco","description":"A cidade colonial mineira atrai turistas com charme, eventos culturais e uma gastronomia de dar \u00e1gua na boca.","robots":{"index":"index","follow":"follow","max-snippet":"max-snippet:-1","max-image-preview":"max-image-preview:large","max-video-preview":"max-video-preview:-1"},"canonical":"https:\/\/www.em.com.br\/emfoco\/2025\/07\/29\/um-destino-perfeito-em-minas-gerias-que-faz-casais-desacelerarem-e-viverem-momentos-unicos\/","og_locale":"pt_BR","og_type":"article","og_title":"Um destino perfeito em Minas Gerias que faz casais desacelerarem e viverem momentos \u00fanicos - Estado de Minas - Em foco","og_description":"A cidade colonial mineira atrai turistas com charme, eventos culturais e uma gastronomia de dar \u00e1gua na boca.","og_url":"https:\/\/www.em.com.br\/emfoco\/2025\/07\/29\/um-destino-perfeito-em-minas-gerias-que-faz-casais-desacelerarem-e-viverem-momentos-unicos\/","og_site_name":"Estado de Minas - Em foco","article_published_time":"2025-07-29T21:28:00+00:00","article_modified_time":"2025-07-27T23:37:17+00:00","og_image":[{"width":1280,"height":720,"url":"https:\/\/www.em.com.br\/emfoco\/wp-content\/uploads\/2025\/06\/8189924718_010fc8c53f_b-1.jpg","type":"image\/jpeg"}],"author":"Andre\u0301 Rangel\u00a0","twitter_card":"summary_large_image","twitter_misc":{"Escrito por":"Andre\u0301 Rangel\u00a0","Est. tempo de leitura":"7 minutos"},"schema":{"@context":"https:\/\/schema.org","@graph":[{"@type":"WebPage","@id":"https:\/\/www.em.com.br\/emfoco\/2025\/07\/29\/um-destino-perfeito-em-minas-gerias-que-faz-casais-desacelerarem-e-viverem-momentos-unicos\/","url":"https:\/\/www.em.com.br\/emfoco\/2025\/07\/29\/um-destino-perfeito-em-minas-gerias-que-faz-casais-desacelerarem-e-viverem-momentos-unicos\/","name":"Um destino perfeito em Minas Gerias que faz casais desacelerarem e viverem momentos \u00fanicos - Estado de Minas - Em foco","isPartOf":{"@id":"https:\/\/www.em.com.br\/emfoco\/#website"},"primaryImageOfPage":{"@id":"https:\/\/www.em.com.br\/emfoco\/2025\/07\/29\/um-destino-perfeito-em-minas-gerias-que-faz-casais-desacelerarem-e-viverem-momentos-unicos\/#primaryimage"},"image":{"@id":"https:\/\/www.em.com.br\/emfoco\/2025\/07\/29\/um-destino-perfeito-em-minas-gerias-que-faz-casais-desacelerarem-e-viverem-momentos-unicos\/#primaryimage"},"thumbnailUrl":"https:\/\/www.em.com.br\/emfoco\/wp-content\/uploads\/2025\/06\/8189924718_010fc8c53f_b-1.jpg","datePublished":"2025-07-29T21:28:00+00:00","dateModified":"2025-07-27T23:37:17+00:00","author":{"@id":"https:\/\/www.em.com.br\/emfoco\/#\/schema\/person\/60eda09c1fedf0d6891f4cef4b60b8b8"},"description":"A cidade colonial mineira atrai turistas com charme, eventos culturais e uma gastronomia de dar \u00e1gua na boca.","breadcrumb":{"@id":"https:\/\/www.em.com.br\/emfoco\/2025\/07\/29\/um-destino-perfeito-em-minas-gerias-que-faz-casais-desacelerarem-e-viverem-momentos-unicos\/#breadcrumb"},"inLanguage":"pt-BR","potentialAction":[{"@type":"ReadAction","target":["https:\/\/www.em.com.br\/emfoco\/2025\/07\/29\/um-destino-perfeito-em-minas-gerias-que-faz-casais-desacelerarem-e-viverem-momentos-unicos\/"]}]},{"@type":"ImageObject","inLanguage":"pt-BR","@id":"https:\/\/www.em.com.br\/emfoco\/2025\/07\/29\/um-destino-perfeito-em-minas-gerias-que-faz-casais-desacelerarem-e-viverem-momentos-unicos\/#primaryimage","url":"https:\/\/www.em.com.br\/emfoco\/wp-content\/uploads\/2025\/06\/8189924718_010fc8c53f_b-1.jpg","contentUrl":"https:\/\/www.em.com.br\/emfoco\/wp-content\/uploads\/2025\/06\/8189924718_010fc8c53f_b-1.jpg","width":1280,"height":720,"caption":"Casa em Tiradentes - Cr\u00e9ditos: Divulga\u00e7\u00e3o\/Flickr"},{"@type":"BreadcrumbList","@id":"https:\/\/www.em.com.br\/emfoco\/2025\/07\/29\/um-destino-perfeito-em-minas-gerias-que-faz-casais-desacelerarem-e-viverem-momentos-unicos\/#breadcrumb","itemListElement":[{"@type":"ListItem","position":1,"name":"In\u00edcio","item":"https:\/\/www.em.com.br\/emfoco\/"},{"@type":"ListItem","position":2,"name":"Um destino perfeito em Minas Gerias que faz casais desacelerarem e viverem momentos \u00fanicos"}]},{"@type":"WebSite","@id":"https:\/\/www.em.com.br\/emfoco\/#website","url":"https:\/\/www.em.com.br\/emfoco\/","name":"Estado de Minas - Em foco","description":"Acompanhe as \u00faltimas not\u00edcias e fique bem informado sobre tudo o que acontece em Minas Gerais, Brasil e no mundo.","potentialAction":[{"@type":"SearchAction","target":{"@type":"EntryPoint","urlTemplate":"https:\/\/www.em.com.br\/emfoco\/?s={search_term_string}"},"query-input":{"@type":"PropertyValueSpecification","valueRequired":true,"valueName":"search_term_string"}}],"inLanguage":"pt-BR"},{"@type":"Person","@id":"https:\/\/www.em.com.br\/emfoco\/#\/schema\/person\/60eda09c1fedf0d6891f4cef4b60b8b8","name":"Andre\u0301 Rangel\u00a0","image":{"@type":"ImageObject","inLanguage":"pt-BR","@id":"https:\/\/www.em.com.br\/emfoco\/#\/schema\/person\/image\/","url":"https:\/\/secure.gravatar.com\/avatar\/6234dc814c77c8ef6d8bba622c787efc?s=96&d=mm&r=g","contentUrl":"https:\/\/secure.gravatar.com\/avatar\/6234dc814c77c8ef6d8bba622c787efc?s=96&d=mm&r=g","caption":"Andre\u0301 Rangel\u00a0"},"url":"https:\/\/www.em.com.br\/emfoco\/author\/luizmyth\/"}]}},"_links":{"self":[{"href":"https:\/\/www.em.com.br\/emfoco\/wp-json\/wp\/v2\/posts\/82275","targetHints":{"allow":["GET"]}}],"collection":[{"href":"https:\/\/www.em.com.br\/emfoco\/wp-json\/wp\/v2\/posts"}],"about":[{"href":"https:\/\/www.em.com.br\/emfoco\/wp-json\/wp\/v2\/types\/post"}],"author":[{"embeddable":true,"href":"https:\/\/www.em.com.br\/emfoco\/wp-json\/wp\/v2\/users\/11"}],"replies":[{"embeddable":true,"href":"https:\/\/www.em.com.br\/emfoco\/wp-json\/wp\/v2\/comments?post=82275"}],"version-history":[{"count":3,"href":"https:\/\/www.em.com.br\/emfoco\/wp-json\/wp\/v2\/posts\/82275\/revisions"}],"predecessor-version":[{"id":82334,"href":"https:\/\/www.em.com.br\/emfoco\/wp-json\/wp\/v2\/posts\/82275\/revisions\/82334"}],"wp:featuredmedia":[{"embeddable":true,"href":"https:\/\/www.em.com.br\/emfoco\/wp-json\/wp\/v2\/media\/55781"}],"wp:attachment":[{"href":"https:\/\/www.em.com.br\/emfoco\/wp-json\/wp\/v2\/media?parent=82275"}],"wp:term":[{"taxonomy":"category","embeddable":true,"href":"https:\/\/www.em.com.br\/emfoco\/wp-json\/wp\/v2\/categories?post=82275"},{"taxonomy":"post_tag","embeddable":true,"href":"https:\/\/www.em.com.br\/emfoco\/wp-json\/wp\/v2\/tags?post=82275"}],"curies":[{"name":"wp","href":"https:\/\/api.w.org\/{rel}","templated":true}]}}