{"id":8225,"date":"2025-01-03T19:40:00","date_gmt":"2025-01-03T22:40:00","guid":{"rendered":"https:\/\/www.em.com.br\/emfoco\/?p=8225"},"modified":"2025-01-03T01:13:08","modified_gmt":"2025-01-03T04:13:08","slug":"o-que-voce-nao-sabe-sobre-as-edicoes-do-axe-brasil-em-mg","status":"publish","type":"post","link":"https:\/\/www.em.com.br\/emfoco\/2025\/01\/03\/o-que-voce-nao-sabe-sobre-as-edicoes-do-axe-brasil-em-mg\/","title":{"rendered":"O que voc\u00ea n\u00e3o sabe sobre as edi\u00e7\u00f5es do Ax\u00e9 Brasil em MG?"},"content":{"rendered":"\n<p>Desde sua cria\u00e7\u00e3o em 1998, o<a href=\"https:\/\/pt.wikipedia.org\/wiki\/Ax%C3%A9_Brasil\" target=\"_blank\" rel=\"noreferrer noopener\"> Ax\u00e9 Brasil<\/a> tem sido um dos eventos mais aguardados pelos amantes da <a href=\"https:\/\/www.em.com.br\/emfoco\/2024\/12\/21\/a-cidade-que-viu-nascer-um-idolo-da-musica-sertaneja\/\" target=\"_blank\" rel=\"noreferrer noopener\">m\u00fasica <\/a>baiana, principalmente em Belo Horizonte. O festival re\u00fane os grandes nomes do ax\u00e9 e proporciona momentos inesquec\u00edveis para seu p\u00fablico fiel. Ao longo dos anos, o Ax\u00e9 Brasil consolidou-se como o maior festival desse g\u00eanero fora do carnaval de Salvador, atraindo multid\u00f5es e muitas horas de m\u00fasica e dan\u00e7a.<\/p>\n\n\n\n<p>O Ax\u00e9 Brasil n\u00e3o \u00e9 apenas um evento, mas uma verdadeira celebra\u00e7\u00e3o da cultura baiana, que movimenta a capital mineira com energia e anima\u00e7\u00e3o contagiante. Al\u00e9m dos shows, o festival \u00e9 conhecido por suas particularidades, que fazem parte da hist\u00f3ria do evento e de seus f\u00e3s. Neste artigo, vamos explorar algumas das curiosidades mais marcantes desse festival que j\u00e1 entrou para o calend\u00e1rio cultural do pa\u00eds.<\/p>\n\n\n\n<h2 class=\"wp-block-heading\">Como o Ax\u00e9 Brasil se tornou t\u00e3o popular?<\/h2>\n\n\n\n<p>A popularidade do Ax\u00e9 Brasil pode ser atribu\u00edda a v\u00e1rios fatores. Um deles \u00e9 a participa\u00e7\u00e3o de artistas renomados da m\u00fasica baiana, como Ivete Sangalo, que esteve presente em todas as edi\u00e7\u00f5es do evento. Outro motivo \u00e9 a variedade de atra\u00e7\u00f5es, com mais de 40 diferentes bandas e artistas que j\u00e1 passaram pelos palcos do festival ao longo de suas edi\u00e7\u00f5es. A estrutura do evento tamb\u00e9m se destaca, com locais ic\u00f4nicos como o Est\u00e1dio Mineir\u00e3o e o Expominas recebendo a festa.<\/p>\n\n\n\n<p>No total, o festival j\u00e1 proporcionou mais de 240 horas de m\u00fasica e pura divers\u00e3o. Essa extensa programa\u00e7\u00e3o atraiu mais de um milh\u00e3o de pessoas ao longo dos anos, comprovando seu sucesso e relev\u00e2ncia no cen\u00e1rio musical brasileiro. Tudo isso aliado a um ambiente de festa que se estende por dias, oferece aos foli\u00f5es uma experi\u00eancia \u00fanica.<\/p>\n\n\n<div class=\"wp-block-image\">\n<figure class=\"aligncenter size-large\"><img loading=\"lazy\" decoding=\"async\" width=\"1024\" height=\"576\" src=\"https:\/\/www.em.com.br\/emfoco\/wp-content\/uploads\/2025\/01\/Olodum_1735877486075-1024x576.jpg\" alt=\"\" class=\"wp-image-8230\" srcset=\"https:\/\/www.em.com.br\/emfoco\/wp-content\/uploads\/2025\/01\/Olodum_1735877486075-1024x576.jpg 1024w, https:\/\/www.em.com.br\/emfoco\/wp-content\/uploads\/2025\/01\/Olodum_1735877486075-300x169.jpg 300w, https:\/\/www.em.com.br\/emfoco\/wp-content\/uploads\/2025\/01\/Olodum_1735877486075-768x432.jpg 768w, https:\/\/www.em.com.br\/emfoco\/wp-content\/uploads\/2025\/01\/Olodum_1735877486075-750x422.jpg 750w, https:\/\/www.em.com.br\/emfoco\/wp-content\/uploads\/2025\/01\/Olodum_1735877486075-1140x641.jpg 1140w, https:\/\/www.em.com.br\/emfoco\/wp-content\/uploads\/2025\/01\/Olodum_1735877486075.jpg 1280w\" sizes=\"auto, (max-width: 1024px) 100vw, 1024px\" \/><figcaption class=\"wp-element-caption\">Ax\u00e9 &#8211; Cr\u00e9ditos: depositphotos.com \/ joasouza<\/figcaption><\/figure><\/div>\n\n\n<h2 class=\"wp-block-heading\">Quais s\u00e3o algumas curiosidades sobre o Ax\u00e9 Brasil?<\/h2>\n\n\n\n<ul class=\"wp-block-list\">\n<li>O Ax\u00e9 Brasil j\u00e1 viu mais de 2.400 sucessos sendo cantados ao vivo, levando o p\u00fablico ao del\u00edrio.<\/li>\n\n\n\n<li>Em algumas edi\u00e7\u00f5es, como a de 1999, bandas como Terra Samba se apresentaram em ambos os dias do festival, demonstrando a forte demanda por m\u00fasica baiana.<\/li>\n\n\n\n<li>Em 2008 e 2009, a banda Cheiro de Amor usou o festival como cen\u00e1rio para gravar parte de seu DVD \u201cCheiro Ax\u00e9 Mineir\u00e3o\u201d.<\/li>\n\n\n\n<li>O evento de 2009 ficou marcado pelo recorde de 8.370 casais se beijando ao mesmo tempo durante a apresenta\u00e7\u00e3o de Claudia Leitte.<\/li>\n\n\n\n<li>Os locais de realiza\u00e7\u00e3o do Ax\u00e9 Brasil variaram bastante, desde o Est\u00e1dio Independ\u00eancia at\u00e9 a Cidade da Folia.<\/li>\n<\/ul>\n\n\n\n<h2 class=\"wp-block-heading\">Os momentos inesquec\u00edveis que o festival proporcionou<\/h2>\n\n\n\n<p>Al\u00e9m das curiosidades, o Ax\u00e9 Brasil \u00e9 marcado por momentos \u00fanicos e inesquec\u00edveis para seus participantes. Em 2011, Claudia Leitte surpreendeu a todos ao realizar acrobacias no ar com a ajuda de um cabo de a\u00e7o, mostrando que o festival \u00e9 tamb\u00e9m um palco para grandes performances art\u00edsticas. Em 2011, pela primeira vez, shows foram realizados em um trio el\u00e9trico, algo n\u00e3o convencional, que trouxe uma nova din\u00e2mica ao evento.<\/p>\n\n\n\n<p>O Ax\u00e9 Brasil 15 anos foi um marco especial, com Saulo se apresentando em carreira solo pela primeira vez em Belo Horizonte e Levi Lima estreando \u00e0 frente da banda Jammil e Uma Noites. Estes momentos \u00fanicos s\u00e3o apenas uma parte do que torna o festival uma experi\u00eancia imperd\u00edvel para os f\u00e3s de ax\u00e9 e m\u00fasica baiana.<\/p>\n\n\n\n<p>Com inova\u00e7\u00e3o, tradi\u00e7\u00e3o e muita festa, o Ax\u00e9 Brasil continua a ser um evento destacado no cen\u00e1rio musical brasileiro, mantendo sua for\u00e7a e atra\u00e7\u00e3o sobre milhares de foli\u00f5es a cada edi\u00e7\u00e3o.<\/p>\n","protected":false},"excerpt":{"rendered":"<p>Desde sua cria\u00e7\u00e3o em 1998, o Ax\u00e9 Brasil tem sido um dos eventos mais aguardados pelos amantes da m\u00fasica baiana, principalmente em Belo Horizonte. O festival re\u00fane os grandes nomes do ax\u00e9 e proporciona momentos inesquec\u00edveis para seu p\u00fablico fiel. Ao longo dos anos, o Ax\u00e9 Brasil consolidou-se como o maior festival desse g\u00eanero fora [&hellip;]<\/p>\n","protected":false},"author":7,"featured_media":8229,"comment_status":"open","ping_status":"open","sticky":false,"template":"","format":"standard","meta":{"jnews-multi-image_gallery":[],"jnews_single_post":{"format":"standard"},"jnews_primary_category":[],"jnews_social_meta":[],"jnews_override_counter":[],"footnotes":""},"categories":[26],"tags":[2859,154,1500,2858,2857],"class_list":["post-8225","post","type-post","status-publish","format-standard","has-post-thumbnail","hentry","category-cidades","tag-axe","tag-belo-horizonte","tag-carnaval","tag-festival","tag-musica-baiana"],"yoast_head":"<!-- This site is optimized with the Yoast SEO plugin v23.8 - https:\/\/yoast.com\/wordpress\/plugins\/seo\/ -->\n<title>O que voc\u00ea n\u00e3o sabe sobre as edi\u00e7\u00f5es do Ax\u00e9 Brasil em MG? - Estado de Minas - Em foco<\/title>\n<meta name=\"description\" content=\"O Ax\u00e9 Brasil \u00e9 o maior festival de m\u00fasica baiana fora de Salvador. Saiba mais!\" \/>\n<meta name=\"robots\" content=\"index, follow, max-snippet:-1, max-image-preview:large, max-video-preview:-1\" \/>\n<link rel=\"canonical\" href=\"https:\/\/www.em.com.br\/emfoco\/2025\/01\/03\/o-que-voce-nao-sabe-sobre-as-edicoes-do-axe-brasil-em-mg\/\" \/>\n<meta property=\"og:locale\" content=\"pt_BR\" \/>\n<meta property=\"og:type\" content=\"article\" \/>\n<meta property=\"og:title\" content=\"O que voc\u00ea n\u00e3o sabe sobre as edi\u00e7\u00f5es do Ax\u00e9 Brasil em MG? - Estado de Minas - Em foco\" \/>\n<meta property=\"og:description\" content=\"O Ax\u00e9 Brasil \u00e9 o maior festival de m\u00fasica baiana fora de Salvador. Saiba mais!\" \/>\n<meta property=\"og:url\" content=\"https:\/\/www.em.com.br\/emfoco\/2025\/01\/03\/o-que-voce-nao-sabe-sobre-as-edicoes-do-axe-brasil-em-mg\/\" \/>\n<meta property=\"og:site_name\" content=\"Estado de Minas - Em foco\" \/>\n<meta property=\"article:published_time\" content=\"2025-01-03T22:40:00+00:00\" \/>\n<meta property=\"article:modified_time\" content=\"2025-01-03T04:13:08+00:00\" \/>\n<meta property=\"og:image\" content=\"https:\/\/www.em.com.br\/emfoco\/wp-content\/uploads\/2025\/01\/Olodum_1735877448336.jpg\" \/>\n\t<meta property=\"og:image:width\" content=\"1280\" \/>\n\t<meta property=\"og:image:height\" content=\"720\" \/>\n\t<meta property=\"og:image:type\" content=\"image\/jpeg\" \/>\n<meta name=\"author\" content=\"Kelvin\" \/>\n<meta name=\"twitter:card\" content=\"summary_large_image\" \/>\n<meta name=\"twitter:label1\" content=\"Escrito por\" \/>\n\t<meta name=\"twitter:data1\" content=\"Kelvin\" \/>\n\t<meta name=\"twitter:label2\" content=\"Est. tempo de leitura\" \/>\n\t<meta name=\"twitter:data2\" content=\"4 minutos\" \/>\n<!-- \/ Yoast SEO plugin. -->","yoast_head_json":{"title":"O que voc\u00ea n\u00e3o sabe sobre as edi\u00e7\u00f5es do Ax\u00e9 Brasil em MG? - Estado de Minas - Em foco","description":"O Ax\u00e9 Brasil \u00e9 o maior festival de m\u00fasica baiana fora de Salvador. Saiba mais!","robots":{"index":"index","follow":"follow","max-snippet":"max-snippet:-1","max-image-preview":"max-image-preview:large","max-video-preview":"max-video-preview:-1"},"canonical":"https:\/\/www.em.com.br\/emfoco\/2025\/01\/03\/o-que-voce-nao-sabe-sobre-as-edicoes-do-axe-brasil-em-mg\/","og_locale":"pt_BR","og_type":"article","og_title":"O que voc\u00ea n\u00e3o sabe sobre as edi\u00e7\u00f5es do Ax\u00e9 Brasil em MG? - Estado de Minas - Em foco","og_description":"O Ax\u00e9 Brasil \u00e9 o maior festival de m\u00fasica baiana fora de Salvador. Saiba mais!","og_url":"https:\/\/www.em.com.br\/emfoco\/2025\/01\/03\/o-que-voce-nao-sabe-sobre-as-edicoes-do-axe-brasil-em-mg\/","og_site_name":"Estado de Minas - Em foco","article_published_time":"2025-01-03T22:40:00+00:00","article_modified_time":"2025-01-03T04:13:08+00:00","og_image":[{"width":1280,"height":720,"url":"https:\/\/www.em.com.br\/emfoco\/wp-content\/uploads\/2025\/01\/Olodum_1735877448336.jpg","type":"image\/jpeg"}],"author":"Kelvin","twitter_card":"summary_large_image","twitter_misc":{"Escrito por":"Kelvin","Est. tempo de leitura":"4 minutos"},"schema":{"@context":"https:\/\/schema.org","@graph":[{"@type":"WebPage","@id":"https:\/\/www.em.com.br\/emfoco\/2025\/01\/03\/o-que-voce-nao-sabe-sobre-as-edicoes-do-axe-brasil-em-mg\/","url":"https:\/\/www.em.com.br\/emfoco\/2025\/01\/03\/o-que-voce-nao-sabe-sobre-as-edicoes-do-axe-brasil-em-mg\/","name":"O que voc\u00ea n\u00e3o sabe sobre as edi\u00e7\u00f5es do Ax\u00e9 Brasil em MG? - Estado de Minas - Em foco","isPartOf":{"@id":"https:\/\/www.em.com.br\/emfoco\/#website"},"primaryImageOfPage":{"@id":"https:\/\/www.em.com.br\/emfoco\/2025\/01\/03\/o-que-voce-nao-sabe-sobre-as-edicoes-do-axe-brasil-em-mg\/#primaryimage"},"image":{"@id":"https:\/\/www.em.com.br\/emfoco\/2025\/01\/03\/o-que-voce-nao-sabe-sobre-as-edicoes-do-axe-brasil-em-mg\/#primaryimage"},"thumbnailUrl":"https:\/\/www.em.com.br\/emfoco\/wp-content\/uploads\/2025\/01\/Olodum_1735877448336.jpg","datePublished":"2025-01-03T22:40:00+00:00","dateModified":"2025-01-03T04:13:08+00:00","author":{"@id":"https:\/\/www.em.com.br\/emfoco\/#\/schema\/person\/fb0a7f48c6fbb94b83f413a80f61917d"},"description":"O Ax\u00e9 Brasil \u00e9 o maior festival de m\u00fasica baiana fora de Salvador. Saiba mais!","breadcrumb":{"@id":"https:\/\/www.em.com.br\/emfoco\/2025\/01\/03\/o-que-voce-nao-sabe-sobre-as-edicoes-do-axe-brasil-em-mg\/#breadcrumb"},"inLanguage":"pt-BR","potentialAction":[{"@type":"ReadAction","target":["https:\/\/www.em.com.br\/emfoco\/2025\/01\/03\/o-que-voce-nao-sabe-sobre-as-edicoes-do-axe-brasil-em-mg\/"]}]},{"@type":"ImageObject","inLanguage":"pt-BR","@id":"https:\/\/www.em.com.br\/emfoco\/2025\/01\/03\/o-que-voce-nao-sabe-sobre-as-edicoes-do-axe-brasil-em-mg\/#primaryimage","url":"https:\/\/www.em.com.br\/emfoco\/wp-content\/uploads\/2025\/01\/Olodum_1735877448336.jpg","contentUrl":"https:\/\/www.em.com.br\/emfoco\/wp-content\/uploads\/2025\/01\/Olodum_1735877448336.jpg","width":1280,"height":720,"caption":"Ax\u00e9 - Cr\u00e9ditos: depositphotos.com \/ joasouza"},{"@type":"BreadcrumbList","@id":"https:\/\/www.em.com.br\/emfoco\/2025\/01\/03\/o-que-voce-nao-sabe-sobre-as-edicoes-do-axe-brasil-em-mg\/#breadcrumb","itemListElement":[{"@type":"ListItem","position":1,"name":"In\u00edcio","item":"https:\/\/www.em.com.br\/emfoco\/"},{"@type":"ListItem","position":2,"name":"O que voc\u00ea n\u00e3o sabe sobre as edi\u00e7\u00f5es do Ax\u00e9 Brasil em MG?"}]},{"@type":"WebSite","@id":"https:\/\/www.em.com.br\/emfoco\/#website","url":"https:\/\/www.em.com.br\/emfoco\/","name":"Estado de Minas - Em foco","description":"Acompanhe as \u00faltimas not\u00edcias e fique bem informado sobre tudo o que acontece em Minas Gerais, Brasil e no mundo.","potentialAction":[{"@type":"SearchAction","target":{"@type":"EntryPoint","urlTemplate":"https:\/\/www.em.com.br\/emfoco\/?s={search_term_string}"},"query-input":{"@type":"PropertyValueSpecification","valueRequired":true,"valueName":"search_term_string"}}],"inLanguage":"pt-BR"},{"@type":"Person","@id":"https:\/\/www.em.com.br\/emfoco\/#\/schema\/person\/fb0a7f48c6fbb94b83f413a80f61917d","name":"Kelvin","image":{"@type":"ImageObject","inLanguage":"pt-BR","@id":"https:\/\/www.em.com.br\/emfoco\/#\/schema\/person\/image\/","url":"https:\/\/secure.gravatar.com\/avatar\/e74f84337e6bf6c4c5e88fbdffa05270?s=96&d=mm&r=g","contentUrl":"https:\/\/secure.gravatar.com\/avatar\/e74f84337e6bf6c4c5e88fbdffa05270?s=96&d=mm&r=g","caption":"Kelvin"},"sameAs":["https:\/\/www.em.com.br\/emfoco"],"url":"https:\/\/www.em.com.br\/emfoco\/author\/kelvinmyth\/"}]}},"_links":{"self":[{"href":"https:\/\/www.em.com.br\/emfoco\/wp-json\/wp\/v2\/posts\/8225","targetHints":{"allow":["GET"]}}],"collection":[{"href":"https:\/\/www.em.com.br\/emfoco\/wp-json\/wp\/v2\/posts"}],"about":[{"href":"https:\/\/www.em.com.br\/emfoco\/wp-json\/wp\/v2\/types\/post"}],"author":[{"embeddable":true,"href":"https:\/\/www.em.com.br\/emfoco\/wp-json\/wp\/v2\/users\/7"}],"replies":[{"embeddable":true,"href":"https:\/\/www.em.com.br\/emfoco\/wp-json\/wp\/v2\/comments?post=8225"}],"version-history":[{"count":2,"href":"https:\/\/www.em.com.br\/emfoco\/wp-json\/wp\/v2\/posts\/8225\/revisions"}],"predecessor-version":[{"id":8231,"href":"https:\/\/www.em.com.br\/emfoco\/wp-json\/wp\/v2\/posts\/8225\/revisions\/8231"}],"wp:featuredmedia":[{"embeddable":true,"href":"https:\/\/www.em.com.br\/emfoco\/wp-json\/wp\/v2\/media\/8229"}],"wp:attachment":[{"href":"https:\/\/www.em.com.br\/emfoco\/wp-json\/wp\/v2\/media?parent=8225"}],"wp:term":[{"taxonomy":"category","embeddable":true,"href":"https:\/\/www.em.com.br\/emfoco\/wp-json\/wp\/v2\/categories?post=8225"},{"taxonomy":"post_tag","embeddable":true,"href":"https:\/\/www.em.com.br\/emfoco\/wp-json\/wp\/v2\/tags?post=8225"}],"curies":[{"name":"wp","href":"https:\/\/api.w.org\/{rel}","templated":true}]}}