{"id":82222,"date":"2025-07-27T20:40:00","date_gmt":"2025-07-27T23:40:00","guid":{"rendered":"https:\/\/www.em.com.br\/emfoco\/?p=82222"},"modified":"2025-07-27T14:07:18","modified_gmt":"2025-07-27T17:07:18","slug":"o-uso-do-celular-esta-causando-cervicalgia-e-fisioterapeutas-ensinam-a-resolver-o-problema","status":"publish","type":"post","link":"https:\/\/www.em.com.br\/emfoco\/2025\/07\/27\/o-uso-do-celular-esta-causando-cervicalgia-e-fisioterapeutas-ensinam-a-resolver-o-problema\/","title":{"rendered":"O uso do celular est\u00e1 causando cervicalgia e fisioterapeutas ensinam a resolver o problema"},"content":{"rendered":"\n<p>No mundo digital de hoje, a sa\u00fade cervical est\u00e1 se tornando cada vez mais importante, especialmente devido ao uso prolongado de smartphones. Muitas pessoas experimentam desconforto na regi\u00e3o do pesco\u00e7o, conhecido como cervicalgia, que est\u00e1 diretamente relacionado aos h\u00e1bitos posturais inadequados vindos do tempo prolongado olhando para a tela dos celulares. Este problema reflete a crescente interse\u00e7\u00e3o entre tecnologia e sa\u00fade f\u00edsica, trazendo \u00e0 tona quest\u00f5es sobre como manter o bem-estar em um ambiente t\u00e3o digitalizado, segundo a <a href=\"https:\/\/clinicaavanttos.com.br\/dor-no-pescoco-por-celular-entenda-e-saiba-o-que-fazer\/\" target=\"_blank\" rel=\"noreferrer noopener\">Cl\u00ednica Avanttos.<\/a><\/p>\n\n\n\n<p>M\u00e9dicos e fisioterapeutas apontam que o uso excessivo dos celulares pode levar a uma carga significativa sobre a coluna cervical. Quando a cabe\u00e7a \u00e9 inclinada para visualizar as telas, o peso percebido pelo pesco\u00e7o pode aumentar dramaticamente, causando n\u00e3o apenas dor, mas tamb\u00e9m rigidez e dificuldades de movimento. Como os dispositivos m\u00f3veis ainda n\u00e3o s\u00e3o projetados ergonomicamente para uso prolongado, a adapta\u00e7\u00e3o do corpo humano a essas tecnologias promissoras apresenta um desafio importante.<\/p>\n\n\n\n<h2 class=\"wp-block-heading\">Como o uso de smartphones pode causar cervicalgia?<\/h2>\n\n\n\n<p>A cervicalgia \u00e9 um termo que designa a dor na regi\u00e3o cervical, ou seja, no pesco\u00e7o. Essa condi\u00e7\u00e3o \u00e9 frequentemente observada entre usu\u00e1rios ass\u00edduos de smartphones devido \u00e0s posturas inadequadas, particularmente a cabe\u00e7a inclinada para frente por longos per\u00edodos. Essa postura imp\u00f5e uma carga elevada sobre a coluna cervical, potencializando desconfortos e tens\u00f5es. Al\u00e9m de dores f\u00edsicas, isso pode afetar a qualidade de vida e at\u00e9 interferir nas atividades di\u00e1rias dos indiv\u00edduos afetados.<\/p>\n\n\n\n<h2 class=\"wp-block-heading\">Quais s\u00e3o os fatores que influenciam a dor no pesco\u00e7o?<\/h2>\n\n\n\n<p>Existem v\u00e1rios fatores que contribuem para o desenvolvimento de dores cervicais relacionadas ao uso de smartphones. Entre eles, destacam-se:<\/p>\n\n\n\n<ul class=\"wp-block-list\">\n<li><strong>Inclina\u00e7\u00e3o da Cabe\u00e7a:<\/strong> A inclina\u00e7\u00e3o frequente da cabe\u00e7a para frente pode aumentar significativamente a carga sobre a coluna cervical.<\/li>\n\n\n\n<li><strong>Tens\u00e3o Muscular:<\/strong> Os m\u00fasculos do pesco\u00e7o e dos ombros necessitam realizar um esfor\u00e7o cont\u00ednuo para manter a cabe\u00e7a posicionada.<\/li>\n\n\n\n<li><strong>Manuten\u00e7\u00e3o Prolongada da Postura:<\/strong> O tempo excessivo em uma mesma posi\u00e7\u00e3o pode diminuir a circula\u00e7\u00e3o sangu\u00ednea e causar fadiga muscular.<\/li>\n\n\n\n<li><strong>Falta de Flexibilidade:<\/strong> A aus\u00eancia de alongamento adequado pode resultar em menor flexibilidade e maiores chances de ocorr\u00eancia de dores.<\/li>\n\n\n\n<li><strong>Fraqueza Muscular:<\/strong> M\u00fasculos fracos s\u00e3o incapazes de sustentar a postura correta, aumentando o risco de desconfortos.<\/li>\n<\/ul>\n\n\n\n<h2 class=\"wp-block-heading\">Como fortalecer a musculatura cervical para evitar dores?<\/h2>\n\n\n\n<p>Adotar programas de fortalecimento muscular pode ser extremamente ben\u00e9fico para quem sofre de cervicalgia. Esses programas focam em aumentar a resist\u00eancia muscular e melhorar a postura durante o uso do celular. Pr\u00e1ticas como exerc\u00edcios de isometria, alongamentos regulares, e fortalecimento do core podem ajudar significativamente. <\/p>\n\n\n\n<p>Exerc\u00edcios isom\u00e9tricos, por exemplo, envolvem aplicar ligeira press\u00e3o da cabe\u00e7a contra a m\u00e3o, enquanto alongamentos ajudam a manter a flexibilidade muscular. O uso de acess\u00f3rios ergon\u00f4micos, como suportes para celular, tamb\u00e9m pode complementar a preven\u00e7\u00e3o.<\/p>\n\n\n<div class=\"wp-block-image\">\n<figure class=\"aligncenter size-large\"><img loading=\"lazy\" decoding=\"async\" width=\"1024\" height=\"576\" src=\"https:\/\/www.em.com.br\/emfoco\/wp-content\/uploads\/2025\/07\/Cervicalgia_1753635977640-1024x576.jpg\" alt=\"O uso do celular est\u00e1 causando cervicalgia e fisioterapeutas ensinam a resolver o problema\" class=\"wp-image-82224\" srcset=\"https:\/\/www.em.com.br\/emfoco\/wp-content\/uploads\/2025\/07\/Cervicalgia_1753635977640-1024x576.jpg 1024w, https:\/\/www.em.com.br\/emfoco\/wp-content\/uploads\/2025\/07\/Cervicalgia_1753635977640-300x169.jpg 300w, https:\/\/www.em.com.br\/emfoco\/wp-content\/uploads\/2025\/07\/Cervicalgia_1753635977640-768x432.jpg 768w, https:\/\/www.em.com.br\/emfoco\/wp-content\/uploads\/2025\/07\/Cervicalgia_1753635977640-750x422.jpg 750w, https:\/\/www.em.com.br\/emfoco\/wp-content\/uploads\/2025\/07\/Cervicalgia_1753635977640-1140x641.jpg 1140w, https:\/\/www.em.com.br\/emfoco\/wp-content\/uploads\/2025\/07\/Cervicalgia_1753635977640.jpg 1280w\" sizes=\"auto, (max-width: 1024px) 100vw, 1024px\" \/><figcaption class=\"wp-element-caption\">Cervicalgia (Cr\u00e9ditos: depositphotos.com \/ IgorVetushko)<\/figcaption><\/figure><\/div>\n\n\n<h2 class=\"wp-block-heading\">Quais pr\u00e1ticas podem prevenir a dor cervical causada pelo celular?<\/h2>\n\n\n\n<p>Pr\u00e1ticas preventivas podem reduzir consideravelmente a incid\u00eancia de dor <a href=\"https:\/\/www.em.com.br\/emfoco\/2025\/07\/26\/dor-de-ombro-pode-esconder-riscos-graves-para-sua-saude\/\" target=\"_blank\" rel=\"noreferrer noopener\">cervical<\/a> relacionada ao uso do celular. Tais pr\u00e1ticas incluem segurar o dispositivo na altura dos olhos para evitar a inclina\u00e7\u00e3o da cabe\u00e7a, fazer pausas frequentes para se alongar, e ajustar a postura ao sentar para garantir apoio adequado das costas. <\/p>\n\n\n\n<p>\u00c9 recomendado tamb\u00e9m alternar o uso do aparelho entre as m\u00e3os e nunca permanecer longos per\u00edodos em uma \u00fanica posi\u00e7\u00e3o. Evitar utilizar o celular em locais desconfort\u00e1veis e buscar ajuda de um profissional ao sentir dores persistentes s\u00e3o recomenda\u00e7\u00f5es importantes.<\/p>\n\n\n\n<h2 class=\"wp-block-heading\">Por que procurar um profissional da sa\u00fade em casos de cervicalgia?<\/h2>\n\n\n\n<p>Embora existam muitas informa\u00e7\u00f5es dispon\u00edveis, a orienta\u00e7\u00e3o de um profissional, como um fisioterapeuta, \u00e9 essencial para um tratamento eficaz. Eles podem fornecer protocolos espec\u00edficos adaptados \u00e0s necessidades individuais, al\u00e9m de orienta\u00e7\u00f5es sobre postura e ergonomia. <\/p>\n\n\n\n<p>Esse acompanhamento minimiza o risco de agravamento das condi\u00e7\u00f5es, promovendo uma recupera\u00e7\u00e3o mais eficaz e segura. Em algumas situa\u00e7\u00f5es, outras especialidades, como ortopedia, podem ser indicadas para diagn\u00f3stico e investiga\u00e7\u00e3o de causas secund\u00e1rias da dor cervical.<\/p>\n\n\n\n<p><\/p>\n","protected":false},"excerpt":{"rendered":"<p>No mundo digital de hoje, a sa\u00fade cervical est\u00e1 se tornando cada vez mais importante, especialmente devido ao uso prolongado de smartphones. Muitas pessoas experimentam desconforto na regi\u00e3o do pesco\u00e7o, conhecido como cervicalgia, que est\u00e1 diretamente relacionado aos h\u00e1bitos posturais inadequados vindos do tempo prolongado olhando para a tela dos celulares. Este problema reflete a [&hellip;]<\/p>\n","protected":false},"author":10,"featured_media":82223,"comment_status":"open","ping_status":"open","sticky":false,"template":"","format":"standard","meta":{"jnews-multi-image_gallery":[],"jnews_single_post":{"format":"standard"},"jnews_primary_category":[],"jnews_social_meta":[],"jnews_override_counter":[],"footnotes":""},"categories":[9053],"tags":[2580,12940,7725,415],"class_list":["post-82222","post","type-post","status-publish","format-standard","has-post-thumbnail","hentry","category-saude","tag-celular","tag-cervicalgia","tag-pescoco","tag-saude"],"yoast_head":"<!-- This site is optimized with the Yoast SEO plugin v23.8 - https:\/\/yoast.com\/wordpress\/plugins\/seo\/ -->\n<title>O uso do celular est\u00e1 causando cervicalgia e fisioterapeutas ensinam a resolver o problema - Estado de Minas - Em foco<\/title>\n<meta name=\"description\" content=\"O uso do celular pode causar cervicalgia sem que voc\u00ea perceba. Descubra dicas pr\u00e1ticas para proteger sua sa\u00fade e evitar dores no pesco\u00e7o\" \/>\n<meta name=\"robots\" content=\"index, follow, max-snippet:-1, max-image-preview:large, max-video-preview:-1\" \/>\n<link rel=\"canonical\" href=\"https:\/\/www.em.com.br\/emfoco\/2025\/07\/27\/o-uso-do-celular-esta-causando-cervicalgia-e-fisioterapeutas-ensinam-a-resolver-o-problema\/\" \/>\n<meta property=\"og:locale\" content=\"pt_BR\" \/>\n<meta property=\"og:type\" content=\"article\" \/>\n<meta property=\"og:title\" content=\"O uso do celular est\u00e1 causando cervicalgia e fisioterapeutas ensinam a resolver o problema - Estado de Minas - Em foco\" \/>\n<meta property=\"og:description\" content=\"O uso do celular pode causar cervicalgia sem que voc\u00ea perceba. Descubra dicas pr\u00e1ticas para proteger sua sa\u00fade e evitar dores no pesco\u00e7o\" \/>\n<meta property=\"og:url\" content=\"https:\/\/www.em.com.br\/emfoco\/2025\/07\/27\/o-uso-do-celular-esta-causando-cervicalgia-e-fisioterapeutas-ensinam-a-resolver-o-problema\/\" \/>\n<meta property=\"og:site_name\" content=\"Estado de Minas - Em foco\" \/>\n<meta property=\"article:published_time\" content=\"2025-07-27T23:40:00+00:00\" \/>\n<meta property=\"article:modified_time\" content=\"2025-07-27T17:07:18+00:00\" \/>\n<meta property=\"og:image\" content=\"https:\/\/www.em.com.br\/emfoco\/wp-content\/uploads\/2025\/07\/Cervicalgia_1753635854513.jpg\" \/>\n\t<meta property=\"og:image:width\" content=\"1280\" \/>\n\t<meta property=\"og:image:height\" content=\"720\" \/>\n\t<meta property=\"og:image:type\" content=\"image\/jpeg\" \/>\n<meta name=\"author\" content=\"Patryck Reinehr\" \/>\n<meta name=\"twitter:card\" content=\"summary_large_image\" \/>\n<meta name=\"twitter:label1\" content=\"Escrito por\" \/>\n\t<meta name=\"twitter:data1\" content=\"Patryck Reinehr\" \/>\n\t<meta name=\"twitter:label2\" content=\"Est. tempo de leitura\" \/>\n\t<meta name=\"twitter:data2\" content=\"4 minutos\" \/>\n<!-- \/ Yoast SEO plugin. -->","yoast_head_json":{"title":"O uso do celular est\u00e1 causando cervicalgia e fisioterapeutas ensinam a resolver o problema - Estado de Minas - Em foco","description":"O uso do celular pode causar cervicalgia sem que voc\u00ea perceba. Descubra dicas pr\u00e1ticas para proteger sua sa\u00fade e evitar dores no pesco\u00e7o","robots":{"index":"index","follow":"follow","max-snippet":"max-snippet:-1","max-image-preview":"max-image-preview:large","max-video-preview":"max-video-preview:-1"},"canonical":"https:\/\/www.em.com.br\/emfoco\/2025\/07\/27\/o-uso-do-celular-esta-causando-cervicalgia-e-fisioterapeutas-ensinam-a-resolver-o-problema\/","og_locale":"pt_BR","og_type":"article","og_title":"O uso do celular est\u00e1 causando cervicalgia e fisioterapeutas ensinam a resolver o problema - Estado de Minas - Em foco","og_description":"O uso do celular pode causar cervicalgia sem que voc\u00ea perceba. Descubra dicas pr\u00e1ticas para proteger sua sa\u00fade e evitar dores no pesco\u00e7o","og_url":"https:\/\/www.em.com.br\/emfoco\/2025\/07\/27\/o-uso-do-celular-esta-causando-cervicalgia-e-fisioterapeutas-ensinam-a-resolver-o-problema\/","og_site_name":"Estado de Minas - Em foco","article_published_time":"2025-07-27T23:40:00+00:00","article_modified_time":"2025-07-27T17:07:18+00:00","og_image":[{"width":1280,"height":720,"url":"https:\/\/www.em.com.br\/emfoco\/wp-content\/uploads\/2025\/07\/Cervicalgia_1753635854513.jpg","type":"image\/jpeg"}],"author":"Patryck Reinehr","twitter_card":"summary_large_image","twitter_misc":{"Escrito por":"Patryck Reinehr","Est. tempo de leitura":"4 minutos"},"schema":{"@context":"https:\/\/schema.org","@graph":[{"@type":"WebPage","@id":"https:\/\/www.em.com.br\/emfoco\/2025\/07\/27\/o-uso-do-celular-esta-causando-cervicalgia-e-fisioterapeutas-ensinam-a-resolver-o-problema\/","url":"https:\/\/www.em.com.br\/emfoco\/2025\/07\/27\/o-uso-do-celular-esta-causando-cervicalgia-e-fisioterapeutas-ensinam-a-resolver-o-problema\/","name":"O uso do celular est\u00e1 causando cervicalgia e fisioterapeutas ensinam a resolver o problema - Estado de Minas - Em foco","isPartOf":{"@id":"https:\/\/www.em.com.br\/emfoco\/#website"},"primaryImageOfPage":{"@id":"https:\/\/www.em.com.br\/emfoco\/2025\/07\/27\/o-uso-do-celular-esta-causando-cervicalgia-e-fisioterapeutas-ensinam-a-resolver-o-problema\/#primaryimage"},"image":{"@id":"https:\/\/www.em.com.br\/emfoco\/2025\/07\/27\/o-uso-do-celular-esta-causando-cervicalgia-e-fisioterapeutas-ensinam-a-resolver-o-problema\/#primaryimage"},"thumbnailUrl":"https:\/\/www.em.com.br\/emfoco\/wp-content\/uploads\/2025\/07\/Cervicalgia_1753635854513.jpg","datePublished":"2025-07-27T23:40:00+00:00","dateModified":"2025-07-27T17:07:18+00:00","author":{"@id":"https:\/\/www.em.com.br\/emfoco\/#\/schema\/person\/43407752bebcbbb4d0ec79deedc0d7ce"},"description":"O uso do celular pode causar cervicalgia sem que voc\u00ea perceba. Descubra dicas pr\u00e1ticas para proteger sua sa\u00fade e evitar dores no pesco\u00e7o","breadcrumb":{"@id":"https:\/\/www.em.com.br\/emfoco\/2025\/07\/27\/o-uso-do-celular-esta-causando-cervicalgia-e-fisioterapeutas-ensinam-a-resolver-o-problema\/#breadcrumb"},"inLanguage":"pt-BR","potentialAction":[{"@type":"ReadAction","target":["https:\/\/www.em.com.br\/emfoco\/2025\/07\/27\/o-uso-do-celular-esta-causando-cervicalgia-e-fisioterapeutas-ensinam-a-resolver-o-problema\/"]}]},{"@type":"ImageObject","inLanguage":"pt-BR","@id":"https:\/\/www.em.com.br\/emfoco\/2025\/07\/27\/o-uso-do-celular-esta-causando-cervicalgia-e-fisioterapeutas-ensinam-a-resolver-o-problema\/#primaryimage","url":"https:\/\/www.em.com.br\/emfoco\/wp-content\/uploads\/2025\/07\/Cervicalgia_1753635854513.jpg","contentUrl":"https:\/\/www.em.com.br\/emfoco\/wp-content\/uploads\/2025\/07\/Cervicalgia_1753635854513.jpg","width":1280,"height":720,"caption":"Cervicalgia (Cr\u00e9ditos: depositphotos.com \/ IgorVetushko)"},{"@type":"BreadcrumbList","@id":"https:\/\/www.em.com.br\/emfoco\/2025\/07\/27\/o-uso-do-celular-esta-causando-cervicalgia-e-fisioterapeutas-ensinam-a-resolver-o-problema\/#breadcrumb","itemListElement":[{"@type":"ListItem","position":1,"name":"In\u00edcio","item":"https:\/\/www.em.com.br\/emfoco\/"},{"@type":"ListItem","position":2,"name":"O uso do celular est\u00e1 causando cervicalgia e fisioterapeutas ensinam a resolver o problema"}]},{"@type":"WebSite","@id":"https:\/\/www.em.com.br\/emfoco\/#website","url":"https:\/\/www.em.com.br\/emfoco\/","name":"Estado de Minas - Em foco","description":"Acompanhe as \u00faltimas not\u00edcias e fique bem informado sobre tudo o que acontece em Minas Gerais, Brasil e no mundo.","potentialAction":[{"@type":"SearchAction","target":{"@type":"EntryPoint","urlTemplate":"https:\/\/www.em.com.br\/emfoco\/?s={search_term_string}"},"query-input":{"@type":"PropertyValueSpecification","valueRequired":true,"valueName":"search_term_string"}}],"inLanguage":"pt-BR"},{"@type":"Person","@id":"https:\/\/www.em.com.br\/emfoco\/#\/schema\/person\/43407752bebcbbb4d0ec79deedc0d7ce","name":"Patryck Reinehr","image":{"@type":"ImageObject","inLanguage":"pt-BR","@id":"https:\/\/www.em.com.br\/emfoco\/#\/schema\/person\/image\/","url":"https:\/\/secure.gravatar.com\/avatar\/570c7fb2898c0e2df0823196891bea88?s=96&d=mm&r=g","contentUrl":"https:\/\/secure.gravatar.com\/avatar\/570c7fb2898c0e2df0823196891bea88?s=96&d=mm&r=g","caption":"Patryck Reinehr"},"url":"https:\/\/www.em.com.br\/emfoco\/author\/patryckmyth\/"}]}},"_links":{"self":[{"href":"https:\/\/www.em.com.br\/emfoco\/wp-json\/wp\/v2\/posts\/82222","targetHints":{"allow":["GET"]}}],"collection":[{"href":"https:\/\/www.em.com.br\/emfoco\/wp-json\/wp\/v2\/posts"}],"about":[{"href":"https:\/\/www.em.com.br\/emfoco\/wp-json\/wp\/v2\/types\/post"}],"author":[{"embeddable":true,"href":"https:\/\/www.em.com.br\/emfoco\/wp-json\/wp\/v2\/users\/10"}],"replies":[{"embeddable":true,"href":"https:\/\/www.em.com.br\/emfoco\/wp-json\/wp\/v2\/comments?post=82222"}],"version-history":[{"count":1,"href":"https:\/\/www.em.com.br\/emfoco\/wp-json\/wp\/v2\/posts\/82222\/revisions"}],"predecessor-version":[{"id":82226,"href":"https:\/\/www.em.com.br\/emfoco\/wp-json\/wp\/v2\/posts\/82222\/revisions\/82226"}],"wp:featuredmedia":[{"embeddable":true,"href":"https:\/\/www.em.com.br\/emfoco\/wp-json\/wp\/v2\/media\/82223"}],"wp:attachment":[{"href":"https:\/\/www.em.com.br\/emfoco\/wp-json\/wp\/v2\/media?parent=82222"}],"wp:term":[{"taxonomy":"category","embeddable":true,"href":"https:\/\/www.em.com.br\/emfoco\/wp-json\/wp\/v2\/categories?post=82222"},{"taxonomy":"post_tag","embeddable":true,"href":"https:\/\/www.em.com.br\/emfoco\/wp-json\/wp\/v2\/tags?post=82222"}],"curies":[{"name":"wp","href":"https:\/\/api.w.org\/{rel}","templated":true}]}}