{"id":82216,"date":"2025-07-27T19:50:00","date_gmt":"2025-07-27T22:50:00","guid":{"rendered":"https:\/\/www.em.com.br\/emfoco\/?p=82216"},"modified":"2025-07-27T14:03:22","modified_gmt":"2025-07-27T17:03:22","slug":"a-cidade-mais-surpreendente-para-viver-estudar-e-empreender-no-brasil","status":"publish","type":"post","link":"https:\/\/www.em.com.br\/emfoco\/2025\/07\/27\/a-cidade-mais-surpreendente-para-viver-estudar-e-empreender-no-brasil\/","title":{"rendered":"A cidade mais surpreendente para viver, estudar e empreender no Brasil"},"content":{"rendered":"\n<p><strong>Fortaleza<\/strong>, situada no cora\u00e7\u00e3o da costa <a href=\"https:\/\/www.em.com.br\/emfoco\/2025\/07\/26\/cidade-nordestina-conquista-turistas-com-cultura-e-sabores-marcantes\/\" target=\"_blank\" rel=\"noreferrer noopener\">nordeste<\/a> do <strong>Brasil<\/strong>, emerge como uma das cidades mais din\u00e2micas e encantadoras do pa\u00eds. Com mais de 2,7 milh\u00f5es de habitantes, Fortaleza n\u00e3o apenas se destaca por suas deslumbrantes praias, mas tamb\u00e9m por sua infraestrutura em r\u00e1pido desenvolvimento e uma cena cultural efervescente. Nos \u00faltimos anos, a cidade tem experimentado um crescimento populacional constante, que caminha lado a lado com uma expans\u00e3o urbana cuidadosamente planejada, segundo o site <a href=\"https:\/\/revistaanamaria.com.br\/cidades\/o-destino-nordestino-que-virou-sinonimo-de-qualidade-de-vida-e-inovacao\/\" target=\"_blank\" rel=\"noreferrer noopener\">Revista Ana Maria.<\/a><\/p>\n\n\n\n<p>As autoridades locais t\u00eam se empenhado em melhorar a infraestrutura de Fortaleza para enfrentar os desafios de uma metr\u00f3pole em ascens\u00e3o. A cidade colhe os frutos de suas iniciativas em sustentabilidade, como investimentos em energia renov\u00e1vel e sistemas de transporte p\u00fablico eficientes. Essa busca por equil\u00edbrio entre progresso econ\u00f4mico e preserva\u00e7\u00e3o ambiental destaca Fortaleza em estudos recentes de desenvolvimento sustent\u00e1vel.<\/p>\n\n\n\n<h2 class=\"wp-block-heading\">A hist\u00f3ria e a cultura de Fortaleza<\/h2>\n\n\n\n<p>A hist\u00f3ria de Fortaleza tem suas ra\u00edzes no s\u00e9culo XVII, originando-se com o Forte Schoonenborch, constru\u00eddo pelos portugueses. Desde ent\u00e3o, a cidade se transformou em um importante centro cultural, conhecido por festividades tradicionais como o Carnaval e o S\u00e3o Jo\u00e3o, que atraem multid\u00f5es anualmente. A m\u00fasica, especialmente o forr\u00f3 e outras express\u00f5es populares brasileiras, desempenha um papel central na identidade cultural local.<\/p>\n\n\n\n<p>Fortaleza n\u00e3o s\u00f3 preserva, mas tamb\u00e9m revitaliza sua heran\u00e7a cultural atrav\u00e9s de projetos inovadores. O Centro Drag\u00e3o do Mar de Arte e Cultura representa essa valoriza\u00e7\u00e3o, com uma programa\u00e7\u00e3o que varia de exposi\u00e7\u00f5es de arte a apresenta\u00e7\u00f5es teatrais e musicais. Al\u00e9m disso, os museus e galerias da cidade oferecem um mergulho na rica hist\u00f3ria desde a \u00e9poca colonial at\u00e9 os dias atuais.<\/p>\n\n\n\n<h2 class=\"wp-block-heading\">Qualidade de vida na cidade: uma an\u00e1lise detalhada<\/h2>\n\n\n\n<p>Fortaleza tem investido de forma expressiva em infraestrutura e servi\u00e7os para elevar a qualidade de vida dos seus habitantes. A cidade oferece um leque abrangente de servi\u00e7os de sa\u00fade, educa\u00e7\u00e3o e transporte p\u00fablico, com \u00eanfase em projetos sustent\u00e1veis. Recentemente, foi reconhecida como uma cidade com potencial expressivo de crescimento no nordeste do Brasil, incorporando tanto \u00e1reas verdes quanto oportunidades de lazer em seu planejamento urbano.<\/p>\n\n\n\n<p>Os esfor\u00e7os para melhorar a qualidade de vida tamb\u00e9m se refletem em projetos sociais inovadores que visam a inclus\u00e3o e o bem-estar das comunidades mais vulner\u00e1veis, destacando o compromisso da cidade com um desenvolvimento urbano sustent\u00e1vel e inclusivo.<\/p>\n\n\n<div class=\"wp-block-image\">\n<figure class=\"aligncenter size-large\"><img loading=\"lazy\" decoding=\"async\" width=\"1024\" height=\"576\" src=\"https:\/\/www.em.com.br\/emfoco\/wp-content\/uploads\/2025\/07\/fortaleza_1753635719313-1024x576.jpg\" alt=\"A cidade mais surpreendente para viver, estudar e empreender no Brasil\" class=\"wp-image-82219\" srcset=\"https:\/\/www.em.com.br\/emfoco\/wp-content\/uploads\/2025\/07\/fortaleza_1753635719313-1024x576.jpg 1024w, https:\/\/www.em.com.br\/emfoco\/wp-content\/uploads\/2025\/07\/fortaleza_1753635719313-300x169.jpg 300w, https:\/\/www.em.com.br\/emfoco\/wp-content\/uploads\/2025\/07\/fortaleza_1753635719313-768x432.jpg 768w, https:\/\/www.em.com.br\/emfoco\/wp-content\/uploads\/2025\/07\/fortaleza_1753635719313-750x422.jpg 750w, https:\/\/www.em.com.br\/emfoco\/wp-content\/uploads\/2025\/07\/fortaleza_1753635719313-1140x641.jpg 1140w, https:\/\/www.em.com.br\/emfoco\/wp-content\/uploads\/2025\/07\/fortaleza_1753635719313.jpg 1280w\" sizes=\"auto, (max-width: 1024px) 100vw, 1024px\" \/><figcaption class=\"wp-element-caption\">Fortaleza (Cr\u00e9ditos: depositphotos.com \/ moviafilmes)<\/figcaption><\/figure><\/div>\n\n\n<h2 class=\"wp-block-heading\">Que fatores tornam a educa\u00e7\u00e3o em Fortaleza exemplar?<\/h2>\n\n\n\n<p>A educa\u00e7\u00e3o em Fortaleza \u00e9 considerada uma prioridade, o que se reflete na presen\u00e7a de institui\u00e7\u00f5es renomadas como a Universidade Federal do Cear\u00e1 (UFC) e a Universidade de Fortaleza (Unifor). Estas universidades oferecem programas de qualifica\u00e7\u00e3o profissional reconhecidos nacionalmente, atraindo estudantes de todo o Brasil \u00e0 procura de excel\u00eancia acad\u00eamica.<\/p>\n\n\n\n<p>Fortaleza tamb\u00e9m tem focado na amplia\u00e7\u00e3o de cursos t\u00e9cnicos e superiores em \u00e1reas estrat\u00e9gicas do mercado de trabalho. O estreito v\u00ednculo entre o setor acad\u00eamico e a ind\u00fastria local tem sido catalisador de inova\u00e7\u00f5es importantes, consolidando a cidade como um centro educacional de refer\u00eancia no nordeste brasileiro.<\/p>\n\n\n\n<h2 class=\"wp-block-heading\">O panorama do turismo em Fortaleza<\/h2>\n\n\n\n<p>O turismo representa uma das principais atividades econ\u00f4micas de Fortaleza, destacando suas praias ic\u00f4nicas como a Praia do Futuro e a Praia de Iracema. Al\u00e9m das belezas naturais, a cidade oferece atra\u00e7\u00f5es como o Beach Park, um dos maiores parques aqu\u00e1ticos da Am\u00e9rica Latina, e o j\u00e1 mencionado Centro Drag\u00e3o do Mar de Arte e Cultura.<\/p>\n\n\n\n<p>Nos \u00faltimos anos, Fortaleza tem ampliado seu leque tur\u00edstico, incorporando o ecoturismo e roteiros de aventura em suas ofertas. A cidade tamb\u00e9m tem investido em infraestrutura hoteleira e capacita\u00e7\u00e3o profissional, consolidando-se cada vez mais como um destino tur\u00edstico completo e acolhedor.<\/p>\n\n\n\n<h2 class=\"wp-block-heading\">Por que a cidade \u00e9 vista como um polo de oportunidades?<\/h2>\n\n\n\n<p>Com uma economia diversificada que abrange com\u00e9rcio, servi\u00e7os, turismo e ind\u00fastria, Fortaleza desponta como um polo de oportunidades. Investimentos significativos em infraestrutura, como a expans\u00e3o do Porto do Pec\u00e9m e a moderniza\u00e7\u00e3o do Aeroporto Internacional Pinto Martins, t\u00eam impulsionado o crescimento econ\u00f4mico local.<\/p>\n\n\n\n<p>Fortaleza tamb\u00e9m tem se afirmado como um ambiente vibrante para startups e empresas de tecnologia, atraindo investimentos internacionais interessados em explorar seu potencial log\u00edstico e de mercado. Com iniciativas de apoio a pequenas e m\u00e9dias empresas, a cidade garante um desenvolvimento inclusivo e sustent\u00e1vel, tornando-se um verdadeiro \u00edm\u00e3 para talentos e empreendedores de v\u00e1rias partes do globo.<\/p>\n","protected":false},"excerpt":{"rendered":"<p>Fortaleza, situada no cora\u00e7\u00e3o da costa nordeste do Brasil, emerge como uma das cidades mais din\u00e2micas e encantadoras do pa\u00eds. Com mais de 2,7 milh\u00f5es de habitantes, Fortaleza n\u00e3o apenas se destaca por suas deslumbrantes praias, mas tamb\u00e9m por sua infraestrutura em r\u00e1pido desenvolvimento e uma cena cultural efervescente. Nos \u00faltimos anos, a cidade tem [&hellip;]<\/p>\n","protected":false},"author":10,"featured_media":82218,"comment_status":"open","ping_status":"open","sticky":false,"template":"","format":"standard","meta":{"jnews-multi-image_gallery":[],"jnews_single_post":{"format":"standard"},"jnews_primary_category":[],"jnews_social_meta":[],"jnews_override_counter":[],"footnotes":""},"categories":[26],"tags":[158,11179,1189,1184],"class_list":["post-82216","post","type-post","status-publish","format-standard","has-post-thumbnail","hentry","category-cidades","tag-brasil","tag-cidade-2","tag-fortaleza","tag-nordeste"],"yoast_head":"<!-- This site is optimized with the Yoast SEO plugin v23.8 - https:\/\/yoast.com\/wordpress\/plugins\/seo\/ -->\n<title>A cidade mais surpreendente para viver, estudar e empreender no Brasil - Estado de Minas - Em foco<\/title>\n<meta name=\"description\" content=\"Viva o melhor do Nordeste em Fortaleza: uma cidade que une lazer, progresso e infraestrutura moderna! Veja seus segredos.\" \/>\n<meta name=\"robots\" content=\"index, follow, max-snippet:-1, max-image-preview:large, max-video-preview:-1\" \/>\n<link rel=\"canonical\" href=\"https:\/\/www.em.com.br\/emfoco\/2025\/07\/27\/a-cidade-mais-surpreendente-para-viver-estudar-e-empreender-no-brasil\/\" \/>\n<meta property=\"og:locale\" content=\"pt_BR\" \/>\n<meta property=\"og:type\" content=\"article\" \/>\n<meta property=\"og:title\" content=\"A cidade mais surpreendente para viver, estudar e empreender no Brasil - Estado de Minas - Em foco\" \/>\n<meta property=\"og:description\" content=\"Viva o melhor do Nordeste em Fortaleza: uma cidade que une lazer, progresso e infraestrutura moderna! Veja seus segredos.\" \/>\n<meta property=\"og:url\" content=\"https:\/\/www.em.com.br\/emfoco\/2025\/07\/27\/a-cidade-mais-surpreendente-para-viver-estudar-e-empreender-no-brasil\/\" \/>\n<meta property=\"og:site_name\" content=\"Estado de Minas - Em foco\" \/>\n<meta property=\"article:published_time\" content=\"2025-07-27T22:50:00+00:00\" \/>\n<meta property=\"article:modified_time\" content=\"2025-07-27T17:03:22+00:00\" \/>\n<meta property=\"og:image\" content=\"https:\/\/www.em.com.br\/emfoco\/wp-content\/uploads\/2025\/07\/fortaleza_1753635627600.jpg\" \/>\n\t<meta property=\"og:image:width\" content=\"1280\" \/>\n\t<meta property=\"og:image:height\" content=\"720\" \/>\n\t<meta property=\"og:image:type\" content=\"image\/jpeg\" \/>\n<meta name=\"author\" content=\"Patryck Reinehr\" \/>\n<meta name=\"twitter:card\" content=\"summary_large_image\" \/>\n<meta name=\"twitter:label1\" content=\"Escrito por\" \/>\n\t<meta name=\"twitter:data1\" content=\"Patryck Reinehr\" \/>\n\t<meta name=\"twitter:label2\" content=\"Est. tempo de leitura\" \/>\n\t<meta name=\"twitter:data2\" content=\"5 minutos\" \/>\n<!-- \/ Yoast SEO plugin. -->","yoast_head_json":{"title":"A cidade mais surpreendente para viver, estudar e empreender no Brasil - Estado de Minas - Em foco","description":"Viva o melhor do Nordeste em Fortaleza: uma cidade que une lazer, progresso e infraestrutura moderna! Veja seus segredos.","robots":{"index":"index","follow":"follow","max-snippet":"max-snippet:-1","max-image-preview":"max-image-preview:large","max-video-preview":"max-video-preview:-1"},"canonical":"https:\/\/www.em.com.br\/emfoco\/2025\/07\/27\/a-cidade-mais-surpreendente-para-viver-estudar-e-empreender-no-brasil\/","og_locale":"pt_BR","og_type":"article","og_title":"A cidade mais surpreendente para viver, estudar e empreender no Brasil - Estado de Minas - Em foco","og_description":"Viva o melhor do Nordeste em Fortaleza: uma cidade que une lazer, progresso e infraestrutura moderna! Veja seus segredos.","og_url":"https:\/\/www.em.com.br\/emfoco\/2025\/07\/27\/a-cidade-mais-surpreendente-para-viver-estudar-e-empreender-no-brasil\/","og_site_name":"Estado de Minas - Em foco","article_published_time":"2025-07-27T22:50:00+00:00","article_modified_time":"2025-07-27T17:03:22+00:00","og_image":[{"width":1280,"height":720,"url":"https:\/\/www.em.com.br\/emfoco\/wp-content\/uploads\/2025\/07\/fortaleza_1753635627600.jpg","type":"image\/jpeg"}],"author":"Patryck Reinehr","twitter_card":"summary_large_image","twitter_misc":{"Escrito por":"Patryck Reinehr","Est. tempo de leitura":"5 minutos"},"schema":{"@context":"https:\/\/schema.org","@graph":[{"@type":"WebPage","@id":"https:\/\/www.em.com.br\/emfoco\/2025\/07\/27\/a-cidade-mais-surpreendente-para-viver-estudar-e-empreender-no-brasil\/","url":"https:\/\/www.em.com.br\/emfoco\/2025\/07\/27\/a-cidade-mais-surpreendente-para-viver-estudar-e-empreender-no-brasil\/","name":"A cidade mais surpreendente para viver, estudar e empreender no Brasil - Estado de Minas - Em foco","isPartOf":{"@id":"https:\/\/www.em.com.br\/emfoco\/#website"},"primaryImageOfPage":{"@id":"https:\/\/www.em.com.br\/emfoco\/2025\/07\/27\/a-cidade-mais-surpreendente-para-viver-estudar-e-empreender-no-brasil\/#primaryimage"},"image":{"@id":"https:\/\/www.em.com.br\/emfoco\/2025\/07\/27\/a-cidade-mais-surpreendente-para-viver-estudar-e-empreender-no-brasil\/#primaryimage"},"thumbnailUrl":"https:\/\/www.em.com.br\/emfoco\/wp-content\/uploads\/2025\/07\/fortaleza_1753635627600.jpg","datePublished":"2025-07-27T22:50:00+00:00","dateModified":"2025-07-27T17:03:22+00:00","author":{"@id":"https:\/\/www.em.com.br\/emfoco\/#\/schema\/person\/43407752bebcbbb4d0ec79deedc0d7ce"},"description":"Viva o melhor do Nordeste em Fortaleza: uma cidade que une lazer, progresso e infraestrutura moderna! Veja seus segredos.","breadcrumb":{"@id":"https:\/\/www.em.com.br\/emfoco\/2025\/07\/27\/a-cidade-mais-surpreendente-para-viver-estudar-e-empreender-no-brasil\/#breadcrumb"},"inLanguage":"pt-BR","potentialAction":[{"@type":"ReadAction","target":["https:\/\/www.em.com.br\/emfoco\/2025\/07\/27\/a-cidade-mais-surpreendente-para-viver-estudar-e-empreender-no-brasil\/"]}]},{"@type":"ImageObject","inLanguage":"pt-BR","@id":"https:\/\/www.em.com.br\/emfoco\/2025\/07\/27\/a-cidade-mais-surpreendente-para-viver-estudar-e-empreender-no-brasil\/#primaryimage","url":"https:\/\/www.em.com.br\/emfoco\/wp-content\/uploads\/2025\/07\/fortaleza_1753635627600.jpg","contentUrl":"https:\/\/www.em.com.br\/emfoco\/wp-content\/uploads\/2025\/07\/fortaleza_1753635627600.jpg","width":1280,"height":720,"caption":"Fortaleza (Cr\u00e9ditos: depositphotos.com \/ Ranimiro)"},{"@type":"BreadcrumbList","@id":"https:\/\/www.em.com.br\/emfoco\/2025\/07\/27\/a-cidade-mais-surpreendente-para-viver-estudar-e-empreender-no-brasil\/#breadcrumb","itemListElement":[{"@type":"ListItem","position":1,"name":"In\u00edcio","item":"https:\/\/www.em.com.br\/emfoco\/"},{"@type":"ListItem","position":2,"name":"A cidade mais surpreendente para viver, estudar e empreender no Brasil"}]},{"@type":"WebSite","@id":"https:\/\/www.em.com.br\/emfoco\/#website","url":"https:\/\/www.em.com.br\/emfoco\/","name":"Estado de Minas - Em foco","description":"Acompanhe as \u00faltimas not\u00edcias e fique bem informado sobre tudo o que acontece em Minas Gerais, Brasil e no mundo.","potentialAction":[{"@type":"SearchAction","target":{"@type":"EntryPoint","urlTemplate":"https:\/\/www.em.com.br\/emfoco\/?s={search_term_string}"},"query-input":{"@type":"PropertyValueSpecification","valueRequired":true,"valueName":"search_term_string"}}],"inLanguage":"pt-BR"},{"@type":"Person","@id":"https:\/\/www.em.com.br\/emfoco\/#\/schema\/person\/43407752bebcbbb4d0ec79deedc0d7ce","name":"Patryck Reinehr","image":{"@type":"ImageObject","inLanguage":"pt-BR","@id":"https:\/\/www.em.com.br\/emfoco\/#\/schema\/person\/image\/","url":"https:\/\/secure.gravatar.com\/avatar\/570c7fb2898c0e2df0823196891bea88?s=96&d=mm&r=g","contentUrl":"https:\/\/secure.gravatar.com\/avatar\/570c7fb2898c0e2df0823196891bea88?s=96&d=mm&r=g","caption":"Patryck Reinehr"},"url":"https:\/\/www.em.com.br\/emfoco\/author\/patryckmyth\/"}]}},"_links":{"self":[{"href":"https:\/\/www.em.com.br\/emfoco\/wp-json\/wp\/v2\/posts\/82216","targetHints":{"allow":["GET"]}}],"collection":[{"href":"https:\/\/www.em.com.br\/emfoco\/wp-json\/wp\/v2\/posts"}],"about":[{"href":"https:\/\/www.em.com.br\/emfoco\/wp-json\/wp\/v2\/types\/post"}],"author":[{"embeddable":true,"href":"https:\/\/www.em.com.br\/emfoco\/wp-json\/wp\/v2\/users\/10"}],"replies":[{"embeddable":true,"href":"https:\/\/www.em.com.br\/emfoco\/wp-json\/wp\/v2\/comments?post=82216"}],"version-history":[{"count":1,"href":"https:\/\/www.em.com.br\/emfoco\/wp-json\/wp\/v2\/posts\/82216\/revisions"}],"predecessor-version":[{"id":82221,"href":"https:\/\/www.em.com.br\/emfoco\/wp-json\/wp\/v2\/posts\/82216\/revisions\/82221"}],"wp:featuredmedia":[{"embeddable":true,"href":"https:\/\/www.em.com.br\/emfoco\/wp-json\/wp\/v2\/media\/82218"}],"wp:attachment":[{"href":"https:\/\/www.em.com.br\/emfoco\/wp-json\/wp\/v2\/media?parent=82216"}],"wp:term":[{"taxonomy":"category","embeddable":true,"href":"https:\/\/www.em.com.br\/emfoco\/wp-json\/wp\/v2\/categories?post=82216"},{"taxonomy":"post_tag","embeddable":true,"href":"https:\/\/www.em.com.br\/emfoco\/wp-json\/wp\/v2\/tags?post=82216"}],"curies":[{"name":"wp","href":"https:\/\/api.w.org\/{rel}","templated":true}]}}