{"id":82184,"date":"2025-07-29T07:08:00","date_gmt":"2025-07-29T10:08:00","guid":{"rendered":"https:\/\/www.em.com.br\/emfoco\/?p=82184"},"modified":"2025-07-27T14:25:42","modified_gmt":"2025-07-27T17:25:42","slug":"pode-nao-parecer-mas-deixar-seu-carro-assim-por-dias-pode-ser-prejudicial","status":"publish","type":"post","link":"https:\/\/www.em.com.br\/emfoco\/2025\/07\/29\/pode-nao-parecer-mas-deixar-seu-carro-assim-por-dias-pode-ser-prejudicial\/","title":{"rendered":"Pode n\u00e3o parecer, mas deixar seu carro assim por dias pode ser prejudicial"},"content":{"rendered":"\n<p>Pode parecer estranho, mas no Brasil, deixar o carro estacionado na rua por muito tempo \u2014 mesmo que legalizado e sem atrapalhar o tr\u00e2nsito \u2014 <strong>pode resultar em remo\u00e7\u00e3o e multa<\/strong>. Isso acontece quando o ve\u00edculo \u00e9 considerado <strong>\u201c<a href=\"https:\/\/www.ctbdigital.com.br\/artigo\/art279\" target=\"_blank\" rel=\"noreferrer noopener\">em estado de abandono<\/a>\u201d<\/strong>, de acordo com leis municipais e o C\u00f3digo de Tr\u00e2nsito Brasileiro (<a href=\"https:\/\/www.ctbdigital.com.br\/\" target=\"_blank\" rel=\"noreferrer noopener\">CTB<\/a>).<\/p>\n\n\n\n<p>Muitos motoristas acreditam que, ao estacionar em uma \u00e1rea p\u00fablica e gratuita, n\u00e3o h\u00e1 riscos. Mas <strong>se o carro permanecer parado no mesmo local por mais de 30 dias<\/strong>, no entanto, h\u00e1 cidades onde basta 5 dias para caracterizar abandono (caso de S\u00e3o Paulo)<a href=\"https:\/\/prefeitura.sp.gov.br\/web\/butanta\/w\/noticias\/138835\" target=\"_blank\" rel=\"noreferrer noopener\"><\/a>\u00a0e outras onde o prazo pode ser de 15 a 30, ou at\u00e9 90 dias, desde que haja mau estado ou den\u00fancia formal, ele pode ser rebocado pelas autoridades, especialmente se apresentar sinais de abandono, como sujeira acumulada, pneus murchos ou aus\u00eancia de placas.<\/p>\n\n\n\n<h2 class=\"wp-block-heading\">O que acontece se o carro for removido pela prefeitura?<\/h2>\n\n\n\n<p>Se o carro for considerado abandonado, o munic\u00edpio pode realizar a remo\u00e7\u00e3o e lev\u00e1-lo para um p\u00e1tio. Veja os custos comuns:<\/p>\n\n\n\n<ul class=\"wp-block-list\">\n<li><strong>Taxa de guincho:<\/strong> varia conforme a cidade, mas pode ultrapassar R$\u00a0130,16;<\/li>\n\n\n\n<li><strong>Di\u00e1ria do p\u00e1tio:<\/strong> varia conforme a cidade;<\/li>\n\n\n\n<li><strong>Multa por infra\u00e7\u00e3o:<\/strong> em m\u00e9dia, R$ 130 + 4 pontos na CNH.<\/li>\n<\/ul>\n\n\n\n<p>Se n\u00e3o for retirado em at\u00e9 <strong>60 dias<\/strong>, o ve\u00edculo pode ser <strong>leiloado pela prefeitura<\/strong> ou considerado abandonado.<\/p>\n\n\n\n<h2 class=\"wp-block-heading\">Movimentar o carro por alguns metros resolve?<\/h2>\n\n\n\n<p>N\u00e3o necessariamente. Algumas leis municipais exigem que o carro mude de local, n\u00e3o apenas de posi\u00e7\u00e3o. Se ele continuar visivelmente sem uso, as autoridades ainda podem agir. O ideal \u00e9 <strong>utilizar o ve\u00edculo com frequ\u00eancia<\/strong> ou estacion\u00e1-lo em local privado, como garagem ou estacionamento pago.<\/p>\n\n\n\n<figure class=\"wp-block-image size-large\"><img loading=\"lazy\" decoding=\"async\" width=\"1024\" height=\"576\" src=\"https:\/\/www.em.com.br\/emfoco\/wp-content\/uploads\/2025\/07\/carro-estacionado_1753639925487-1024x576.jpg\" alt=\"\" class=\"wp-image-82234\" srcset=\"https:\/\/www.em.com.br\/emfoco\/wp-content\/uploads\/2025\/07\/carro-estacionado_1753639925487-1024x576.jpg 1024w, https:\/\/www.em.com.br\/emfoco\/wp-content\/uploads\/2025\/07\/carro-estacionado_1753639925487-300x169.jpg 300w, https:\/\/www.em.com.br\/emfoco\/wp-content\/uploads\/2025\/07\/carro-estacionado_1753639925487-768x432.jpg 768w, https:\/\/www.em.com.br\/emfoco\/wp-content\/uploads\/2025\/07\/carro-estacionado_1753639925487-750x422.jpg 750w, https:\/\/www.em.com.br\/emfoco\/wp-content\/uploads\/2025\/07\/carro-estacionado_1753639925487-1140x641.jpg 1140w, https:\/\/www.em.com.br\/emfoco\/wp-content\/uploads\/2025\/07\/carro-estacionado_1753639925487.jpg 1280w\" sizes=\"auto, (max-width: 1024px) 100vw, 1024px\" \/><figcaption class=\"wp-element-caption\">Carro abandonado &#8211; Cr\u00e9ditos: depositphotos.com \/ grandbrothers<\/figcaption><\/figure>\n\n\n\n<h2 class=\"wp-block-heading\">Colocar \u201cvende-se\u201d no vidro pode dar multa?<\/h2>\n\n\n\n<p>Sim! Muitas cidades brasileiras, como S\u00e3o Paulo e Rio de Janeiro, <strong>pro\u00edbem o uso do espa\u00e7o p\u00fablico para fins comerciais<\/strong>. Deixar o carro na rua com an\u00fancio de venda pode gerar <strong>multa de at\u00e9 R$ 500<\/strong> e remo\u00e7\u00e3o imediata do ve\u00edculo.<\/p>\n\n\n\n<h2 class=\"wp-block-heading\">Como saber se meu carro foi rebocado?<\/h2>\n\n\n\n<p>Se voc\u00ea n\u00e3o encontrou seu carro no local onde o deixou, siga estes passos:<\/p>\n\n\n\n<ul class=\"wp-block-list\">\n<li>Ligue para a <strong>guarda municipal<\/strong> ou para a <strong>CET da sua cidade<\/strong>;<\/li>\n\n\n\n<li>Consulte o site do <strong>Detran<\/strong> com a placa do ve\u00edculo;<\/li>\n\n\n\n<li>Use aplicativos de tr\u00e2nsito da sua cidade que informam sobre ve\u00edculos removidos.<\/li>\n<\/ul>\n\n\n\n<p>Leia tamb\u00e9m: <a href=\"https:\/\/www.em.com.br\/emfoco\/2025\/07\/11\/comunicado-alerta-todos-os-motoristas-que-receberam-multa-de-transito-em-2025\/\" target=\"_blank\" rel=\"noreferrer noopener\">Comunicado alerta todos os motoristas que receberam multa de tr\u00e2nsito em 2025<\/a><\/p>\n\n\n\n<h2 class=\"wp-block-heading\">Dicas para evitar problemas com seu carro parado<\/h2>\n\n\n\n<ul class=\"wp-block-list\">\n<li>Evite deixar o carro estacionado no mesmo local por muitos dias consecutivos;<\/li>\n\n\n\n<li>Pe\u00e7a para algu\u00e9m movimentar o carro se for viajar ou se ele ficar parado por muito tempo;<\/li>\n\n\n\n<li>N\u00e3o cole an\u00fancios de venda nos vidros se o ve\u00edculo estiver na rua;<\/li>\n\n\n\n<li>Verifique se h\u00e1 regras municipais sobre perman\u00eancia de ve\u00edculos em vias p\u00fablicas.<\/li>\n<\/ul>\n\n\n\n<p><em>Mesmo parado e aparentemente \u201clegal\u201d, seu carro pode ser considerado um problema se estiver muito tempo no mesmo lugar. Fique atento \u00e0 legisla\u00e7\u00e3o local e evite dores de cabe\u00e7a (e preju\u00edzos) desnecess\u00e1rios.<\/em><\/p>\n\n\n\n<p><\/p>\n","protected":false},"excerpt":{"rendered":"<p>Pode parecer estranho, mas no Brasil, deixar o carro estacionado na rua por muito tempo \u2014 mesmo que legalizado e sem atrapalhar o tr\u00e2nsito \u2014 pode resultar em remo\u00e7\u00e3o e multa. Isso acontece quando o ve\u00edculo \u00e9 considerado \u201cem estado de abandono\u201d, de acordo com leis municipais e o C\u00f3digo de Tr\u00e2nsito Brasileiro (CTB). Muitos [&hellip;]<\/p>\n","protected":false},"author":11,"featured_media":82236,"comment_status":"open","ping_status":"open","sticky":false,"template":"","format":"standard","meta":{"jnews-multi-image_gallery":[],"jnews_single_post":{"format":"standard"},"jnews_primary_category":[],"jnews_social_meta":[],"jnews_override_counter":[],"footnotes":""},"categories":[27,1],"tags":[818,4731,9442],"class_list":["post-82184","post","type-post","status-publish","format-standard","has-post-thumbnail","hentry","category-carros","category-noticias","tag-carro","tag-estacionamento","tag-multa"],"yoast_head":"<!-- This site is optimized with the Yoast SEO plugin v23.8 - https:\/\/yoast.com\/wordpress\/plugins\/seo\/ -->\n<title>Pode n\u00e3o parecer, mas deixar seu carro assim por dias pode ser prejudicial - Estado de Minas - Em foco<\/title>\n<meta name=\"description\" content=\"Regras pouco conhecidas podem levar ao reboque do seu carro e \u00e0 perda definitiva do ve\u00edculo. Os detalhes surpreendem motoristas.\" \/>\n<meta name=\"robots\" content=\"index, follow, max-snippet:-1, max-image-preview:large, max-video-preview:-1\" \/>\n<link rel=\"canonical\" href=\"https:\/\/www.em.com.br\/emfoco\/2025\/07\/29\/pode-nao-parecer-mas-deixar-seu-carro-assim-por-dias-pode-ser-prejudicial\/\" \/>\n<meta property=\"og:locale\" content=\"pt_BR\" \/>\n<meta property=\"og:type\" content=\"article\" \/>\n<meta property=\"og:title\" content=\"Pode n\u00e3o parecer, mas deixar seu carro assim por dias pode ser prejudicial - Estado de Minas - Em foco\" \/>\n<meta property=\"og:description\" content=\"Regras pouco conhecidas podem levar ao reboque do seu carro e \u00e0 perda definitiva do ve\u00edculo. Os detalhes surpreendem motoristas.\" \/>\n<meta property=\"og:url\" content=\"https:\/\/www.em.com.br\/emfoco\/2025\/07\/29\/pode-nao-parecer-mas-deixar-seu-carro-assim-por-dias-pode-ser-prejudicial\/\" \/>\n<meta property=\"og:site_name\" content=\"Estado de Minas - Em foco\" \/>\n<meta property=\"article:published_time\" content=\"2025-07-29T10:08:00+00:00\" \/>\n<meta property=\"article:modified_time\" content=\"2025-07-27T17:25:42+00:00\" \/>\n<meta property=\"og:image\" content=\"https:\/\/www.em.com.br\/emfoco\/wp-content\/uploads\/2025\/07\/carro-rebocado_1753640071361.jpg\" \/>\n\t<meta property=\"og:image:width\" content=\"1280\" \/>\n\t<meta property=\"og:image:height\" content=\"720\" \/>\n\t<meta property=\"og:image:type\" content=\"image\/jpeg\" \/>\n<meta name=\"author\" content=\"Andre\u0301 Rangel\u00a0\" \/>\n<meta name=\"twitter:card\" content=\"summary_large_image\" \/>\n<meta name=\"twitter:label1\" content=\"Escrito por\" \/>\n\t<meta name=\"twitter:data1\" content=\"Andre\u0301 Rangel\u00a0\" \/>\n\t<meta name=\"twitter:label2\" content=\"Est. tempo de leitura\" \/>\n\t<meta name=\"twitter:data2\" content=\"4 minutos\" \/>\n<!-- \/ Yoast SEO plugin. -->","yoast_head_json":{"title":"Pode n\u00e3o parecer, mas deixar seu carro assim por dias pode ser prejudicial - Estado de Minas - Em foco","description":"Regras pouco conhecidas podem levar ao reboque do seu carro e \u00e0 perda definitiva do ve\u00edculo. Os detalhes surpreendem motoristas.","robots":{"index":"index","follow":"follow","max-snippet":"max-snippet:-1","max-image-preview":"max-image-preview:large","max-video-preview":"max-video-preview:-1"},"canonical":"https:\/\/www.em.com.br\/emfoco\/2025\/07\/29\/pode-nao-parecer-mas-deixar-seu-carro-assim-por-dias-pode-ser-prejudicial\/","og_locale":"pt_BR","og_type":"article","og_title":"Pode n\u00e3o parecer, mas deixar seu carro assim por dias pode ser prejudicial - Estado de Minas - Em foco","og_description":"Regras pouco conhecidas podem levar ao reboque do seu carro e \u00e0 perda definitiva do ve\u00edculo. Os detalhes surpreendem motoristas.","og_url":"https:\/\/www.em.com.br\/emfoco\/2025\/07\/29\/pode-nao-parecer-mas-deixar-seu-carro-assim-por-dias-pode-ser-prejudicial\/","og_site_name":"Estado de Minas - Em foco","article_published_time":"2025-07-29T10:08:00+00:00","article_modified_time":"2025-07-27T17:25:42+00:00","og_image":[{"width":1280,"height":720,"url":"https:\/\/www.em.com.br\/emfoco\/wp-content\/uploads\/2025\/07\/carro-rebocado_1753640071361.jpg","type":"image\/jpeg"}],"author":"Andre\u0301 Rangel\u00a0","twitter_card":"summary_large_image","twitter_misc":{"Escrito por":"Andre\u0301 Rangel\u00a0","Est. tempo de leitura":"4 minutos"},"schema":{"@context":"https:\/\/schema.org","@graph":[{"@type":"WebPage","@id":"https:\/\/www.em.com.br\/emfoco\/2025\/07\/29\/pode-nao-parecer-mas-deixar-seu-carro-assim-por-dias-pode-ser-prejudicial\/","url":"https:\/\/www.em.com.br\/emfoco\/2025\/07\/29\/pode-nao-parecer-mas-deixar-seu-carro-assim-por-dias-pode-ser-prejudicial\/","name":"Pode n\u00e3o parecer, mas deixar seu carro assim por dias pode ser prejudicial - Estado de Minas - Em foco","isPartOf":{"@id":"https:\/\/www.em.com.br\/emfoco\/#website"},"primaryImageOfPage":{"@id":"https:\/\/www.em.com.br\/emfoco\/2025\/07\/29\/pode-nao-parecer-mas-deixar-seu-carro-assim-por-dias-pode-ser-prejudicial\/#primaryimage"},"image":{"@id":"https:\/\/www.em.com.br\/emfoco\/2025\/07\/29\/pode-nao-parecer-mas-deixar-seu-carro-assim-por-dias-pode-ser-prejudicial\/#primaryimage"},"thumbnailUrl":"https:\/\/www.em.com.br\/emfoco\/wp-content\/uploads\/2025\/07\/carro-rebocado_1753640071361.jpg","datePublished":"2025-07-29T10:08:00+00:00","dateModified":"2025-07-27T17:25:42+00:00","author":{"@id":"https:\/\/www.em.com.br\/emfoco\/#\/schema\/person\/60eda09c1fedf0d6891f4cef4b60b8b8"},"description":"Regras pouco conhecidas podem levar ao reboque do seu carro e \u00e0 perda definitiva do ve\u00edculo. Os detalhes surpreendem motoristas.","breadcrumb":{"@id":"https:\/\/www.em.com.br\/emfoco\/2025\/07\/29\/pode-nao-parecer-mas-deixar-seu-carro-assim-por-dias-pode-ser-prejudicial\/#breadcrumb"},"inLanguage":"pt-BR","potentialAction":[{"@type":"ReadAction","target":["https:\/\/www.em.com.br\/emfoco\/2025\/07\/29\/pode-nao-parecer-mas-deixar-seu-carro-assim-por-dias-pode-ser-prejudicial\/"]}]},{"@type":"ImageObject","inLanguage":"pt-BR","@id":"https:\/\/www.em.com.br\/emfoco\/2025\/07\/29\/pode-nao-parecer-mas-deixar-seu-carro-assim-por-dias-pode-ser-prejudicial\/#primaryimage","url":"https:\/\/www.em.com.br\/emfoco\/wp-content\/uploads\/2025\/07\/carro-rebocado_1753640071361.jpg","contentUrl":"https:\/\/www.em.com.br\/emfoco\/wp-content\/uploads\/2025\/07\/carro-rebocado_1753640071361.jpg","width":1280,"height":720,"caption":"Carro rebocado - Cr\u00e9ditos: depositphotos.com \/ Thamkc"},{"@type":"BreadcrumbList","@id":"https:\/\/www.em.com.br\/emfoco\/2025\/07\/29\/pode-nao-parecer-mas-deixar-seu-carro-assim-por-dias-pode-ser-prejudicial\/#breadcrumb","itemListElement":[{"@type":"ListItem","position":1,"name":"In\u00edcio","item":"https:\/\/www.em.com.br\/emfoco\/"},{"@type":"ListItem","position":2,"name":"Pode n\u00e3o parecer, mas deixar seu carro assim por dias pode ser prejudicial"}]},{"@type":"WebSite","@id":"https:\/\/www.em.com.br\/emfoco\/#website","url":"https:\/\/www.em.com.br\/emfoco\/","name":"Estado de Minas - Em foco","description":"Acompanhe as \u00faltimas not\u00edcias e fique bem informado sobre tudo o que acontece em Minas Gerais, Brasil e no mundo.","potentialAction":[{"@type":"SearchAction","target":{"@type":"EntryPoint","urlTemplate":"https:\/\/www.em.com.br\/emfoco\/?s={search_term_string}"},"query-input":{"@type":"PropertyValueSpecification","valueRequired":true,"valueName":"search_term_string"}}],"inLanguage":"pt-BR"},{"@type":"Person","@id":"https:\/\/www.em.com.br\/emfoco\/#\/schema\/person\/60eda09c1fedf0d6891f4cef4b60b8b8","name":"Andre\u0301 Rangel\u00a0","image":{"@type":"ImageObject","inLanguage":"pt-BR","@id":"https:\/\/www.em.com.br\/emfoco\/#\/schema\/person\/image\/","url":"https:\/\/secure.gravatar.com\/avatar\/6234dc814c77c8ef6d8bba622c787efc?s=96&d=mm&r=g","contentUrl":"https:\/\/secure.gravatar.com\/avatar\/6234dc814c77c8ef6d8bba622c787efc?s=96&d=mm&r=g","caption":"Andre\u0301 Rangel\u00a0"},"url":"https:\/\/www.em.com.br\/emfoco\/author\/luizmyth\/"}]}},"_links":{"self":[{"href":"https:\/\/www.em.com.br\/emfoco\/wp-json\/wp\/v2\/posts\/82184","targetHints":{"allow":["GET"]}}],"collection":[{"href":"https:\/\/www.em.com.br\/emfoco\/wp-json\/wp\/v2\/posts"}],"about":[{"href":"https:\/\/www.em.com.br\/emfoco\/wp-json\/wp\/v2\/types\/post"}],"author":[{"embeddable":true,"href":"https:\/\/www.em.com.br\/emfoco\/wp-json\/wp\/v2\/users\/11"}],"replies":[{"embeddable":true,"href":"https:\/\/www.em.com.br\/emfoco\/wp-json\/wp\/v2\/comments?post=82184"}],"version-history":[{"count":5,"href":"https:\/\/www.em.com.br\/emfoco\/wp-json\/wp\/v2\/posts\/82184\/revisions"}],"predecessor-version":[{"id":82237,"href":"https:\/\/www.em.com.br\/emfoco\/wp-json\/wp\/v2\/posts\/82184\/revisions\/82237"}],"wp:featuredmedia":[{"embeddable":true,"href":"https:\/\/www.em.com.br\/emfoco\/wp-json\/wp\/v2\/media\/82236"}],"wp:attachment":[{"href":"https:\/\/www.em.com.br\/emfoco\/wp-json\/wp\/v2\/media?parent=82184"}],"wp:term":[{"taxonomy":"category","embeddable":true,"href":"https:\/\/www.em.com.br\/emfoco\/wp-json\/wp\/v2\/categories?post=82184"},{"taxonomy":"post_tag","embeddable":true,"href":"https:\/\/www.em.com.br\/emfoco\/wp-json\/wp\/v2\/tags?post=82184"}],"curies":[{"name":"wp","href":"https:\/\/api.w.org\/{rel}","templated":true}]}}