{"id":8211,"date":"2025-01-03T18:40:00","date_gmt":"2025-01-03T21:40:00","guid":{"rendered":"https:\/\/www.em.com.br\/emfoco\/?p=8211"},"modified":"2025-01-03T01:03:31","modified_gmt":"2025-01-03T04:03:31","slug":"quais-filmes-vao-te-deixar-de-queixo-caido-em-2025","status":"publish","type":"post","link":"https:\/\/www.em.com.br\/emfoco\/2025\/01\/03\/quais-filmes-vao-te-deixar-de-queixo-caido-em-2025\/","title":{"rendered":"Quais filmes v\u00e3o te deixar de queixo ca\u00eddo em 2025?"},"content":{"rendered":"\n<p>No novo ano, o universo do cinema est\u00e1 prestes a ser enriquecido com uma s\u00e9rie de <a href=\"https:\/\/www.em.com.br\/emfoco\/2025\/01\/02\/lancamentos-da-chevrolet-que-vao-desbancar-os-concorrentes\/\" target=\"_blank\" rel=\"noreferrer noopener\">lan\u00e7amentos <\/a>que prometem capturar a imagina\u00e7\u00e3o do p\u00fablico. De super-her\u00f3is a cl\u00e1ssicos que retornam, 2025 traz uma diversidade de filmes para todos os gostos. Este artigo destaca alguns dos lan\u00e7amentos mais esperados, oferecendo uma vis\u00e3o do que esperar nas telonas.<\/p>\n\n\n\n<p>Com a Marvel e a DC sempre atraindo multid\u00f5es, n\u00e3o \u00e9 surpreendente encontrar novos filmes das duas franquias na lista. Junto com isso, as produ\u00e7\u00f5es independentes e de outras sagas tamb\u00e9m t\u00eam sua chance de brilhar. Prepare-se para uma viagem cinematogr\u00e1fica emocionante neste ano.<\/p>\n\n\n\n<h2 class=\"wp-block-heading\">Quais s\u00e3o os Destaques da Marvel em 2025?<\/h2>\n\n\n\n<p>A Marvel continua a ser uma presen\u00e7a forte nas telas de cinema, estendendo seu universo cinematogr\u00e1fico com novos her\u00f3is e hist\u00f3rias intrigantes. Uma das principais estreias ser\u00e1 <strong>&#8220;Capit\u00e3o Am\u00e9rica: Admir\u00e1vel Mundo Novo&#8221;<\/strong>, marcando a primeira apari\u00e7\u00e3o de Sam Wilson como o novo Capit\u00e3o Am\u00e9rica. Com estreia prevista para 13 de fevereiro, este filme promete redefinir a saga do lend\u00e1rio escudo.<\/p>\n\n\n\n<figure class=\"wp-block-embed is-type-video is-provider-youtube wp-block-embed-youtube wp-embed-aspect-16-9 wp-has-aspect-ratio\"><div class=\"wp-block-embed__wrapper\">\n<div class=\"jeg_video_container jeg_video_content\"><iframe loading=\"lazy\" title=\"Capit\u00e3o Am\u00e9rica: Admir\u00e1vel Mundo Novo | Trailer Oficial 2 Dublado\" width=\"500\" height=\"281\" src=\"https:\/\/www.youtube.com\/embed\/NP2xle2cmf0?feature=oembed\" frameborder=\"0\" allow=\"accelerometer; autoplay; clipboard-write; encrypted-media; gyroscope; picture-in-picture; web-share\" referrerpolicy=\"strict-origin-when-cross-origin\" allowfullscreen><\/iframe><\/div>\n<\/div><\/figure>\n\n\n\n<p>Outro aguardado lan\u00e7amento \u00e9 <strong>&#8220;Thunderbolts&#8221;<\/strong>, programado para o dia 1\u00ba de maio. Este filme re\u00fane um time de anti-her\u00f3is, apresentando estrelas como Florence Pugh e Sebastian Stan em pap\u00e9is cruciais. A expectativa est\u00e1 alta para ver como essa din\u00e2mica de equipe ser\u00e1 retratada no grande ecr\u00e3.<\/p>\n\n\n\n<h2 class=\"wp-block-heading\">Quais Novidades a DC Apresenta em 2025?<\/h2>\n\n\n\n<p>No universo da DC, uma significativa reformula\u00e7\u00e3o est\u00e1 em andamento. O novo filme do <strong>\u201cSuperman\u201d<\/strong>, com estreia em 10 de julho, marca um recome\u00e7o com David Corenswet no papel de Clark Kent. Sob a dire\u00e7\u00e3o criativa de James Gunn e Peter Safran, este projeto espera trazer uma nova vis\u00e3o para o ic\u00f4nico personagem da DC.<\/p>\n\n\n\n<figure class=\"wp-block-embed is-type-video is-provider-youtube wp-block-embed-youtube wp-embed-aspect-16-9 wp-has-aspect-ratio\"><div class=\"wp-block-embed__wrapper\">\n<div class=\"jeg_video_container jeg_video_content\"><iframe loading=\"lazy\" title=\"Superman l Trailer Teaser Oficial\" width=\"500\" height=\"281\" src=\"https:\/\/www.youtube.com\/embed\/7QAfy96YL88?feature=oembed\" frameborder=\"0\" allow=\"accelerometer; autoplay; clipboard-write; encrypted-media; gyroscope; picture-in-picture; web-share\" referrerpolicy=\"strict-origin-when-cross-origin\" allowfullscreen><\/iframe><\/div>\n<\/div><\/figure>\n\n\n\n<p>Este novo in\u00edcio visa atrair tanto novos espectadores como f\u00e3s de longa data, prometendo uma mistura de elementos cl\u00e1ssicos e modernos no enredo e caracteriza\u00e7\u00e3o dos personagens.<\/p>\n\n\n\n<h2 class=\"wp-block-heading\">Quais Outras Produ\u00e7\u00f5es Vale Ficar de Olho?<\/h2>\n\n\n\n<p>Fora do reino dos super-her\u00f3is, 2025 tamb\u00e9m traz outras produ\u00e7\u00f5es not\u00e1veis. <strong>&#8220;Bailarina&#8221;<\/strong>, com estreia prevista para 5 de junho, expande o universo de John Wick com Ana de Armas como protagonista. O filme foca na busca de vingan\u00e7a de uma assassina, oferecendo uma narrativa envolvente e cheia de a\u00e7\u00e3o.<\/p>\n\n\n\n<p>A Disney tamb\u00e9m retorna com <strong>&#8220;Sexta-Feira Muito Louca 2&#8221;<\/strong> em 7 de agosto, uma sequ\u00eancia do amado cl\u00e1ssico de fam\u00edlia. Lindsay Lohan e Jamie Lee Curtis reprisam seus pap\u00e9is em uma hist\u00f3ria com novos desafios familiares e troca de corpos.<\/p>\n\n\n\n<h2 class=\"wp-block-heading\">O Que Esperar do Ano no Cen\u00e1rio Cinematogr\u00e1fico?<\/h2>\n\n\n\n<p>O ano de 2025 promete ser uma \u00e9poca vibrante e diversificada para os cin\u00e9filos. Com uma mistura de novos cap\u00edtulos de sagas conhecidas e cria\u00e7\u00f5es originais, haver\u00e1 oportunidades abundantes para se maravilhar nas salas de cinema. Seja f\u00e3 de a\u00e7\u00e3o, aventura ou drama, o calend\u00e1rio deste ano est\u00e1 repleto de op\u00e7\u00f5es atraentes.<\/p>\n\n\n\n<p>\u00c0 medida que novas informa\u00e7\u00f5es e trailers s\u00e3o liberados, a expectativa certamente continuar\u00e1 a crescer, mantendo o p\u00fablico ansioso por cada estreia. Com isso, espectadores em todo o mundo podem aguardar uma rica tape\u00e7aria de hist\u00f3rias visuais que 2025 est\u00e1 prestes a oferecer.<\/p>\n","protected":false},"excerpt":{"rendered":"<p>No novo ano, o universo do cinema est\u00e1 prestes a ser enriquecido com uma s\u00e9rie de lan\u00e7amentos que prometem capturar a imagina\u00e7\u00e3o do p\u00fablico. De super-her\u00f3is a cl\u00e1ssicos que retornam, 2025 traz uma diversidade de filmes para todos os gostos. Este artigo destaca alguns dos lan\u00e7amentos mais esperados, oferecendo uma vis\u00e3o do que esperar nas [&hellip;]<\/p>\n","protected":false},"author":7,"featured_media":8215,"comment_status":"open","ping_status":"open","sticky":false,"template":"","format":"standard","meta":{"jnews-multi-image_gallery":[],"jnews_single_post":{"format":"standard"},"jnews_primary_category":[],"jnews_social_meta":[],"jnews_override_counter":[],"footnotes":""},"categories":[29,137],"tags":[143,147,999,1816],"class_list":["post-8211","post","type-post","status-publish","format-standard","has-post-thumbnail","hentry","category-entretenimento","category-filmes","tag-acao","tag-aventura","tag-marvel","tag-super-heroi"],"yoast_head":"<!-- This site is optimized with the Yoast SEO plugin v23.8 - https:\/\/yoast.com\/wordpress\/plugins\/seo\/ -->\n<title>Quais filmes v\u00e3o te deixar de queixo ca\u00eddo em 2025? - Estado de Minas - Em foco<\/title>\n<meta name=\"description\" content=\"Prepare-se para uma viagem cinematogr\u00e1fica inesquec\u00edvel em 2025!\" \/>\n<meta name=\"robots\" content=\"index, follow, max-snippet:-1, max-image-preview:large, max-video-preview:-1\" \/>\n<link rel=\"canonical\" href=\"https:\/\/www.em.com.br\/emfoco\/2025\/01\/03\/quais-filmes-vao-te-deixar-de-queixo-caido-em-2025\/\" \/>\n<meta property=\"og:locale\" content=\"pt_BR\" \/>\n<meta property=\"og:type\" content=\"article\" \/>\n<meta property=\"og:title\" content=\"Quais filmes v\u00e3o te deixar de queixo ca\u00eddo em 2025? - Estado de Minas - Em foco\" \/>\n<meta property=\"og:description\" content=\"Prepare-se para uma viagem cinematogr\u00e1fica inesquec\u00edvel em 2025!\" \/>\n<meta property=\"og:url\" content=\"https:\/\/www.em.com.br\/emfoco\/2025\/01\/03\/quais-filmes-vao-te-deixar-de-queixo-caido-em-2025\/\" \/>\n<meta property=\"og:site_name\" content=\"Estado de Minas - Em foco\" \/>\n<meta property=\"article:published_time\" content=\"2025-01-03T21:40:00+00:00\" \/>\n<meta property=\"article:modified_time\" content=\"2025-01-03T04:03:31+00:00\" \/>\n<meta property=\"og:image\" content=\"https:\/\/www.em.com.br\/emfoco\/wp-content\/uploads\/2025\/01\/Cinema_1735876719628.jpg\" \/>\n\t<meta property=\"og:image:width\" content=\"1280\" \/>\n\t<meta property=\"og:image:height\" content=\"720\" \/>\n\t<meta property=\"og:image:type\" content=\"image\/jpeg\" \/>\n<meta name=\"author\" content=\"Kelvin\" \/>\n<meta name=\"twitter:card\" content=\"summary_large_image\" \/>\n<meta name=\"twitter:label1\" content=\"Escrito por\" \/>\n\t<meta name=\"twitter:data1\" content=\"Kelvin\" \/>\n\t<meta name=\"twitter:label2\" content=\"Est. tempo de leitura\" \/>\n\t<meta name=\"twitter:data2\" content=\"3 minutos\" \/>\n<!-- \/ Yoast SEO plugin. -->","yoast_head_json":{"title":"Quais filmes v\u00e3o te deixar de queixo ca\u00eddo em 2025? - Estado de Minas - Em foco","description":"Prepare-se para uma viagem cinematogr\u00e1fica inesquec\u00edvel em 2025!","robots":{"index":"index","follow":"follow","max-snippet":"max-snippet:-1","max-image-preview":"max-image-preview:large","max-video-preview":"max-video-preview:-1"},"canonical":"https:\/\/www.em.com.br\/emfoco\/2025\/01\/03\/quais-filmes-vao-te-deixar-de-queixo-caido-em-2025\/","og_locale":"pt_BR","og_type":"article","og_title":"Quais filmes v\u00e3o te deixar de queixo ca\u00eddo em 2025? - Estado de Minas - Em foco","og_description":"Prepare-se para uma viagem cinematogr\u00e1fica inesquec\u00edvel em 2025!","og_url":"https:\/\/www.em.com.br\/emfoco\/2025\/01\/03\/quais-filmes-vao-te-deixar-de-queixo-caido-em-2025\/","og_site_name":"Estado de Minas - Em foco","article_published_time":"2025-01-03T21:40:00+00:00","article_modified_time":"2025-01-03T04:03:31+00:00","og_image":[{"width":1280,"height":720,"url":"https:\/\/www.em.com.br\/emfoco\/wp-content\/uploads\/2025\/01\/Cinema_1735876719628.jpg","type":"image\/jpeg"}],"author":"Kelvin","twitter_card":"summary_large_image","twitter_misc":{"Escrito por":"Kelvin","Est. tempo de leitura":"3 minutos"},"schema":{"@context":"https:\/\/schema.org","@graph":[{"@type":"WebPage","@id":"https:\/\/www.em.com.br\/emfoco\/2025\/01\/03\/quais-filmes-vao-te-deixar-de-queixo-caido-em-2025\/","url":"https:\/\/www.em.com.br\/emfoco\/2025\/01\/03\/quais-filmes-vao-te-deixar-de-queixo-caido-em-2025\/","name":"Quais filmes v\u00e3o te deixar de queixo ca\u00eddo em 2025? - Estado de Minas - Em foco","isPartOf":{"@id":"https:\/\/www.em.com.br\/emfoco\/#website"},"primaryImageOfPage":{"@id":"https:\/\/www.em.com.br\/emfoco\/2025\/01\/03\/quais-filmes-vao-te-deixar-de-queixo-caido-em-2025\/#primaryimage"},"image":{"@id":"https:\/\/www.em.com.br\/emfoco\/2025\/01\/03\/quais-filmes-vao-te-deixar-de-queixo-caido-em-2025\/#primaryimage"},"thumbnailUrl":"https:\/\/www.em.com.br\/emfoco\/wp-content\/uploads\/2025\/01\/Cinema_1735876719628.jpg","datePublished":"2025-01-03T21:40:00+00:00","dateModified":"2025-01-03T04:03:31+00:00","author":{"@id":"https:\/\/www.em.com.br\/emfoco\/#\/schema\/person\/fb0a7f48c6fbb94b83f413a80f61917d"},"description":"Prepare-se para uma viagem cinematogr\u00e1fica inesquec\u00edvel em 2025!","breadcrumb":{"@id":"https:\/\/www.em.com.br\/emfoco\/2025\/01\/03\/quais-filmes-vao-te-deixar-de-queixo-caido-em-2025\/#breadcrumb"},"inLanguage":"pt-BR","potentialAction":[{"@type":"ReadAction","target":["https:\/\/www.em.com.br\/emfoco\/2025\/01\/03\/quais-filmes-vao-te-deixar-de-queixo-caido-em-2025\/"]}]},{"@type":"ImageObject","inLanguage":"pt-BR","@id":"https:\/\/www.em.com.br\/emfoco\/2025\/01\/03\/quais-filmes-vao-te-deixar-de-queixo-caido-em-2025\/#primaryimage","url":"https:\/\/www.em.com.br\/emfoco\/wp-content\/uploads\/2025\/01\/Cinema_1735876719628.jpg","contentUrl":"https:\/\/www.em.com.br\/emfoco\/wp-content\/uploads\/2025\/01\/Cinema_1735876719628.jpg","width":1280,"height":720,"caption":"CInema - Cr\u00e9ditos: depositphotos.com \/ AllaSerebrina"},{"@type":"BreadcrumbList","@id":"https:\/\/www.em.com.br\/emfoco\/2025\/01\/03\/quais-filmes-vao-te-deixar-de-queixo-caido-em-2025\/#breadcrumb","itemListElement":[{"@type":"ListItem","position":1,"name":"In\u00edcio","item":"https:\/\/www.em.com.br\/emfoco\/"},{"@type":"ListItem","position":2,"name":"Quais filmes v\u00e3o te deixar de queixo ca\u00eddo em 2025?"}]},{"@type":"WebSite","@id":"https:\/\/www.em.com.br\/emfoco\/#website","url":"https:\/\/www.em.com.br\/emfoco\/","name":"Estado de Minas - Em foco","description":"Acompanhe as \u00faltimas not\u00edcias e fique bem informado sobre tudo o que acontece em Minas Gerais, Brasil e no mundo.","potentialAction":[{"@type":"SearchAction","target":{"@type":"EntryPoint","urlTemplate":"https:\/\/www.em.com.br\/emfoco\/?s={search_term_string}"},"query-input":{"@type":"PropertyValueSpecification","valueRequired":true,"valueName":"search_term_string"}}],"inLanguage":"pt-BR"},{"@type":"Person","@id":"https:\/\/www.em.com.br\/emfoco\/#\/schema\/person\/fb0a7f48c6fbb94b83f413a80f61917d","name":"Kelvin","image":{"@type":"ImageObject","inLanguage":"pt-BR","@id":"https:\/\/www.em.com.br\/emfoco\/#\/schema\/person\/image\/","url":"https:\/\/secure.gravatar.com\/avatar\/e74f84337e6bf6c4c5e88fbdffa05270?s=96&d=mm&r=g","contentUrl":"https:\/\/secure.gravatar.com\/avatar\/e74f84337e6bf6c4c5e88fbdffa05270?s=96&d=mm&r=g","caption":"Kelvin"},"sameAs":["https:\/\/www.em.com.br\/emfoco"],"url":"https:\/\/www.em.com.br\/emfoco\/author\/kelvinmyth\/"}]}},"_links":{"self":[{"href":"https:\/\/www.em.com.br\/emfoco\/wp-json\/wp\/v2\/posts\/8211","targetHints":{"allow":["GET"]}}],"collection":[{"href":"https:\/\/www.em.com.br\/emfoco\/wp-json\/wp\/v2\/posts"}],"about":[{"href":"https:\/\/www.em.com.br\/emfoco\/wp-json\/wp\/v2\/types\/post"}],"author":[{"embeddable":true,"href":"https:\/\/www.em.com.br\/emfoco\/wp-json\/wp\/v2\/users\/7"}],"replies":[{"embeddable":true,"href":"https:\/\/www.em.com.br\/emfoco\/wp-json\/wp\/v2\/comments?post=8211"}],"version-history":[{"count":3,"href":"https:\/\/www.em.com.br\/emfoco\/wp-json\/wp\/v2\/posts\/8211\/revisions"}],"predecessor-version":[{"id":8218,"href":"https:\/\/www.em.com.br\/emfoco\/wp-json\/wp\/v2\/posts\/8211\/revisions\/8218"}],"wp:featuredmedia":[{"embeddable":true,"href":"https:\/\/www.em.com.br\/emfoco\/wp-json\/wp\/v2\/media\/8215"}],"wp:attachment":[{"href":"https:\/\/www.em.com.br\/emfoco\/wp-json\/wp\/v2\/media?parent=8211"}],"wp:term":[{"taxonomy":"category","embeddable":true,"href":"https:\/\/www.em.com.br\/emfoco\/wp-json\/wp\/v2\/categories?post=8211"},{"taxonomy":"post_tag","embeddable":true,"href":"https:\/\/www.em.com.br\/emfoco\/wp-json\/wp\/v2\/tags?post=8211"}],"curies":[{"name":"wp","href":"https:\/\/api.w.org\/{rel}","templated":true}]}}