{"id":82107,"date":"2025-07-27T20:38:00","date_gmt":"2025-07-27T23:38:00","guid":{"rendered":"https:\/\/www.em.com.br\/emfoco\/?p=82107"},"modified":"2025-07-26T19:14:27","modified_gmt":"2025-07-26T22:14:27","slug":"pouca-gente-sabe-mas-esse-detalhe-pode-travar-seu-acesso-ao-seguro-desemprego","status":"publish","type":"post","link":"https:\/\/www.em.com.br\/emfoco\/2025\/07\/27\/pouca-gente-sabe-mas-esse-detalhe-pode-travar-seu-acesso-ao-seguro-desemprego\/","title":{"rendered":"Pouca gente sabe mas esse detalhe pode travar seu acesso ao seguro desemprego"},"content":{"rendered":"\n<p>A <strong><a href=\"https:\/\/www.em.com.br\/emfoco\/2025\/07\/16\/homologacao-garante-rescisao-justa-e-sem-erros\/\" target=\"_blank\" rel=\"noreferrer noopener\">homologa\u00e7\u00e3o da rescis\u00e3o<\/a><\/strong> \u00e9 fundamental para garantir que os direitos trabalhistas sejam respeitados no t\u00e9rmino do contrato de trabalho. <\/p>\n\n\n\n<ul class=\"wp-block-list\">\n<li>Qual \u00e9 o objetivo da homologa\u00e7\u00e3o?<\/li>\n\n\n\n<li>Quem precisa estar presente no procedimento?<\/li>\n\n\n\n<li>Quais documentos s\u00e3o necess\u00e1rios para a homologa\u00e7\u00e3o?<\/li>\n<\/ul>\n\n\n\n<h2 class=\"wp-block-heading\">Qual a import\u00e2ncia da homologa\u00e7\u00e3o?<\/h2>\n\n\n<div class=\"wp-block-image\">\n<figure class=\"aligncenter size-large\"><img loading=\"lazy\" decoding=\"async\" width=\"1024\" height=\"576\" src=\"https:\/\/www.em.com.br\/emfoco\/wp-content\/uploads\/2025\/07\/emprestimo_1751653688295-1024x576.jpg\" alt=\"O que ningu\u00e9m te contou sobre o seu contracheque\" class=\"wp-image-71516\" srcset=\"https:\/\/www.em.com.br\/emfoco\/wp-content\/uploads\/2025\/07\/emprestimo_1751653688295-1024x576.jpg 1024w, https:\/\/www.em.com.br\/emfoco\/wp-content\/uploads\/2025\/07\/emprestimo_1751653688295-300x169.jpg 300w, https:\/\/www.em.com.br\/emfoco\/wp-content\/uploads\/2025\/07\/emprestimo_1751653688295-768x432.jpg 768w, https:\/\/www.em.com.br\/emfoco\/wp-content\/uploads\/2025\/07\/emprestimo_1751653688295-750x422.jpg 750w, https:\/\/www.em.com.br\/emfoco\/wp-content\/uploads\/2025\/07\/emprestimo_1751653688295-1140x641.jpg 1140w, https:\/\/www.em.com.br\/emfoco\/wp-content\/uploads\/2025\/07\/emprestimo_1751653688295.jpg 1280w\" sizes=\"auto, (max-width: 1024px) 100vw, 1024px\" \/><figcaption class=\"wp-element-caption\">Contrato &#8211; Cr\u00e9ditos: depositphotos.com \/ AndrewLozovyi<\/figcaption><\/figure><\/div>\n\n\n<p>A homologa\u00e7\u00e3o assegura que o encerramento do contrato seja feito de forma legal. Esse processo verifica se todas as indeniza\u00e7\u00f5es e verbas rescis\u00f3rias est\u00e3o corretas.<\/p>\n\n\n\n<p>O principal objetivo da homologa\u00e7\u00e3o \u00e9 assegurar que o processo de encerramento do contrato de trabalho ocorra conforme a legisla\u00e7\u00e3o vigente. Ela funciona como uma confer\u00eancia formal, validando os c\u00e1lculos das verbas rescis\u00f3rias, o cumprimento dos prazos legais e o respeito aos direitos do trabalhador. Com isso, evita-se que a parte empregadora cometa erros, volunt\u00e1rios ou n\u00e3o, que possam resultar em a\u00e7\u00f5es judiciais futuras.<\/p>\n\n\n\n<h2 class=\"wp-block-heading\">Quem participa da homologa\u00e7\u00e3o da rescis\u00e3o?<\/h2>\n\n\n\n<p>Para garantir a validade e transpar\u00eancia do processo, a homologa\u00e7\u00e3o deve contar com a presen\u00e7a do empregado, do empregador (ou seu representante legal) e de um representante do sindicato da categoria profissional ou, na aus\u00eancia deste, de um auditor do <strong><a href=\"https:\/\/www.gov.br\/trabalho-e-emprego\/pt-br\" target=\"_blank\" rel=\"noreferrer noopener\">Minist\u00e9rio do Trabalho<\/a><\/strong>. A presen\u00e7a dessas partes assegura que todas as etapas sejam acompanhadas por algu\u00e9m que possa zelar pelo cumprimento da lei e pelos direitos do trabalhador.<\/p>\n\n\n\n<h2 class=\"wp-block-heading\">Quais documentos s\u00e3o necess\u00e1rios?<\/h2>\n\n\n\n<p>Durante a homologa\u00e7\u00e3o, \u00e9 obrigat\u00f3ria a apresenta\u00e7\u00e3o de diversos documentos que comprovem o cumprimento das obriga\u00e7\u00f5es legais. Entre eles est\u00e3o: <strong>Termo de Rescis\u00e3o do Contrato de Trabalho<\/strong> (TRCT), guia de recolhimento do <strong>FGTS<\/strong>, extrato atualizado da conta vinculada, guias do seguro-desemprego, comprovante de pagamento das verbas rescis\u00f3rias e exame demissional. Esses documentos formam a base da verifica\u00e7\u00e3o dos direitos do trabalhador.<\/p>\n\n\n\n<p>Esses documentos servem para conferir se o empregado tem acesso a todos os seus direitos trabalhistas, conforme exigido pela legisla\u00e7\u00e3o.<\/p>\n\n\n\n<h2 class=\"wp-block-heading\">Quanto tempo leva o processo de homologa\u00e7\u00e3o?<\/h2>\n\n\n\n<p>O processo de homologa\u00e7\u00e3o costuma ser r\u00e1pido e, em geral, \u00e9 conclu\u00eddo em uma \u00fanica sess\u00e3o, que pode durar entre 30 minutos e 2 horas, dependendo da complexidade do contrato e da organiza\u00e7\u00e3o dos documentos. <\/p>\n\n\n\n<p>Quando todos os pap\u00e9is est\u00e3o corretos e as partes envolvidas comparecem pontualmente, o procedimento flui com agilidade. No entanto, atrasos ou pend\u00eancias documentais podem estender o tempo necess\u00e1rio ou at\u00e9 exigir novo agendamento.<\/p>\n\n\n\n<h2 class=\"wp-block-heading\">Rescis\u00e3o sem homologa\u00e7\u00e3o: o que pode acontecer?<\/h2>\n\n\n\n<p>Caso a homologa\u00e7\u00e3o n\u00e3o seja realizada corretamente, o trabalhador pode enfrentar dificuldades em acessar benef\u00edcios como <strong>FGTS <\/strong>e o <strong>seguro-desemprego<\/strong>. Al\u00e9m disso, pode abrir margem para disputas legais.<\/p>\n\n\n\n<p>Empregadores tamb\u00e9m podem ser penalizados, enfrentando multas e poss\u00edveis processos judiciais.<\/p>\n\n\n\n<h2 class=\"wp-block-heading\">Principais pontos a considerar na homologa\u00e7\u00e3o<\/h2>\n\n\n\n<ul class=\"wp-block-list\">\n<li>Verifique se todos os documentos est\u00e3o atualizados e corretos.<\/li>\n\n\n\n<li>Confirme a presen\u00e7a dos envolvidos para evitar adiamentos.<\/li>\n\n\n\n<li>Conhe\u00e7a os direitos que devem ser assegurados ao trabalhador.<\/li>\n<\/ul>\n\n\n\n<h2 class=\"wp-block-heading\">Qual impacto da homologa\u00e7\u00e3o correta nos benef\u00edcios trabalhistas?<\/h2>\n\n\n\n<p>A homologa\u00e7\u00e3o bem-sucedida assegura que o trabalhador saia do emprego com todos os seus direitos garantidos, evitando problemas financeiros e facilitando a transi\u00e7\u00e3o para novas oportunidades de trabalho ou benef\u00edcios assistenciais.<\/p>\n\n\n\n<p>Empregadores tamb\u00e9m se beneficiam, visto que cumprem suas obriga\u00e7\u00f5es sem enfrentar poss\u00edveis penalidades legais.<\/p>\n\n\n\n<h2 class=\"wp-block-heading\">Resumo do processo de homologa\u00e7\u00e3o da rescis\u00e3o<\/h2>\n\n\n\n<ul class=\"wp-block-list\">\n<li>A homologa\u00e7\u00e3o garante que todos os direitos do trabalhador s\u00e3o respeitados no t\u00e9rmino do contrato.<\/li>\n\n\n\n<li>\u00c9 essencial a presen\u00e7a de um representante sindical ou do <strong>Minist\u00e9rio do Trabalho<\/strong>.<\/li>\n\n\n\n<li>Documenta\u00e7\u00e3o completa e correta \u00e9 fundamental para uma homologa\u00e7\u00e3o sem problemas.<\/li>\n<\/ul>\n","protected":false},"excerpt":{"rendered":"<p>A homologa\u00e7\u00e3o da rescis\u00e3o \u00e9 fundamental para garantir que os direitos trabalhistas sejam respeitados no t\u00e9rmino do contrato de trabalho. Qual a import\u00e2ncia da homologa\u00e7\u00e3o? A homologa\u00e7\u00e3o assegura que o encerramento do contrato seja feito de forma legal. Esse processo verifica se todas as indeniza\u00e7\u00f5es e verbas rescis\u00f3rias est\u00e3o corretas. O principal objetivo da homologa\u00e7\u00e3o [&hellip;]<\/p>\n","protected":false},"author":20,"featured_media":79990,"comment_status":"open","ping_status":"open","sticky":false,"template":"","format":"standard","meta":{"jnews-multi-image_gallery":[],"jnews_single_post":{"format":"standard"},"jnews_primary_category":[],"jnews_social_meta":[],"jnews_override_counter":[],"footnotes":""},"categories":[28,1],"tags":[12933,1832,12934],"class_list":["post-82107","post","type-post","status-publish","format-standard","has-post-thumbnail","hentry","category-economia","category-noticias","tag-homologacao-da-rescisao","tag-seguro-desemprego","tag-trct"],"yoast_head":"<!-- This site is optimized with the Yoast SEO plugin v23.8 - https:\/\/yoast.com\/wordpress\/plugins\/seo\/ -->\n<title>Pouca gente sabe mas esse detalhe pode travar seu acesso ao seguro desemprego - Estado de Minas - Em foco<\/title>\n<meta name=\"description\" content=\"Sem homologa\u00e7\u00e3o correta, o trabalhador pode perder benef\u00edcios importantes. Veja como evitar erros e garantir todos os seus direitos trabalhistas.\" \/>\n<meta name=\"robots\" content=\"index, follow, max-snippet:-1, max-image-preview:large, max-video-preview:-1\" \/>\n<link rel=\"canonical\" href=\"https:\/\/www.em.com.br\/emfoco\/2025\/07\/27\/pouca-gente-sabe-mas-esse-detalhe-pode-travar-seu-acesso-ao-seguro-desemprego\/\" \/>\n<meta property=\"og:locale\" content=\"pt_BR\" \/>\n<meta property=\"og:type\" content=\"article\" \/>\n<meta property=\"og:title\" content=\"Pouca gente sabe mas esse detalhe pode travar seu acesso ao seguro desemprego - Estado de Minas - Em foco\" \/>\n<meta property=\"og:description\" content=\"Sem homologa\u00e7\u00e3o correta, o trabalhador pode perder benef\u00edcios importantes. Veja como evitar erros e garantir todos os seus direitos trabalhistas.\" \/>\n<meta property=\"og:url\" content=\"https:\/\/www.em.com.br\/emfoco\/2025\/07\/27\/pouca-gente-sabe-mas-esse-detalhe-pode-travar-seu-acesso-ao-seguro-desemprego\/\" \/>\n<meta property=\"og:site_name\" content=\"Estado de Minas - Em foco\" \/>\n<meta property=\"article:published_time\" content=\"2025-07-27T23:38:00+00:00\" \/>\n<meta property=\"article:modified_time\" content=\"2025-07-26T22:14:27+00:00\" \/>\n<meta property=\"og:image\" content=\"https:\/\/www.em.com.br\/emfoco\/wp-content\/uploads\/2025\/07\/imposto_1753155502972.jpg\" \/>\n\t<meta property=\"og:image:width\" content=\"1280\" \/>\n\t<meta property=\"og:image:height\" content=\"720\" \/>\n\t<meta property=\"og:image:type\" content=\"image\/jpeg\" \/>\n<meta name=\"author\" content=\"Ingrid Diniz\" \/>\n<meta name=\"twitter:card\" content=\"summary_large_image\" \/>\n<meta name=\"twitter:label1\" content=\"Escrito por\" \/>\n\t<meta name=\"twitter:data1\" content=\"Ingrid Diniz\" \/>\n\t<meta name=\"twitter:label2\" content=\"Est. tempo de leitura\" \/>\n\t<meta name=\"twitter:data2\" content=\"4 minutos\" \/>\n<!-- \/ Yoast SEO plugin. -->","yoast_head_json":{"title":"Pouca gente sabe mas esse detalhe pode travar seu acesso ao seguro desemprego - Estado de Minas - Em foco","description":"Sem homologa\u00e7\u00e3o correta, o trabalhador pode perder benef\u00edcios importantes. Veja como evitar erros e garantir todos os seus direitos trabalhistas.","robots":{"index":"index","follow":"follow","max-snippet":"max-snippet:-1","max-image-preview":"max-image-preview:large","max-video-preview":"max-video-preview:-1"},"canonical":"https:\/\/www.em.com.br\/emfoco\/2025\/07\/27\/pouca-gente-sabe-mas-esse-detalhe-pode-travar-seu-acesso-ao-seguro-desemprego\/","og_locale":"pt_BR","og_type":"article","og_title":"Pouca gente sabe mas esse detalhe pode travar seu acesso ao seguro desemprego - Estado de Minas - Em foco","og_description":"Sem homologa\u00e7\u00e3o correta, o trabalhador pode perder benef\u00edcios importantes. Veja como evitar erros e garantir todos os seus direitos trabalhistas.","og_url":"https:\/\/www.em.com.br\/emfoco\/2025\/07\/27\/pouca-gente-sabe-mas-esse-detalhe-pode-travar-seu-acesso-ao-seguro-desemprego\/","og_site_name":"Estado de Minas - Em foco","article_published_time":"2025-07-27T23:38:00+00:00","article_modified_time":"2025-07-26T22:14:27+00:00","og_image":[{"width":1280,"height":720,"url":"https:\/\/www.em.com.br\/emfoco\/wp-content\/uploads\/2025\/07\/imposto_1753155502972.jpg","type":"image\/jpeg"}],"author":"Ingrid Diniz","twitter_card":"summary_large_image","twitter_misc":{"Escrito por":"Ingrid Diniz","Est. tempo de leitura":"4 minutos"},"schema":{"@context":"https:\/\/schema.org","@graph":[{"@type":"WebPage","@id":"https:\/\/www.em.com.br\/emfoco\/2025\/07\/27\/pouca-gente-sabe-mas-esse-detalhe-pode-travar-seu-acesso-ao-seguro-desemprego\/","url":"https:\/\/www.em.com.br\/emfoco\/2025\/07\/27\/pouca-gente-sabe-mas-esse-detalhe-pode-travar-seu-acesso-ao-seguro-desemprego\/","name":"Pouca gente sabe mas esse detalhe pode travar seu acesso ao seguro desemprego - Estado de Minas - Em foco","isPartOf":{"@id":"https:\/\/www.em.com.br\/emfoco\/#website"},"primaryImageOfPage":{"@id":"https:\/\/www.em.com.br\/emfoco\/2025\/07\/27\/pouca-gente-sabe-mas-esse-detalhe-pode-travar-seu-acesso-ao-seguro-desemprego\/#primaryimage"},"image":{"@id":"https:\/\/www.em.com.br\/emfoco\/2025\/07\/27\/pouca-gente-sabe-mas-esse-detalhe-pode-travar-seu-acesso-ao-seguro-desemprego\/#primaryimage"},"thumbnailUrl":"https:\/\/www.em.com.br\/emfoco\/wp-content\/uploads\/2025\/07\/imposto_1753155502972.jpg","datePublished":"2025-07-27T23:38:00+00:00","dateModified":"2025-07-26T22:14:27+00:00","author":{"@id":"https:\/\/www.em.com.br\/emfoco\/#\/schema\/person\/649e610b4eb8fff87ff394e54fe17b2b"},"description":"Sem homologa\u00e7\u00e3o correta, o trabalhador pode perder benef\u00edcios importantes. Veja como evitar erros e garantir todos os seus direitos trabalhistas.","breadcrumb":{"@id":"https:\/\/www.em.com.br\/emfoco\/2025\/07\/27\/pouca-gente-sabe-mas-esse-detalhe-pode-travar-seu-acesso-ao-seguro-desemprego\/#breadcrumb"},"inLanguage":"pt-BR","potentialAction":[{"@type":"ReadAction","target":["https:\/\/www.em.com.br\/emfoco\/2025\/07\/27\/pouca-gente-sabe-mas-esse-detalhe-pode-travar-seu-acesso-ao-seguro-desemprego\/"]}]},{"@type":"ImageObject","inLanguage":"pt-BR","@id":"https:\/\/www.em.com.br\/emfoco\/2025\/07\/27\/pouca-gente-sabe-mas-esse-detalhe-pode-travar-seu-acesso-ao-seguro-desemprego\/#primaryimage","url":"https:\/\/www.em.com.br\/emfoco\/wp-content\/uploads\/2025\/07\/imposto_1753155502972.jpg","contentUrl":"https:\/\/www.em.com.br\/emfoco\/wp-content\/uploads\/2025\/07\/imposto_1753155502972.jpg","width":1280,"height":720,"caption":"Dirbi mais r\u00edgida muda regras de benef\u00edcios nas empresas - Cr\u00e9ditos: depositphotos.com \/ AndrewLozovyi"},{"@type":"BreadcrumbList","@id":"https:\/\/www.em.com.br\/emfoco\/2025\/07\/27\/pouca-gente-sabe-mas-esse-detalhe-pode-travar-seu-acesso-ao-seguro-desemprego\/#breadcrumb","itemListElement":[{"@type":"ListItem","position":1,"name":"In\u00edcio","item":"https:\/\/www.em.com.br\/emfoco\/"},{"@type":"ListItem","position":2,"name":"Pouca gente sabe mas esse detalhe pode travar seu acesso ao seguro desemprego"}]},{"@type":"WebSite","@id":"https:\/\/www.em.com.br\/emfoco\/#website","url":"https:\/\/www.em.com.br\/emfoco\/","name":"Estado de Minas - Em foco","description":"Acompanhe as \u00faltimas not\u00edcias e fique bem informado sobre tudo o que acontece em Minas Gerais, Brasil e no mundo.","potentialAction":[{"@type":"SearchAction","target":{"@type":"EntryPoint","urlTemplate":"https:\/\/www.em.com.br\/emfoco\/?s={search_term_string}"},"query-input":{"@type":"PropertyValueSpecification","valueRequired":true,"valueName":"search_term_string"}}],"inLanguage":"pt-BR"},{"@type":"Person","@id":"https:\/\/www.em.com.br\/emfoco\/#\/schema\/person\/649e610b4eb8fff87ff394e54fe17b2b","name":"Ingrid Diniz","image":{"@type":"ImageObject","inLanguage":"pt-BR","@id":"https:\/\/www.em.com.br\/emfoco\/#\/schema\/person\/image\/","url":"https:\/\/secure.gravatar.com\/avatar\/a3baa1449ec5c39b4c42babc9d4f3951?s=96&d=mm&r=g","contentUrl":"https:\/\/secure.gravatar.com\/avatar\/a3baa1449ec5c39b4c42babc9d4f3951?s=96&d=mm&r=g","caption":"Ingrid Diniz"},"sameAs":["https:\/\/www.em.com.br\/"],"url":"https:\/\/www.em.com.br\/emfoco\/author\/ingridmyth\/"}]}},"_links":{"self":[{"href":"https:\/\/www.em.com.br\/emfoco\/wp-json\/wp\/v2\/posts\/82107","targetHints":{"allow":["GET"]}}],"collection":[{"href":"https:\/\/www.em.com.br\/emfoco\/wp-json\/wp\/v2\/posts"}],"about":[{"href":"https:\/\/www.em.com.br\/emfoco\/wp-json\/wp\/v2\/types\/post"}],"author":[{"embeddable":true,"href":"https:\/\/www.em.com.br\/emfoco\/wp-json\/wp\/v2\/users\/20"}],"replies":[{"embeddable":true,"href":"https:\/\/www.em.com.br\/emfoco\/wp-json\/wp\/v2\/comments?post=82107"}],"version-history":[{"count":1,"href":"https:\/\/www.em.com.br\/emfoco\/wp-json\/wp\/v2\/posts\/82107\/revisions"}],"predecessor-version":[{"id":82117,"href":"https:\/\/www.em.com.br\/emfoco\/wp-json\/wp\/v2\/posts\/82107\/revisions\/82117"}],"wp:featuredmedia":[{"embeddable":true,"href":"https:\/\/www.em.com.br\/emfoco\/wp-json\/wp\/v2\/media\/79990"}],"wp:attachment":[{"href":"https:\/\/www.em.com.br\/emfoco\/wp-json\/wp\/v2\/media?parent=82107"}],"wp:term":[{"taxonomy":"category","embeddable":true,"href":"https:\/\/www.em.com.br\/emfoco\/wp-json\/wp\/v2\/categories?post=82107"},{"taxonomy":"post_tag","embeddable":true,"href":"https:\/\/www.em.com.br\/emfoco\/wp-json\/wp\/v2\/tags?post=82107"}],"curies":[{"name":"wp","href":"https:\/\/api.w.org\/{rel}","templated":true}]}}