{"id":82105,"date":"2025-07-27T18:58:00","date_gmt":"2025-07-27T21:58:00","guid":{"rendered":"https:\/\/www.em.com.br\/emfoco\/?p=82105"},"modified":"2025-07-26T19:02:28","modified_gmt":"2025-07-26T22:02:28","slug":"se-voce-ainda-nao-fez-biometria-pode-ficar-sem-acesso-a-beneficios","status":"publish","type":"post","link":"https:\/\/www.em.com.br\/emfoco\/2025\/07\/27\/se-voce-ainda-nao-fez-biometria-pode-ficar-sem-acesso-a-beneficios\/","title":{"rendered":"Se voc\u00ea ainda n\u00e3o fez biometria pode ficar sem acesso a benef\u00edcios"},"content":{"rendered":"\n<p>O <strong>cadastro biom\u00e9trico<\/strong> no <strong>Brasil <\/strong>tem se expandido rapidamente, cobrindo atualmente mais de 150 milh\u00f5es de cidad\u00e3os. Este avan\u00e7o tecnol\u00f3gico visa garantir maior seguran\u00e7a e efici\u00eancia em diversos servi\u00e7os governamentais. O <strong>Governo Federal<\/strong> anunciou recentemente novas diretrizes para ampliar essa cobertura e integrar sistemas de identifica\u00e7\u00e3o digital.<\/p>\n\n\n\n<ul class=\"wp-block-list\">\n<li>Impacto do cadastro biom\u00e9trico nos benef\u00edcios sociais<\/li>\n\n\n\n<li>Integra\u00e7\u00e3o com a <strong>Caixa <\/strong>para maior seguran\u00e7a<\/li>\n\n\n\n<li>Novas regras e prazos para implementa\u00e7\u00e3o<\/li>\n<\/ul>\n\n\n\n<h2 class=\"wp-block-heading\">Como o cadastro biom\u00e9trico est\u00e1 transformando os servi\u00e7os p\u00fablicos?<\/h2>\n\n\n<div class=\"wp-block-image\">\n<figure class=\"aligncenter size-large\"><img loading=\"lazy\" decoding=\"async\" width=\"1024\" height=\"576\" src=\"https:\/\/www.em.com.br\/emfoco\/wp-content\/uploads\/2025\/06\/biometria_1748970149359-1024x576.jpg\" alt=\"\" class=\"wp-image-54995\" srcset=\"https:\/\/www.em.com.br\/emfoco\/wp-content\/uploads\/2025\/06\/biometria_1748970149359-1024x576.jpg 1024w, https:\/\/www.em.com.br\/emfoco\/wp-content\/uploads\/2025\/06\/biometria_1748970149359-300x169.jpg 300w, https:\/\/www.em.com.br\/emfoco\/wp-content\/uploads\/2025\/06\/biometria_1748970149359-768x432.jpg 768w, https:\/\/www.em.com.br\/emfoco\/wp-content\/uploads\/2025\/06\/biometria_1748970149359-750x422.jpg 750w, https:\/\/www.em.com.br\/emfoco\/wp-content\/uploads\/2025\/06\/biometria_1748970149359-1140x641.jpg 1140w, https:\/\/www.em.com.br\/emfoco\/wp-content\/uploads\/2025\/06\/biometria_1748970149359.jpg 1280w\" sizes=\"auto, (max-width: 1024px) 100vw, 1024px\" \/><figcaption class=\"wp-element-caption\">Biometria &#8211; Cr\u00e9ditos: depositphotos.com \/ pat138241<\/figcaption><\/figure><\/div>\n\n\n<p>No <strong>Brasil<\/strong>, a identifica\u00e7\u00e3o por biometria j\u00e1 abrange grande parte dos benefici\u00e1rios de pol\u00edticas p\u00fablicas. Esse m\u00e9todo \u00e9 utilizado para confirmar a identidade de cidad\u00e3os e garantir que os servi\u00e7os sejam prestados corretamente.<\/p>\n\n\n\n<p><strong>Esther Dweck,<\/strong> <strong>Ministra da Gest\u00e3o e da Inova\u00e7\u00e3o em Servi\u00e7os P\u00fablicos<\/strong>, destacou que mais de 90% dos pagamentos do <strong><a href=\"https:\/\/www.em.com.br\/emfoco\/2025\/07\/25\/bolsa-familia-vai-pagar-mais-neste-mes-para-quem-tem-bebe-em-casa\/\" target=\"_blank\" rel=\"noreferrer noopener\">Bolsa Fam\u00edlia<\/a><\/strong> j\u00e1 utilizam esse tipo de checagem.<\/p>\n\n\n\n<h2 class=\"wp-block-heading\">Quais os benef\u00edcios da integra\u00e7\u00e3o com a Caixa Econ\u00f4mica?<\/h2>\n\n\n\n<p>Recentemente, foi firmado um acordo com a <strong><a href=\"https:\/\/www.caixa.gov.br\/\" target=\"_blank\" rel=\"noreferrer noopener\">Caixa Econ\u00f4mica<\/a><\/strong> para utilizar sua base biom\u00e9trica na verifica\u00e7\u00e3o do pagamento de benef\u00edcios sociais. Esta medida visa garantir que os recursos p\u00fablicos sejam aplicados de forma mais eficiente e segura.<\/p>\n\n\n\n<p>Dica r\u00e1pida: ao utilizar sua biometria no pagamento de benef\u00edcios, voc\u00ea garante sua identidade e evita poss\u00edveis fraudes.<\/p>\n\n\n\n<h2 class=\"wp-block-heading\">O que esperar das novas regras e prazos do cadastro biom\u00e9trico?<\/h2>\n\n\n\n<p>O <strong>Minist\u00e9rio da Gest\u00e3o e da Inova\u00e7\u00e3o<\/strong> <strong>em Servi\u00e7os P\u00fablicos<\/strong> divulgar\u00e1 em breve mais detalhes sobre as novas regras para quem ainda n\u00e3o possui biometria cadastrada. Essas diretrizes visam ampliar a cobertura e assegurar que todos os cidad\u00e3os tenham acesso ao sistema.<\/p>\n\n\n\n<h2 class=\"wp-block-heading\">Impactos do cadastro biom\u00e9trico na sociedade brasileira<\/h2>\n\n\n\n<p>O decreto que institui o cadastro biom\u00e9trico representa um avan\u00e7o significativo na forma como o <strong>Governo<\/strong> gerencia e distribui os benef\u00edcios sociais no pa\u00eds.<\/p>\n\n\n\n<ul class=\"wp-block-list\">\n<li>Aumento da seguran\u00e7a no acesso a benef\u00edcios<\/li>\n\n\n\n<li>Redu\u00e7\u00e3o de fraudes e duplicidade de cadastros<\/li>\n\n\n\n<li>Melhoria na aplica\u00e7\u00e3o dos recursos p\u00fablicos<\/li>\n<\/ul>\n","protected":false},"excerpt":{"rendered":"<p>O cadastro biom\u00e9trico no Brasil tem se expandido rapidamente, cobrindo atualmente mais de 150 milh\u00f5es de cidad\u00e3os. Este avan\u00e7o tecnol\u00f3gico visa garantir maior seguran\u00e7a e efici\u00eancia em diversos servi\u00e7os governamentais. O Governo Federal anunciou recentemente novas diretrizes para ampliar essa cobertura e integrar sistemas de identifica\u00e7\u00e3o digital. Como o cadastro biom\u00e9trico est\u00e1 transformando os servi\u00e7os [&hellip;]<\/p>\n","protected":false},"author":20,"featured_media":54994,"comment_status":"open","ping_status":"open","sticky":false,"template":"","format":"standard","meta":{"jnews-multi-image_gallery":[],"jnews_single_post":{"format":"standard"},"jnews_primary_category":[],"jnews_social_meta":[],"jnews_override_counter":[],"footnotes":""},"categories":[28,1],"tags":[3360,1631],"class_list":["post-82105","post","type-post","status-publish","format-standard","has-post-thumbnail","hentry","category-economia","category-noticias","tag-cadastro-biometrico","tag-caixa-economica-federal"],"yoast_head":"<!-- This site is optimized with the Yoast SEO plugin v23.8 - https:\/\/yoast.com\/wordpress\/plugins\/seo\/ -->\n<title>Se voc\u00ea ainda n\u00e3o fez biometria pode ficar sem acesso a benef\u00edcios - Estado de Minas - Em foco<\/title>\n<meta name=\"description\" content=\"Com a integra\u00e7\u00e3o da base biom\u00e9trica da Caixa, o governo visa evitar fraudes e garantir pagamento seguro dos programas sociais.\" \/>\n<meta name=\"robots\" content=\"index, follow, max-snippet:-1, max-image-preview:large, max-video-preview:-1\" \/>\n<link rel=\"canonical\" href=\"https:\/\/www.em.com.br\/emfoco\/2025\/07\/27\/se-voce-ainda-nao-fez-biometria-pode-ficar-sem-acesso-a-beneficios\/\" \/>\n<meta property=\"og:locale\" content=\"pt_BR\" \/>\n<meta property=\"og:type\" content=\"article\" \/>\n<meta property=\"og:title\" content=\"Se voc\u00ea ainda n\u00e3o fez biometria pode ficar sem acesso a benef\u00edcios - Estado de Minas - Em foco\" \/>\n<meta property=\"og:description\" content=\"Com a integra\u00e7\u00e3o da base biom\u00e9trica da Caixa, o governo visa evitar fraudes e garantir pagamento seguro dos programas sociais.\" \/>\n<meta property=\"og:url\" content=\"https:\/\/www.em.com.br\/emfoco\/2025\/07\/27\/se-voce-ainda-nao-fez-biometria-pode-ficar-sem-acesso-a-beneficios\/\" \/>\n<meta property=\"og:site_name\" content=\"Estado de Minas - Em foco\" \/>\n<meta property=\"article:published_time\" content=\"2025-07-27T21:58:00+00:00\" \/>\n<meta property=\"article:modified_time\" content=\"2025-07-26T22:02:28+00:00\" \/>\n<meta property=\"og:image\" content=\"https:\/\/www.em.com.br\/emfoco\/wp-content\/uploads\/2025\/06\/idoso-tecnologia_1745341129302.jpg\" \/>\n\t<meta property=\"og:image:width\" content=\"1280\" \/>\n\t<meta property=\"og:image:height\" content=\"720\" \/>\n\t<meta property=\"og:image:type\" content=\"image\/jpeg\" \/>\n<meta name=\"author\" content=\"Ingrid Diniz\" \/>\n<meta name=\"twitter:card\" content=\"summary_large_image\" \/>\n<meta name=\"twitter:label1\" content=\"Escrito por\" \/>\n\t<meta name=\"twitter:data1\" content=\"Ingrid Diniz\" \/>\n\t<meta name=\"twitter:label2\" content=\"Est. tempo de leitura\" \/>\n\t<meta name=\"twitter:data2\" content=\"3 minutos\" \/>\n<!-- \/ Yoast SEO plugin. -->","yoast_head_json":{"title":"Se voc\u00ea ainda n\u00e3o fez biometria pode ficar sem acesso a benef\u00edcios - Estado de Minas - Em foco","description":"Com a integra\u00e7\u00e3o da base biom\u00e9trica da Caixa, o governo visa evitar fraudes e garantir pagamento seguro dos programas sociais.","robots":{"index":"index","follow":"follow","max-snippet":"max-snippet:-1","max-image-preview":"max-image-preview:large","max-video-preview":"max-video-preview:-1"},"canonical":"https:\/\/www.em.com.br\/emfoco\/2025\/07\/27\/se-voce-ainda-nao-fez-biometria-pode-ficar-sem-acesso-a-beneficios\/","og_locale":"pt_BR","og_type":"article","og_title":"Se voc\u00ea ainda n\u00e3o fez biometria pode ficar sem acesso a benef\u00edcios - Estado de Minas - Em foco","og_description":"Com a integra\u00e7\u00e3o da base biom\u00e9trica da Caixa, o governo visa evitar fraudes e garantir pagamento seguro dos programas sociais.","og_url":"https:\/\/www.em.com.br\/emfoco\/2025\/07\/27\/se-voce-ainda-nao-fez-biometria-pode-ficar-sem-acesso-a-beneficios\/","og_site_name":"Estado de Minas - Em foco","article_published_time":"2025-07-27T21:58:00+00:00","article_modified_time":"2025-07-26T22:02:28+00:00","og_image":[{"width":1280,"height":720,"url":"https:\/\/www.em.com.br\/emfoco\/wp-content\/uploads\/2025\/06\/idoso-tecnologia_1745341129302.jpg","type":"image\/jpeg"}],"author":"Ingrid Diniz","twitter_card":"summary_large_image","twitter_misc":{"Escrito por":"Ingrid Diniz","Est. tempo de leitura":"3 minutos"},"schema":{"@context":"https:\/\/schema.org","@graph":[{"@type":"WebPage","@id":"https:\/\/www.em.com.br\/emfoco\/2025\/07\/27\/se-voce-ainda-nao-fez-biometria-pode-ficar-sem-acesso-a-beneficios\/","url":"https:\/\/www.em.com.br\/emfoco\/2025\/07\/27\/se-voce-ainda-nao-fez-biometria-pode-ficar-sem-acesso-a-beneficios\/","name":"Se voc\u00ea ainda n\u00e3o fez biometria pode ficar sem acesso a benef\u00edcios - Estado de Minas - Em foco","isPartOf":{"@id":"https:\/\/www.em.com.br\/emfoco\/#website"},"primaryImageOfPage":{"@id":"https:\/\/www.em.com.br\/emfoco\/2025\/07\/27\/se-voce-ainda-nao-fez-biometria-pode-ficar-sem-acesso-a-beneficios\/#primaryimage"},"image":{"@id":"https:\/\/www.em.com.br\/emfoco\/2025\/07\/27\/se-voce-ainda-nao-fez-biometria-pode-ficar-sem-acesso-a-beneficios\/#primaryimage"},"thumbnailUrl":"https:\/\/www.em.com.br\/emfoco\/wp-content\/uploads\/2025\/06\/idoso-tecnologia_1745341129302.jpg","datePublished":"2025-07-27T21:58:00+00:00","dateModified":"2025-07-26T22:02:28+00:00","author":{"@id":"https:\/\/www.em.com.br\/emfoco\/#\/schema\/person\/649e610b4eb8fff87ff394e54fe17b2b"},"description":"Com a integra\u00e7\u00e3o da base biom\u00e9trica da Caixa, o governo visa evitar fraudes e garantir pagamento seguro dos programas sociais.","breadcrumb":{"@id":"https:\/\/www.em.com.br\/emfoco\/2025\/07\/27\/se-voce-ainda-nao-fez-biometria-pode-ficar-sem-acesso-a-beneficios\/#breadcrumb"},"inLanguage":"pt-BR","potentialAction":[{"@type":"ReadAction","target":["https:\/\/www.em.com.br\/emfoco\/2025\/07\/27\/se-voce-ainda-nao-fez-biometria-pode-ficar-sem-acesso-a-beneficios\/"]}]},{"@type":"ImageObject","inLanguage":"pt-BR","@id":"https:\/\/www.em.com.br\/emfoco\/2025\/07\/27\/se-voce-ainda-nao-fez-biometria-pode-ficar-sem-acesso-a-beneficios\/#primaryimage","url":"https:\/\/www.em.com.br\/emfoco\/wp-content\/uploads\/2025\/06\/idoso-tecnologia_1745341129302.jpg","contentUrl":"https:\/\/www.em.com.br\/emfoco\/wp-content\/uploads\/2025\/06\/idoso-tecnologia_1745341129302.jpg","width":1280,"height":720,"caption":"Benef\u00edcios do Estatuto 2025 para quem tem 60+ - Cr\u00e9ditos: depositphotos.com \/ HayDmitriy"},{"@type":"BreadcrumbList","@id":"https:\/\/www.em.com.br\/emfoco\/2025\/07\/27\/se-voce-ainda-nao-fez-biometria-pode-ficar-sem-acesso-a-beneficios\/#breadcrumb","itemListElement":[{"@type":"ListItem","position":1,"name":"In\u00edcio","item":"https:\/\/www.em.com.br\/emfoco\/"},{"@type":"ListItem","position":2,"name":"Se voc\u00ea ainda n\u00e3o fez biometria pode ficar sem acesso a benef\u00edcios"}]},{"@type":"WebSite","@id":"https:\/\/www.em.com.br\/emfoco\/#website","url":"https:\/\/www.em.com.br\/emfoco\/","name":"Estado de Minas - Em foco","description":"Acompanhe as \u00faltimas not\u00edcias e fique bem informado sobre tudo o que acontece em Minas Gerais, Brasil e no mundo.","potentialAction":[{"@type":"SearchAction","target":{"@type":"EntryPoint","urlTemplate":"https:\/\/www.em.com.br\/emfoco\/?s={search_term_string}"},"query-input":{"@type":"PropertyValueSpecification","valueRequired":true,"valueName":"search_term_string"}}],"inLanguage":"pt-BR"},{"@type":"Person","@id":"https:\/\/www.em.com.br\/emfoco\/#\/schema\/person\/649e610b4eb8fff87ff394e54fe17b2b","name":"Ingrid Diniz","image":{"@type":"ImageObject","inLanguage":"pt-BR","@id":"https:\/\/www.em.com.br\/emfoco\/#\/schema\/person\/image\/","url":"https:\/\/secure.gravatar.com\/avatar\/a3baa1449ec5c39b4c42babc9d4f3951?s=96&d=mm&r=g","contentUrl":"https:\/\/secure.gravatar.com\/avatar\/a3baa1449ec5c39b4c42babc9d4f3951?s=96&d=mm&r=g","caption":"Ingrid Diniz"},"sameAs":["https:\/\/www.em.com.br\/"],"url":"https:\/\/www.em.com.br\/emfoco\/author\/ingridmyth\/"}]}},"_links":{"self":[{"href":"https:\/\/www.em.com.br\/emfoco\/wp-json\/wp\/v2\/posts\/82105","targetHints":{"allow":["GET"]}}],"collection":[{"href":"https:\/\/www.em.com.br\/emfoco\/wp-json\/wp\/v2\/posts"}],"about":[{"href":"https:\/\/www.em.com.br\/emfoco\/wp-json\/wp\/v2\/types\/post"}],"author":[{"embeddable":true,"href":"https:\/\/www.em.com.br\/emfoco\/wp-json\/wp\/v2\/users\/20"}],"replies":[{"embeddable":true,"href":"https:\/\/www.em.com.br\/emfoco\/wp-json\/wp\/v2\/comments?post=82105"}],"version-history":[{"count":1,"href":"https:\/\/www.em.com.br\/emfoco\/wp-json\/wp\/v2\/posts\/82105\/revisions"}],"predecessor-version":[{"id":82115,"href":"https:\/\/www.em.com.br\/emfoco\/wp-json\/wp\/v2\/posts\/82105\/revisions\/82115"}],"wp:featuredmedia":[{"embeddable":true,"href":"https:\/\/www.em.com.br\/emfoco\/wp-json\/wp\/v2\/media\/54994"}],"wp:attachment":[{"href":"https:\/\/www.em.com.br\/emfoco\/wp-json\/wp\/v2\/media?parent=82105"}],"wp:term":[{"taxonomy":"category","embeddable":true,"href":"https:\/\/www.em.com.br\/emfoco\/wp-json\/wp\/v2\/categories?post=82105"},{"taxonomy":"post_tag","embeddable":true,"href":"https:\/\/www.em.com.br\/emfoco\/wp-json\/wp\/v2\/tags?post=82105"}],"curies":[{"name":"wp","href":"https:\/\/api.w.org\/{rel}","templated":true}]}}