{"id":82104,"date":"2025-07-27T16:38:00","date_gmt":"2025-07-27T19:38:00","guid":{"rendered":"https:\/\/www.em.com.br\/emfoco\/?p=82104"},"modified":"2025-07-26T18:57:04","modified_gmt":"2025-07-26T21:57:04","slug":"pouca-gente-sabe-mas-valor-do-ir-pode-ser-resgatado-mesmo-apos-um-ano","status":"publish","type":"post","link":"https:\/\/www.em.com.br\/emfoco\/2025\/07\/27\/pouca-gente-sabe-mas-valor-do-ir-pode-ser-resgatado-mesmo-apos-um-ano\/","title":{"rendered":"Pouca gente sabe mas valor do IR pode ser resgatado mesmo ap\u00f3s um ano!"},"content":{"rendered":"\n<p>O <strong>Imposto de Renda Pessoa F\u00edsica<\/strong> \u00e9 um tema essencial no cotidiano dos brasileiros, especialmente no que diz respeito \u00e0 restitui\u00e7\u00e3o. Neste ano, a <strong><a href=\"https:\/\/www.em.com.br\/emfoco\/2025\/07\/02\/receita-federal-vai-adotar-novas-regras-para-cnpj-e-deixa-empresarios-em-alerta\/\" target=\"_blank\" rel=\"noreferrer noopener\">Receita Federal<\/a><\/strong> anunciou a libera\u00e7\u00e3o do terceiro lote de restitui\u00e7\u00e3o, que se revela o maior em quantidade de contribuintes e o segundo em valor total. Com a libera\u00e7\u00e3o agendada para um hor\u00e1rio espec\u00edfico, a <strong>Receita <\/strong>espera atender cerca de 7,2 milh\u00f5es de contribuintes que entregaram suas declara\u00e7\u00f5es.<\/p>\n\n\n\n<p>A restitui\u00e7\u00e3o abrange tanto contribuintes do ano atual quanto aqueles que t\u00eam valores residuais de anos anteriores a receber. Ao todo, um total de R$ 10 bilh\u00f5es ser\u00e3o distribu\u00eddos entre os contribuintes, com foco especial naqueles com prioridade, uma pol\u00edtica que visa garantir que certos grupos recebam seus valores de forma mais c\u00e9lere.<\/p>\n\n\n\n<h2 class=\"wp-block-heading\">Como \u00e9 composta a restitui\u00e7\u00e3o?<\/h2>\n\n\n<div class=\"wp-block-image\">\n<figure class=\"aligncenter size-large\"><img loading=\"lazy\" decoding=\"async\" width=\"1024\" height=\"576\" src=\"https:\/\/www.em.com.br\/emfoco\/wp-content\/uploads\/2025\/07\/imposto_1753155461064-1024x576.jpg\" alt=\"Evite cair na malha fina e garanta sua restitui\u00e7\u00e3o sem dor de cabe\u00e7a\" class=\"wp-image-79991\" srcset=\"https:\/\/www.em.com.br\/emfoco\/wp-content\/uploads\/2025\/07\/imposto_1753155461064-1024x576.jpg 1024w, https:\/\/www.em.com.br\/emfoco\/wp-content\/uploads\/2025\/07\/imposto_1753155461064-300x169.jpg 300w, https:\/\/www.em.com.br\/emfoco\/wp-content\/uploads\/2025\/07\/imposto_1753155461064-768x432.jpg 768w, https:\/\/www.em.com.br\/emfoco\/wp-content\/uploads\/2025\/07\/imposto_1753155461064-750x422.jpg 750w, https:\/\/www.em.com.br\/emfoco\/wp-content\/uploads\/2025\/07\/imposto_1753155461064-1140x641.jpg 1140w, https:\/\/www.em.com.br\/emfoco\/wp-content\/uploads\/2025\/07\/imposto_1753155461064.jpg 1280w\" sizes=\"auto, (max-width: 1024px) 100vw, 1024px\" \/><figcaption class=\"wp-element-caption\">Notebook e documento &#8211; Cr\u00e9ditos: depositphotos.com \/ VadimVasenin<\/figcaption><\/figure><\/div>\n\n\n<p>Os contribuintes s\u00e3o classificados em diferentes grupos de prioridade. A maior parte do montante est\u00e1 destinada para os que optaram por preencher suas declara\u00e7\u00f5es de forma pr\u00e9-preenchida e\/ou escolheram receber via <strong>Pix<\/strong>. Aproximadamente 6,3 milh\u00f5es de contribuintes est\u00e3o nessa categoria, refletindo uma nova tend\u00eancia onde a conveni\u00eancia tecnol\u00f3gica recebe um incentivo na forma de prioridade de restitui\u00e7\u00e3o.<\/p>\n\n\n\n<p>Al\u00e9m disso, h\u00e1 categoriza\u00e7\u00e3o por idade e condi\u00e7\u00e3o de sa\u00fade. Cerca de 83 mil contribuintes entre 60 e 79 anos, mais de 35 mil educadores, quase 16 mil com mais de 80 anos, e um grupo de contribuintes com defici\u00eancia f\u00edsica, mental ou com doen\u00e7as graves tamb\u00e9m s\u00e3o priorizados neste lote.<\/p>\n\n\n\n<h2 class=\"wp-block-heading\">Como consultar a restitui\u00e7\u00e3o do Imposto de Renda?<\/h2>\n\n\n\n<p>A consulta \u00e0 restitui\u00e7\u00e3o est\u00e1 centrada na p\u00e1gina da <strong>Receita Federal<\/strong>. Com um clique em \u201c<strong><a href=\"https:\/\/www.gov.br\/receitafederal\/pt-br\/assuntos\/meu-imposto-de-renda\" target=\"_blank\" rel=\"noreferrer noopener\">Meu Imposto de Renda<\/a><\/strong>\u201d seguido de \u201c<strong>Consultar a Restitui\u00e7\u00e3o<\/strong>\u201d, o processo se torna acess\u00edvel com poucos passos. Alternativamente, o aplicativo da <strong>Receita <\/strong>para dispositivos m\u00f3veis oferece a mesma funcionalidade, integrando tecnologia \u00e0 simplicidade do servi\u00e7o p\u00fablico.<\/p>\n\n\n\n<h2 class=\"wp-block-heading\">O que fazer caso n\u00e3o haja dep\u00f3sito?<\/h2>\n\n\n\n<p>O pagamento, agendado para 31 de julho, ser\u00e1 direcionado \u00e0 conta ou chave <strong>Pix<\/strong> (vinculada ao CPF) destacada na declara\u00e7\u00e3o. Se, por algum motivo, o dep\u00f3sito n\u00e3o for realizado na conta especificada, o contribuinte ter\u00e1 at\u00e9 um ano para resgatar o valor atrav\u00e9s do <strong>Banco do Brasil<\/strong>, com op\u00e7\u00f5es f\u00e1ceis de agendamento utilizando o <strong>Portal BB<\/strong> ou a <strong>Central de Relacionamento<\/strong>.<\/p>\n\n\n\n<ul class=\"wp-block-list\">\n<li>Caso a conta mencionada na declara\u00e7\u00e3o esteja desativada, o valor ficar\u00e1 dispon\u00edvel para resgate.<\/li>\n\n\n\n<li>\u00c9 poss\u00edvel agendar o cr\u00e9dito em qualquer conta pr\u00f3pria, seja pelo <strong>Portal BB<\/strong> ou atrav\u00e9s de contato telef\u00f4nico.<\/li>\n<\/ul>\n\n\n\n<h2 class=\"wp-block-heading\">E se a restitui\u00e7\u00e3o n\u00e3o for resgatada?<\/h2>\n\n\n\n<p>Ap\u00f3s um ano sem resgate, o contribuinte precisa requerer a quantia n\u00e3o sacada no <strong>Portal e-CAC<\/strong>. O processo \u00e9 feito navegando para \u201c<strong>Declara\u00e7\u00f5es e Demonstrativos<\/strong>\u201d e solicitando a restitui\u00e7\u00e3o que n\u00e3o foi resgatada.<\/p>\n\n\n\n<p>Os processos integrados e o aumento do uso de tecnologia v\u00eam transformando a experi\u00eancia dos contribuintes com o <strong>Imposto de Renda no Brasil<\/strong>. A agilidade e a efici\u00eancia centradas no contribuinte mostram-se fundamentais para refor\u00e7ar a confian\u00e7a no sistema tribut\u00e1rio nacional.<\/p>\n","protected":false},"excerpt":{"rendered":"<p>O Imposto de Renda Pessoa F\u00edsica \u00e9 um tema essencial no cotidiano dos brasileiros, especialmente no que diz respeito \u00e0 restitui\u00e7\u00e3o. Neste ano, a Receita Federal anunciou a libera\u00e7\u00e3o do terceiro lote de restitui\u00e7\u00e3o, que se revela o maior em quantidade de contribuintes e o segundo em valor total. Com a libera\u00e7\u00e3o agendada para um [&hellip;]<\/p>\n","protected":false},"author":20,"featured_media":55005,"comment_status":"open","ping_status":"open","sticky":false,"template":"","format":"standard","meta":{"jnews-multi-image_gallery":[],"jnews_single_post":{"format":"standard"},"jnews_primary_category":[],"jnews_social_meta":[],"jnews_override_counter":[],"footnotes":""},"categories":[28,1],"tags":[713,2876],"class_list":["post-82104","post","type-post","status-publish","format-standard","has-post-thumbnail","hentry","category-economia","category-noticias","tag-imposto-de-renda","tag-impostos"],"yoast_head":"<!-- This site is optimized with the Yoast SEO plugin v23.8 - https:\/\/yoast.com\/wordpress\/plugins\/seo\/ -->\n<title>Pouca gente sabe mas valor do IR pode ser resgatado mesmo ap\u00f3s um ano! - Estado de Minas - Em foco<\/title>\n<meta name=\"description\" content=\"Receita libera R$ 10 bilh\u00f5es em restitui\u00e7\u00f5es no 3\u00ba lote do IR. Saiba como consultar, quem tem prioridade e o que fazer se n\u00e3o receber.\" \/>\n<meta name=\"robots\" content=\"index, follow, max-snippet:-1, max-image-preview:large, max-video-preview:-1\" \/>\n<link rel=\"canonical\" href=\"https:\/\/www.em.com.br\/emfoco\/2025\/07\/27\/pouca-gente-sabe-mas-valor-do-ir-pode-ser-resgatado-mesmo-apos-um-ano\/\" \/>\n<meta property=\"og:locale\" content=\"pt_BR\" \/>\n<meta property=\"og:type\" content=\"article\" \/>\n<meta property=\"og:title\" content=\"Pouca gente sabe mas valor do IR pode ser resgatado mesmo ap\u00f3s um ano! - Estado de Minas - Em foco\" \/>\n<meta property=\"og:description\" content=\"Receita libera R$ 10 bilh\u00f5es em restitui\u00e7\u00f5es no 3\u00ba lote do IR. Saiba como consultar, quem tem prioridade e o que fazer se n\u00e3o receber.\" \/>\n<meta property=\"og:url\" content=\"https:\/\/www.em.com.br\/emfoco\/2025\/07\/27\/pouca-gente-sabe-mas-valor-do-ir-pode-ser-resgatado-mesmo-apos-um-ano\/\" \/>\n<meta property=\"og:site_name\" content=\"Estado de Minas - Em foco\" \/>\n<meta property=\"article:published_time\" content=\"2025-07-27T19:38:00+00:00\" \/>\n<meta property=\"article:modified_time\" content=\"2025-07-26T21:57:04+00:00\" \/>\n<meta property=\"og:image\" content=\"https:\/\/www.em.com.br\/emfoco\/wp-content\/uploads\/2025\/06\/dinheiro-reais_1748976575730.jpg\" \/>\n\t<meta property=\"og:image:width\" content=\"1280\" \/>\n\t<meta property=\"og:image:height\" content=\"720\" \/>\n\t<meta property=\"og:image:type\" content=\"image\/jpeg\" \/>\n<meta name=\"author\" content=\"Ingrid Diniz\" \/>\n<meta name=\"twitter:card\" content=\"summary_large_image\" \/>\n<meta name=\"twitter:label1\" content=\"Escrito por\" \/>\n\t<meta name=\"twitter:data1\" content=\"Ingrid Diniz\" \/>\n\t<meta name=\"twitter:label2\" content=\"Est. tempo de leitura\" \/>\n\t<meta name=\"twitter:data2\" content=\"4 minutos\" \/>\n<!-- \/ Yoast SEO plugin. -->","yoast_head_json":{"title":"Pouca gente sabe mas valor do IR pode ser resgatado mesmo ap\u00f3s um ano! - Estado de Minas - Em foco","description":"Receita libera R$ 10 bilh\u00f5es em restitui\u00e7\u00f5es no 3\u00ba lote do IR. Saiba como consultar, quem tem prioridade e o que fazer se n\u00e3o receber.","robots":{"index":"index","follow":"follow","max-snippet":"max-snippet:-1","max-image-preview":"max-image-preview:large","max-video-preview":"max-video-preview:-1"},"canonical":"https:\/\/www.em.com.br\/emfoco\/2025\/07\/27\/pouca-gente-sabe-mas-valor-do-ir-pode-ser-resgatado-mesmo-apos-um-ano\/","og_locale":"pt_BR","og_type":"article","og_title":"Pouca gente sabe mas valor do IR pode ser resgatado mesmo ap\u00f3s um ano! - Estado de Minas - Em foco","og_description":"Receita libera R$ 10 bilh\u00f5es em restitui\u00e7\u00f5es no 3\u00ba lote do IR. Saiba como consultar, quem tem prioridade e o que fazer se n\u00e3o receber.","og_url":"https:\/\/www.em.com.br\/emfoco\/2025\/07\/27\/pouca-gente-sabe-mas-valor-do-ir-pode-ser-resgatado-mesmo-apos-um-ano\/","og_site_name":"Estado de Minas - Em foco","article_published_time":"2025-07-27T19:38:00+00:00","article_modified_time":"2025-07-26T21:57:04+00:00","og_image":[{"width":1280,"height":720,"url":"https:\/\/www.em.com.br\/emfoco\/wp-content\/uploads\/2025\/06\/dinheiro-reais_1748976575730.jpg","type":"image\/jpeg"}],"author":"Ingrid Diniz","twitter_card":"summary_large_image","twitter_misc":{"Escrito por":"Ingrid Diniz","Est. tempo de leitura":"4 minutos"},"schema":{"@context":"https:\/\/schema.org","@graph":[{"@type":"WebPage","@id":"https:\/\/www.em.com.br\/emfoco\/2025\/07\/27\/pouca-gente-sabe-mas-valor-do-ir-pode-ser-resgatado-mesmo-apos-um-ano\/","url":"https:\/\/www.em.com.br\/emfoco\/2025\/07\/27\/pouca-gente-sabe-mas-valor-do-ir-pode-ser-resgatado-mesmo-apos-um-ano\/","name":"Pouca gente sabe mas valor do IR pode ser resgatado mesmo ap\u00f3s um ano! - Estado de Minas - Em foco","isPartOf":{"@id":"https:\/\/www.em.com.br\/emfoco\/#website"},"primaryImageOfPage":{"@id":"https:\/\/www.em.com.br\/emfoco\/2025\/07\/27\/pouca-gente-sabe-mas-valor-do-ir-pode-ser-resgatado-mesmo-apos-um-ano\/#primaryimage"},"image":{"@id":"https:\/\/www.em.com.br\/emfoco\/2025\/07\/27\/pouca-gente-sabe-mas-valor-do-ir-pode-ser-resgatado-mesmo-apos-um-ano\/#primaryimage"},"thumbnailUrl":"https:\/\/www.em.com.br\/emfoco\/wp-content\/uploads\/2025\/06\/dinheiro-reais_1748976575730.jpg","datePublished":"2025-07-27T19:38:00+00:00","dateModified":"2025-07-26T21:57:04+00:00","author":{"@id":"https:\/\/www.em.com.br\/emfoco\/#\/schema\/person\/649e610b4eb8fff87ff394e54fe17b2b"},"description":"Receita libera R$ 10 bilh\u00f5es em restitui\u00e7\u00f5es no 3\u00ba lote do IR. Saiba como consultar, quem tem prioridade e o que fazer se n\u00e3o receber.","breadcrumb":{"@id":"https:\/\/www.em.com.br\/emfoco\/2025\/07\/27\/pouca-gente-sabe-mas-valor-do-ir-pode-ser-resgatado-mesmo-apos-um-ano\/#breadcrumb"},"inLanguage":"pt-BR","potentialAction":[{"@type":"ReadAction","target":["https:\/\/www.em.com.br\/emfoco\/2025\/07\/27\/pouca-gente-sabe-mas-valor-do-ir-pode-ser-resgatado-mesmo-apos-um-ano\/"]}]},{"@type":"ImageObject","inLanguage":"pt-BR","@id":"https:\/\/www.em.com.br\/emfoco\/2025\/07\/27\/pouca-gente-sabe-mas-valor-do-ir-pode-ser-resgatado-mesmo-apos-um-ano\/#primaryimage","url":"https:\/\/www.em.com.br\/emfoco\/wp-content\/uploads\/2025\/06\/dinheiro-reais_1748976575730.jpg","contentUrl":"https:\/\/www.em.com.br\/emfoco\/wp-content\/uploads\/2025\/06\/dinheiro-reais_1748976575730.jpg","width":1280,"height":720,"caption":"2026 como ano de viradas e escolhas - Cr\u00e9ditos: depositphotos.com \/ brenosaturnino"},{"@type":"BreadcrumbList","@id":"https:\/\/www.em.com.br\/emfoco\/2025\/07\/27\/pouca-gente-sabe-mas-valor-do-ir-pode-ser-resgatado-mesmo-apos-um-ano\/#breadcrumb","itemListElement":[{"@type":"ListItem","position":1,"name":"In\u00edcio","item":"https:\/\/www.em.com.br\/emfoco\/"},{"@type":"ListItem","position":2,"name":"Pouca gente sabe mas valor do IR pode ser resgatado mesmo ap\u00f3s um ano!"}]},{"@type":"WebSite","@id":"https:\/\/www.em.com.br\/emfoco\/#website","url":"https:\/\/www.em.com.br\/emfoco\/","name":"Estado de Minas - Em foco","description":"Acompanhe as \u00faltimas not\u00edcias e fique bem informado sobre tudo o que acontece em Minas Gerais, Brasil e no mundo.","potentialAction":[{"@type":"SearchAction","target":{"@type":"EntryPoint","urlTemplate":"https:\/\/www.em.com.br\/emfoco\/?s={search_term_string}"},"query-input":{"@type":"PropertyValueSpecification","valueRequired":true,"valueName":"search_term_string"}}],"inLanguage":"pt-BR"},{"@type":"Person","@id":"https:\/\/www.em.com.br\/emfoco\/#\/schema\/person\/649e610b4eb8fff87ff394e54fe17b2b","name":"Ingrid Diniz","image":{"@type":"ImageObject","inLanguage":"pt-BR","@id":"https:\/\/www.em.com.br\/emfoco\/#\/schema\/person\/image\/","url":"https:\/\/secure.gravatar.com\/avatar\/a3baa1449ec5c39b4c42babc9d4f3951?s=96&d=mm&r=g","contentUrl":"https:\/\/secure.gravatar.com\/avatar\/a3baa1449ec5c39b4c42babc9d4f3951?s=96&d=mm&r=g","caption":"Ingrid Diniz"},"sameAs":["https:\/\/www.em.com.br\/"],"url":"https:\/\/www.em.com.br\/emfoco\/author\/ingridmyth\/"}]}},"_links":{"self":[{"href":"https:\/\/www.em.com.br\/emfoco\/wp-json\/wp\/v2\/posts\/82104","targetHints":{"allow":["GET"]}}],"collection":[{"href":"https:\/\/www.em.com.br\/emfoco\/wp-json\/wp\/v2\/posts"}],"about":[{"href":"https:\/\/www.em.com.br\/emfoco\/wp-json\/wp\/v2\/types\/post"}],"author":[{"embeddable":true,"href":"https:\/\/www.em.com.br\/emfoco\/wp-json\/wp\/v2\/users\/20"}],"replies":[{"embeddable":true,"href":"https:\/\/www.em.com.br\/emfoco\/wp-json\/wp\/v2\/comments?post=82104"}],"version-history":[{"count":1,"href":"https:\/\/www.em.com.br\/emfoco\/wp-json\/wp\/v2\/posts\/82104\/revisions"}],"predecessor-version":[{"id":82114,"href":"https:\/\/www.em.com.br\/emfoco\/wp-json\/wp\/v2\/posts\/82104\/revisions\/82114"}],"wp:featuredmedia":[{"embeddable":true,"href":"https:\/\/www.em.com.br\/emfoco\/wp-json\/wp\/v2\/media\/55005"}],"wp:attachment":[{"href":"https:\/\/www.em.com.br\/emfoco\/wp-json\/wp\/v2\/media?parent=82104"}],"wp:term":[{"taxonomy":"category","embeddable":true,"href":"https:\/\/www.em.com.br\/emfoco\/wp-json\/wp\/v2\/categories?post=82104"},{"taxonomy":"post_tag","embeddable":true,"href":"https:\/\/www.em.com.br\/emfoco\/wp-json\/wp\/v2\/tags?post=82104"}],"curies":[{"name":"wp","href":"https:\/\/api.w.org\/{rel}","templated":true}]}}